{"id":20301,"date":"2026-04-22T08:10:12","date_gmt":"2026-04-22T11:10:12","guid":{"rendered":"https:\/\/fmgente.com.ar\/web\/financiamiento-universitario-el-gobierno-convocaria-a-rectores-mientras-se-gesta-una-nueva-movilizacion\/"},"modified":"2026-04-22T08:10:12","modified_gmt":"2026-04-22T11:10:12","slug":"financiamiento-universitario-el-gobierno-convocaria-a-rectores-mientras-se-gesta-una-nueva-movilizacion","status":"publish","type":"post","link":"https:\/\/fmgente.com.ar\/web\/financiamiento-universitario-el-gobierno-convocaria-a-rectores-mientras-se-gesta-una-nueva-movilizacion\/","title":{"rendered":"Financiamiento Universitario: el Gobierno convocar\u00eda a rectores, mientras se gesta una nueva movilizaci\u00f3n"},"content":{"rendered":"<p>Buenos Aires, 22 abril (NA) \u2013 Desde su sanci\u00f3n, la Ley de Financiamiento Universitario supone uno de los grandes conflictos para el Gobierno nacional que estudiaba, por estos d\u00edas, la manera de readaptar los n\u00fameros para hacer frente al fallo judicial que obliga a su cumplimiento. <\/p>\n<p>Seg\u00fan supo la agencia Noticias Argentinas, el oficialismo madura una nueva convocatoria a rectores y autoridades universitarias para principios de mayo con intenci\u00f3n de alcanzar un acuerdo que deje conforme a las partes. <\/p>\n<p>En varios despachos de Balcarce 50 sostiene que en febrero hubo un principio de acuerdo, que le atribuyen al asesor presidencial, Santiago Caputo, que aspiraba a recomponer los salarios docentes y no docentes en un 12,3% de lo licuado en 2025, pero que no prosper\u00f3 debido a los prolongados plazos de los tiempos legislativos. <\/p>\n<p>Desde el Sal\u00f3n Mart\u00edn Fierro se\u00f1alan contra el titular de la C\u00e1mara de Diputados, Mart\u00edn Menem, y lo responsabilizan de \u201chaber pisado\u201d el proyecto. En el entorno del legislador descartan la posibilidad y aseguran que las prioridades las fija la Casa Rosada en funci\u00f3n de las necesidades. <\/p>\n<p>\u201cTenemos que acomodar los n\u00fameros para que funcione. No lo podemos pagar, en el mientras tanto vamos ganando tiempo para poder modificar la ley\u201d, confes\u00f3 un alfil libertario ante este medio. <\/p>\n<p>A trav\u00e9s de un recurso extraordinario presentado por la Procuraci\u00f3n del Tesoro, a cargo de Sebasti\u00e1n Amerio, la administraci\u00f3n libertaria aspira a ganar tiempo luego de que la inflaci\u00f3n del mes de marzo que se ubic\u00f3 en 3,4% complejiz\u00f3 los planes. \u201cLos votos estaban\u201d, se jactan desde una de las tribus violetas. <\/p>\n<p>\u201cEstamos viendo de intentar arreglar el stock pasado y plantear una nueva discusi\u00f3n en el Congreso\u201d, confes\u00f3 una voz con acceso al despacho presidencial que admiti\u00f3 adem\u00e1s que una de las opciones es avanzar por decreto. <\/p>\n<p>Lo cierto es que las autoridades universitarias comienzan a impacientarse y maduran una nueva movilizaci\u00f3n para los primeros d\u00edas de mayo. Adem\u00e1s, descartan la existencia de un acuerdo con el Ejectuvo y aseguran que en febrero solo \u201chubo un aviso\u201d.<\/p>\n<p>Entre los cuestionamientos figuran la falta de compensaci\u00f3n para los puntos salariales perdidos en 2024, y la falta de proyecci\u00f3n para este 2026. <\/p>\n<p>Con la cuesti\u00f3n en el temario es que el jefe de Gabinete, Manuel Adorni, se reuni\u00f3 el pasado lunes con el ministro de Econom\u00eda, Luis Caputo, el guard\u00edan de los n\u00fameros, y la secretaria de Legal y T\u00e9nica, Mar\u00eda Ibarzabal Murphy, la coordinadora de la estrategia legal de la procuraci\u00f3n. <\/p>\n<p>Los d\u00edas pasan y la presi\u00f3n persiste. El recuerdo de la movilizaci\u00f3n universitaria de 2024, la m\u00e1s convocante bajo la era Milei, a\u00fan permanece en la memoria de varios funcionarios que garantizan que el problema se va a solucionar. <\/p>\n<p>\u201cLa gente est\u00e1 cansada, no veo clima social como en aquel entonces\u201d, vaticin\u00f3 una importante fuente a esta agencia. En paralelo, las autoridades universitarias preparan una nueva convocator\u00eda que podr\u00eda concretarse de no conformar la propuesta. #AgenciaNA<\/p>\n","protected":false},"excerpt":{"rendered":"<p>Buenos Aires, 22 abril (NA) \u2013 Desde su sanci\u00f3n, la Ley de Financiamiento Universitario supone<\/p>\n","protected":false},"author":0,"featured_media":20302,"comment_status":"","ping_status":"","sticky":false,"template":"","format":"standard","meta":{"footnotes":""},"categories":[1],"tags":[],"class_list":["post-20301","post","type-post","status-publish","format-standard","has-post-thumbnail","hentry","category-regionales"],"yoast_head":"<!-- This site is optimized with the Yoast SEO plugin v27.4 - https:\/\/yoast.com\/product\/yoast-seo-wordpress\/ -->\n<title>Financiamiento Universitario: el Gobierno convocar\u00eda a rectores, mientras se gesta una nueva movilizaci\u00f3n - Fm Gente<\/title>\n<meta name=\"robots\" content=\"index, follow, max-snippet:-1, max-image-preview:large, max-video-preview:-1\" \/>\n<link rel=\"canonical\" href=\"https:\/\/fmgente.com.ar\/web\/financiamiento-universitario-el-gobierno-convocaria-a-rectores-mientras-se-gesta-una-nueva-movilizacion\/\" \/>\n<meta property=\"og:locale\" content=\"es_ES\" \/>\n<meta property=\"og:type\" content=\"article\" \/>\n<meta property=\"og:title\" content=\"Financiamiento Universitario: el Gobierno convocar\u00eda a rectores, mientras se gesta una nueva movilizaci\u00f3n - Fm Gente\" \/>\n<meta property=\"og:description\" content=\"Buenos Aires, 22 abril (NA) \u2013 Desde su sanci\u00f3n, la Ley de Financiamiento Universitario supone\" \/>\n<meta property=\"og:url\" content=\"https:\/\/fmgente.com.ar\/web\/financiamiento-universitario-el-gobierno-convocaria-a-rectores-mientras-se-gesta-una-nueva-movilizacion\/\" \/>\n<meta property=\"og:site_name\" content=\"Fm Gente\" \/>\n<meta property=\"article:published_time\" content=\"2026-04-22T11:10:12+00:00\" \/>\n<meta name=\"twitter:card\" content=\"summary_large_image\" \/>\n<meta name=\"twitter:label1\" content=\"Tiempo de lectura\" \/>\n\t<meta name=\"twitter:data1\" content=\"3 minutos\" \/>\n<script type=\"application\/ld+json\" class=\"yoast-schema-graph\">{\"@context\":\"https:\\\/\\\/schema.org\",\"@graph\":[{\"@type\":\"Article\",\"@id\":\"https:\\\/\\\/fmgente.com.ar\\\/web\\\/financiamiento-universitario-el-gobierno-convocaria-a-rectores-mientras-se-gesta-una-nueva-movilizacion\\\/#article\",\"isPartOf\":{\"@id\":\"https:\\\/\\\/fmgente.com.ar\\\/web\\\/financiamiento-universitario-el-gobierno-convocaria-a-rectores-mientras-se-gesta-una-nueva-movilizacion\\\/\"},\"author\":{\"name\":\"\",\"@id\":\"\"},\"headline\":\"Financiamiento Universitario: el Gobierno convocar\u00eda a rectores, mientras se gesta una nueva movilizaci\u00f3n\",\"datePublished\":\"2026-04-22T11:10:12+00:00\",\"mainEntityOfPage\":{\"@id\":\"https:\\\/\\\/fmgente.com.ar\\\/web\\\/financiamiento-universitario-el-gobierno-convocaria-a-rectores-mientras-se-gesta-una-nueva-movilizacion\\\/\"},\"wordCount\":532,\"publisher\":{\"@id\":\"https:\\\/\\\/fmgente.com.ar\\\/web\\\/#organization\"},\"image\":{\"@id\":\"https:\\\/\\\/fmgente.com.ar\\\/web\\\/financiamiento-universitario-el-gobierno-convocaria-a-rectores-mientras-se-gesta-una-nueva-movilizacion\\\/#primaryimage\"},\"thumbnailUrl\":\"https:\\\/\\\/fmgente.com.ar\\\/web\\\/wp-content\\\/uploads\\\/2026\\\/04\\\/720-1129.jpeg\",\"articleSection\":[\"REGIONALES\"],\"inLanguage\":\"es\"},{\"@type\":\"WebPage\",\"@id\":\"https:\\\/\\\/fmgente.com.ar\\\/web\\\/financiamiento-universitario-el-gobierno-convocaria-a-rectores-mientras-se-gesta-una-nueva-movilizacion\\\/\",\"url\":\"https:\\\/\\\/fmgente.com.ar\\\/web\\\/financiamiento-universitario-el-gobierno-convocaria-a-rectores-mientras-se-gesta-una-nueva-movilizacion\\\/\",\"name\":\"Financiamiento Universitario: el Gobierno convocar\u00eda a rectores, mientras se gesta una nueva movilizaci\u00f3n - Fm Gente\",\"isPartOf\":{\"@id\":\"https:\\\/\\\/fmgente.com.ar\\\/web\\\/#website\"},\"primaryImageOfPage\":{\"@id\":\"https:\\\/\\\/fmgente.com.ar\\\/web\\\/financiamiento-universitario-el-gobierno-convocaria-a-rectores-mientras-se-gesta-una-nueva-movilizacion\\\/#primaryimage\"},\"image\":{\"@id\":\"https:\\\/\\\/fmgente.com.ar\\\/web\\\/financiamiento-universitario-el-gobierno-convocaria-a-rectores-mientras-se-gesta-una-nueva-movilizacion\\\/#primaryimage\"},\"thumbnailUrl\":\"https:\\\/\\\/fmgente.com.ar\\\/web\\\/wp-content\\\/uploads\\\/2026\\\/04\\\/720-1129.jpeg\",\"datePublished\":\"2026-04-22T11:10:12+00:00\",\"inLanguage\":\"es\",\"potentialAction\":[{\"@type\":\"ReadAction\",\"target\":[\"https:\\\/\\\/fmgente.com.ar\\\/web\\\/financiamiento-universitario-el-gobierno-convocaria-a-rectores-mientras-se-gesta-una-nueva-movilizacion\\\/\"]}]},{\"@type\":\"ImageObject\",\"inLanguage\":\"es\",\"@id\":\"https:\\\/\\\/fmgente.com.ar\\\/web\\\/financiamiento-universitario-el-gobierno-convocaria-a-rectores-mientras-se-gesta-una-nueva-movilizacion\\\/#primaryimage\",\"url\":\"https:\\\/\\\/fmgente.com.ar\\\/web\\\/wp-content\\\/uploads\\\/2026\\\/04\\\/720-1129.jpeg\",\"contentUrl\":\"https:\\\/\\\/fmgente.com.ar\\\/web\\\/wp-content\\\/uploads\\\/2026\\\/04\\\/720-1129.jpeg\",\"width\":1080,\"height\":720},{\"@type\":\"WebSite\",\"@id\":\"https:\\\/\\\/fmgente.com.ar\\\/web\\\/#website\",\"url\":\"https:\\\/\\\/fmgente.com.ar\\\/web\\\/\",\"name\":\"Fm Gente\",\"description\":\"- Jes\u00fas Mar\u00eda\",\"publisher\":{\"@id\":\"https:\\\/\\\/fmgente.com.ar\\\/web\\\/#organization\"},\"potentialAction\":[{\"@type\":\"SearchAction\",\"target\":{\"@type\":\"EntryPoint\",\"urlTemplate\":\"https:\\\/\\\/fmgente.com.ar\\\/web\\\/?s={search_term_string}\"},\"query-input\":{\"@type\":\"PropertyValueSpecification\",\"valueRequired\":true,\"valueName\":\"search_term_string\"}}],\"inLanguage\":\"es\"},{\"@type\":\"Organization\",\"@id\":\"https:\\\/\\\/fmgente.com.ar\\\/web\\\/#organization\",\"name\":\"Fm Gente\",\"url\":\"https:\\\/\\\/fmgente.com.ar\\\/web\\\/\",\"logo\":{\"@type\":\"ImageObject\",\"inLanguage\":\"es\",\"@id\":\"https:\\\/\\\/fmgente.com.ar\\\/web\\\/#\\\/schema\\\/logo\\\/image\\\/\",\"url\":\"https:\\\/\\\/fmgente.com.ar\\\/web\\\/wp-content\\\/uploads\\\/2023\\\/07\\\/cropped-cropped-logo-sombra2.png\",\"contentUrl\":\"https:\\\/\\\/fmgente.com.ar\\\/web\\\/wp-content\\\/uploads\\\/2023\\\/07\\\/cropped-cropped-logo-sombra2.png\",\"width\":1782,\"height\":1782,\"caption\":\"Fm Gente\"},\"image\":{\"@id\":\"https:\\\/\\\/fmgente.com.ar\\\/web\\\/#\\\/schema\\\/logo\\\/image\\\/\"}}]}<\/script>\n<!-- \/ Yoast SEO plugin. -->","yoast_head_json":{"title":"Financiamiento Universitario: el Gobierno convocar\u00eda a rectores, mientras se gesta una nueva movilizaci\u00f3n - Fm Gente","robots":{"index":"index","follow":"follow","max-snippet":"max-snippet:-1","max-image-preview":"max-image-preview:large","max-video-preview":"max-video-preview:-1"},"canonical":"https:\/\/fmgente.com.ar\/web\/financiamiento-universitario-el-gobierno-convocaria-a-rectores-mientras-se-gesta-una-nueva-movilizacion\/","og_locale":"es_ES","og_type":"article","og_title":"Financiamiento Universitario: el Gobierno convocar\u00eda a rectores, mientras se gesta una nueva movilizaci\u00f3n - Fm Gente","og_description":"Buenos Aires, 22 abril (NA) \u2013 Desde su sanci\u00f3n, la Ley de Financiamiento Universitario supone","og_url":"https:\/\/fmgente.com.ar\/web\/financiamiento-universitario-el-gobierno-convocaria-a-rectores-mientras-se-gesta-una-nueva-movilizacion\/","og_site_name":"Fm Gente","article_published_time":"2026-04-22T11:10:12+00:00","twitter_card":"summary_large_image","twitter_misc":{"Tiempo de lectura":"3 minutos"},"schema":{"@context":"https:\/\/schema.org","@graph":[{"@type":"Article","@id":"https:\/\/fmgente.com.ar\/web\/financiamiento-universitario-el-gobierno-convocaria-a-rectores-mientras-se-gesta-una-nueva-movilizacion\/#article","isPartOf":{"@id":"https:\/\/fmgente.com.ar\/web\/financiamiento-universitario-el-gobierno-convocaria-a-rectores-mientras-se-gesta-una-nueva-movilizacion\/"},"author":{"name":"","@id":""},"headline":"Financiamiento Universitario: el Gobierno convocar\u00eda a rectores, mientras se gesta una nueva movilizaci\u00f3n","datePublished":"2026-04-22T11:10:12+00:00","mainEntityOfPage":{"@id":"https:\/\/fmgente.com.ar\/web\/financiamiento-universitario-el-gobierno-convocaria-a-rectores-mientras-se-gesta-una-nueva-movilizacion\/"},"wordCount":532,"publisher":{"@id":"https:\/\/fmgente.com.ar\/web\/#organization"},"image":{"@id":"https:\/\/fmgente.com.ar\/web\/financiamiento-universitario-el-gobierno-convocaria-a-rectores-mientras-se-gesta-una-nueva-movilizacion\/#primaryimage"},"thumbnailUrl":"https:\/\/fmgente.com.ar\/web\/wp-content\/uploads\/2026\/04\/720-1129.jpeg","articleSection":["REGIONALES"],"inLanguage":"es"},{"@type":"WebPage","@id":"https:\/\/fmgente.com.ar\/web\/financiamiento-universitario-el-gobierno-convocaria-a-rectores-mientras-se-gesta-una-nueva-movilizacion\/","url":"https:\/\/fmgente.com.ar\/web\/financiamiento-universitario-el-gobierno-convocaria-a-rectores-mientras-se-gesta-una-nueva-movilizacion\/","name":"Financiamiento Universitario: el Gobierno convocar\u00eda a rectores, mientras se gesta una nueva movilizaci\u00f3n - Fm Gente","isPartOf":{"@id":"https:\/\/fmgente.com.ar\/web\/#website"},"primaryImageOfPage":{"@id":"https:\/\/fmgente.com.ar\/web\/financiamiento-universitario-el-gobierno-convocaria-a-rectores-mientras-se-gesta-una-nueva-movilizacion\/#primaryimage"},"image":{"@id":"https:\/\/fmgente.com.ar\/web\/financiamiento-universitario-el-gobierno-convocaria-a-rectores-mientras-se-gesta-una-nueva-movilizacion\/#primaryimage"},"thumbnailUrl":"https:\/\/fmgente.com.ar\/web\/wp-content\/uploads\/2026\/04\/720-1129.jpeg","datePublished":"2026-04-22T11:10:12+00:00","inLanguage":"es","potentialAction":[{"@type":"ReadAction","target":["https:\/\/fmgente.com.ar\/web\/financiamiento-universitario-el-gobierno-convocaria-a-rectores-mientras-se-gesta-una-nueva-movilizacion\/"]}]},{"@type":"ImageObject","inLanguage":"es","@id":"https:\/\/fmgente.com.ar\/web\/financiamiento-universitario-el-gobierno-convocaria-a-rectores-mientras-se-gesta-una-nueva-movilizacion\/#primaryimage","url":"https:\/\/fmgente.com.ar\/web\/wp-content\/uploads\/2026\/04\/720-1129.jpeg","contentUrl":"https:\/\/fmgente.com.ar\/web\/wp-content\/uploads\/2026\/04\/720-1129.jpeg","width":1080,"height":720},{"@type":"WebSite","@id":"https:\/\/fmgente.com.ar\/web\/#website","url":"https:\/\/fmgente.com.ar\/web\/","name":"Fm Gente","description":"- Jes\u00fas Mar\u00eda","publisher":{"@id":"https:\/\/fmgente.com.ar\/web\/#organization"},"potentialAction":[{"@type":"SearchAction","target":{"@type":"EntryPoint","urlTemplate":"https:\/\/fmgente.com.ar\/web\/?s={search_term_string}"},"query-input":{"@type":"PropertyValueSpecification","valueRequired":true,"valueName":"search_term_string"}}],"inLanguage":"es"},{"@type":"Organization","@id":"https:\/\/fmgente.com.ar\/web\/#organization","name":"Fm Gente","url":"https:\/\/fmgente.com.ar\/web\/","logo":{"@type":"ImageObject","inLanguage":"es","@id":"https:\/\/fmgente.com.ar\/web\/#\/schema\/logo\/image\/","url":"https:\/\/fmgente.com.ar\/web\/wp-content\/uploads\/2023\/07\/cropped-cropped-logo-sombra2.png","contentUrl":"https:\/\/fmgente.com.ar\/web\/wp-content\/uploads\/2023\/07\/cropped-cropped-logo-sombra2.png","width":1782,"height":1782,"caption":"Fm Gente"},"image":{"@id":"https:\/\/fmgente.com.ar\/web\/#\/schema\/logo\/image\/"}}]}},"_links":{"self":[{"href":"https:\/\/fmgente.com.ar\/web\/wp-json\/wp\/v2\/posts\/20301","targetHints":{"allow":["GET"]}}],"collection":[{"href":"https:\/\/fmgente.com.ar\/web\/wp-json\/wp\/v2\/posts"}],"about":[{"href":"https:\/\/fmgente.com.ar\/web\/wp-json\/wp\/v2\/types\/post"}],"replies":[{"embeddable":true,"href":"https:\/\/fmgente.com.ar\/web\/wp-json\/wp\/v2\/comments?post=20301"}],"version-history":[{"count":0,"href":"https:\/\/fmgente.com.ar\/web\/wp-json\/wp\/v2\/posts\/20301\/revisions"}],"wp:featuredmedia":[{"embeddable":true,"href":"https:\/\/fmgente.com.ar\/web\/wp-json\/wp\/v2\/media\/20302"}],"wp:attachment":[{"href":"https:\/\/fmgente.com.ar\/web\/wp-json\/wp\/v2\/media?parent=20301"}],"wp:term":[{"taxonomy":"category","embeddable":true,"href":"https:\/\/fmgente.com.ar\/web\/wp-json\/wp\/v2\/categories?post=20301"},{"taxonomy":"post_tag","embeddable":true,"href":"https:\/\/fmgente.com.ar\/web\/wp-json\/wp\/v2\/tags?post=20301"}],"curies":[{"name":"wp","href":"https:\/\/api.w.org\/{rel}","templated":true}]}}