{"id":19209,"date":"2026-04-12T09:11:07","date_gmt":"2026-04-12T12:11:07","guid":{"rendered":"https:\/\/fmgente.com.ar\/web\/iran-descarto-el-fracaso-tras-la-cumbre-y-afirmo-que-no-esperaba-pactar-con-ee-uu\/"},"modified":"2026-04-12T09:11:07","modified_gmt":"2026-04-12T12:11:07","slug":"iran-descarto-el-fracaso-tras-la-cumbre-y-afirmo-que-no-esperaba-pactar-con-ee-uu","status":"publish","type":"post","link":"https:\/\/fmgente.com.ar\/web\/iran-descarto-el-fracaso-tras-la-cumbre-y-afirmo-que-no-esperaba-pactar-con-ee-uu\/","title":{"rendered":"Ir\u00e1n descart\u00f3 el fracaso tras la cumbre y afirm\u00f3 que no esperaba pactar con EE.UU."},"content":{"rendered":"<p>Buenos Aires, 12 abril (NA) \u2013 El Ministerio de Asuntos Exteriores de Ir\u00e1n sostuvo que \u201cno se esperaba alcanzar un acuerdo en una sola sesi\u00f3n de negociaciones con Estados Unidos\u201d, luego de que las conversaciones de paz en Islamabad, Pakist\u00e1n, finalizaran este domingo en un absoluto estancamiento tras 21 horas de reuniones ininterrumpidas.<\/p>\n<p>La postura oficial de Teher\u00e1n busc\u00f3 bajarle el tono al resultado del encuentro diplom\u00e1tico al se\u00f1alar que la falta de consensos inmediatos formaba parte de las previsiones de la delegaci\u00f3n. <\/p>\n<p>Al respecto, el portavoz del ministerio, Esmaeil Baqaei, confirm\u00f3 a trav\u00e9s de la emisora estatal IRIB que \u201cnaturalmente, desde el principio no deb\u00edamos esperar llegar a un acuerdo en una sola sesi\u00f3n\u201d y subray\u00f3 que \u201cnadie ten\u00eda esa expectativa\u201d.<\/p>\n<p>No obstante, seg\u00fan supo la Agencia Noticias Argentinas, la televisi\u00f3n estatal iran\u00ed afirm\u00f3 que las \u201cexigencias irrazonables\u201d de Estados Unidos hicieron fracasar las negociaciones para poner fin a la guerra en Oriente Medio. <\/p>\n<p>A trav\u00e9s de un comunicado publicado en Telegram, la emisora IRIB detall\u00f3: \u201cLa delegaci\u00f3n iran\u00ed negoci\u00f3 sin descanso y de manera intensiva durante 21 horas para defender los intereses nacionales del pueblo iran\u00ed. Pese a las diversas iniciativas de su parte, las exigencias irrazonables de la parte estadounidense impidieron que las negociaciones avanzaran\u201d. <\/p>\n<p>Asimismo, Baqaei ratific\u00f3 que desde Teher\u00e1n conf\u00edan en que los contactos con Pakist\u00e1n y otros aliados regionales continuar\u00e1n.<\/p>\n<p>#AgenciaNA<\/p>\n","protected":false},"excerpt":{"rendered":"<p>Buenos Aires, 12 abril (NA) \u2013 El Ministerio de Asuntos Exteriores de Ir\u00e1n sostuvo que<\/p>\n","protected":false},"author":0,"featured_media":19210,"comment_status":"","ping_status":"","sticky":false,"template":"","format":"standard","meta":{"footnotes":""},"categories":[1],"tags":[],"class_list":["post-19209","post","type-post","status-publish","format-standard","has-post-thumbnail","hentry","category-regionales"],"yoast_head":"<!-- This site is optimized with the Yoast SEO plugin v27.4 - https:\/\/yoast.com\/product\/yoast-seo-wordpress\/ -->\n<title>Ir\u00e1n descart\u00f3 el fracaso tras la cumbre y afirm\u00f3 que no esperaba pactar con EE.UU. - Fm Gente<\/title>\n<meta name=\"robots\" content=\"index, follow, max-snippet:-1, max-image-preview:large, max-video-preview:-1\" \/>\n<link rel=\"canonical\" href=\"https:\/\/fmgente.com.ar\/web\/iran-descarto-el-fracaso-tras-la-cumbre-y-afirmo-que-no-esperaba-pactar-con-ee-uu\/\" \/>\n<meta property=\"og:locale\" content=\"es_ES\" \/>\n<meta property=\"og:type\" content=\"article\" \/>\n<meta property=\"og:title\" content=\"Ir\u00e1n descart\u00f3 el fracaso tras la cumbre y afirm\u00f3 que no esperaba pactar con EE.UU. - Fm Gente\" \/>\n<meta property=\"og:description\" content=\"Buenos Aires, 12 abril (NA) \u2013 El Ministerio de Asuntos Exteriores de Ir\u00e1n sostuvo que\" \/>\n<meta property=\"og:url\" content=\"https:\/\/fmgente.com.ar\/web\/iran-descarto-el-fracaso-tras-la-cumbre-y-afirmo-que-no-esperaba-pactar-con-ee-uu\/\" \/>\n<meta property=\"og:site_name\" content=\"Fm Gente\" \/>\n<meta property=\"article:published_time\" content=\"2026-04-12T12:11:07+00:00\" \/>\n<meta name=\"twitter:card\" content=\"summary_large_image\" \/>\n<meta name=\"twitter:label1\" content=\"Tiempo de lectura\" \/>\n\t<meta name=\"twitter:data1\" content=\"1 minuto\" \/>\n<script type=\"application\/ld+json\" class=\"yoast-schema-graph\">{\"@context\":\"https:\\\/\\\/schema.org\",\"@graph\":[{\"@type\":\"Article\",\"@id\":\"https:\\\/\\\/fmgente.com.ar\\\/web\\\/iran-descarto-el-fracaso-tras-la-cumbre-y-afirmo-que-no-esperaba-pactar-con-ee-uu\\\/#article\",\"isPartOf\":{\"@id\":\"https:\\\/\\\/fmgente.com.ar\\\/web\\\/iran-descarto-el-fracaso-tras-la-cumbre-y-afirmo-que-no-esperaba-pactar-con-ee-uu\\\/\"},\"author\":{\"name\":\"\",\"@id\":\"\"},\"headline\":\"Ir\u00e1n descart\u00f3 el fracaso tras la cumbre y afirm\u00f3 que no esperaba pactar con EE.UU.\",\"datePublished\":\"2026-04-12T12:11:07+00:00\",\"mainEntityOfPage\":{\"@id\":\"https:\\\/\\\/fmgente.com.ar\\\/web\\\/iran-descarto-el-fracaso-tras-la-cumbre-y-afirmo-que-no-esperaba-pactar-con-ee-uu\\\/\"},\"wordCount\":259,\"publisher\":{\"@id\":\"https:\\\/\\\/fmgente.com.ar\\\/web\\\/#organization\"},\"image\":{\"@id\":\"https:\\\/\\\/fmgente.com.ar\\\/web\\\/iran-descarto-el-fracaso-tras-la-cumbre-y-afirmo-que-no-esperaba-pactar-con-ee-uu\\\/#primaryimage\"},\"thumbnailUrl\":\"https:\\\/\\\/fmgente.com.ar\\\/web\\\/wp-content\\\/uploads\\\/2026\\\/04\\\/720-684.jpeg\",\"articleSection\":[\"REGIONALES\"],\"inLanguage\":\"es\"},{\"@type\":\"WebPage\",\"@id\":\"https:\\\/\\\/fmgente.com.ar\\\/web\\\/iran-descarto-el-fracaso-tras-la-cumbre-y-afirmo-que-no-esperaba-pactar-con-ee-uu\\\/\",\"url\":\"https:\\\/\\\/fmgente.com.ar\\\/web\\\/iran-descarto-el-fracaso-tras-la-cumbre-y-afirmo-que-no-esperaba-pactar-con-ee-uu\\\/\",\"name\":\"Ir\u00e1n descart\u00f3 el fracaso tras la cumbre y afirm\u00f3 que no esperaba pactar con EE.UU. - Fm Gente\",\"isPartOf\":{\"@id\":\"https:\\\/\\\/fmgente.com.ar\\\/web\\\/#website\"},\"primaryImageOfPage\":{\"@id\":\"https:\\\/\\\/fmgente.com.ar\\\/web\\\/iran-descarto-el-fracaso-tras-la-cumbre-y-afirmo-que-no-esperaba-pactar-con-ee-uu\\\/#primaryimage\"},\"image\":{\"@id\":\"https:\\\/\\\/fmgente.com.ar\\\/web\\\/iran-descarto-el-fracaso-tras-la-cumbre-y-afirmo-que-no-esperaba-pactar-con-ee-uu\\\/#primaryimage\"},\"thumbnailUrl\":\"https:\\\/\\\/fmgente.com.ar\\\/web\\\/wp-content\\\/uploads\\\/2026\\\/04\\\/720-684.jpeg\",\"datePublished\":\"2026-04-12T12:11:07+00:00\",\"inLanguage\":\"es\",\"potentialAction\":[{\"@type\":\"ReadAction\",\"target\":[\"https:\\\/\\\/fmgente.com.ar\\\/web\\\/iran-descarto-el-fracaso-tras-la-cumbre-y-afirmo-que-no-esperaba-pactar-con-ee-uu\\\/\"]}]},{\"@type\":\"ImageObject\",\"inLanguage\":\"es\",\"@id\":\"https:\\\/\\\/fmgente.com.ar\\\/web\\\/iran-descarto-el-fracaso-tras-la-cumbre-y-afirmo-que-no-esperaba-pactar-con-ee-uu\\\/#primaryimage\",\"url\":\"https:\\\/\\\/fmgente.com.ar\\\/web\\\/wp-content\\\/uploads\\\/2026\\\/04\\\/720-684.jpeg\",\"contentUrl\":\"https:\\\/\\\/fmgente.com.ar\\\/web\\\/wp-content\\\/uploads\\\/2026\\\/04\\\/720-684.jpeg\",\"width\":1280,\"height\":719},{\"@type\":\"WebSite\",\"@id\":\"https:\\\/\\\/fmgente.com.ar\\\/web\\\/#website\",\"url\":\"https:\\\/\\\/fmgente.com.ar\\\/web\\\/\",\"name\":\"Fm Gente\",\"description\":\"- Jes\u00fas Mar\u00eda\",\"publisher\":{\"@id\":\"https:\\\/\\\/fmgente.com.ar\\\/web\\\/#organization\"},\"potentialAction\":[{\"@type\":\"SearchAction\",\"target\":{\"@type\":\"EntryPoint\",\"urlTemplate\":\"https:\\\/\\\/fmgente.com.ar\\\/web\\\/?s={search_term_string}\"},\"query-input\":{\"@type\":\"PropertyValueSpecification\",\"valueRequired\":true,\"valueName\":\"search_term_string\"}}],\"inLanguage\":\"es\"},{\"@type\":\"Organization\",\"@id\":\"https:\\\/\\\/fmgente.com.ar\\\/web\\\/#organization\",\"name\":\"Fm Gente\",\"url\":\"https:\\\/\\\/fmgente.com.ar\\\/web\\\/\",\"logo\":{\"@type\":\"ImageObject\",\"inLanguage\":\"es\",\"@id\":\"https:\\\/\\\/fmgente.com.ar\\\/web\\\/#\\\/schema\\\/logo\\\/image\\\/\",\"url\":\"https:\\\/\\\/fmgente.com.ar\\\/web\\\/wp-content\\\/uploads\\\/2023\\\/07\\\/cropped-cropped-logo-sombra2.png\",\"contentUrl\":\"https:\\\/\\\/fmgente.com.ar\\\/web\\\/wp-content\\\/uploads\\\/2023\\\/07\\\/cropped-cropped-logo-sombra2.png\",\"width\":1782,\"height\":1782,\"caption\":\"Fm Gente\"},\"image\":{\"@id\":\"https:\\\/\\\/fmgente.com.ar\\\/web\\\/#\\\/schema\\\/logo\\\/image\\\/\"}}]}<\/script>\n<!-- \/ Yoast SEO plugin. -->","yoast_head_json":{"title":"Ir\u00e1n descart\u00f3 el fracaso tras la cumbre y afirm\u00f3 que no esperaba pactar con EE.UU. - Fm Gente","robots":{"index":"index","follow":"follow","max-snippet":"max-snippet:-1","max-image-preview":"max-image-preview:large","max-video-preview":"max-video-preview:-1"},"canonical":"https:\/\/fmgente.com.ar\/web\/iran-descarto-el-fracaso-tras-la-cumbre-y-afirmo-que-no-esperaba-pactar-con-ee-uu\/","og_locale":"es_ES","og_type":"article","og_title":"Ir\u00e1n descart\u00f3 el fracaso tras la cumbre y afirm\u00f3 que no esperaba pactar con EE.UU. - Fm Gente","og_description":"Buenos Aires, 12 abril (NA) \u2013 El Ministerio de Asuntos Exteriores de Ir\u00e1n sostuvo que","og_url":"https:\/\/fmgente.com.ar\/web\/iran-descarto-el-fracaso-tras-la-cumbre-y-afirmo-que-no-esperaba-pactar-con-ee-uu\/","og_site_name":"Fm Gente","article_published_time":"2026-04-12T12:11:07+00:00","twitter_card":"summary_large_image","twitter_misc":{"Tiempo de lectura":"1 minuto"},"schema":{"@context":"https:\/\/schema.org","@graph":[{"@type":"Article","@id":"https:\/\/fmgente.com.ar\/web\/iran-descarto-el-fracaso-tras-la-cumbre-y-afirmo-que-no-esperaba-pactar-con-ee-uu\/#article","isPartOf":{"@id":"https:\/\/fmgente.com.ar\/web\/iran-descarto-el-fracaso-tras-la-cumbre-y-afirmo-que-no-esperaba-pactar-con-ee-uu\/"},"author":{"name":"","@id":""},"headline":"Ir\u00e1n descart\u00f3 el fracaso tras la cumbre y afirm\u00f3 que no esperaba pactar con EE.UU.","datePublished":"2026-04-12T12:11:07+00:00","mainEntityOfPage":{"@id":"https:\/\/fmgente.com.ar\/web\/iran-descarto-el-fracaso-tras-la-cumbre-y-afirmo-que-no-esperaba-pactar-con-ee-uu\/"},"wordCount":259,"publisher":{"@id":"https:\/\/fmgente.com.ar\/web\/#organization"},"image":{"@id":"https:\/\/fmgente.com.ar\/web\/iran-descarto-el-fracaso-tras-la-cumbre-y-afirmo-que-no-esperaba-pactar-con-ee-uu\/#primaryimage"},"thumbnailUrl":"https:\/\/fmgente.com.ar\/web\/wp-content\/uploads\/2026\/04\/720-684.jpeg","articleSection":["REGIONALES"],"inLanguage":"es"},{"@type":"WebPage","@id":"https:\/\/fmgente.com.ar\/web\/iran-descarto-el-fracaso-tras-la-cumbre-y-afirmo-que-no-esperaba-pactar-con-ee-uu\/","url":"https:\/\/fmgente.com.ar\/web\/iran-descarto-el-fracaso-tras-la-cumbre-y-afirmo-que-no-esperaba-pactar-con-ee-uu\/","name":"Ir\u00e1n descart\u00f3 el fracaso tras la cumbre y afirm\u00f3 que no esperaba pactar con EE.UU. - Fm Gente","isPartOf":{"@id":"https:\/\/fmgente.com.ar\/web\/#website"},"primaryImageOfPage":{"@id":"https:\/\/fmgente.com.ar\/web\/iran-descarto-el-fracaso-tras-la-cumbre-y-afirmo-que-no-esperaba-pactar-con-ee-uu\/#primaryimage"},"image":{"@id":"https:\/\/fmgente.com.ar\/web\/iran-descarto-el-fracaso-tras-la-cumbre-y-afirmo-que-no-esperaba-pactar-con-ee-uu\/#primaryimage"},"thumbnailUrl":"https:\/\/fmgente.com.ar\/web\/wp-content\/uploads\/2026\/04\/720-684.jpeg","datePublished":"2026-04-12T12:11:07+00:00","inLanguage":"es","potentialAction":[{"@type":"ReadAction","target":["https:\/\/fmgente.com.ar\/web\/iran-descarto-el-fracaso-tras-la-cumbre-y-afirmo-que-no-esperaba-pactar-con-ee-uu\/"]}]},{"@type":"ImageObject","inLanguage":"es","@id":"https:\/\/fmgente.com.ar\/web\/iran-descarto-el-fracaso-tras-la-cumbre-y-afirmo-que-no-esperaba-pactar-con-ee-uu\/#primaryimage","url":"https:\/\/fmgente.com.ar\/web\/wp-content\/uploads\/2026\/04\/720-684.jpeg","contentUrl":"https:\/\/fmgente.com.ar\/web\/wp-content\/uploads\/2026\/04\/720-684.jpeg","width":1280,"height":719},{"@type":"WebSite","@id":"https:\/\/fmgente.com.ar\/web\/#website","url":"https:\/\/fmgente.com.ar\/web\/","name":"Fm Gente","description":"- Jes\u00fas Mar\u00eda","publisher":{"@id":"https:\/\/fmgente.com.ar\/web\/#organization"},"potentialAction":[{"@type":"SearchAction","target":{"@type":"EntryPoint","urlTemplate":"https:\/\/fmgente.com.ar\/web\/?s={search_term_string}"},"query-input":{"@type":"PropertyValueSpecification","valueRequired":true,"valueName":"search_term_string"}}],"inLanguage":"es"},{"@type":"Organization","@id":"https:\/\/fmgente.com.ar\/web\/#organization","name":"Fm Gente","url":"https:\/\/fmgente.com.ar\/web\/","logo":{"@type":"ImageObject","inLanguage":"es","@id":"https:\/\/fmgente.com.ar\/web\/#\/schema\/logo\/image\/","url":"https:\/\/fmgente.com.ar\/web\/wp-content\/uploads\/2023\/07\/cropped-cropped-logo-sombra2.png","contentUrl":"https:\/\/fmgente.com.ar\/web\/wp-content\/uploads\/2023\/07\/cropped-cropped-logo-sombra2.png","width":1782,"height":1782,"caption":"Fm Gente"},"image":{"@id":"https:\/\/fmgente.com.ar\/web\/#\/schema\/logo\/image\/"}}]}},"_links":{"self":[{"href":"https:\/\/fmgente.com.ar\/web\/wp-json\/wp\/v2\/posts\/19209","targetHints":{"allow":["GET"]}}],"collection":[{"href":"https:\/\/fmgente.com.ar\/web\/wp-json\/wp\/v2\/posts"}],"about":[{"href":"https:\/\/fmgente.com.ar\/web\/wp-json\/wp\/v2\/types\/post"}],"replies":[{"embeddable":true,"href":"https:\/\/fmgente.com.ar\/web\/wp-json\/wp\/v2\/comments?post=19209"}],"version-history":[{"count":0,"href":"https:\/\/fmgente.com.ar\/web\/wp-json\/wp\/v2\/posts\/19209\/revisions"}],"wp:featuredmedia":[{"embeddable":true,"href":"https:\/\/fmgente.com.ar\/web\/wp-json\/wp\/v2\/media\/19210"}],"wp:attachment":[{"href":"https:\/\/fmgente.com.ar\/web\/wp-json\/wp\/v2\/media?parent=19209"}],"wp:term":[{"taxonomy":"category","embeddable":true,"href":"https:\/\/fmgente.com.ar\/web\/wp-json\/wp\/v2\/categories?post=19209"},{"taxonomy":"post_tag","embeddable":true,"href":"https:\/\/fmgente.com.ar\/web\/wp-json\/wp\/v2\/tags?post=19209"}],"curies":[{"name":"wp","href":"https:\/\/api.w.org\/{rel}","templated":true}]}}