{"id":19207,"date":"2026-04-12T09:11:06","date_gmt":"2026-04-12T12:11:06","guid":{"rendered":"https:\/\/fmgente.com.ar\/web\/el-papa-leon-xiv-reclamo-el-cese-de-las-guerras-y-exigio-proteger-a-las-victimas-civiles\/"},"modified":"2026-04-12T09:11:06","modified_gmt":"2026-04-12T12:11:06","slug":"el-papa-leon-xiv-reclamo-el-cese-de-las-guerras-y-exigio-proteger-a-las-victimas-civiles","status":"publish","type":"post","link":"https:\/\/fmgente.com.ar\/web\/el-papa-leon-xiv-reclamo-el-cese-de-las-guerras-y-exigio-proteger-a-las-victimas-civiles\/","title":{"rendered":"El papa Le\u00f3n XIV reclam\u00f3 el cese de las guerras y exigi\u00f3 proteger a las v\u00edctimas civiles"},"content":{"rendered":"<p>Buenos Aires, 12 abril (NA) \u2013 El principio de humanidad, reconocido en las leyes internacionales, conlleva la \u00abobligaci\u00f3n moral de proteger a la poblaci\u00f3n civil de los atroces efectos de la guerra\u00bb, sentenci\u00f3 el Papa Le\u00f3n XIV este domingo, ante unos 18.000 fieles en la Plaza de San Pedro. <\/p>\n<p>Tras el rezo del Regina Caeli, el Pont\u00edfice realiz\u00f3 un en\u00e9rgico pedido de paz centrado en los conflictos que azotan al mundo, con especial \u00e9nfasis en el tercer aniversario del inicio de las hostilidades en Sud\u00e1n, sobre el cual exclam\u00f3: \u00ab\u00a1Cu\u00e1nto sufre el pueblo sudan\u00e9s, v\u00edctima inocente de este drama inhumano!\u00bb. <\/p>\n<p>En ese sentido, el obispo de Roma renov\u00f3 su llamado urgente a las partes beligerantes para que callen las armas e inicien, \u201csin precondiciones, un di\u00e1logo sincero destinado a detener cuanto antes esta guerra fratricida\u201d.<\/p>\n<p>En su alocuci\u00f3n, el Papa tambi\u00e9n dirigi\u00f3 su atenci\u00f3n al \u00abdrama\u00bb del pueblo ucraniano, pidiendo a la comunidad internacional que no cese su apoyo y rogando para que \u00abla luz de Cristo traiga consuelo a los corazones afligidos\u00bb. <\/p>\n<p>Del mismo modo, seg\u00fan supo la Agencia Noticias Argentinas, Le\u00f3n XIV hizo un llamamiento por el L\u00edbano, pa\u00eds que atraviesa d\u00edas de dolor y miedo, instando a las partes en conflicto a \u00abcesar el fuego y a buscar con urgencia una soluci\u00f3n pac\u00edfica\u00bb. <\/p>\n<p>Finalmente, el Santo Padre solicit\u00f3 a los presentes que lo acompa\u00f1en con la oraci\u00f3n en su viaje apost\u00f3lico a \u00c1frica, que se inicia ma\u00f1ana, 13 de abril, y que abarcar\u00e1 visitas oficiales a Argelia, Camer\u00fan, Angola y Guinea Ecuatorial.<\/p>\n<p>#AgenciaNA<\/p>\n","protected":false},"excerpt":{"rendered":"<p>Buenos Aires, 12 abril (NA) \u2013 El principio de humanidad, reconocido en las leyes internacionales,<\/p>\n","protected":false},"author":0,"featured_media":19208,"comment_status":"","ping_status":"","sticky":false,"template":"","format":"standard","meta":{"footnotes":""},"categories":[1],"tags":[],"class_list":["post-19207","post","type-post","status-publish","format-standard","has-post-thumbnail","hentry","category-regionales"],"yoast_head":"<!-- This site is optimized with the Yoast SEO plugin v27.4 - https:\/\/yoast.com\/product\/yoast-seo-wordpress\/ -->\n<title>El papa Le\u00f3n XIV reclam\u00f3 el cese de las guerras y exigi\u00f3 proteger a las v\u00edctimas civiles - Fm Gente<\/title>\n<meta name=\"robots\" content=\"index, follow, max-snippet:-1, max-image-preview:large, max-video-preview:-1\" \/>\n<link rel=\"canonical\" href=\"https:\/\/fmgente.com.ar\/web\/el-papa-leon-xiv-reclamo-el-cese-de-las-guerras-y-exigio-proteger-a-las-victimas-civiles\/\" \/>\n<meta property=\"og:locale\" content=\"es_ES\" \/>\n<meta property=\"og:type\" content=\"article\" \/>\n<meta property=\"og:title\" content=\"El papa Le\u00f3n XIV reclam\u00f3 el cese de las guerras y exigi\u00f3 proteger a las v\u00edctimas civiles - Fm Gente\" \/>\n<meta property=\"og:description\" content=\"Buenos Aires, 12 abril (NA) \u2013 El principio de humanidad, reconocido en las leyes internacionales,\" \/>\n<meta property=\"og:url\" content=\"https:\/\/fmgente.com.ar\/web\/el-papa-leon-xiv-reclamo-el-cese-de-las-guerras-y-exigio-proteger-a-las-victimas-civiles\/\" \/>\n<meta property=\"og:site_name\" content=\"Fm Gente\" \/>\n<meta property=\"article:published_time\" content=\"2026-04-12T12:11:06+00:00\" \/>\n<meta name=\"twitter:card\" content=\"summary_large_image\" \/>\n<meta name=\"twitter:label1\" content=\"Tiempo de lectura\" \/>\n\t<meta name=\"twitter:data1\" content=\"1 minuto\" \/>\n<script type=\"application\/ld+json\" class=\"yoast-schema-graph\">{\"@context\":\"https:\\\/\\\/schema.org\",\"@graph\":[{\"@type\":\"Article\",\"@id\":\"https:\\\/\\\/fmgente.com.ar\\\/web\\\/el-papa-leon-xiv-reclamo-el-cese-de-las-guerras-y-exigio-proteger-a-las-victimas-civiles\\\/#article\",\"isPartOf\":{\"@id\":\"https:\\\/\\\/fmgente.com.ar\\\/web\\\/el-papa-leon-xiv-reclamo-el-cese-de-las-guerras-y-exigio-proteger-a-las-victimas-civiles\\\/\"},\"author\":{\"name\":\"\",\"@id\":\"\"},\"headline\":\"El papa Le\u00f3n XIV reclam\u00f3 el cese de las guerras y exigi\u00f3 proteger a las v\u00edctimas civiles\",\"datePublished\":\"2026-04-12T12:11:06+00:00\",\"mainEntityOfPage\":{\"@id\":\"https:\\\/\\\/fmgente.com.ar\\\/web\\\/el-papa-leon-xiv-reclamo-el-cese-de-las-guerras-y-exigio-proteger-a-las-victimas-civiles\\\/\"},\"wordCount\":296,\"publisher\":{\"@id\":\"https:\\\/\\\/fmgente.com.ar\\\/web\\\/#organization\"},\"image\":{\"@id\":\"https:\\\/\\\/fmgente.com.ar\\\/web\\\/el-papa-leon-xiv-reclamo-el-cese-de-las-guerras-y-exigio-proteger-a-las-victimas-civiles\\\/#primaryimage\"},\"thumbnailUrl\":\"https:\\\/\\\/fmgente.com.ar\\\/web\\\/wp-content\\\/uploads\\\/2026\\\/04\\\/720-683.jpeg\",\"articleSection\":[\"REGIONALES\"],\"inLanguage\":\"es\"},{\"@type\":\"WebPage\",\"@id\":\"https:\\\/\\\/fmgente.com.ar\\\/web\\\/el-papa-leon-xiv-reclamo-el-cese-de-las-guerras-y-exigio-proteger-a-las-victimas-civiles\\\/\",\"url\":\"https:\\\/\\\/fmgente.com.ar\\\/web\\\/el-papa-leon-xiv-reclamo-el-cese-de-las-guerras-y-exigio-proteger-a-las-victimas-civiles\\\/\",\"name\":\"El papa Le\u00f3n XIV reclam\u00f3 el cese de las guerras y exigi\u00f3 proteger a las v\u00edctimas civiles - Fm Gente\",\"isPartOf\":{\"@id\":\"https:\\\/\\\/fmgente.com.ar\\\/web\\\/#website\"},\"primaryImageOfPage\":{\"@id\":\"https:\\\/\\\/fmgente.com.ar\\\/web\\\/el-papa-leon-xiv-reclamo-el-cese-de-las-guerras-y-exigio-proteger-a-las-victimas-civiles\\\/#primaryimage\"},\"image\":{\"@id\":\"https:\\\/\\\/fmgente.com.ar\\\/web\\\/el-papa-leon-xiv-reclamo-el-cese-de-las-guerras-y-exigio-proteger-a-las-victimas-civiles\\\/#primaryimage\"},\"thumbnailUrl\":\"https:\\\/\\\/fmgente.com.ar\\\/web\\\/wp-content\\\/uploads\\\/2026\\\/04\\\/720-683.jpeg\",\"datePublished\":\"2026-04-12T12:11:06+00:00\",\"inLanguage\":\"es\",\"potentialAction\":[{\"@type\":\"ReadAction\",\"target\":[\"https:\\\/\\\/fmgente.com.ar\\\/web\\\/el-papa-leon-xiv-reclamo-el-cese-de-las-guerras-y-exigio-proteger-a-las-victimas-civiles\\\/\"]}]},{\"@type\":\"ImageObject\",\"inLanguage\":\"es\",\"@id\":\"https:\\\/\\\/fmgente.com.ar\\\/web\\\/el-papa-leon-xiv-reclamo-el-cese-de-las-guerras-y-exigio-proteger-a-las-victimas-civiles\\\/#primaryimage\",\"url\":\"https:\\\/\\\/fmgente.com.ar\\\/web\\\/wp-content\\\/uploads\\\/2026\\\/04\\\/720-683.jpeg\",\"contentUrl\":\"https:\\\/\\\/fmgente.com.ar\\\/web\\\/wp-content\\\/uploads\\\/2026\\\/04\\\/720-683.jpeg\",\"width\":1280,\"height\":720},{\"@type\":\"WebSite\",\"@id\":\"https:\\\/\\\/fmgente.com.ar\\\/web\\\/#website\",\"url\":\"https:\\\/\\\/fmgente.com.ar\\\/web\\\/\",\"name\":\"Fm Gente\",\"description\":\"- Jes\u00fas Mar\u00eda\",\"publisher\":{\"@id\":\"https:\\\/\\\/fmgente.com.ar\\\/web\\\/#organization\"},\"potentialAction\":[{\"@type\":\"SearchAction\",\"target\":{\"@type\":\"EntryPoint\",\"urlTemplate\":\"https:\\\/\\\/fmgente.com.ar\\\/web\\\/?s={search_term_string}\"},\"query-input\":{\"@type\":\"PropertyValueSpecification\",\"valueRequired\":true,\"valueName\":\"search_term_string\"}}],\"inLanguage\":\"es\"},{\"@type\":\"Organization\",\"@id\":\"https:\\\/\\\/fmgente.com.ar\\\/web\\\/#organization\",\"name\":\"Fm Gente\",\"url\":\"https:\\\/\\\/fmgente.com.ar\\\/web\\\/\",\"logo\":{\"@type\":\"ImageObject\",\"inLanguage\":\"es\",\"@id\":\"https:\\\/\\\/fmgente.com.ar\\\/web\\\/#\\\/schema\\\/logo\\\/image\\\/\",\"url\":\"https:\\\/\\\/fmgente.com.ar\\\/web\\\/wp-content\\\/uploads\\\/2023\\\/07\\\/cropped-cropped-logo-sombra2.png\",\"contentUrl\":\"https:\\\/\\\/fmgente.com.ar\\\/web\\\/wp-content\\\/uploads\\\/2023\\\/07\\\/cropped-cropped-logo-sombra2.png\",\"width\":1782,\"height\":1782,\"caption\":\"Fm Gente\"},\"image\":{\"@id\":\"https:\\\/\\\/fmgente.com.ar\\\/web\\\/#\\\/schema\\\/logo\\\/image\\\/\"}}]}<\/script>\n<!-- \/ Yoast SEO plugin. -->","yoast_head_json":{"title":"El papa Le\u00f3n XIV reclam\u00f3 el cese de las guerras y exigi\u00f3 proteger a las v\u00edctimas civiles - Fm Gente","robots":{"index":"index","follow":"follow","max-snippet":"max-snippet:-1","max-image-preview":"max-image-preview:large","max-video-preview":"max-video-preview:-1"},"canonical":"https:\/\/fmgente.com.ar\/web\/el-papa-leon-xiv-reclamo-el-cese-de-las-guerras-y-exigio-proteger-a-las-victimas-civiles\/","og_locale":"es_ES","og_type":"article","og_title":"El papa Le\u00f3n XIV reclam\u00f3 el cese de las guerras y exigi\u00f3 proteger a las v\u00edctimas civiles - Fm Gente","og_description":"Buenos Aires, 12 abril (NA) \u2013 El principio de humanidad, reconocido en las leyes internacionales,","og_url":"https:\/\/fmgente.com.ar\/web\/el-papa-leon-xiv-reclamo-el-cese-de-las-guerras-y-exigio-proteger-a-las-victimas-civiles\/","og_site_name":"Fm Gente","article_published_time":"2026-04-12T12:11:06+00:00","twitter_card":"summary_large_image","twitter_misc":{"Tiempo de lectura":"1 minuto"},"schema":{"@context":"https:\/\/schema.org","@graph":[{"@type":"Article","@id":"https:\/\/fmgente.com.ar\/web\/el-papa-leon-xiv-reclamo-el-cese-de-las-guerras-y-exigio-proteger-a-las-victimas-civiles\/#article","isPartOf":{"@id":"https:\/\/fmgente.com.ar\/web\/el-papa-leon-xiv-reclamo-el-cese-de-las-guerras-y-exigio-proteger-a-las-victimas-civiles\/"},"author":{"name":"","@id":""},"headline":"El papa Le\u00f3n XIV reclam\u00f3 el cese de las guerras y exigi\u00f3 proteger a las v\u00edctimas civiles","datePublished":"2026-04-12T12:11:06+00:00","mainEntityOfPage":{"@id":"https:\/\/fmgente.com.ar\/web\/el-papa-leon-xiv-reclamo-el-cese-de-las-guerras-y-exigio-proteger-a-las-victimas-civiles\/"},"wordCount":296,"publisher":{"@id":"https:\/\/fmgente.com.ar\/web\/#organization"},"image":{"@id":"https:\/\/fmgente.com.ar\/web\/el-papa-leon-xiv-reclamo-el-cese-de-las-guerras-y-exigio-proteger-a-las-victimas-civiles\/#primaryimage"},"thumbnailUrl":"https:\/\/fmgente.com.ar\/web\/wp-content\/uploads\/2026\/04\/720-683.jpeg","articleSection":["REGIONALES"],"inLanguage":"es"},{"@type":"WebPage","@id":"https:\/\/fmgente.com.ar\/web\/el-papa-leon-xiv-reclamo-el-cese-de-las-guerras-y-exigio-proteger-a-las-victimas-civiles\/","url":"https:\/\/fmgente.com.ar\/web\/el-papa-leon-xiv-reclamo-el-cese-de-las-guerras-y-exigio-proteger-a-las-victimas-civiles\/","name":"El papa Le\u00f3n XIV reclam\u00f3 el cese de las guerras y exigi\u00f3 proteger a las v\u00edctimas civiles - Fm Gente","isPartOf":{"@id":"https:\/\/fmgente.com.ar\/web\/#website"},"primaryImageOfPage":{"@id":"https:\/\/fmgente.com.ar\/web\/el-papa-leon-xiv-reclamo-el-cese-de-las-guerras-y-exigio-proteger-a-las-victimas-civiles\/#primaryimage"},"image":{"@id":"https:\/\/fmgente.com.ar\/web\/el-papa-leon-xiv-reclamo-el-cese-de-las-guerras-y-exigio-proteger-a-las-victimas-civiles\/#primaryimage"},"thumbnailUrl":"https:\/\/fmgente.com.ar\/web\/wp-content\/uploads\/2026\/04\/720-683.jpeg","datePublished":"2026-04-12T12:11:06+00:00","inLanguage":"es","potentialAction":[{"@type":"ReadAction","target":["https:\/\/fmgente.com.ar\/web\/el-papa-leon-xiv-reclamo-el-cese-de-las-guerras-y-exigio-proteger-a-las-victimas-civiles\/"]}]},{"@type":"ImageObject","inLanguage":"es","@id":"https:\/\/fmgente.com.ar\/web\/el-papa-leon-xiv-reclamo-el-cese-de-las-guerras-y-exigio-proteger-a-las-victimas-civiles\/#primaryimage","url":"https:\/\/fmgente.com.ar\/web\/wp-content\/uploads\/2026\/04\/720-683.jpeg","contentUrl":"https:\/\/fmgente.com.ar\/web\/wp-content\/uploads\/2026\/04\/720-683.jpeg","width":1280,"height":720},{"@type":"WebSite","@id":"https:\/\/fmgente.com.ar\/web\/#website","url":"https:\/\/fmgente.com.ar\/web\/","name":"Fm Gente","description":"- Jes\u00fas Mar\u00eda","publisher":{"@id":"https:\/\/fmgente.com.ar\/web\/#organization"},"potentialAction":[{"@type":"SearchAction","target":{"@type":"EntryPoint","urlTemplate":"https:\/\/fmgente.com.ar\/web\/?s={search_term_string}"},"query-input":{"@type":"PropertyValueSpecification","valueRequired":true,"valueName":"search_term_string"}}],"inLanguage":"es"},{"@type":"Organization","@id":"https:\/\/fmgente.com.ar\/web\/#organization","name":"Fm Gente","url":"https:\/\/fmgente.com.ar\/web\/","logo":{"@type":"ImageObject","inLanguage":"es","@id":"https:\/\/fmgente.com.ar\/web\/#\/schema\/logo\/image\/","url":"https:\/\/fmgente.com.ar\/web\/wp-content\/uploads\/2023\/07\/cropped-cropped-logo-sombra2.png","contentUrl":"https:\/\/fmgente.com.ar\/web\/wp-content\/uploads\/2023\/07\/cropped-cropped-logo-sombra2.png","width":1782,"height":1782,"caption":"Fm Gente"},"image":{"@id":"https:\/\/fmgente.com.ar\/web\/#\/schema\/logo\/image\/"}}]}},"_links":{"self":[{"href":"https:\/\/fmgente.com.ar\/web\/wp-json\/wp\/v2\/posts\/19207","targetHints":{"allow":["GET"]}}],"collection":[{"href":"https:\/\/fmgente.com.ar\/web\/wp-json\/wp\/v2\/posts"}],"about":[{"href":"https:\/\/fmgente.com.ar\/web\/wp-json\/wp\/v2\/types\/post"}],"replies":[{"embeddable":true,"href":"https:\/\/fmgente.com.ar\/web\/wp-json\/wp\/v2\/comments?post=19207"}],"version-history":[{"count":0,"href":"https:\/\/fmgente.com.ar\/web\/wp-json\/wp\/v2\/posts\/19207\/revisions"}],"wp:featuredmedia":[{"embeddable":true,"href":"https:\/\/fmgente.com.ar\/web\/wp-json\/wp\/v2\/media\/19208"}],"wp:attachment":[{"href":"https:\/\/fmgente.com.ar\/web\/wp-json\/wp\/v2\/media?parent=19207"}],"wp:term":[{"taxonomy":"category","embeddable":true,"href":"https:\/\/fmgente.com.ar\/web\/wp-json\/wp\/v2\/categories?post=19207"},{"taxonomy":"post_tag","embeddable":true,"href":"https:\/\/fmgente.com.ar\/web\/wp-json\/wp\/v2\/tags?post=19207"}],"curies":[{"name":"wp","href":"https:\/\/api.w.org\/{rel}","templated":true}]}}