{"id":19205,"date":"2026-04-12T09:11:05","date_gmt":"2026-04-12T12:11:05","guid":{"rendered":"https:\/\/fmgente.com.ar\/web\/milei-encendera-la-antorcha-de-la-independencia-en-israel-durante-su-visita-oficial\/"},"modified":"2026-04-12T09:11:05","modified_gmt":"2026-04-12T12:11:05","slug":"milei-encendera-la-antorcha-de-la-independencia-en-israel-durante-su-visita-oficial","status":"publish","type":"post","link":"https:\/\/fmgente.com.ar\/web\/milei-encendera-la-antorcha-de-la-independencia-en-israel-durante-su-visita-oficial\/","title":{"rendered":"Milei encender\u00e1 la Antorcha de la Independencia en Israel durante su visita oficial"},"content":{"rendered":"<p>Buenos Aires, 12 abril (NA) \u2014 El presidente Javier Milei viajar\u00e1 a Israel este mes para participar de los actos por el D\u00eda de la Independencia y ser\u00e1 uno de los protagonistas de la ceremonia central: encender\u00e1 una de las antorchas conmemorativas, un honor reservado a figuras destacadas a nivel internacional. <\/p>\n<p>La actividad se llevar\u00e1 a cabo en el Monte Herzl, durante la celebraci\u00f3n del 78\u00b0 aniversario del Estado israel\u00ed.<\/p>\n<p>Seg\u00fan pudo saber la Agencia Noticias Argentinas, el mandatario argentino realizar\u00e1 su tercera visita oficial al pa\u00eds en abril, en una agenda que se desarrollar\u00e1 entre el 19 y el 22, y que se inscribe en la consolidaci\u00f3n de v\u00ednculos pol\u00edticos y estrat\u00e9gicos con Israel.<\/p>\n<p>La elecci\u00f3n de Milei para encender la antorcha fue confirmada por autoridades israel\u00edes, quienes destacaron su firme respaldo al pa\u00eds y su postura en defensa de Israel en el escenario internacional. Incluso, el embajador israel\u00ed en Argentina asegur\u00f3 que el mandatario fue seleccionado por \u201cestar en el lado correcto de la historia\u201d, en referencia a su posicionamiento geopol\u00edtico.<\/p>\n<p>El gesto refuerza el alineamiento del Gobierno argentino con Israel, que ya se expres\u00f3 en diversas decisiones diplom\u00e1ticas y declaraciones p\u00fablicas del Presidente, quien se defini\u00f3 como uno de los principales aliados del Estado hebreo. <\/p>\n<p>En ese contexto, su participaci\u00f3n en la ceremonia adquiere un fuerte valor simb\u00f3lico en medio de un escenario internacional atravesado por tensiones en Medio Oriente.<\/p>\n<p>#AgenciaNA<\/p>\n","protected":false},"excerpt":{"rendered":"<p>Buenos Aires, 12 abril (NA) \u2014 El presidente Javier Milei viajar\u00e1 a Israel este mes<\/p>\n","protected":false},"author":0,"featured_media":19206,"comment_status":"","ping_status":"","sticky":false,"template":"","format":"standard","meta":{"footnotes":""},"categories":[1],"tags":[],"class_list":["post-19205","post","type-post","status-publish","format-standard","has-post-thumbnail","hentry","category-regionales"],"yoast_head":"<!-- This site is optimized with the Yoast SEO plugin v27.4 - https:\/\/yoast.com\/product\/yoast-seo-wordpress\/ -->\n<title>Milei encender\u00e1 la Antorcha de la Independencia en Israel durante su visita oficial - Fm Gente<\/title>\n<meta name=\"robots\" content=\"index, follow, max-snippet:-1, max-image-preview:large, max-video-preview:-1\" \/>\n<link rel=\"canonical\" href=\"https:\/\/fmgente.com.ar\/web\/milei-encendera-la-antorcha-de-la-independencia-en-israel-durante-su-visita-oficial\/\" \/>\n<meta property=\"og:locale\" content=\"es_ES\" \/>\n<meta property=\"og:type\" content=\"article\" \/>\n<meta property=\"og:title\" content=\"Milei encender\u00e1 la Antorcha de la Independencia en Israel durante su visita oficial - Fm Gente\" \/>\n<meta property=\"og:description\" content=\"Buenos Aires, 12 abril (NA) \u2014 El presidente Javier Milei viajar\u00e1 a Israel este mes\" \/>\n<meta property=\"og:url\" content=\"https:\/\/fmgente.com.ar\/web\/milei-encendera-la-antorcha-de-la-independencia-en-israel-durante-su-visita-oficial\/\" \/>\n<meta property=\"og:site_name\" content=\"Fm Gente\" \/>\n<meta property=\"article:published_time\" content=\"2026-04-12T12:11:05+00:00\" \/>\n<meta name=\"twitter:card\" content=\"summary_large_image\" \/>\n<meta name=\"twitter:label1\" content=\"Tiempo de lectura\" \/>\n\t<meta name=\"twitter:data1\" content=\"1 minuto\" \/>\n<script type=\"application\/ld+json\" class=\"yoast-schema-graph\">{\"@context\":\"https:\\\/\\\/schema.org\",\"@graph\":[{\"@type\":\"Article\",\"@id\":\"https:\\\/\\\/fmgente.com.ar\\\/web\\\/milei-encendera-la-antorcha-de-la-independencia-en-israel-durante-su-visita-oficial\\\/#article\",\"isPartOf\":{\"@id\":\"https:\\\/\\\/fmgente.com.ar\\\/web\\\/milei-encendera-la-antorcha-de-la-independencia-en-israel-durante-su-visita-oficial\\\/\"},\"author\":{\"name\":\"\",\"@id\":\"\"},\"headline\":\"Milei encender\u00e1 la Antorcha de la Independencia en Israel durante su visita oficial\",\"datePublished\":\"2026-04-12T12:11:05+00:00\",\"mainEntityOfPage\":{\"@id\":\"https:\\\/\\\/fmgente.com.ar\\\/web\\\/milei-encendera-la-antorcha-de-la-independencia-en-israel-durante-su-visita-oficial\\\/\"},\"wordCount\":258,\"publisher\":{\"@id\":\"https:\\\/\\\/fmgente.com.ar\\\/web\\\/#organization\"},\"image\":{\"@id\":\"https:\\\/\\\/fmgente.com.ar\\\/web\\\/milei-encendera-la-antorcha-de-la-independencia-en-israel-durante-su-visita-oficial\\\/#primaryimage\"},\"thumbnailUrl\":\"https:\\\/\\\/fmgente.com.ar\\\/web\\\/wp-content\\\/uploads\\\/2026\\\/04\\\/image-17.jpg\",\"articleSection\":[\"REGIONALES\"],\"inLanguage\":\"es\"},{\"@type\":\"WebPage\",\"@id\":\"https:\\\/\\\/fmgente.com.ar\\\/web\\\/milei-encendera-la-antorcha-de-la-independencia-en-israel-durante-su-visita-oficial\\\/\",\"url\":\"https:\\\/\\\/fmgente.com.ar\\\/web\\\/milei-encendera-la-antorcha-de-la-independencia-en-israel-durante-su-visita-oficial\\\/\",\"name\":\"Milei encender\u00e1 la Antorcha de la Independencia en Israel durante su visita oficial - Fm Gente\",\"isPartOf\":{\"@id\":\"https:\\\/\\\/fmgente.com.ar\\\/web\\\/#website\"},\"primaryImageOfPage\":{\"@id\":\"https:\\\/\\\/fmgente.com.ar\\\/web\\\/milei-encendera-la-antorcha-de-la-independencia-en-israel-durante-su-visita-oficial\\\/#primaryimage\"},\"image\":{\"@id\":\"https:\\\/\\\/fmgente.com.ar\\\/web\\\/milei-encendera-la-antorcha-de-la-independencia-en-israel-durante-su-visita-oficial\\\/#primaryimage\"},\"thumbnailUrl\":\"https:\\\/\\\/fmgente.com.ar\\\/web\\\/wp-content\\\/uploads\\\/2026\\\/04\\\/image-17.jpg\",\"datePublished\":\"2026-04-12T12:11:05+00:00\",\"inLanguage\":\"es\",\"potentialAction\":[{\"@type\":\"ReadAction\",\"target\":[\"https:\\\/\\\/fmgente.com.ar\\\/web\\\/milei-encendera-la-antorcha-de-la-independencia-en-israel-durante-su-visita-oficial\\\/\"]}]},{\"@type\":\"ImageObject\",\"inLanguage\":\"es\",\"@id\":\"https:\\\/\\\/fmgente.com.ar\\\/web\\\/milei-encendera-la-antorcha-de-la-independencia-en-israel-durante-su-visita-oficial\\\/#primaryimage\",\"url\":\"https:\\\/\\\/fmgente.com.ar\\\/web\\\/wp-content\\\/uploads\\\/2026\\\/04\\\/image-17.jpg\",\"contentUrl\":\"https:\\\/\\\/fmgente.com.ar\\\/web\\\/wp-content\\\/uploads\\\/2026\\\/04\\\/image-17.jpg\",\"width\":1024,\"height\":635},{\"@type\":\"WebSite\",\"@id\":\"https:\\\/\\\/fmgente.com.ar\\\/web\\\/#website\",\"url\":\"https:\\\/\\\/fmgente.com.ar\\\/web\\\/\",\"name\":\"Fm Gente\",\"description\":\"- Jes\u00fas Mar\u00eda\",\"publisher\":{\"@id\":\"https:\\\/\\\/fmgente.com.ar\\\/web\\\/#organization\"},\"potentialAction\":[{\"@type\":\"SearchAction\",\"target\":{\"@type\":\"EntryPoint\",\"urlTemplate\":\"https:\\\/\\\/fmgente.com.ar\\\/web\\\/?s={search_term_string}\"},\"query-input\":{\"@type\":\"PropertyValueSpecification\",\"valueRequired\":true,\"valueName\":\"search_term_string\"}}],\"inLanguage\":\"es\"},{\"@type\":\"Organization\",\"@id\":\"https:\\\/\\\/fmgente.com.ar\\\/web\\\/#organization\",\"name\":\"Fm Gente\",\"url\":\"https:\\\/\\\/fmgente.com.ar\\\/web\\\/\",\"logo\":{\"@type\":\"ImageObject\",\"inLanguage\":\"es\",\"@id\":\"https:\\\/\\\/fmgente.com.ar\\\/web\\\/#\\\/schema\\\/logo\\\/image\\\/\",\"url\":\"https:\\\/\\\/fmgente.com.ar\\\/web\\\/wp-content\\\/uploads\\\/2023\\\/07\\\/cropped-cropped-logo-sombra2.png\",\"contentUrl\":\"https:\\\/\\\/fmgente.com.ar\\\/web\\\/wp-content\\\/uploads\\\/2023\\\/07\\\/cropped-cropped-logo-sombra2.png\",\"width\":1782,\"height\":1782,\"caption\":\"Fm Gente\"},\"image\":{\"@id\":\"https:\\\/\\\/fmgente.com.ar\\\/web\\\/#\\\/schema\\\/logo\\\/image\\\/\"}}]}<\/script>\n<!-- \/ Yoast SEO plugin. -->","yoast_head_json":{"title":"Milei encender\u00e1 la Antorcha de la Independencia en Israel durante su visita oficial - Fm Gente","robots":{"index":"index","follow":"follow","max-snippet":"max-snippet:-1","max-image-preview":"max-image-preview:large","max-video-preview":"max-video-preview:-1"},"canonical":"https:\/\/fmgente.com.ar\/web\/milei-encendera-la-antorcha-de-la-independencia-en-israel-durante-su-visita-oficial\/","og_locale":"es_ES","og_type":"article","og_title":"Milei encender\u00e1 la Antorcha de la Independencia en Israel durante su visita oficial - Fm Gente","og_description":"Buenos Aires, 12 abril (NA) \u2014 El presidente Javier Milei viajar\u00e1 a Israel este mes","og_url":"https:\/\/fmgente.com.ar\/web\/milei-encendera-la-antorcha-de-la-independencia-en-israel-durante-su-visita-oficial\/","og_site_name":"Fm Gente","article_published_time":"2026-04-12T12:11:05+00:00","twitter_card":"summary_large_image","twitter_misc":{"Tiempo de lectura":"1 minuto"},"schema":{"@context":"https:\/\/schema.org","@graph":[{"@type":"Article","@id":"https:\/\/fmgente.com.ar\/web\/milei-encendera-la-antorcha-de-la-independencia-en-israel-durante-su-visita-oficial\/#article","isPartOf":{"@id":"https:\/\/fmgente.com.ar\/web\/milei-encendera-la-antorcha-de-la-independencia-en-israel-durante-su-visita-oficial\/"},"author":{"name":"","@id":""},"headline":"Milei encender\u00e1 la Antorcha de la Independencia en Israel durante su visita oficial","datePublished":"2026-04-12T12:11:05+00:00","mainEntityOfPage":{"@id":"https:\/\/fmgente.com.ar\/web\/milei-encendera-la-antorcha-de-la-independencia-en-israel-durante-su-visita-oficial\/"},"wordCount":258,"publisher":{"@id":"https:\/\/fmgente.com.ar\/web\/#organization"},"image":{"@id":"https:\/\/fmgente.com.ar\/web\/milei-encendera-la-antorcha-de-la-independencia-en-israel-durante-su-visita-oficial\/#primaryimage"},"thumbnailUrl":"https:\/\/fmgente.com.ar\/web\/wp-content\/uploads\/2026\/04\/image-17.jpg","articleSection":["REGIONALES"],"inLanguage":"es"},{"@type":"WebPage","@id":"https:\/\/fmgente.com.ar\/web\/milei-encendera-la-antorcha-de-la-independencia-en-israel-durante-su-visita-oficial\/","url":"https:\/\/fmgente.com.ar\/web\/milei-encendera-la-antorcha-de-la-independencia-en-israel-durante-su-visita-oficial\/","name":"Milei encender\u00e1 la Antorcha de la Independencia en Israel durante su visita oficial - Fm Gente","isPartOf":{"@id":"https:\/\/fmgente.com.ar\/web\/#website"},"primaryImageOfPage":{"@id":"https:\/\/fmgente.com.ar\/web\/milei-encendera-la-antorcha-de-la-independencia-en-israel-durante-su-visita-oficial\/#primaryimage"},"image":{"@id":"https:\/\/fmgente.com.ar\/web\/milei-encendera-la-antorcha-de-la-independencia-en-israel-durante-su-visita-oficial\/#primaryimage"},"thumbnailUrl":"https:\/\/fmgente.com.ar\/web\/wp-content\/uploads\/2026\/04\/image-17.jpg","datePublished":"2026-04-12T12:11:05+00:00","inLanguage":"es","potentialAction":[{"@type":"ReadAction","target":["https:\/\/fmgente.com.ar\/web\/milei-encendera-la-antorcha-de-la-independencia-en-israel-durante-su-visita-oficial\/"]}]},{"@type":"ImageObject","inLanguage":"es","@id":"https:\/\/fmgente.com.ar\/web\/milei-encendera-la-antorcha-de-la-independencia-en-israel-durante-su-visita-oficial\/#primaryimage","url":"https:\/\/fmgente.com.ar\/web\/wp-content\/uploads\/2026\/04\/image-17.jpg","contentUrl":"https:\/\/fmgente.com.ar\/web\/wp-content\/uploads\/2026\/04\/image-17.jpg","width":1024,"height":635},{"@type":"WebSite","@id":"https:\/\/fmgente.com.ar\/web\/#website","url":"https:\/\/fmgente.com.ar\/web\/","name":"Fm Gente","description":"- Jes\u00fas Mar\u00eda","publisher":{"@id":"https:\/\/fmgente.com.ar\/web\/#organization"},"potentialAction":[{"@type":"SearchAction","target":{"@type":"EntryPoint","urlTemplate":"https:\/\/fmgente.com.ar\/web\/?s={search_term_string}"},"query-input":{"@type":"PropertyValueSpecification","valueRequired":true,"valueName":"search_term_string"}}],"inLanguage":"es"},{"@type":"Organization","@id":"https:\/\/fmgente.com.ar\/web\/#organization","name":"Fm Gente","url":"https:\/\/fmgente.com.ar\/web\/","logo":{"@type":"ImageObject","inLanguage":"es","@id":"https:\/\/fmgente.com.ar\/web\/#\/schema\/logo\/image\/","url":"https:\/\/fmgente.com.ar\/web\/wp-content\/uploads\/2023\/07\/cropped-cropped-logo-sombra2.png","contentUrl":"https:\/\/fmgente.com.ar\/web\/wp-content\/uploads\/2023\/07\/cropped-cropped-logo-sombra2.png","width":1782,"height":1782,"caption":"Fm Gente"},"image":{"@id":"https:\/\/fmgente.com.ar\/web\/#\/schema\/logo\/image\/"}}]}},"_links":{"self":[{"href":"https:\/\/fmgente.com.ar\/web\/wp-json\/wp\/v2\/posts\/19205","targetHints":{"allow":["GET"]}}],"collection":[{"href":"https:\/\/fmgente.com.ar\/web\/wp-json\/wp\/v2\/posts"}],"about":[{"href":"https:\/\/fmgente.com.ar\/web\/wp-json\/wp\/v2\/types\/post"}],"replies":[{"embeddable":true,"href":"https:\/\/fmgente.com.ar\/web\/wp-json\/wp\/v2\/comments?post=19205"}],"version-history":[{"count":0,"href":"https:\/\/fmgente.com.ar\/web\/wp-json\/wp\/v2\/posts\/19205\/revisions"}],"wp:featuredmedia":[{"embeddable":true,"href":"https:\/\/fmgente.com.ar\/web\/wp-json\/wp\/v2\/media\/19206"}],"wp:attachment":[{"href":"https:\/\/fmgente.com.ar\/web\/wp-json\/wp\/v2\/media?parent=19205"}],"wp:term":[{"taxonomy":"category","embeddable":true,"href":"https:\/\/fmgente.com.ar\/web\/wp-json\/wp\/v2\/categories?post=19205"},{"taxonomy":"post_tag","embeddable":true,"href":"https:\/\/fmgente.com.ar\/web\/wp-json\/wp\/v2\/tags?post=19205"}],"curies":[{"name":"wp","href":"https:\/\/api.w.org\/{rel}","templated":true}]}}