{"id":19202,"date":"2026-04-11T22:11:23","date_gmt":"2026-04-12T01:11:23","guid":{"rendered":"https:\/\/fmgente.com.ar\/web\/las-posiciones-del-torneo-apertura-y-la-tabla-anual-luego-del-empate-entre-boca-e-independiente-con-un-cambio-de-puntero\/"},"modified":"2026-04-11T22:11:23","modified_gmt":"2026-04-12T01:11:23","slug":"las-posiciones-del-torneo-apertura-y-la-tabla-anual-luego-del-empate-entre-boca-e-independiente-con-un-cambio-de-puntero","status":"publish","type":"post","link":"https:\/\/fmgente.com.ar\/web\/las-posiciones-del-torneo-apertura-y-la-tabla-anual-luego-del-empate-entre-boca-e-independiente-con-un-cambio-de-puntero\/","title":{"rendered":"Las posiciones del Torneo Apertura y la Tabla Anual luego del empate entre Boca e Independiente con un cambio de puntero"},"content":{"rendered":"<p><img loading=\"lazy\" decoding=\"async\" src=\"https:\/\/www.infobae.com\/resizer\/v2\/4LRDIAJMAVEKNIP4TTH2WDA4G4.JPG?auth=9e5562234bf42837560593a7f080605daf82da192d82081f7a6e54ec10199b3d&amp;smart=true&amp;width=4594&amp;height=3063\" alt=\"Boca e Independiente terminaron 1-1 en La Bombonera (Fotobaires)\" height=\"3063\" width=\"4594\" \/><\/p>\n<p>La fase regular del <b>Torneo Apertura<\/b> se adentr\u00f3 en la <b>recta final <\/b>y varios equipos comienzan a definir su clasificaci\u00f3n a los playoffs. En el marco de la fecha 14, la tabla anual tambi\u00e9n comienza a centrar la atenci\u00f3n de los clubes de cara a la pelea por el ingreso a las competencias internacionales. <\/p>\n<p>Uno de los cl\u00e1sicos de la jornada se disput\u00f3 en <a href=\"https:\/\/www.infobae.com\/deportes\/2026\/04\/11\/boca-juniors-recibira-a-independiente-en-un-duelo-clave-en-la-bombonera-hora-tv-y-posibles-formaciones\/\" target=\"_blank\" rel=\"\" title=\"https:\/\/www.infobae.com\/deportes\/2026\/04\/11\/boca-juniors-recibira-a-independiente-en-un-duelo-clave-en-la-bombonera-hora-tv-y-posibles-formaciones\/\"><i>La Bombonera<\/i> entre <b>Boca Juniors<\/b> e <b>Independiente<\/b><\/a>, que finaliz\u00f3 <b>1-1<\/b> por los goles de<b> Mat\u00edas Abaldo<\/b> y <b>Milton Gim\u00e9nez<\/b>, de penal. <\/p>\n<p>El empate no le sienta bien a ninguno de los dos equipos. El cuadro dirigido por <b>Claudio \u00dabeda<\/b>, que cont\u00f3 con una clara rotaci\u00f3n en la formaci\u00f3n, cedi\u00f3 terreno con la cima de la zona A y <b>qued\u00f3 tercero con 21 puntos (Estudiantes lidera con 24)<\/b>. Del otro lado, el <i>Rojo <\/i>de Avellaneda precisaba una victoria para asentarse en los puestos de clasificaci\u00f3n a los playoffs. Sin embargo, la igualdad <b>lo dej\u00f3 s\u00e9ptimo con 18 unidades<\/b>, mismas que <b>Talleres de C\u00f3rdoba<\/b>.<\/p>\n<p>El s\u00e1bado comenz\u00f3 con la victoria de <b>Instituto por 1-0 sobre Deportivo Riestra<\/b>. El <i>Malevo <\/i>profundiz\u00f3 su crisis y, junto con <b>Aldosivi<\/b>, <b>son los \u00fanicos equipos que todav\u00eda no ganaron<\/b> en el certamen. La <i>Gloria<\/i> escal\u00f3 hasta la d\u00e9cima posici\u00f3n de la zona A con 17 puntos, mientras que el cuadro de Guillermo Dur\u00f3 est\u00e1 \u00faltimo con siete unidades.<\/p>\n<p><img loading=\"lazy\" decoding=\"async\" src=\"https:\/\/www.infobae.com\/resizer\/v2\/Z64GQPW7SJAUJMFBYHJ5BB34NI.png?auth=6e5f5c8957d2c3f8474302f0fa2149a9822b9f069fee9bee2761afd3d7d8f7ad&amp;smart=true&amp;width=567&amp;height=319\" alt=\"Independiente Rivadavia est\u00e1 imparable. Venci\u00f3 a Argentinos y ratific\u00f3 su liderazgo en la Tabla Anual (Cr\u00e9dito: @CSIRoficial\/X)\" height=\"319\" width=\"567\" \/><\/p>\n<p>Casi al mismo tiempo, en un partidazo en Mendoza, <a href=\"https:\/\/www.infobae.com\/deportes\/2026\/04\/11\/continua-la-fecha-14-del-torneo-apertura-con-el-foco-en-independiente-rivadavia-argentinos-hora-tv-y-formaciones\/\" target=\"_blank\" rel=\"\" title=\"https:\/\/www.infobae.com\/deportes\/2026\/04\/11\/continua-la-fecha-14-del-torneo-apertura-con-el-foco-en-independiente-rivadavia-argentinos-hora-tv-y-formaciones\/\"><b>Independiente Rivadavia se impuso por 3-1 sobre Argentinos Juniors<\/b><\/a> y se asent\u00f3 en la cima de la tabla anual y de la zona B con 29 puntos. Adem\u00e1s, la Lepra mendocina se convirti\u00f3 en el primer equipo en <b>asegurar su boleto a la ronda de playoffs<\/b>. El <i>Bicho<\/i>, que sufri\u00f3 la expulsi\u00f3n de Hern\u00e1n L\u00f3pez Mu\u00f1oz en el primer tiempo, qued\u00f3 tercero con 23. <\/p>\n<p>Por su parte, <b>Estudiantes venci\u00f3 de manera ag\u00f3nica por 2-1 a Uni\u00f3n de Santa Fe<\/b> en La Plata. El triunfo ubic\u00f3 al <i>Pincha <\/i>en la cima de la Zona A con 24 unidades, aunque puede ser superado por <b>V\u00e9lez<\/b>, que tiene 22. El <i>Tatengue <\/i>qued\u00f3 cuarto con 19 puntos. <\/p>\n<p>En tanto, <b>Estudiantes de R\u00edo Cuarto<\/b> y <b>Barracas Central<\/b> bajar\u00e1n el tel\u00f3n a las 21:45.<\/p>\n<p>La decimocuarta jornada se abri\u00f3 con <a href=\"https:\/\/www.infobae.com\/deportes\/2026\/04\/10\/belgrano-y-aldosivi-abriran-la-fecha-14-del-torneo-apertura-en-cordoba-hora-tv-y-probables-formaciones\/\" target=\"_blank\" rel=\"noreferrer\" title=\"https:\/\/www.infobae.com\/deportes\/2026\/04\/10\/belgrano-y-aldosivi-abriran-la-fecha-14-del-torneo-apertura-en-cordoba-hora-tv-y-probables-formaciones\/\">la victoria de <b>Belgrano de C\u00f3rdoba<\/b> ante <b>Aldosivi<\/b> <b>de Mar del Plata<\/b> por 1-0<\/a> en el <i>Gigante de Alberdi<\/i>. El <i>Pirata<\/i> se adelant\u00f3 con el gol de su figura, <b>Lucas Zelaray\u00e1n<\/b>, antes de cumplir la media hora de juego, pero la historia se le complic\u00f3 al inicio del segundo tiempo por la expulsi\u00f3n de <b>Emiliano Rigoni<\/b>. La inferioridad num\u00e9rica aturdi\u00f3 a los dirigidos por <b>Ricardo Zielinski<\/b>, pero se repusieron y conservaron la ventaja para escalar al cuarto lugar de la Zona B con 22 unidades.<\/p>\n<p>Luego de los partidos del s\u00e1bado, la jornada dominical se abrir\u00e1 a las 15:00 con dos partidos al mismo tiempo: <b>Newell\u2019s<\/b> se enfrentar\u00e1 a <b>San Lorenzo<\/b> y <b>Platense<\/b> har\u00e1 lo propio con <b>Gimnasia de Mendoza<\/b>. A partir de las 17:30 tambi\u00e9n habr\u00e1 dos encuentros al un\u00edsono: <b>Hurac\u00e1n<\/b> jugar\u00e1 contra <b>Rosario Central<\/b> y <b>Atl\u00e9tico Tucum\u00e1n<\/b> recibir\u00e1 a <b>Tigre<\/b>.<\/p>\n<p>El d\u00eda se cerrar\u00e1 con otro de los cl\u00e1sicos que se disputar\u00e1n en la fecha 14, ya que <b>River Plate<\/b> visitar\u00e1 a<b> Racing <\/b>en el <i>Cilindro de Avellaneda<\/i>. El equipo del<i> <\/i><i><b>Chacho<\/b><\/i><b> Coudet <\/b>precisa de una victoria para mantenerse cerca de la cima del torneo, mientras que los dirigidos por <b>Gustavo Costas<\/b> necesitan un triunfo para escalar a los primeros puestos.<\/p>\n<p>La fecha 14 contar\u00e1 con sus \u00faltimos cuatro partidos el d\u00eda lunes. <b>Defensa y Justicia<\/b> recibir\u00e1 a <b>Talleres de C\u00f3rdoba<\/b> a las 16:30. Al mismo horario, <b>Sarmiento de Jun\u00edn<\/b> chocar\u00e1 contra <b>Gimnasia La Plata<\/b>. El duelo que se llevar\u00e1 todas las miradas es el <i>Cl\u00e1sico del Sur<\/i>: <b>Lan\u00fas<\/b> se enfrentar\u00e1 a <b>Banfield<\/b> en <i>La Fortaleza<\/i> a las 19:00. <\/p>\n<p>Por \u00faltimo, el l\u00edder de la Zona A, <b>V\u00e9lez Sarsfield<\/b>, bajar\u00e1 el tel\u00f3n de la jornada con <b>Central C\u00f3rdoba de Santiago del Estero<\/b> a las 21:30 en Liniers.<\/p>\n<h2>EL CRONOGRAMA Y LOS RESULTADOS DE LA FECHA 14 DEL TORNEO APERTURA<\/h2>\n<p><u><b>Viernes 10\/4<\/b><\/u><\/p>\n<p><b>BELGRANO 1-0 ALDOSIVI<\/b><\/p>\n<p>.container-video {<br \/>\n  position: relative;<br \/>\n  width: 100%;<br \/>\n  overflow: hidden;<br \/>\n  padding-top: 56.25%;<br \/>\n}<br \/>\n.responsive-iframe-video {<br \/>\n  position: absolute;<br \/>\n  top: 0;<br \/>\n  left: 0;<br \/>\n  bottom: 0;<br \/>\n  right: 0;<br \/>\n  width: 100%;<br \/>\n  height: 100%;<br \/>\n  border: none;<br \/>\n}<\/p>\n<div class=\"container-video\">\n<\/div>\n<p><u><b>S\u00e1bado 11\/4<\/b><\/u><\/p>\n<p><b>DEPORTIVO RIESTRA 0-1 INSTITUTO<\/b><\/p>\n<p>.container-video {<br \/>\n  position: relative;<br \/>\n  width: 100%;<br \/>\n  overflow: hidden;<br \/>\n  padding-top: 56.25%;<br \/>\n}<br \/>\n.responsive-iframe-video {<br \/>\n  position: absolute;<br \/>\n  top: 0;<br \/>\n  left: 0;<br \/>\n  bottom: 0;<br \/>\n  right: 0;<br \/>\n  width: 100%;<br \/>\n  height: 100%;<br \/>\n  border: none;<br \/>\n}<\/p>\n<div class=\"container-video\">\n<\/div>\n<p><b>INDEPENDIENTE RIVADAVIA 3-1 ARGENTINOS JUNIORS<\/b><\/p>\n<p>.container-video {<br \/>\n  position: relative;<br \/>\n  width: 100%;<br \/>\n  overflow: hidden;<br \/>\n  padding-top: 56.25%;<br \/>\n}<br \/>\n.responsive-iframe-video {<br \/>\n  position: absolute;<br \/>\n  top: 0;<br \/>\n  left: 0;<br \/>\n  bottom: 0;<br \/>\n  right: 0;<br \/>\n  width: 100%;<br \/>\n  height: 100%;<br \/>\n  border: none;<br \/>\n}<\/p>\n<div class=\"container-video\">\n<\/div>\n<p><b>ESTUDIANTES (LP) 2-1 UNI\u00d3N DE SANTA FE<\/b><\/p>\n<p>.container-video {<br \/>\n  position: relative;<br \/>\n  width: 100%;<br \/>\n  overflow: hidden;<br \/>\n  padding-top: 56.25%;<br \/>\n}<br \/>\n.responsive-iframe-video {<br \/>\n  position: absolute;<br \/>\n  top: 0;<br \/>\n  left: 0;<br \/>\n  bottom: 0;<br \/>\n  right: 0;<br \/>\n  width: 100%;<br \/>\n  height: 100%;<br \/>\n  border: none;<br \/>\n}<\/p>\n<div class=\"container-video\">\n<\/div>\n<p><b>BOCA JUNIORS 1-1 INDEPENDIENTE<\/b><\/p>\n<p>.container-video {<br \/>\n  position: relative;<br \/>\n  width: 100%;<br \/>\n  overflow: hidden;<br \/>\n  padding-top: 56.25%;<br \/>\n}<br \/>\n.responsive-iframe-video {<br \/>\n  position: absolute;<br \/>\n  top: 0;<br \/>\n  left: 0;<br \/>\n  bottom: 0;<br \/>\n  right: 0;<br \/>\n  width: 100%;<br \/>\n  height: 100%;<br \/>\n  border: none;<br \/>\n}<\/p>\n<div class=\"container-video\">\n<\/div>\n<p>Estudiantes de R\u00edo Cuarto vs. Barracas Central (en juego)<\/p>\n<p><u><b>Domingo 12\/4<\/b><\/u><\/p>\n<p>15.00: Newell\u2019s vs. San Lorenzo<\/p>\n<p>15.00: Platense vs. Gimnasia de Mendoza<\/p>\n<p>17.30: Hurac\u00e1n vs. Rosario Central<\/p>\n<p>17.30: Atl\u00e9tico Tucum\u00e1n vs. Tigre<\/p>\n<p>20.00: Racing vs. River Plate<\/p>\n<p><u><b>Lunes 13\/4<\/b><\/u><\/p>\n<p>16.30: Defensa y Justicia vs. Talleres de C\u00f3rdoba<\/p>\n<p>16.30: Sarmiento vs. Gimnasia La Plata<\/p>\n<p>19.00: Lan\u00fas vs. Banfield<\/p>\n<p>21.30: V\u00e9lez vs. Central C\u00f3rdoba<\/p>\n<p><b>POSICIONES DEL TORNEO APERTURA Y DE LA TABLA ANUAL<\/b><\/p>\n","protected":false},"excerpt":{"rendered":"<p>La fase regular del Torneo Apertura se adentr\u00f3 en la recta final y varios equipos<\/p>\n","protected":false},"author":0,"featured_media":0,"comment_status":"","ping_status":"","sticky":false,"template":"","format":"standard","meta":{"footnotes":""},"categories":[11],"tags":[],"class_list":["post-19202","post","type-post","status-publish","format-standard","hentry","category-destacadas"],"yoast_head":"<!-- This site is optimized with the Yoast SEO plugin v27.4 - https:\/\/yoast.com\/product\/yoast-seo-wordpress\/ -->\n<title>Las posiciones del Torneo Apertura y la Tabla Anual luego del empate entre Boca e Independiente con un cambio de puntero - Fm Gente<\/title>\n<meta name=\"robots\" content=\"index, follow, max-snippet:-1, max-image-preview:large, max-video-preview:-1\" \/>\n<link rel=\"canonical\" href=\"https:\/\/fmgente.com.ar\/web\/las-posiciones-del-torneo-apertura-y-la-tabla-anual-luego-del-empate-entre-boca-e-independiente-con-un-cambio-de-puntero\/\" \/>\n<meta property=\"og:locale\" content=\"es_ES\" \/>\n<meta property=\"og:type\" content=\"article\" \/>\n<meta property=\"og:title\" content=\"Las posiciones del Torneo Apertura y la Tabla Anual luego del empate entre Boca e Independiente con un cambio de puntero - Fm Gente\" \/>\n<meta property=\"og:description\" content=\"La fase regular del Torneo Apertura se adentr\u00f3 en la recta final y varios equipos\" \/>\n<meta property=\"og:url\" content=\"https:\/\/fmgente.com.ar\/web\/las-posiciones-del-torneo-apertura-y-la-tabla-anual-luego-del-empate-entre-boca-e-independiente-con-un-cambio-de-puntero\/\" \/>\n<meta property=\"og:site_name\" content=\"Fm Gente\" \/>\n<meta property=\"article:published_time\" content=\"2026-04-12T01:11:23+00:00\" \/>\n<meta property=\"og:image\" content=\"https:\/\/www.infobae.com\/resizer\/v2\/4LRDIAJMAVEKNIP4TTH2WDA4G4.JPG?auth=9e5562234bf42837560593a7f080605daf82da192d82081f7a6e54ec10199b3d&amp;smart=true&amp;width=4594&amp;height=3063\" \/>\n<meta name=\"twitter:card\" content=\"summary_large_image\" \/>\n<meta name=\"twitter:label1\" content=\"Tiempo de lectura\" \/>\n\t<meta name=\"twitter:data1\" content=\"4 minutos\" \/>\n<script type=\"application\/ld+json\" class=\"yoast-schema-graph\">{\"@context\":\"https:\\\/\\\/schema.org\",\"@graph\":[{\"@type\":\"Article\",\"@id\":\"https:\\\/\\\/fmgente.com.ar\\\/web\\\/las-posiciones-del-torneo-apertura-y-la-tabla-anual-luego-del-empate-entre-boca-e-independiente-con-un-cambio-de-puntero\\\/#article\",\"isPartOf\":{\"@id\":\"https:\\\/\\\/fmgente.com.ar\\\/web\\\/las-posiciones-del-torneo-apertura-y-la-tabla-anual-luego-del-empate-entre-boca-e-independiente-con-un-cambio-de-puntero\\\/\"},\"author\":{\"name\":\"\",\"@id\":\"\"},\"headline\":\"Las posiciones del Torneo Apertura y la Tabla Anual luego del empate entre Boca e Independiente con un cambio de puntero\",\"datePublished\":\"2026-04-12T01:11:23+00:00\",\"mainEntityOfPage\":{\"@id\":\"https:\\\/\\\/fmgente.com.ar\\\/web\\\/las-posiciones-del-torneo-apertura-y-la-tabla-anual-luego-del-empate-entre-boca-e-independiente-con-un-cambio-de-puntero\\\/\"},\"wordCount\":905,\"publisher\":{\"@id\":\"https:\\\/\\\/fmgente.com.ar\\\/web\\\/#organization\"},\"image\":{\"@id\":\"https:\\\/\\\/fmgente.com.ar\\\/web\\\/las-posiciones-del-torneo-apertura-y-la-tabla-anual-luego-del-empate-entre-boca-e-independiente-con-un-cambio-de-puntero\\\/#primaryimage\"},\"thumbnailUrl\":\"https:\\\/\\\/www.infobae.com\\\/resizer\\\/v2\\\/4LRDIAJMAVEKNIP4TTH2WDA4G4.JPG?auth=9e5562234bf42837560593a7f080605daf82da192d82081f7a6e54ec10199b3d&amp;smart=true&amp;width=4594&amp;height=3063\",\"articleSection\":[\"DESTACADAS\"],\"inLanguage\":\"es\"},{\"@type\":\"WebPage\",\"@id\":\"https:\\\/\\\/fmgente.com.ar\\\/web\\\/las-posiciones-del-torneo-apertura-y-la-tabla-anual-luego-del-empate-entre-boca-e-independiente-con-un-cambio-de-puntero\\\/\",\"url\":\"https:\\\/\\\/fmgente.com.ar\\\/web\\\/las-posiciones-del-torneo-apertura-y-la-tabla-anual-luego-del-empate-entre-boca-e-independiente-con-un-cambio-de-puntero\\\/\",\"name\":\"Las posiciones del Torneo Apertura y la Tabla Anual luego del empate entre Boca e Independiente con un cambio de puntero - Fm Gente\",\"isPartOf\":{\"@id\":\"https:\\\/\\\/fmgente.com.ar\\\/web\\\/#website\"},\"primaryImageOfPage\":{\"@id\":\"https:\\\/\\\/fmgente.com.ar\\\/web\\\/las-posiciones-del-torneo-apertura-y-la-tabla-anual-luego-del-empate-entre-boca-e-independiente-con-un-cambio-de-puntero\\\/#primaryimage\"},\"image\":{\"@id\":\"https:\\\/\\\/fmgente.com.ar\\\/web\\\/las-posiciones-del-torneo-apertura-y-la-tabla-anual-luego-del-empate-entre-boca-e-independiente-con-un-cambio-de-puntero\\\/#primaryimage\"},\"thumbnailUrl\":\"https:\\\/\\\/www.infobae.com\\\/resizer\\\/v2\\\/4LRDIAJMAVEKNIP4TTH2WDA4G4.JPG?auth=9e5562234bf42837560593a7f080605daf82da192d82081f7a6e54ec10199b3d&amp;smart=true&amp;width=4594&amp;height=3063\",\"datePublished\":\"2026-04-12T01:11:23+00:00\",\"inLanguage\":\"es\",\"potentialAction\":[{\"@type\":\"ReadAction\",\"target\":[\"https:\\\/\\\/fmgente.com.ar\\\/web\\\/las-posiciones-del-torneo-apertura-y-la-tabla-anual-luego-del-empate-entre-boca-e-independiente-con-un-cambio-de-puntero\\\/\"]}]},{\"@type\":\"ImageObject\",\"inLanguage\":\"es\",\"@id\":\"https:\\\/\\\/fmgente.com.ar\\\/web\\\/las-posiciones-del-torneo-apertura-y-la-tabla-anual-luego-del-empate-entre-boca-e-independiente-con-un-cambio-de-puntero\\\/#primaryimage\",\"url\":\"https:\\\/\\\/www.infobae.com\\\/resizer\\\/v2\\\/4LRDIAJMAVEKNIP4TTH2WDA4G4.JPG?auth=9e5562234bf42837560593a7f080605daf82da192d82081f7a6e54ec10199b3d&amp;smart=true&amp;width=4594&amp;height=3063\",\"contentUrl\":\"https:\\\/\\\/www.infobae.com\\\/resizer\\\/v2\\\/4LRDIAJMAVEKNIP4TTH2WDA4G4.JPG?auth=9e5562234bf42837560593a7f080605daf82da192d82081f7a6e54ec10199b3d&amp;smart=true&amp;width=4594&amp;height=3063\"},{\"@type\":\"WebSite\",\"@id\":\"https:\\\/\\\/fmgente.com.ar\\\/web\\\/#website\",\"url\":\"https:\\\/\\\/fmgente.com.ar\\\/web\\\/\",\"name\":\"Fm Gente\",\"description\":\"- Jes\u00fas Mar\u00eda\",\"publisher\":{\"@id\":\"https:\\\/\\\/fmgente.com.ar\\\/web\\\/#organization\"},\"potentialAction\":[{\"@type\":\"SearchAction\",\"target\":{\"@type\":\"EntryPoint\",\"urlTemplate\":\"https:\\\/\\\/fmgente.com.ar\\\/web\\\/?s={search_term_string}\"},\"query-input\":{\"@type\":\"PropertyValueSpecification\",\"valueRequired\":true,\"valueName\":\"search_term_string\"}}],\"inLanguage\":\"es\"},{\"@type\":\"Organization\",\"@id\":\"https:\\\/\\\/fmgente.com.ar\\\/web\\\/#organization\",\"name\":\"Fm Gente\",\"url\":\"https:\\\/\\\/fmgente.com.ar\\\/web\\\/\",\"logo\":{\"@type\":\"ImageObject\",\"inLanguage\":\"es\",\"@id\":\"https:\\\/\\\/fmgente.com.ar\\\/web\\\/#\\\/schema\\\/logo\\\/image\\\/\",\"url\":\"https:\\\/\\\/fmgente.com.ar\\\/web\\\/wp-content\\\/uploads\\\/2023\\\/07\\\/cropped-cropped-logo-sombra2.png\",\"contentUrl\":\"https:\\\/\\\/fmgente.com.ar\\\/web\\\/wp-content\\\/uploads\\\/2023\\\/07\\\/cropped-cropped-logo-sombra2.png\",\"width\":1782,\"height\":1782,\"caption\":\"Fm Gente\"},\"image\":{\"@id\":\"https:\\\/\\\/fmgente.com.ar\\\/web\\\/#\\\/schema\\\/logo\\\/image\\\/\"}}]}<\/script>\n<!-- \/ Yoast SEO plugin. -->","yoast_head_json":{"title":"Las posiciones del Torneo Apertura y la Tabla Anual luego del empate entre Boca e Independiente con un cambio de puntero - Fm Gente","robots":{"index":"index","follow":"follow","max-snippet":"max-snippet:-1","max-image-preview":"max-image-preview:large","max-video-preview":"max-video-preview:-1"},"canonical":"https:\/\/fmgente.com.ar\/web\/las-posiciones-del-torneo-apertura-y-la-tabla-anual-luego-del-empate-entre-boca-e-independiente-con-un-cambio-de-puntero\/","og_locale":"es_ES","og_type":"article","og_title":"Las posiciones del Torneo Apertura y la Tabla Anual luego del empate entre Boca e Independiente con un cambio de puntero - Fm Gente","og_description":"La fase regular del Torneo Apertura se adentr\u00f3 en la recta final y varios equipos","og_url":"https:\/\/fmgente.com.ar\/web\/las-posiciones-del-torneo-apertura-y-la-tabla-anual-luego-del-empate-entre-boca-e-independiente-con-un-cambio-de-puntero\/","og_site_name":"Fm Gente","article_published_time":"2026-04-12T01:11:23+00:00","og_image":[{"url":"https:\/\/www.infobae.com\/resizer\/v2\/4LRDIAJMAVEKNIP4TTH2WDA4G4.JPG?auth=9e5562234bf42837560593a7f080605daf82da192d82081f7a6e54ec10199b3d&amp;smart=true&amp;width=4594&amp;height=3063","type":"","width":"","height":""}],"twitter_card":"summary_large_image","twitter_misc":{"Tiempo de lectura":"4 minutos"},"schema":{"@context":"https:\/\/schema.org","@graph":[{"@type":"Article","@id":"https:\/\/fmgente.com.ar\/web\/las-posiciones-del-torneo-apertura-y-la-tabla-anual-luego-del-empate-entre-boca-e-independiente-con-un-cambio-de-puntero\/#article","isPartOf":{"@id":"https:\/\/fmgente.com.ar\/web\/las-posiciones-del-torneo-apertura-y-la-tabla-anual-luego-del-empate-entre-boca-e-independiente-con-un-cambio-de-puntero\/"},"author":{"name":"","@id":""},"headline":"Las posiciones del Torneo Apertura y la Tabla Anual luego del empate entre Boca e Independiente con un cambio de puntero","datePublished":"2026-04-12T01:11:23+00:00","mainEntityOfPage":{"@id":"https:\/\/fmgente.com.ar\/web\/las-posiciones-del-torneo-apertura-y-la-tabla-anual-luego-del-empate-entre-boca-e-independiente-con-un-cambio-de-puntero\/"},"wordCount":905,"publisher":{"@id":"https:\/\/fmgente.com.ar\/web\/#organization"},"image":{"@id":"https:\/\/fmgente.com.ar\/web\/las-posiciones-del-torneo-apertura-y-la-tabla-anual-luego-del-empate-entre-boca-e-independiente-con-un-cambio-de-puntero\/#primaryimage"},"thumbnailUrl":"https:\/\/www.infobae.com\/resizer\/v2\/4LRDIAJMAVEKNIP4TTH2WDA4G4.JPG?auth=9e5562234bf42837560593a7f080605daf82da192d82081f7a6e54ec10199b3d&amp;smart=true&amp;width=4594&amp;height=3063","articleSection":["DESTACADAS"],"inLanguage":"es"},{"@type":"WebPage","@id":"https:\/\/fmgente.com.ar\/web\/las-posiciones-del-torneo-apertura-y-la-tabla-anual-luego-del-empate-entre-boca-e-independiente-con-un-cambio-de-puntero\/","url":"https:\/\/fmgente.com.ar\/web\/las-posiciones-del-torneo-apertura-y-la-tabla-anual-luego-del-empate-entre-boca-e-independiente-con-un-cambio-de-puntero\/","name":"Las posiciones del Torneo Apertura y la Tabla Anual luego del empate entre Boca e Independiente con un cambio de puntero - Fm Gente","isPartOf":{"@id":"https:\/\/fmgente.com.ar\/web\/#website"},"primaryImageOfPage":{"@id":"https:\/\/fmgente.com.ar\/web\/las-posiciones-del-torneo-apertura-y-la-tabla-anual-luego-del-empate-entre-boca-e-independiente-con-un-cambio-de-puntero\/#primaryimage"},"image":{"@id":"https:\/\/fmgente.com.ar\/web\/las-posiciones-del-torneo-apertura-y-la-tabla-anual-luego-del-empate-entre-boca-e-independiente-con-un-cambio-de-puntero\/#primaryimage"},"thumbnailUrl":"https:\/\/www.infobae.com\/resizer\/v2\/4LRDIAJMAVEKNIP4TTH2WDA4G4.JPG?auth=9e5562234bf42837560593a7f080605daf82da192d82081f7a6e54ec10199b3d&amp;smart=true&amp;width=4594&amp;height=3063","datePublished":"2026-04-12T01:11:23+00:00","inLanguage":"es","potentialAction":[{"@type":"ReadAction","target":["https:\/\/fmgente.com.ar\/web\/las-posiciones-del-torneo-apertura-y-la-tabla-anual-luego-del-empate-entre-boca-e-independiente-con-un-cambio-de-puntero\/"]}]},{"@type":"ImageObject","inLanguage":"es","@id":"https:\/\/fmgente.com.ar\/web\/las-posiciones-del-torneo-apertura-y-la-tabla-anual-luego-del-empate-entre-boca-e-independiente-con-un-cambio-de-puntero\/#primaryimage","url":"https:\/\/www.infobae.com\/resizer\/v2\/4LRDIAJMAVEKNIP4TTH2WDA4G4.JPG?auth=9e5562234bf42837560593a7f080605daf82da192d82081f7a6e54ec10199b3d&amp;smart=true&amp;width=4594&amp;height=3063","contentUrl":"https:\/\/www.infobae.com\/resizer\/v2\/4LRDIAJMAVEKNIP4TTH2WDA4G4.JPG?auth=9e5562234bf42837560593a7f080605daf82da192d82081f7a6e54ec10199b3d&amp;smart=true&amp;width=4594&amp;height=3063"},{"@type":"WebSite","@id":"https:\/\/fmgente.com.ar\/web\/#website","url":"https:\/\/fmgente.com.ar\/web\/","name":"Fm Gente","description":"- Jes\u00fas Mar\u00eda","publisher":{"@id":"https:\/\/fmgente.com.ar\/web\/#organization"},"potentialAction":[{"@type":"SearchAction","target":{"@type":"EntryPoint","urlTemplate":"https:\/\/fmgente.com.ar\/web\/?s={search_term_string}"},"query-input":{"@type":"PropertyValueSpecification","valueRequired":true,"valueName":"search_term_string"}}],"inLanguage":"es"},{"@type":"Organization","@id":"https:\/\/fmgente.com.ar\/web\/#organization","name":"Fm Gente","url":"https:\/\/fmgente.com.ar\/web\/","logo":{"@type":"ImageObject","inLanguage":"es","@id":"https:\/\/fmgente.com.ar\/web\/#\/schema\/logo\/image\/","url":"https:\/\/fmgente.com.ar\/web\/wp-content\/uploads\/2023\/07\/cropped-cropped-logo-sombra2.png","contentUrl":"https:\/\/fmgente.com.ar\/web\/wp-content\/uploads\/2023\/07\/cropped-cropped-logo-sombra2.png","width":1782,"height":1782,"caption":"Fm Gente"},"image":{"@id":"https:\/\/fmgente.com.ar\/web\/#\/schema\/logo\/image\/"}}]}},"_links":{"self":[{"href":"https:\/\/fmgente.com.ar\/web\/wp-json\/wp\/v2\/posts\/19202","targetHints":{"allow":["GET"]}}],"collection":[{"href":"https:\/\/fmgente.com.ar\/web\/wp-json\/wp\/v2\/posts"}],"about":[{"href":"https:\/\/fmgente.com.ar\/web\/wp-json\/wp\/v2\/types\/post"}],"replies":[{"embeddable":true,"href":"https:\/\/fmgente.com.ar\/web\/wp-json\/wp\/v2\/comments?post=19202"}],"version-history":[{"count":0,"href":"https:\/\/fmgente.com.ar\/web\/wp-json\/wp\/v2\/posts\/19202\/revisions"}],"wp:attachment":[{"href":"https:\/\/fmgente.com.ar\/web\/wp-json\/wp\/v2\/media?parent=19202"}],"wp:term":[{"taxonomy":"category","embeddable":true,"href":"https:\/\/fmgente.com.ar\/web\/wp-json\/wp\/v2\/categories?post=19202"},{"taxonomy":"post_tag","embeddable":true,"href":"https:\/\/fmgente.com.ar\/web\/wp-json\/wp\/v2\/tags?post=19202"}],"curies":[{"name":"wp","href":"https:\/\/api.w.org\/{rel}","templated":true}]}}