{"id":19201,"date":"2026-04-11T22:11:23","date_gmt":"2026-04-12T01:11:23","guid":{"rendered":"https:\/\/fmgente.com.ar\/web\/elma-correa-nos-habla-de-su-novela-donde-termina-el-verano-yo-no-podria-dormir-en-la-noche-si-no-escribiera-de-ciertas-cosas\/"},"modified":"2026-04-11T22:11:23","modified_gmt":"2026-04-12T01:11:23","slug":"elma-correa-nos-habla-de-su-novela-donde-termina-el-verano-yo-no-podria-dormir-en-la-noche-si-no-escribiera-de-ciertas-cosas","status":"publish","type":"post","link":"https:\/\/fmgente.com.ar\/web\/elma-correa-nos-habla-de-su-novela-donde-termina-el-verano-yo-no-podria-dormir-en-la-noche-si-no-escribiera-de-ciertas-cosas\/","title":{"rendered":"Elma Correa nos habla de su novela \u2018Donde termina el verano\u2019: \u201cYo no podr\u00eda dormir en la noche si no escribiera de ciertas cosas\u201d"},"content":{"rendered":"<p><img loading=\"lazy\" decoding=\"async\" src=\"https:\/\/www.infobae.com\/resizer\/v2\/LIAPAZOIDJCHPBSAFXEN7R5F2Y.jpg?auth=3866b226ed6a9ddab561ab12e5f996331bfd86115d6adaefd5d0c10d49df28e4&amp;smart=true&amp;width=1920&amp;height=1080\" alt=\"Elma Correa se convierte en la segunda mexicana en ganar el premio (cortes\u00eda)\" height=\"1080\" width=\"1920\" \/><\/p>\n<p>La escritora <b>Elma Correa<\/b> celebra el reconocimiento internacional tras ganar el <b>Premio Biblioteca Breve 2026<\/b> por su novela <i><b>Donde termina el verano<\/b><\/i>, otorgado por la editorial <b>Seix Barral<\/b>. <\/p>\n<p>En entrevista con <i>Infobae M\u00e9xico<\/i>, la autora nos habl\u00f3 de lo que significa para ella ganar el premio, sobre la historia y sus temas, sus influencias y su motor para escribir. <\/p>\n<h2>Los temas detr\u00e1s de \u2018Donde termina el verano\u2019<\/h2>\n<p><img loading=\"lazy\" decoding=\"async\" src=\"https:\/\/www.infobae.com\/resizer\/v2\/DES7YOMMNNASJEK5TFNOGXX6GQ.webp?auth=4ae5cce62dc174f9e54d903110fc0eecf36693dd986ec5e23aad4deb0bdf1b54&amp;smart=true&amp;width=360&amp;height=617\" alt=\"'Donde termina el verano' est\u00e1 ambientado en un barrio de Mexicali, lugar de nacimiento de la autora (cortes\u00eda)\" height=\"617\" width=\"360\" \/><\/p>\n<p>La autora nos cont\u00f3 que es la quinta mexicana y la segunda mujer en recibir este galard\u00f3n representa una sorpresa inesperada en su carrera:<\/p>\n<p>\u201cUna emoci\u00f3n muy grande, una alegr\u00eda enorme. No me lo esperaba para nada, ha sido una sorpresa, pero es una maravilla. Imag\u00ednate que ser la quinta mexicana de la historia, <b>la segunda mujer despu\u00e9s de Elena Poniatowska<\/b>. Yo todav\u00eda pienso que alguien me va a pellizcar y voy a despertar y no va a ser cierto, voy a despertar en Mexicali otra vez\u201d.<\/p>\n<p>La novela de Elma explora dos ejes centrales: <b>la amistad y la culpa.<\/b> La trama sigue a dos amigas inseparables que, en la infancia, viven un hecho tr\u00e1gico y guardan un secreto violento que las separa y las marca.<\/p>\n<p>La autora sostiene que el entorno fronterizo y la violencia son <b>contextos imprescindibles<\/b>, pero lo que le interesaba era desmenuzar la relaci\u00f3n entre sus protagonistas <b>en un mundo hostil para las mujeres<\/b>:<\/p>\n<p>\u201cEstas dos chicas se conocen desde ni\u00f1as, viven un evento muy tr\u00e1gico, muy dram\u00e1tico, cuando tienen once, casi doce a\u00f1os. Guardan un secreto muy cruento que las separa y esta carga, esta culpa, las carcome y las trastoca y les cambia la vida\u201d.<\/p>\n<h2>El oficio de escribir: as\u00ed trabaja Elma Correa<\/h2>\n<p>Para Elma la escritura es un<b> proceso minucioso<\/b>: \u201cA m\u00ed me encantar\u00eda ser de esos autores que son como muy intuitivos, pero no tengo ese don. Soy mujer y no soy blanca, entonces <b>yo no tengo privilegios de clase<\/b>, yo tengo que trabajar un mont\u00f3n para llegar a fin de mes. No tengo un trabajo de ocho a cinco, a veces de ocho a siete. Doy clases, doy talleres, nom\u00e1s me falta vender pozole los domingos\u201d, explica la autora. <\/p>\n<p>La falta de tiempo la obliga a ser met\u00f3dica y eficiente. \u201cEn t\u00e9rminos t\u00e9cnicos, lo tengo todo listo antes de sentarme a escribir. El tema, trama, mis personajes, sus conflictos, sus deseos, todas esas cosas, todo. Trabajo mucho con la construcci\u00f3n de personajes, sus perfiles, etc\u00e9tera. Toda esa chamba la hago mucho en la cabeza. <b>Todo el tiempo estoy escribiendo en la cabeza,<\/b> me hago audios en el celular, tomo notas\u201d, agrega.<\/p>\n<h2>El escenario fronterizo como un personaje<\/h2>\n<p>En la novela, la atm\u00f3sfera de la frontera es inseparable de la historia. \u201cPor el tipo de proceso de escritura que yo tengo, nada es casual, \u00bfno? Absolutamente todo fue planeado y planificado as\u00ed con una neurosis absoluta. A m\u00ed me interesaba que el escenario de la novela, por ejemplo, fuera casi un personaje m\u00e1s. Que el lector dijera: <b>\u2018Esto no puede ocurrir en ning\u00fan otro lugar m\u00e1s que aqu\u00ed<\/b>\u2019\u201d, afirma Correa.<\/p>\n<h2>Influencias y el peso del entorno<\/h2>\n<p>Elma Correa se form\u00f3 como lectora en la frontera. \u201cComo soy de la frontera, me form\u00e9 leyendo mucha literatura gringa. Al canon latinoamericano llegu\u00e9 a la universidad. <b>Le\u00ed primero a Carver que a Arreola<\/b>\u201d, dice. <\/p>\n<p>Entre sus referentes, menciona a Lorrie Moore: \u201cUna de las escritoras que me marc\u00f3 profundamente se llama <b>Lorrie Moore<\/b> y es una autora estadounidense que me mostr\u00f3 que las mujeres podemos ser divertidas. Es decir, que podemos hablar de los grandes temas, que podemos hablar de grandes cosas, de cosas importantes, sin aburrir a nadie\u201d.<\/p>\n<p>Sobre escribir sobre su propia vida, la escritora asegura que no hace autoficci\u00f3n, pero reconoce que escribir desde el entorno propio es inevitable. \u201cYo no hago autoficci\u00f3n. Yo no escribo mi vida. La novela es ficci\u00f3n, todo es inventado, todo son mentiras. No uso como la literatura para hablar de mis cosas ni nada, \u00bfno? Pero, pero yo s\u00ed creo que uno no puede sustraerse de su entorno. O sea, <b>yo escribo de lo que me atraviesa. Digo, yo soy mujer en un pa\u00eds feminicida. Yo no podr\u00eda no escribir de las cosas que me importan\u201d<\/b>, sostiene la autora. <\/p>\n<p>\u201c<b>Yo no podr\u00eda dormir en la noche si no escribiera de ciertas cosas<\/b>, porque me atraviesan como ser humano, como persona, como mujer, \u00bfno? Y por lo tanto, como autora. Entonces, no es mi vida, nada de lo que est\u00e1 ah\u00ed me pas\u00f3 a m\u00ed, pero vaya, que soy mujer en este pa\u00eds y que tengo que hablar de cosas, \u00bfno? <b>Soy de Mexicali, yo crec\u00ed en un barrio bravo<\/b>\u201d.<\/p>\n","protected":false},"excerpt":{"rendered":"<p>La escritora Elma Correa celebra el reconocimiento internacional tras ganar el Premio Biblioteca Breve 2026<\/p>\n","protected":false},"author":0,"featured_media":0,"comment_status":"","ping_status":"","sticky":false,"template":"","format":"standard","meta":{"footnotes":""},"categories":[11],"tags":[],"class_list":["post-19201","post","type-post","status-publish","format-standard","hentry","category-destacadas"],"yoast_head":"<!-- This site is optimized with the Yoast SEO plugin v27.4 - https:\/\/yoast.com\/product\/yoast-seo-wordpress\/ -->\n<title>Elma Correa nos habla de su novela \u2018Donde termina el verano\u2019: \u201cYo no podr\u00eda dormir en la noche si no escribiera de ciertas cosas\u201d - Fm Gente<\/title>\n<meta name=\"robots\" content=\"index, follow, max-snippet:-1, max-image-preview:large, max-video-preview:-1\" \/>\n<link rel=\"canonical\" href=\"https:\/\/fmgente.com.ar\/web\/elma-correa-nos-habla-de-su-novela-donde-termina-el-verano-yo-no-podria-dormir-en-la-noche-si-no-escribiera-de-ciertas-cosas\/\" \/>\n<meta property=\"og:locale\" content=\"es_ES\" \/>\n<meta property=\"og:type\" content=\"article\" \/>\n<meta property=\"og:title\" content=\"Elma Correa nos habla de su novela \u2018Donde termina el verano\u2019: \u201cYo no podr\u00eda dormir en la noche si no escribiera de ciertas cosas\u201d - Fm Gente\" \/>\n<meta property=\"og:description\" content=\"La escritora Elma Correa celebra el reconocimiento internacional tras ganar el Premio Biblioteca Breve 2026\" \/>\n<meta property=\"og:url\" content=\"https:\/\/fmgente.com.ar\/web\/elma-correa-nos-habla-de-su-novela-donde-termina-el-verano-yo-no-podria-dormir-en-la-noche-si-no-escribiera-de-ciertas-cosas\/\" \/>\n<meta property=\"og:site_name\" content=\"Fm Gente\" \/>\n<meta property=\"article:published_time\" content=\"2026-04-12T01:11:23+00:00\" \/>\n<meta property=\"og:image\" content=\"https:\/\/www.infobae.com\/resizer\/v2\/LIAPAZOIDJCHPBSAFXEN7R5F2Y.jpg?auth=3866b226ed6a9ddab561ab12e5f996331bfd86115d6adaefd5d0c10d49df28e4&amp;smart=true&amp;width=1920&amp;height=1080\" \/>\n<meta name=\"twitter:card\" content=\"summary_large_image\" \/>\n<meta name=\"twitter:label1\" content=\"Tiempo de lectura\" \/>\n\t<meta name=\"twitter:data1\" content=\"4 minutos\" \/>\n<script type=\"application\/ld+json\" class=\"yoast-schema-graph\">{\"@context\":\"https:\\\/\\\/schema.org\",\"@graph\":[{\"@type\":\"Article\",\"@id\":\"https:\\\/\\\/fmgente.com.ar\\\/web\\\/elma-correa-nos-habla-de-su-novela-donde-termina-el-verano-yo-no-podria-dormir-en-la-noche-si-no-escribiera-de-ciertas-cosas\\\/#article\",\"isPartOf\":{\"@id\":\"https:\\\/\\\/fmgente.com.ar\\\/web\\\/elma-correa-nos-habla-de-su-novela-donde-termina-el-verano-yo-no-podria-dormir-en-la-noche-si-no-escribiera-de-ciertas-cosas\\\/\"},\"author\":{\"name\":\"\",\"@id\":\"\"},\"headline\":\"Elma Correa nos habla de su novela \u2018Donde termina el verano\u2019: \u201cYo no podr\u00eda dormir en la noche si no escribiera de ciertas cosas\u201d\",\"datePublished\":\"2026-04-12T01:11:23+00:00\",\"mainEntityOfPage\":{\"@id\":\"https:\\\/\\\/fmgente.com.ar\\\/web\\\/elma-correa-nos-habla-de-su-novela-donde-termina-el-verano-yo-no-podria-dormir-en-la-noche-si-no-escribiera-de-ciertas-cosas\\\/\"},\"wordCount\":827,\"publisher\":{\"@id\":\"https:\\\/\\\/fmgente.com.ar\\\/web\\\/#organization\"},\"image\":{\"@id\":\"https:\\\/\\\/fmgente.com.ar\\\/web\\\/elma-correa-nos-habla-de-su-novela-donde-termina-el-verano-yo-no-podria-dormir-en-la-noche-si-no-escribiera-de-ciertas-cosas\\\/#primaryimage\"},\"thumbnailUrl\":\"https:\\\/\\\/www.infobae.com\\\/resizer\\\/v2\\\/LIAPAZOIDJCHPBSAFXEN7R5F2Y.jpg?auth=3866b226ed6a9ddab561ab12e5f996331bfd86115d6adaefd5d0c10d49df28e4&amp;smart=true&amp;width=1920&amp;height=1080\",\"articleSection\":[\"DESTACADAS\"],\"inLanguage\":\"es\"},{\"@type\":\"WebPage\",\"@id\":\"https:\\\/\\\/fmgente.com.ar\\\/web\\\/elma-correa-nos-habla-de-su-novela-donde-termina-el-verano-yo-no-podria-dormir-en-la-noche-si-no-escribiera-de-ciertas-cosas\\\/\",\"url\":\"https:\\\/\\\/fmgente.com.ar\\\/web\\\/elma-correa-nos-habla-de-su-novela-donde-termina-el-verano-yo-no-podria-dormir-en-la-noche-si-no-escribiera-de-ciertas-cosas\\\/\",\"name\":\"Elma Correa nos habla de su novela \u2018Donde termina el verano\u2019: \u201cYo no podr\u00eda dormir en la noche si no escribiera de ciertas cosas\u201d - Fm Gente\",\"isPartOf\":{\"@id\":\"https:\\\/\\\/fmgente.com.ar\\\/web\\\/#website\"},\"primaryImageOfPage\":{\"@id\":\"https:\\\/\\\/fmgente.com.ar\\\/web\\\/elma-correa-nos-habla-de-su-novela-donde-termina-el-verano-yo-no-podria-dormir-en-la-noche-si-no-escribiera-de-ciertas-cosas\\\/#primaryimage\"},\"image\":{\"@id\":\"https:\\\/\\\/fmgente.com.ar\\\/web\\\/elma-correa-nos-habla-de-su-novela-donde-termina-el-verano-yo-no-podria-dormir-en-la-noche-si-no-escribiera-de-ciertas-cosas\\\/#primaryimage\"},\"thumbnailUrl\":\"https:\\\/\\\/www.infobae.com\\\/resizer\\\/v2\\\/LIAPAZOIDJCHPBSAFXEN7R5F2Y.jpg?auth=3866b226ed6a9ddab561ab12e5f996331bfd86115d6adaefd5d0c10d49df28e4&amp;smart=true&amp;width=1920&amp;height=1080\",\"datePublished\":\"2026-04-12T01:11:23+00:00\",\"inLanguage\":\"es\",\"potentialAction\":[{\"@type\":\"ReadAction\",\"target\":[\"https:\\\/\\\/fmgente.com.ar\\\/web\\\/elma-correa-nos-habla-de-su-novela-donde-termina-el-verano-yo-no-podria-dormir-en-la-noche-si-no-escribiera-de-ciertas-cosas\\\/\"]}]},{\"@type\":\"ImageObject\",\"inLanguage\":\"es\",\"@id\":\"https:\\\/\\\/fmgente.com.ar\\\/web\\\/elma-correa-nos-habla-de-su-novela-donde-termina-el-verano-yo-no-podria-dormir-en-la-noche-si-no-escribiera-de-ciertas-cosas\\\/#primaryimage\",\"url\":\"https:\\\/\\\/www.infobae.com\\\/resizer\\\/v2\\\/LIAPAZOIDJCHPBSAFXEN7R5F2Y.jpg?auth=3866b226ed6a9ddab561ab12e5f996331bfd86115d6adaefd5d0c10d49df28e4&amp;smart=true&amp;width=1920&amp;height=1080\",\"contentUrl\":\"https:\\\/\\\/www.infobae.com\\\/resizer\\\/v2\\\/LIAPAZOIDJCHPBSAFXEN7R5F2Y.jpg?auth=3866b226ed6a9ddab561ab12e5f996331bfd86115d6adaefd5d0c10d49df28e4&amp;smart=true&amp;width=1920&amp;height=1080\"},{\"@type\":\"WebSite\",\"@id\":\"https:\\\/\\\/fmgente.com.ar\\\/web\\\/#website\",\"url\":\"https:\\\/\\\/fmgente.com.ar\\\/web\\\/\",\"name\":\"Fm Gente\",\"description\":\"- Jes\u00fas Mar\u00eda\",\"publisher\":{\"@id\":\"https:\\\/\\\/fmgente.com.ar\\\/web\\\/#organization\"},\"potentialAction\":[{\"@type\":\"SearchAction\",\"target\":{\"@type\":\"EntryPoint\",\"urlTemplate\":\"https:\\\/\\\/fmgente.com.ar\\\/web\\\/?s={search_term_string}\"},\"query-input\":{\"@type\":\"PropertyValueSpecification\",\"valueRequired\":true,\"valueName\":\"search_term_string\"}}],\"inLanguage\":\"es\"},{\"@type\":\"Organization\",\"@id\":\"https:\\\/\\\/fmgente.com.ar\\\/web\\\/#organization\",\"name\":\"Fm Gente\",\"url\":\"https:\\\/\\\/fmgente.com.ar\\\/web\\\/\",\"logo\":{\"@type\":\"ImageObject\",\"inLanguage\":\"es\",\"@id\":\"https:\\\/\\\/fmgente.com.ar\\\/web\\\/#\\\/schema\\\/logo\\\/image\\\/\",\"url\":\"https:\\\/\\\/fmgente.com.ar\\\/web\\\/wp-content\\\/uploads\\\/2023\\\/07\\\/cropped-cropped-logo-sombra2.png\",\"contentUrl\":\"https:\\\/\\\/fmgente.com.ar\\\/web\\\/wp-content\\\/uploads\\\/2023\\\/07\\\/cropped-cropped-logo-sombra2.png\",\"width\":1782,\"height\":1782,\"caption\":\"Fm Gente\"},\"image\":{\"@id\":\"https:\\\/\\\/fmgente.com.ar\\\/web\\\/#\\\/schema\\\/logo\\\/image\\\/\"}}]}<\/script>\n<!-- \/ Yoast SEO plugin. -->","yoast_head_json":{"title":"Elma Correa nos habla de su novela \u2018Donde termina el verano\u2019: \u201cYo no podr\u00eda dormir en la noche si no escribiera de ciertas cosas\u201d - Fm Gente","robots":{"index":"index","follow":"follow","max-snippet":"max-snippet:-1","max-image-preview":"max-image-preview:large","max-video-preview":"max-video-preview:-1"},"canonical":"https:\/\/fmgente.com.ar\/web\/elma-correa-nos-habla-de-su-novela-donde-termina-el-verano-yo-no-podria-dormir-en-la-noche-si-no-escribiera-de-ciertas-cosas\/","og_locale":"es_ES","og_type":"article","og_title":"Elma Correa nos habla de su novela \u2018Donde termina el verano\u2019: \u201cYo no podr\u00eda dormir en la noche si no escribiera de ciertas cosas\u201d - Fm Gente","og_description":"La escritora Elma Correa celebra el reconocimiento internacional tras ganar el Premio Biblioteca Breve 2026","og_url":"https:\/\/fmgente.com.ar\/web\/elma-correa-nos-habla-de-su-novela-donde-termina-el-verano-yo-no-podria-dormir-en-la-noche-si-no-escribiera-de-ciertas-cosas\/","og_site_name":"Fm Gente","article_published_time":"2026-04-12T01:11:23+00:00","og_image":[{"url":"https:\/\/www.infobae.com\/resizer\/v2\/LIAPAZOIDJCHPBSAFXEN7R5F2Y.jpg?auth=3866b226ed6a9ddab561ab12e5f996331bfd86115d6adaefd5d0c10d49df28e4&amp;smart=true&amp;width=1920&amp;height=1080","type":"","width":"","height":""}],"twitter_card":"summary_large_image","twitter_misc":{"Tiempo de lectura":"4 minutos"},"schema":{"@context":"https:\/\/schema.org","@graph":[{"@type":"Article","@id":"https:\/\/fmgente.com.ar\/web\/elma-correa-nos-habla-de-su-novela-donde-termina-el-verano-yo-no-podria-dormir-en-la-noche-si-no-escribiera-de-ciertas-cosas\/#article","isPartOf":{"@id":"https:\/\/fmgente.com.ar\/web\/elma-correa-nos-habla-de-su-novela-donde-termina-el-verano-yo-no-podria-dormir-en-la-noche-si-no-escribiera-de-ciertas-cosas\/"},"author":{"name":"","@id":""},"headline":"Elma Correa nos habla de su novela \u2018Donde termina el verano\u2019: \u201cYo no podr\u00eda dormir en la noche si no escribiera de ciertas cosas\u201d","datePublished":"2026-04-12T01:11:23+00:00","mainEntityOfPage":{"@id":"https:\/\/fmgente.com.ar\/web\/elma-correa-nos-habla-de-su-novela-donde-termina-el-verano-yo-no-podria-dormir-en-la-noche-si-no-escribiera-de-ciertas-cosas\/"},"wordCount":827,"publisher":{"@id":"https:\/\/fmgente.com.ar\/web\/#organization"},"image":{"@id":"https:\/\/fmgente.com.ar\/web\/elma-correa-nos-habla-de-su-novela-donde-termina-el-verano-yo-no-podria-dormir-en-la-noche-si-no-escribiera-de-ciertas-cosas\/#primaryimage"},"thumbnailUrl":"https:\/\/www.infobae.com\/resizer\/v2\/LIAPAZOIDJCHPBSAFXEN7R5F2Y.jpg?auth=3866b226ed6a9ddab561ab12e5f996331bfd86115d6adaefd5d0c10d49df28e4&amp;smart=true&amp;width=1920&amp;height=1080","articleSection":["DESTACADAS"],"inLanguage":"es"},{"@type":"WebPage","@id":"https:\/\/fmgente.com.ar\/web\/elma-correa-nos-habla-de-su-novela-donde-termina-el-verano-yo-no-podria-dormir-en-la-noche-si-no-escribiera-de-ciertas-cosas\/","url":"https:\/\/fmgente.com.ar\/web\/elma-correa-nos-habla-de-su-novela-donde-termina-el-verano-yo-no-podria-dormir-en-la-noche-si-no-escribiera-de-ciertas-cosas\/","name":"Elma Correa nos habla de su novela \u2018Donde termina el verano\u2019: \u201cYo no podr\u00eda dormir en la noche si no escribiera de ciertas cosas\u201d - Fm Gente","isPartOf":{"@id":"https:\/\/fmgente.com.ar\/web\/#website"},"primaryImageOfPage":{"@id":"https:\/\/fmgente.com.ar\/web\/elma-correa-nos-habla-de-su-novela-donde-termina-el-verano-yo-no-podria-dormir-en-la-noche-si-no-escribiera-de-ciertas-cosas\/#primaryimage"},"image":{"@id":"https:\/\/fmgente.com.ar\/web\/elma-correa-nos-habla-de-su-novela-donde-termina-el-verano-yo-no-podria-dormir-en-la-noche-si-no-escribiera-de-ciertas-cosas\/#primaryimage"},"thumbnailUrl":"https:\/\/www.infobae.com\/resizer\/v2\/LIAPAZOIDJCHPBSAFXEN7R5F2Y.jpg?auth=3866b226ed6a9ddab561ab12e5f996331bfd86115d6adaefd5d0c10d49df28e4&amp;smart=true&amp;width=1920&amp;height=1080","datePublished":"2026-04-12T01:11:23+00:00","inLanguage":"es","potentialAction":[{"@type":"ReadAction","target":["https:\/\/fmgente.com.ar\/web\/elma-correa-nos-habla-de-su-novela-donde-termina-el-verano-yo-no-podria-dormir-en-la-noche-si-no-escribiera-de-ciertas-cosas\/"]}]},{"@type":"ImageObject","inLanguage":"es","@id":"https:\/\/fmgente.com.ar\/web\/elma-correa-nos-habla-de-su-novela-donde-termina-el-verano-yo-no-podria-dormir-en-la-noche-si-no-escribiera-de-ciertas-cosas\/#primaryimage","url":"https:\/\/www.infobae.com\/resizer\/v2\/LIAPAZOIDJCHPBSAFXEN7R5F2Y.jpg?auth=3866b226ed6a9ddab561ab12e5f996331bfd86115d6adaefd5d0c10d49df28e4&amp;smart=true&amp;width=1920&amp;height=1080","contentUrl":"https:\/\/www.infobae.com\/resizer\/v2\/LIAPAZOIDJCHPBSAFXEN7R5F2Y.jpg?auth=3866b226ed6a9ddab561ab12e5f996331bfd86115d6adaefd5d0c10d49df28e4&amp;smart=true&amp;width=1920&amp;height=1080"},{"@type":"WebSite","@id":"https:\/\/fmgente.com.ar\/web\/#website","url":"https:\/\/fmgente.com.ar\/web\/","name":"Fm Gente","description":"- Jes\u00fas Mar\u00eda","publisher":{"@id":"https:\/\/fmgente.com.ar\/web\/#organization"},"potentialAction":[{"@type":"SearchAction","target":{"@type":"EntryPoint","urlTemplate":"https:\/\/fmgente.com.ar\/web\/?s={search_term_string}"},"query-input":{"@type":"PropertyValueSpecification","valueRequired":true,"valueName":"search_term_string"}}],"inLanguage":"es"},{"@type":"Organization","@id":"https:\/\/fmgente.com.ar\/web\/#organization","name":"Fm Gente","url":"https:\/\/fmgente.com.ar\/web\/","logo":{"@type":"ImageObject","inLanguage":"es","@id":"https:\/\/fmgente.com.ar\/web\/#\/schema\/logo\/image\/","url":"https:\/\/fmgente.com.ar\/web\/wp-content\/uploads\/2023\/07\/cropped-cropped-logo-sombra2.png","contentUrl":"https:\/\/fmgente.com.ar\/web\/wp-content\/uploads\/2023\/07\/cropped-cropped-logo-sombra2.png","width":1782,"height":1782,"caption":"Fm Gente"},"image":{"@id":"https:\/\/fmgente.com.ar\/web\/#\/schema\/logo\/image\/"}}]}},"_links":{"self":[{"href":"https:\/\/fmgente.com.ar\/web\/wp-json\/wp\/v2\/posts\/19201","targetHints":{"allow":["GET"]}}],"collection":[{"href":"https:\/\/fmgente.com.ar\/web\/wp-json\/wp\/v2\/posts"}],"about":[{"href":"https:\/\/fmgente.com.ar\/web\/wp-json\/wp\/v2\/types\/post"}],"replies":[{"embeddable":true,"href":"https:\/\/fmgente.com.ar\/web\/wp-json\/wp\/v2\/comments?post=19201"}],"version-history":[{"count":0,"href":"https:\/\/fmgente.com.ar\/web\/wp-json\/wp\/v2\/posts\/19201\/revisions"}],"wp:attachment":[{"href":"https:\/\/fmgente.com.ar\/web\/wp-json\/wp\/v2\/media?parent=19201"}],"wp:term":[{"taxonomy":"category","embeddable":true,"href":"https:\/\/fmgente.com.ar\/web\/wp-json\/wp\/v2\/categories?post=19201"},{"taxonomy":"post_tag","embeddable":true,"href":"https:\/\/fmgente.com.ar\/web\/wp-json\/wp\/v2\/tags?post=19201"}],"curies":[{"name":"wp","href":"https:\/\/api.w.org\/{rel}","templated":true}]}}