{"id":19198,"date":"2026-04-11T22:11:22","date_gmt":"2026-04-12T01:11:22","guid":{"rendered":"https:\/\/fmgente.com.ar\/web\/vandalizaron-sede-politica-de-congresistas-del-centro-democratico-en-bucaramanga-esto-no-es-un-juego-esto-cobra-vidas\/"},"modified":"2026-04-11T22:11:22","modified_gmt":"2026-04-12T01:11:22","slug":"vandalizaron-sede-politica-de-congresistas-del-centro-democratico-en-bucaramanga-esto-no-es-un-juego-esto-cobra-vidas","status":"publish","type":"post","link":"https:\/\/fmgente.com.ar\/web\/vandalizaron-sede-politica-de-congresistas-del-centro-democratico-en-bucaramanga-esto-no-es-un-juego-esto-cobra-vidas\/","title":{"rendered":"Vandalizaron sede pol\u00edtica de congresistas del Centro Democr\u00e1tico en Bucaramanga: \u201cEsto no es un juego. Esto cobra vidas\u201d"},"content":{"rendered":"<p>\u00d3scar Villamizar, representante a la C\u00e1mara y senador electo del Centro Democr\u00e1tico, y Jonathan Pineda, representante a la C\u00e1mara por Santander del mismo partido pol\u00edtico, denunciaron un ataque vand\u00e1lico contra su sede pol\u00edtica en el barrio Antonio Santos de Bucaramanga (Santander). <\/p>\n<p>En la noche del 10 de abril,<b> dos personas de \u201caspecto juvenil\u201d escribieron mensajes ofensivos en las paredes como \u201cRatas\u201d, \u201c6.402 Uribe hp\u201d, y\u201cCepeda tu presi\u201d, y generaron da\u00f1os materiales en el sitio<\/b>. El lugar no cuenta con c\u00e1maras de seguridad ni con personas contratadas para hacer vigilancia, pero en las viviendas y conjuntos residenciales cercanos s\u00ed hay c\u00e1maras, que servir\u00e1n para la investigaci\u00f3n. <\/p>\n<p>Todo esto pas\u00f3, mientras la candidata presidencial del Centro Democr\u00e1tico, Paloma Valencia, y su f\u00f3rmula vicepresidencial, Juan Daniel Oviedo, desarrollaban actividades pol\u00edticas y electorales en la ciudad.<\/p>\n<p>Como respuesta a la agresi\u00f3n,<b> los legisladores afirmaron que el incidente constituye un acto de intimidaci\u00f3n y solicitaron a las autoridades competentes una investigaci\u00f3n inmediata<\/b> para identificar y judicializar a los responsables. <\/p>\n<p><img loading=\"lazy\" decoding=\"async\" src=\"https:\/\/www.infobae.com\/resizer\/v2\/4CLHYZQAABGV3K7NVTIWRJUK7E.png?auth=15db61910196030d4acd58e84db0563c32b8533ba17ab787acdfbd8fbb9aff93&amp;smart=true&amp;width=1600&amp;height=1080\" alt=\"Los congresistas informaron que la sede pol\u00edtica del Centro Democr\u00e1tico en Bucaramanga no tiene c\u00e1maras de seguridad - cr\u00e9dito Prensa\/Suministrada a Infobae Colombia\" height=\"1080\" width=\"1600\" \/><\/p>\n<p>\u201cNos vandalizaron la sede. <b>Por eso recurrimos a poner la denuncia. Esto no se puede dejar pasar por alto. Esto no es un juego. Esto cobra vidas en Colombia<\/b>. Mientras Juan Daniel Oviedo y Paloma Valencia se encontraban en Santander haciendo campa\u00f1a de manera pac\u00edfica, llevando un mensaje contundente a los santandereanos, los bandidos vienen y nos hacen unos grafitis intentando hostigarnos\u201d, asegur\u00f3 Pineda.<\/p>\n<p>El congresista \u00d3scar Villamizar, por su parte, recalc\u00f3 que la violencia pol\u00edtica no es el camino para exponer los puntos de vista. Afirm\u00f3 que este tipo de conductas, sumadas a hechos de violencia mucho m\u00e1s graves, tienen \u201ccansados\u201d a los colombianos.<\/p>\n<p>De igual manera, envi\u00f3 un mensaje a las personas que estuvieron detr\u00e1s de la vandalizaci\u00f3n de la sede. \u201c<b>A esos que vinieron a intimidarnos les queremos decir: aqu\u00ed estamos de pie, de frente y trabajando para salvar a Colombia<\/b>, para salvarla de ustedes, bandidos, porque no nos vamos a dejar atemorizar\u201d, se\u00f1al\u00f3. <\/p>\n<\/p>\n<p>Pineda adopt\u00f3 la misma postura, asegurando que quienes buscan intimidarlos no lograr\u00e1n evitar que contin\u00faen con su ejercicio pol\u00edtico. \u201cCuando atacan la democracia, nos encontramos m\u00e1s firmes. <b>No nos van a intimidar ni a sacar de las calles. A Colombia no la doblegan los violentos<\/b>\u201d, a\u00f1adi\u00f3 Pineda, citado en un comunicado oficial. <\/p>\n<p>En la denuncia formal que presentaron ante la Polic\u00eda Nacional y la Fiscal\u00eda General de la Naci\u00f3n<b> aseguraron que no tienen testigos de los hechos y que,<\/b> <b>hasta el momento, nadie se ha acercado a ellos para dar a conocer informaci\u00f3n al respecto<\/b>. Afirmaron que solamente han escuchado algunos rumores entre la poblaci\u00f3n sobre lo que pas\u00f3. <\/p>\n<p>Adem\u00e1s, advirtieron que desconocen el monto de los da\u00f1os causados en la sede y que el hostigamiento pol\u00edtico les ha causado zozobra. <\/p>\n<h2>Ataque en casa de campa\u00f1a de Abelardo de la Espriella<\/h2>\n<p>Este no es el primer caso de vandalismo que se presenta en Bucaramanga en plena \u00e9poca electoral. El 9 de marzo de 2026, un d\u00eda despu\u00e9s de que se llevaran a cabo las elecciones legislativas y las consultas presidenciales en Colombia,<b> la sede de campa\u00f1a del candidato a la Presidencia Abelardo de la Espriella en Bucaramanga fue atacada <\/b>durante las manifestaciones que se realizaron por el D\u00eda Internacional de la Mujer (8 de marzo). <\/p>\n<p>Un grupo de personas ingres\u00f3 al inmueble, con los rostros cubiertos, y retir\u00f3 banderas, pint\u00f3 las paredes y otros elementos de la sede y manipul\u00f3 objetos del lugar.<\/p>\n<p>Reportes preliminares indicaron que<b> la jornada en Bucaramanga hab\u00eda comenzado de manera pac\u00edfica, con marchas y actividades culturales en varios puntos<\/b>, hasta que se produjo la irrupci\u00f3n en la sede pol\u00edtica de De la Espriella. Los da\u00f1os, al parecer, no revistieron de gravedad. <\/p>\n<p><img loading=\"lazy\" decoding=\"async\" src=\"https:\/\/www.infobae.com\/resizer\/v2\/ACIUFZB74NEJFNMUD3VK4JQVZA.png?auth=9d5faa4bde2d6250c78136a12fcedbc41e90419d7e1d92ff02be1ee2b7e54351&amp;smart=true&amp;width=711&amp;height=312\" alt=\"El exalcalde de Bucaramanga fue muy enf\u00e1tico en rechazar el ataque - Jaime Andr\u00e9s Beltr\u00e1n\/X\" height=\"312\" width=\"711\" \/><\/p>\n<p>\u201cAs\u00ed fue atacada la casa de campa\u00f1a de Abelardo de la Espriella en Bucaramanga. L<b>a visi\u00f3n de pa\u00eds que tenemos con el Tigre es la del respeto y la tolerancia, que quienes piensan diferente tengan voz y espacio sin sentirse vulnerados<\/b>. La democracia no es intimidaci\u00f3n. Seguimos firmes\u201d, expres\u00f3 el exalcalde de Bucaramanga Jaime Andr\u00e9s Beltr\u00e1n, que hace parte del equipo pol\u00edtico del aspirante presidencial.<\/p>\n","protected":false},"excerpt":{"rendered":"<p>\u00d3scar Villamizar, representante a la C\u00e1mara y senador electo del Centro Democr\u00e1tico, y Jonathan Pineda,<\/p>\n","protected":false},"author":0,"featured_media":0,"comment_status":"","ping_status":"","sticky":false,"template":"","format":"standard","meta":{"footnotes":""},"categories":[11],"tags":[],"class_list":["post-19198","post","type-post","status-publish","format-standard","hentry","category-destacadas"],"yoast_head":"<!-- This site is optimized with the Yoast SEO plugin v27.4 - https:\/\/yoast.com\/product\/yoast-seo-wordpress\/ -->\n<title>Vandalizaron sede pol\u00edtica de congresistas del Centro Democr\u00e1tico en Bucaramanga: \u201cEsto no es un juego. Esto cobra vidas\u201d - Fm Gente<\/title>\n<meta name=\"robots\" content=\"index, follow, max-snippet:-1, max-image-preview:large, max-video-preview:-1\" \/>\n<link rel=\"canonical\" href=\"https:\/\/fmgente.com.ar\/web\/vandalizaron-sede-politica-de-congresistas-del-centro-democratico-en-bucaramanga-esto-no-es-un-juego-esto-cobra-vidas\/\" \/>\n<meta property=\"og:locale\" content=\"es_ES\" \/>\n<meta property=\"og:type\" content=\"article\" \/>\n<meta property=\"og:title\" content=\"Vandalizaron sede pol\u00edtica de congresistas del Centro Democr\u00e1tico en Bucaramanga: \u201cEsto no es un juego. Esto cobra vidas\u201d - Fm Gente\" \/>\n<meta property=\"og:description\" content=\"\u00d3scar Villamizar, representante a la C\u00e1mara y senador electo del Centro Democr\u00e1tico, y Jonathan Pineda,\" \/>\n<meta property=\"og:url\" content=\"https:\/\/fmgente.com.ar\/web\/vandalizaron-sede-politica-de-congresistas-del-centro-democratico-en-bucaramanga-esto-no-es-un-juego-esto-cobra-vidas\/\" \/>\n<meta property=\"og:site_name\" content=\"Fm Gente\" \/>\n<meta property=\"article:published_time\" content=\"2026-04-12T01:11:22+00:00\" \/>\n<meta property=\"og:image\" content=\"https:\/\/www.infobae.com\/resizer\/v2\/4CLHYZQAABGV3K7NVTIWRJUK7E.png?auth=15db61910196030d4acd58e84db0563c32b8533ba17ab787acdfbd8fbb9aff93&amp;smart=true&amp;width=1600&amp;height=1080\" \/>\n<meta name=\"twitter:card\" content=\"summary_large_image\" \/>\n<meta name=\"twitter:label1\" content=\"Tiempo de lectura\" \/>\n\t<meta name=\"twitter:data1\" content=\"4 minutos\" \/>\n<script type=\"application\/ld+json\" class=\"yoast-schema-graph\">{\"@context\":\"https:\\\/\\\/schema.org\",\"@graph\":[{\"@type\":\"Article\",\"@id\":\"https:\\\/\\\/fmgente.com.ar\\\/web\\\/vandalizaron-sede-politica-de-congresistas-del-centro-democratico-en-bucaramanga-esto-no-es-un-juego-esto-cobra-vidas\\\/#article\",\"isPartOf\":{\"@id\":\"https:\\\/\\\/fmgente.com.ar\\\/web\\\/vandalizaron-sede-politica-de-congresistas-del-centro-democratico-en-bucaramanga-esto-no-es-un-juego-esto-cobra-vidas\\\/\"},\"author\":{\"name\":\"\",\"@id\":\"\"},\"headline\":\"Vandalizaron sede pol\u00edtica de congresistas del Centro Democr\u00e1tico en Bucaramanga: \u201cEsto no es un juego. Esto cobra vidas\u201d\",\"datePublished\":\"2026-04-12T01:11:22+00:00\",\"mainEntityOfPage\":{\"@id\":\"https:\\\/\\\/fmgente.com.ar\\\/web\\\/vandalizaron-sede-politica-de-congresistas-del-centro-democratico-en-bucaramanga-esto-no-es-un-juego-esto-cobra-vidas\\\/\"},\"wordCount\":742,\"publisher\":{\"@id\":\"https:\\\/\\\/fmgente.com.ar\\\/web\\\/#organization\"},\"image\":{\"@id\":\"https:\\\/\\\/fmgente.com.ar\\\/web\\\/vandalizaron-sede-politica-de-congresistas-del-centro-democratico-en-bucaramanga-esto-no-es-un-juego-esto-cobra-vidas\\\/#primaryimage\"},\"thumbnailUrl\":\"https:\\\/\\\/www.infobae.com\\\/resizer\\\/v2\\\/4CLHYZQAABGV3K7NVTIWRJUK7E.png?auth=15db61910196030d4acd58e84db0563c32b8533ba17ab787acdfbd8fbb9aff93&amp;smart=true&amp;width=1600&amp;height=1080\",\"articleSection\":[\"DESTACADAS\"],\"inLanguage\":\"es\"},{\"@type\":\"WebPage\",\"@id\":\"https:\\\/\\\/fmgente.com.ar\\\/web\\\/vandalizaron-sede-politica-de-congresistas-del-centro-democratico-en-bucaramanga-esto-no-es-un-juego-esto-cobra-vidas\\\/\",\"url\":\"https:\\\/\\\/fmgente.com.ar\\\/web\\\/vandalizaron-sede-politica-de-congresistas-del-centro-democratico-en-bucaramanga-esto-no-es-un-juego-esto-cobra-vidas\\\/\",\"name\":\"Vandalizaron sede pol\u00edtica de congresistas del Centro Democr\u00e1tico en Bucaramanga: \u201cEsto no es un juego. Esto cobra vidas\u201d - Fm Gente\",\"isPartOf\":{\"@id\":\"https:\\\/\\\/fmgente.com.ar\\\/web\\\/#website\"},\"primaryImageOfPage\":{\"@id\":\"https:\\\/\\\/fmgente.com.ar\\\/web\\\/vandalizaron-sede-politica-de-congresistas-del-centro-democratico-en-bucaramanga-esto-no-es-un-juego-esto-cobra-vidas\\\/#primaryimage\"},\"image\":{\"@id\":\"https:\\\/\\\/fmgente.com.ar\\\/web\\\/vandalizaron-sede-politica-de-congresistas-del-centro-democratico-en-bucaramanga-esto-no-es-un-juego-esto-cobra-vidas\\\/#primaryimage\"},\"thumbnailUrl\":\"https:\\\/\\\/www.infobae.com\\\/resizer\\\/v2\\\/4CLHYZQAABGV3K7NVTIWRJUK7E.png?auth=15db61910196030d4acd58e84db0563c32b8533ba17ab787acdfbd8fbb9aff93&amp;smart=true&amp;width=1600&amp;height=1080\",\"datePublished\":\"2026-04-12T01:11:22+00:00\",\"inLanguage\":\"es\",\"potentialAction\":[{\"@type\":\"ReadAction\",\"target\":[\"https:\\\/\\\/fmgente.com.ar\\\/web\\\/vandalizaron-sede-politica-de-congresistas-del-centro-democratico-en-bucaramanga-esto-no-es-un-juego-esto-cobra-vidas\\\/\"]}]},{\"@type\":\"ImageObject\",\"inLanguage\":\"es\",\"@id\":\"https:\\\/\\\/fmgente.com.ar\\\/web\\\/vandalizaron-sede-politica-de-congresistas-del-centro-democratico-en-bucaramanga-esto-no-es-un-juego-esto-cobra-vidas\\\/#primaryimage\",\"url\":\"https:\\\/\\\/www.infobae.com\\\/resizer\\\/v2\\\/4CLHYZQAABGV3K7NVTIWRJUK7E.png?auth=15db61910196030d4acd58e84db0563c32b8533ba17ab787acdfbd8fbb9aff93&amp;smart=true&amp;width=1600&amp;height=1080\",\"contentUrl\":\"https:\\\/\\\/www.infobae.com\\\/resizer\\\/v2\\\/4CLHYZQAABGV3K7NVTIWRJUK7E.png?auth=15db61910196030d4acd58e84db0563c32b8533ba17ab787acdfbd8fbb9aff93&amp;smart=true&amp;width=1600&amp;height=1080\"},{\"@type\":\"WebSite\",\"@id\":\"https:\\\/\\\/fmgente.com.ar\\\/web\\\/#website\",\"url\":\"https:\\\/\\\/fmgente.com.ar\\\/web\\\/\",\"name\":\"Fm Gente\",\"description\":\"- Jes\u00fas Mar\u00eda\",\"publisher\":{\"@id\":\"https:\\\/\\\/fmgente.com.ar\\\/web\\\/#organization\"},\"potentialAction\":[{\"@type\":\"SearchAction\",\"target\":{\"@type\":\"EntryPoint\",\"urlTemplate\":\"https:\\\/\\\/fmgente.com.ar\\\/web\\\/?s={search_term_string}\"},\"query-input\":{\"@type\":\"PropertyValueSpecification\",\"valueRequired\":true,\"valueName\":\"search_term_string\"}}],\"inLanguage\":\"es\"},{\"@type\":\"Organization\",\"@id\":\"https:\\\/\\\/fmgente.com.ar\\\/web\\\/#organization\",\"name\":\"Fm Gente\",\"url\":\"https:\\\/\\\/fmgente.com.ar\\\/web\\\/\",\"logo\":{\"@type\":\"ImageObject\",\"inLanguage\":\"es\",\"@id\":\"https:\\\/\\\/fmgente.com.ar\\\/web\\\/#\\\/schema\\\/logo\\\/image\\\/\",\"url\":\"https:\\\/\\\/fmgente.com.ar\\\/web\\\/wp-content\\\/uploads\\\/2023\\\/07\\\/cropped-cropped-logo-sombra2.png\",\"contentUrl\":\"https:\\\/\\\/fmgente.com.ar\\\/web\\\/wp-content\\\/uploads\\\/2023\\\/07\\\/cropped-cropped-logo-sombra2.png\",\"width\":1782,\"height\":1782,\"caption\":\"Fm Gente\"},\"image\":{\"@id\":\"https:\\\/\\\/fmgente.com.ar\\\/web\\\/#\\\/schema\\\/logo\\\/image\\\/\"}}]}<\/script>\n<!-- \/ Yoast SEO plugin. -->","yoast_head_json":{"title":"Vandalizaron sede pol\u00edtica de congresistas del Centro Democr\u00e1tico en Bucaramanga: \u201cEsto no es un juego. Esto cobra vidas\u201d - Fm Gente","robots":{"index":"index","follow":"follow","max-snippet":"max-snippet:-1","max-image-preview":"max-image-preview:large","max-video-preview":"max-video-preview:-1"},"canonical":"https:\/\/fmgente.com.ar\/web\/vandalizaron-sede-politica-de-congresistas-del-centro-democratico-en-bucaramanga-esto-no-es-un-juego-esto-cobra-vidas\/","og_locale":"es_ES","og_type":"article","og_title":"Vandalizaron sede pol\u00edtica de congresistas del Centro Democr\u00e1tico en Bucaramanga: \u201cEsto no es un juego. Esto cobra vidas\u201d - Fm Gente","og_description":"\u00d3scar Villamizar, representante a la C\u00e1mara y senador electo del Centro Democr\u00e1tico, y Jonathan Pineda,","og_url":"https:\/\/fmgente.com.ar\/web\/vandalizaron-sede-politica-de-congresistas-del-centro-democratico-en-bucaramanga-esto-no-es-un-juego-esto-cobra-vidas\/","og_site_name":"Fm Gente","article_published_time":"2026-04-12T01:11:22+00:00","og_image":[{"url":"https:\/\/www.infobae.com\/resizer\/v2\/4CLHYZQAABGV3K7NVTIWRJUK7E.png?auth=15db61910196030d4acd58e84db0563c32b8533ba17ab787acdfbd8fbb9aff93&amp;smart=true&amp;width=1600&amp;height=1080","type":"","width":"","height":""}],"twitter_card":"summary_large_image","twitter_misc":{"Tiempo de lectura":"4 minutos"},"schema":{"@context":"https:\/\/schema.org","@graph":[{"@type":"Article","@id":"https:\/\/fmgente.com.ar\/web\/vandalizaron-sede-politica-de-congresistas-del-centro-democratico-en-bucaramanga-esto-no-es-un-juego-esto-cobra-vidas\/#article","isPartOf":{"@id":"https:\/\/fmgente.com.ar\/web\/vandalizaron-sede-politica-de-congresistas-del-centro-democratico-en-bucaramanga-esto-no-es-un-juego-esto-cobra-vidas\/"},"author":{"name":"","@id":""},"headline":"Vandalizaron sede pol\u00edtica de congresistas del Centro Democr\u00e1tico en Bucaramanga: \u201cEsto no es un juego. Esto cobra vidas\u201d","datePublished":"2026-04-12T01:11:22+00:00","mainEntityOfPage":{"@id":"https:\/\/fmgente.com.ar\/web\/vandalizaron-sede-politica-de-congresistas-del-centro-democratico-en-bucaramanga-esto-no-es-un-juego-esto-cobra-vidas\/"},"wordCount":742,"publisher":{"@id":"https:\/\/fmgente.com.ar\/web\/#organization"},"image":{"@id":"https:\/\/fmgente.com.ar\/web\/vandalizaron-sede-politica-de-congresistas-del-centro-democratico-en-bucaramanga-esto-no-es-un-juego-esto-cobra-vidas\/#primaryimage"},"thumbnailUrl":"https:\/\/www.infobae.com\/resizer\/v2\/4CLHYZQAABGV3K7NVTIWRJUK7E.png?auth=15db61910196030d4acd58e84db0563c32b8533ba17ab787acdfbd8fbb9aff93&amp;smart=true&amp;width=1600&amp;height=1080","articleSection":["DESTACADAS"],"inLanguage":"es"},{"@type":"WebPage","@id":"https:\/\/fmgente.com.ar\/web\/vandalizaron-sede-politica-de-congresistas-del-centro-democratico-en-bucaramanga-esto-no-es-un-juego-esto-cobra-vidas\/","url":"https:\/\/fmgente.com.ar\/web\/vandalizaron-sede-politica-de-congresistas-del-centro-democratico-en-bucaramanga-esto-no-es-un-juego-esto-cobra-vidas\/","name":"Vandalizaron sede pol\u00edtica de congresistas del Centro Democr\u00e1tico en Bucaramanga: \u201cEsto no es un juego. Esto cobra vidas\u201d - Fm Gente","isPartOf":{"@id":"https:\/\/fmgente.com.ar\/web\/#website"},"primaryImageOfPage":{"@id":"https:\/\/fmgente.com.ar\/web\/vandalizaron-sede-politica-de-congresistas-del-centro-democratico-en-bucaramanga-esto-no-es-un-juego-esto-cobra-vidas\/#primaryimage"},"image":{"@id":"https:\/\/fmgente.com.ar\/web\/vandalizaron-sede-politica-de-congresistas-del-centro-democratico-en-bucaramanga-esto-no-es-un-juego-esto-cobra-vidas\/#primaryimage"},"thumbnailUrl":"https:\/\/www.infobae.com\/resizer\/v2\/4CLHYZQAABGV3K7NVTIWRJUK7E.png?auth=15db61910196030d4acd58e84db0563c32b8533ba17ab787acdfbd8fbb9aff93&amp;smart=true&amp;width=1600&amp;height=1080","datePublished":"2026-04-12T01:11:22+00:00","inLanguage":"es","potentialAction":[{"@type":"ReadAction","target":["https:\/\/fmgente.com.ar\/web\/vandalizaron-sede-politica-de-congresistas-del-centro-democratico-en-bucaramanga-esto-no-es-un-juego-esto-cobra-vidas\/"]}]},{"@type":"ImageObject","inLanguage":"es","@id":"https:\/\/fmgente.com.ar\/web\/vandalizaron-sede-politica-de-congresistas-del-centro-democratico-en-bucaramanga-esto-no-es-un-juego-esto-cobra-vidas\/#primaryimage","url":"https:\/\/www.infobae.com\/resizer\/v2\/4CLHYZQAABGV3K7NVTIWRJUK7E.png?auth=15db61910196030d4acd58e84db0563c32b8533ba17ab787acdfbd8fbb9aff93&amp;smart=true&amp;width=1600&amp;height=1080","contentUrl":"https:\/\/www.infobae.com\/resizer\/v2\/4CLHYZQAABGV3K7NVTIWRJUK7E.png?auth=15db61910196030d4acd58e84db0563c32b8533ba17ab787acdfbd8fbb9aff93&amp;smart=true&amp;width=1600&amp;height=1080"},{"@type":"WebSite","@id":"https:\/\/fmgente.com.ar\/web\/#website","url":"https:\/\/fmgente.com.ar\/web\/","name":"Fm Gente","description":"- Jes\u00fas Mar\u00eda","publisher":{"@id":"https:\/\/fmgente.com.ar\/web\/#organization"},"potentialAction":[{"@type":"SearchAction","target":{"@type":"EntryPoint","urlTemplate":"https:\/\/fmgente.com.ar\/web\/?s={search_term_string}"},"query-input":{"@type":"PropertyValueSpecification","valueRequired":true,"valueName":"search_term_string"}}],"inLanguage":"es"},{"@type":"Organization","@id":"https:\/\/fmgente.com.ar\/web\/#organization","name":"Fm Gente","url":"https:\/\/fmgente.com.ar\/web\/","logo":{"@type":"ImageObject","inLanguage":"es","@id":"https:\/\/fmgente.com.ar\/web\/#\/schema\/logo\/image\/","url":"https:\/\/fmgente.com.ar\/web\/wp-content\/uploads\/2023\/07\/cropped-cropped-logo-sombra2.png","contentUrl":"https:\/\/fmgente.com.ar\/web\/wp-content\/uploads\/2023\/07\/cropped-cropped-logo-sombra2.png","width":1782,"height":1782,"caption":"Fm Gente"},"image":{"@id":"https:\/\/fmgente.com.ar\/web\/#\/schema\/logo\/image\/"}}]}},"_links":{"self":[{"href":"https:\/\/fmgente.com.ar\/web\/wp-json\/wp\/v2\/posts\/19198","targetHints":{"allow":["GET"]}}],"collection":[{"href":"https:\/\/fmgente.com.ar\/web\/wp-json\/wp\/v2\/posts"}],"about":[{"href":"https:\/\/fmgente.com.ar\/web\/wp-json\/wp\/v2\/types\/post"}],"replies":[{"embeddable":true,"href":"https:\/\/fmgente.com.ar\/web\/wp-json\/wp\/v2\/comments?post=19198"}],"version-history":[{"count":0,"href":"https:\/\/fmgente.com.ar\/web\/wp-json\/wp\/v2\/posts\/19198\/revisions"}],"wp:attachment":[{"href":"https:\/\/fmgente.com.ar\/web\/wp-json\/wp\/v2\/media?parent=19198"}],"wp:term":[{"taxonomy":"category","embeddable":true,"href":"https:\/\/fmgente.com.ar\/web\/wp-json\/wp\/v2\/categories?post=19198"},{"taxonomy":"post_tag","embeddable":true,"href":"https:\/\/fmgente.com.ar\/web\/wp-json\/wp\/v2\/tags?post=19198"}],"curies":[{"name":"wp","href":"https:\/\/api.w.org\/{rel}","templated":true}]}}