{"id":19186,"date":"2026-04-11T20:07:21","date_gmt":"2026-04-11T23:07:21","guid":{"rendered":"https:\/\/fmgente.com.ar\/web\/bombazo-de-rial-sobre-adorni-y-los-suenos-humedos-de-luis-petri\/"},"modified":"2026-04-11T20:07:21","modified_gmt":"2026-04-11T23:07:21","slug":"bombazo-de-rial-sobre-adorni-y-los-suenos-humedos-de-luis-petri","status":"publish","type":"post","link":"https:\/\/fmgente.com.ar\/web\/bombazo-de-rial-sobre-adorni-y-los-suenos-humedos-de-luis-petri\/","title":{"rendered":"Bombazo de Rial sobre Adorni y \u201clos sue\u00f1os h\u00famedos\u201d de Luis Petri"},"content":{"rendered":"<p>La situaci\u00f3n de Manuel Adorni atraviesa su momento m\u00e1s cr\u00edtico desde que asumi\u00f3 como jefe de Gabinete, envuelto en denuncias y cuestionamientos por su patrimonio y el uso de recursos oficiales. <\/p>\n<p>El caso tom\u00f3 mayor dimensi\u00f3n tras la difusi\u00f3n de viajes pol\u00e9micos y presuntas inconsistencias en sus declaraciones juradas, lo que gener\u00f3 sospechas y pedidos de explicaciones. <\/p>\n<p>En ese contexto, comenzaron a circular cr\u00edticas desde el entorno de la Casa Rosada, con versiones sobre su posible salida del Gobierno. <\/p>\n<p>Sin embargo, el esc\u00e1ndalo sum\u00f3 un nuevo cap\u00edtulo por el fuerte posteo de Jorge Rial, con una especial menci\u00f3n al diputado libertario Luis Petri.<\/p>\n<p>\u201cParece que @luispetri tiene sue\u00f1os h\u00famedos con el lugar de @madorni. Mira vos\u201d, dejando en claro que el exMinistro de Defensa podr\u00eda ocupar su lugar.<\/p>\n","protected":false},"excerpt":{"rendered":"<p>La situaci\u00f3n de Manuel Adorni atraviesa su momento m\u00e1s cr\u00edtico desde que asumi\u00f3 como jefe<\/p>\n","protected":false},"author":0,"featured_media":19187,"comment_status":"","ping_status":"","sticky":false,"template":"","format":"standard","meta":{"footnotes":""},"categories":[11],"tags":[],"class_list":["post-19186","post","type-post","status-publish","format-standard","has-post-thumbnail","hentry","category-destacadas"],"yoast_head":"<!-- This site is optimized with the Yoast SEO plugin v27.4 - https:\/\/yoast.com\/product\/yoast-seo-wordpress\/ -->\n<title>Bombazo de Rial sobre Adorni y \u201clos sue\u00f1os h\u00famedos\u201d de Luis Petri - Fm Gente<\/title>\n<meta name=\"robots\" content=\"index, follow, max-snippet:-1, max-image-preview:large, max-video-preview:-1\" \/>\n<link rel=\"canonical\" href=\"https:\/\/fmgente.com.ar\/web\/bombazo-de-rial-sobre-adorni-y-los-suenos-humedos-de-luis-petri\/\" \/>\n<meta property=\"og:locale\" content=\"es_ES\" \/>\n<meta property=\"og:type\" content=\"article\" \/>\n<meta property=\"og:title\" content=\"Bombazo de Rial sobre Adorni y \u201clos sue\u00f1os h\u00famedos\u201d de Luis Petri - Fm Gente\" \/>\n<meta property=\"og:description\" content=\"La situaci\u00f3n de Manuel Adorni atraviesa su momento m\u00e1s cr\u00edtico desde que asumi\u00f3 como jefe\" \/>\n<meta property=\"og:url\" content=\"https:\/\/fmgente.com.ar\/web\/bombazo-de-rial-sobre-adorni-y-los-suenos-humedos-de-luis-petri\/\" \/>\n<meta property=\"og:site_name\" content=\"Fm Gente\" \/>\n<meta property=\"article:published_time\" content=\"2026-04-11T23:07:21+00:00\" \/>\n<meta name=\"twitter:card\" content=\"summary_large_image\" \/>\n<meta name=\"twitter:label1\" content=\"Tiempo de lectura\" \/>\n\t<meta name=\"twitter:data1\" content=\"1 minuto\" \/>\n<script type=\"application\/ld+json\" class=\"yoast-schema-graph\">{\"@context\":\"https:\\\/\\\/schema.org\",\"@graph\":[{\"@type\":\"Article\",\"@id\":\"https:\\\/\\\/fmgente.com.ar\\\/web\\\/bombazo-de-rial-sobre-adorni-y-los-suenos-humedos-de-luis-petri\\\/#article\",\"isPartOf\":{\"@id\":\"https:\\\/\\\/fmgente.com.ar\\\/web\\\/bombazo-de-rial-sobre-adorni-y-los-suenos-humedos-de-luis-petri\\\/\"},\"author\":{\"name\":\"\",\"@id\":\"\"},\"headline\":\"Bombazo de Rial sobre Adorni y \u201clos sue\u00f1os h\u00famedos\u201d de Luis Petri\",\"datePublished\":\"2026-04-11T23:07:21+00:00\",\"mainEntityOfPage\":{\"@id\":\"https:\\\/\\\/fmgente.com.ar\\\/web\\\/bombazo-de-rial-sobre-adorni-y-los-suenos-humedos-de-luis-petri\\\/\"},\"wordCount\":155,\"publisher\":{\"@id\":\"https:\\\/\\\/fmgente.com.ar\\\/web\\\/#organization\"},\"image\":{\"@id\":\"https:\\\/\\\/fmgente.com.ar\\\/web\\\/bombazo-de-rial-sobre-adorni-y-los-suenos-humedos-de-luis-petri\\\/#primaryimage\"},\"thumbnailUrl\":\"https:\\\/\\\/fmgente.com.ar\\\/web\\\/wp-content\\\/uploads\\\/2026\\\/04\\\/720-677.jpeg\",\"articleSection\":[\"DESTACADAS\"],\"inLanguage\":\"es\"},{\"@type\":\"WebPage\",\"@id\":\"https:\\\/\\\/fmgente.com.ar\\\/web\\\/bombazo-de-rial-sobre-adorni-y-los-suenos-humedos-de-luis-petri\\\/\",\"url\":\"https:\\\/\\\/fmgente.com.ar\\\/web\\\/bombazo-de-rial-sobre-adorni-y-los-suenos-humedos-de-luis-petri\\\/\",\"name\":\"Bombazo de Rial sobre Adorni y \u201clos sue\u00f1os h\u00famedos\u201d de Luis Petri - Fm Gente\",\"isPartOf\":{\"@id\":\"https:\\\/\\\/fmgente.com.ar\\\/web\\\/#website\"},\"primaryImageOfPage\":{\"@id\":\"https:\\\/\\\/fmgente.com.ar\\\/web\\\/bombazo-de-rial-sobre-adorni-y-los-suenos-humedos-de-luis-petri\\\/#primaryimage\"},\"image\":{\"@id\":\"https:\\\/\\\/fmgente.com.ar\\\/web\\\/bombazo-de-rial-sobre-adorni-y-los-suenos-humedos-de-luis-petri\\\/#primaryimage\"},\"thumbnailUrl\":\"https:\\\/\\\/fmgente.com.ar\\\/web\\\/wp-content\\\/uploads\\\/2026\\\/04\\\/720-677.jpeg\",\"datePublished\":\"2026-04-11T23:07:21+00:00\",\"inLanguage\":\"es\",\"potentialAction\":[{\"@type\":\"ReadAction\",\"target\":[\"https:\\\/\\\/fmgente.com.ar\\\/web\\\/bombazo-de-rial-sobre-adorni-y-los-suenos-humedos-de-luis-petri\\\/\"]}]},{\"@type\":\"ImageObject\",\"inLanguage\":\"es\",\"@id\":\"https:\\\/\\\/fmgente.com.ar\\\/web\\\/bombazo-de-rial-sobre-adorni-y-los-suenos-humedos-de-luis-petri\\\/#primaryimage\",\"url\":\"https:\\\/\\\/fmgente.com.ar\\\/web\\\/wp-content\\\/uploads\\\/2026\\\/04\\\/720-677.jpeg\",\"contentUrl\":\"https:\\\/\\\/fmgente.com.ar\\\/web\\\/wp-content\\\/uploads\\\/2026\\\/04\\\/720-677.jpeg\",\"width\":1280,\"height\":716},{\"@type\":\"WebSite\",\"@id\":\"https:\\\/\\\/fmgente.com.ar\\\/web\\\/#website\",\"url\":\"https:\\\/\\\/fmgente.com.ar\\\/web\\\/\",\"name\":\"Fm Gente\",\"description\":\"- Jes\u00fas Mar\u00eda\",\"publisher\":{\"@id\":\"https:\\\/\\\/fmgente.com.ar\\\/web\\\/#organization\"},\"potentialAction\":[{\"@type\":\"SearchAction\",\"target\":{\"@type\":\"EntryPoint\",\"urlTemplate\":\"https:\\\/\\\/fmgente.com.ar\\\/web\\\/?s={search_term_string}\"},\"query-input\":{\"@type\":\"PropertyValueSpecification\",\"valueRequired\":true,\"valueName\":\"search_term_string\"}}],\"inLanguage\":\"es\"},{\"@type\":\"Organization\",\"@id\":\"https:\\\/\\\/fmgente.com.ar\\\/web\\\/#organization\",\"name\":\"Fm Gente\",\"url\":\"https:\\\/\\\/fmgente.com.ar\\\/web\\\/\",\"logo\":{\"@type\":\"ImageObject\",\"inLanguage\":\"es\",\"@id\":\"https:\\\/\\\/fmgente.com.ar\\\/web\\\/#\\\/schema\\\/logo\\\/image\\\/\",\"url\":\"https:\\\/\\\/fmgente.com.ar\\\/web\\\/wp-content\\\/uploads\\\/2023\\\/07\\\/cropped-cropped-logo-sombra2.png\",\"contentUrl\":\"https:\\\/\\\/fmgente.com.ar\\\/web\\\/wp-content\\\/uploads\\\/2023\\\/07\\\/cropped-cropped-logo-sombra2.png\",\"width\":1782,\"height\":1782,\"caption\":\"Fm Gente\"},\"image\":{\"@id\":\"https:\\\/\\\/fmgente.com.ar\\\/web\\\/#\\\/schema\\\/logo\\\/image\\\/\"}}]}<\/script>\n<!-- \/ Yoast SEO plugin. -->","yoast_head_json":{"title":"Bombazo de Rial sobre Adorni y \u201clos sue\u00f1os h\u00famedos\u201d de Luis Petri - Fm Gente","robots":{"index":"index","follow":"follow","max-snippet":"max-snippet:-1","max-image-preview":"max-image-preview:large","max-video-preview":"max-video-preview:-1"},"canonical":"https:\/\/fmgente.com.ar\/web\/bombazo-de-rial-sobre-adorni-y-los-suenos-humedos-de-luis-petri\/","og_locale":"es_ES","og_type":"article","og_title":"Bombazo de Rial sobre Adorni y \u201clos sue\u00f1os h\u00famedos\u201d de Luis Petri - Fm Gente","og_description":"La situaci\u00f3n de Manuel Adorni atraviesa su momento m\u00e1s cr\u00edtico desde que asumi\u00f3 como jefe","og_url":"https:\/\/fmgente.com.ar\/web\/bombazo-de-rial-sobre-adorni-y-los-suenos-humedos-de-luis-petri\/","og_site_name":"Fm Gente","article_published_time":"2026-04-11T23:07:21+00:00","twitter_card":"summary_large_image","twitter_misc":{"Tiempo de lectura":"1 minuto"},"schema":{"@context":"https:\/\/schema.org","@graph":[{"@type":"Article","@id":"https:\/\/fmgente.com.ar\/web\/bombazo-de-rial-sobre-adorni-y-los-suenos-humedos-de-luis-petri\/#article","isPartOf":{"@id":"https:\/\/fmgente.com.ar\/web\/bombazo-de-rial-sobre-adorni-y-los-suenos-humedos-de-luis-petri\/"},"author":{"name":"","@id":""},"headline":"Bombazo de Rial sobre Adorni y \u201clos sue\u00f1os h\u00famedos\u201d de Luis Petri","datePublished":"2026-04-11T23:07:21+00:00","mainEntityOfPage":{"@id":"https:\/\/fmgente.com.ar\/web\/bombazo-de-rial-sobre-adorni-y-los-suenos-humedos-de-luis-petri\/"},"wordCount":155,"publisher":{"@id":"https:\/\/fmgente.com.ar\/web\/#organization"},"image":{"@id":"https:\/\/fmgente.com.ar\/web\/bombazo-de-rial-sobre-adorni-y-los-suenos-humedos-de-luis-petri\/#primaryimage"},"thumbnailUrl":"https:\/\/fmgente.com.ar\/web\/wp-content\/uploads\/2026\/04\/720-677.jpeg","articleSection":["DESTACADAS"],"inLanguage":"es"},{"@type":"WebPage","@id":"https:\/\/fmgente.com.ar\/web\/bombazo-de-rial-sobre-adorni-y-los-suenos-humedos-de-luis-petri\/","url":"https:\/\/fmgente.com.ar\/web\/bombazo-de-rial-sobre-adorni-y-los-suenos-humedos-de-luis-petri\/","name":"Bombazo de Rial sobre Adorni y \u201clos sue\u00f1os h\u00famedos\u201d de Luis Petri - Fm Gente","isPartOf":{"@id":"https:\/\/fmgente.com.ar\/web\/#website"},"primaryImageOfPage":{"@id":"https:\/\/fmgente.com.ar\/web\/bombazo-de-rial-sobre-adorni-y-los-suenos-humedos-de-luis-petri\/#primaryimage"},"image":{"@id":"https:\/\/fmgente.com.ar\/web\/bombazo-de-rial-sobre-adorni-y-los-suenos-humedos-de-luis-petri\/#primaryimage"},"thumbnailUrl":"https:\/\/fmgente.com.ar\/web\/wp-content\/uploads\/2026\/04\/720-677.jpeg","datePublished":"2026-04-11T23:07:21+00:00","inLanguage":"es","potentialAction":[{"@type":"ReadAction","target":["https:\/\/fmgente.com.ar\/web\/bombazo-de-rial-sobre-adorni-y-los-suenos-humedos-de-luis-petri\/"]}]},{"@type":"ImageObject","inLanguage":"es","@id":"https:\/\/fmgente.com.ar\/web\/bombazo-de-rial-sobre-adorni-y-los-suenos-humedos-de-luis-petri\/#primaryimage","url":"https:\/\/fmgente.com.ar\/web\/wp-content\/uploads\/2026\/04\/720-677.jpeg","contentUrl":"https:\/\/fmgente.com.ar\/web\/wp-content\/uploads\/2026\/04\/720-677.jpeg","width":1280,"height":716},{"@type":"WebSite","@id":"https:\/\/fmgente.com.ar\/web\/#website","url":"https:\/\/fmgente.com.ar\/web\/","name":"Fm Gente","description":"- Jes\u00fas Mar\u00eda","publisher":{"@id":"https:\/\/fmgente.com.ar\/web\/#organization"},"potentialAction":[{"@type":"SearchAction","target":{"@type":"EntryPoint","urlTemplate":"https:\/\/fmgente.com.ar\/web\/?s={search_term_string}"},"query-input":{"@type":"PropertyValueSpecification","valueRequired":true,"valueName":"search_term_string"}}],"inLanguage":"es"},{"@type":"Organization","@id":"https:\/\/fmgente.com.ar\/web\/#organization","name":"Fm Gente","url":"https:\/\/fmgente.com.ar\/web\/","logo":{"@type":"ImageObject","inLanguage":"es","@id":"https:\/\/fmgente.com.ar\/web\/#\/schema\/logo\/image\/","url":"https:\/\/fmgente.com.ar\/web\/wp-content\/uploads\/2023\/07\/cropped-cropped-logo-sombra2.png","contentUrl":"https:\/\/fmgente.com.ar\/web\/wp-content\/uploads\/2023\/07\/cropped-cropped-logo-sombra2.png","width":1782,"height":1782,"caption":"Fm Gente"},"image":{"@id":"https:\/\/fmgente.com.ar\/web\/#\/schema\/logo\/image\/"}}]}},"_links":{"self":[{"href":"https:\/\/fmgente.com.ar\/web\/wp-json\/wp\/v2\/posts\/19186","targetHints":{"allow":["GET"]}}],"collection":[{"href":"https:\/\/fmgente.com.ar\/web\/wp-json\/wp\/v2\/posts"}],"about":[{"href":"https:\/\/fmgente.com.ar\/web\/wp-json\/wp\/v2\/types\/post"}],"replies":[{"embeddable":true,"href":"https:\/\/fmgente.com.ar\/web\/wp-json\/wp\/v2\/comments?post=19186"}],"version-history":[{"count":0,"href":"https:\/\/fmgente.com.ar\/web\/wp-json\/wp\/v2\/posts\/19186\/revisions"}],"wp:featuredmedia":[{"embeddable":true,"href":"https:\/\/fmgente.com.ar\/web\/wp-json\/wp\/v2\/media\/19187"}],"wp:attachment":[{"href":"https:\/\/fmgente.com.ar\/web\/wp-json\/wp\/v2\/media?parent=19186"}],"wp:term":[{"taxonomy":"category","embeddable":true,"href":"https:\/\/fmgente.com.ar\/web\/wp-json\/wp\/v2\/categories?post=19186"},{"taxonomy":"post_tag","embeddable":true,"href":"https:\/\/fmgente.com.ar\/web\/wp-json\/wp\/v2\/tags?post=19186"}],"curies":[{"name":"wp","href":"https:\/\/api.w.org\/{rel}","templated":true}]}}