{"id":19161,"date":"2026-04-11T10:08:18","date_gmt":"2026-04-11T13:08:18","guid":{"rendered":"https:\/\/fmgente.com.ar\/web\/adelante-andalucia-presenta-su-candidatura-para-el-17m-el-equipo-que-mas-se-parece-al-pueblo-andaluz\/"},"modified":"2026-04-11T10:08:18","modified_gmt":"2026-04-11T13:08:18","slug":"adelante-andalucia-presenta-su-candidatura-para-el-17m-el-equipo-que-mas-se-parece-al-pueblo-andaluz","status":"publish","type":"post","link":"https:\/\/fmgente.com.ar\/web\/adelante-andalucia-presenta-su-candidatura-para-el-17m-el-equipo-que-mas-se-parece-al-pueblo-andaluz\/","title":{"rendered":"Adelante Andaluc\u00eda presenta su candidatura para el 17M: &quot;El equipo que m\u00e1s se parece al pueblo andaluz&quot;"},"content":{"rendered":"<p><img loading=\"lazy\" decoding=\"async\" src=\"https:\/\/www.infobae.com\/resizer\/v2\/N7RJB5WOTNEDZEX5SDGAVTFWWM.jpg?auth=a1f6aa7a21f485c75dc5d2f4fd59dd7dd539999a92676d53c34db1512b535646&amp;smart=true&amp;width=1920&amp;height=1280\" alt=\"\" height=\"1280\" width=\"1920\" \/><\/p>\n<p>Adelante Andaluc\u00eda ha presentado este s\u00e1bado en M\u00e1laga su candidatura para las elecciones auton\u00f3micas del pr\u00f3ximo 17 de mayo, encabezada por su portavoz y candidato a la Presidencia de la Junta, Jos\u00e9 Ignacio Garc\u00eda, y que han definido como \u00abel equipo que m\u00e1s se parece al pueblo andaluz\u00bb.<\/p>\n<p>El acto ha servido para dar a conocer un equipo que, en palabras del propio candidato, aspira a representar \u00aba la Andaluc\u00eda real\u00bb porque, ha insistido, \u00absomos el partido que m\u00e1s se parece al pueblo andaluz\u00bb.<\/p>\n<p>Durante su intervenci\u00f3n, Garc\u00eda ha explicado que la elecci\u00f3n de M\u00e1laga como escenario de la presentaci\u00f3n \u00abno es casual ya que la provincia se ha convertido en el laboratorio de las pol\u00edticas m\u00e1s injustas del Partido Popular\u00bb, especialmente, ha dicho, en \u00e1mbitos como la vivienda, la sanidad o la privatizaci\u00f3n de la formaci\u00f3n profesional, y ha defendido que es precisamente ah\u00ed donde Adelante Andaluc\u00eda quiere \u00abdar la batalla pol\u00edtica con m\u00e1s fuerza\u00bb.<\/p>\n<p>De igual modo, ha destacado que se siente \u00aborgulloso\u00bb de esta candidatura \u00abplural y diversa, que combina experiencia y juventud y que integra tanto a personas de grandes ciudades como de peque\u00f1os municipios, pero con un denominador com\u00fan: la defensa de los servicios p\u00fablicos y de unas condiciones de vida dignas\u00bb.<\/p>\n<p>Tambi\u00e9n ha incidido en que est\u00e1 formada por personas que \u00abconocen de primera mano las dificultades cotidianas de la mayor\u00eda social andaluza\u00bb. \u00abEste equipo sabe lo que es esperar una lista de espera en la sanidad p\u00fablica, lo que es no poder pagar el alquiler o que no te paguen las horas extras. No hace falta que nadie nos lo cuente porque lo vivimos en nuestras propias carnes\u00bb, ha explicado.<\/p>\n<p>Al respecto, ha insistido en que Adelante Andaluc\u00eda se presenta como una \u00abherramienta pol\u00edtica construida desde abajo, profundamente vinculada a la realidad social del territorio\u00bb. \u00abSomos gente normal haciendo algo extraordinario: echar a las derechas para transformar Andaluc\u00eda\u00bb, ha se\u00f1alado.<\/p>\n<p>PROVINCIAS<\/p>\n<p>As\u00ed, la candidatura presentada est\u00e1 encabezada en M\u00e1laga por Luis Rodrigo, inform\u00e1tico y activista en defensa de la vivienda y la educaci\u00f3n p\u00fablica; en C\u00f3rdoba por Mariv\u00ed Serrano, ingeniera, profesora y referente de la marea blanca; y en Sevilla por Bego\u00f1a Iza, diputada andaluza, profesora de historia y especialista en ecosocialismo.<\/p>\n<p>En Huelva lidera la lista Mari Garc\u00eda, hist\u00f3rica dirigente jornalera y sindicalista, mientras que en Almer\u00eda lo hace Diego Crespo, funcionario y exdiputado vinculado al activismo social.<\/p>\n<p>En Granada, la candidatura estar\u00e1 encabezada por Inma Manzano, profesora universitaria y sindicalista, reconocida por su defensa de los derechos laborales desde una perspectiva feminista, y en Ja\u00e9n por Alejandro Cabrera, trabajador del sector servicios y actual portavoz provincial de la formaci\u00f3n.<\/p>\n<p>Por su parte, Jos\u00e9 Ignacio Garc\u00eda concurrir\u00e1 como cabeza de lista por C\u00e1diz, acompa\u00f1ado por Leticia Blanco, profesora y activista feminista y por los derechos Lgtbiq en el Campo de Gibraltar.<\/p>\n<p>Con este equipo, Garc\u00eda se ha mostrado preparado \u00abpara iniciar la carrera electoral hacia el 17 de mayo con el objetivo de consolidar una alternativa pol\u00edtica que sit\u00fae en el centro las necesidades reales de los andaluces y andaluzas\u00bb y que \u00abimpulse el cambio de rumbo y la transformaci\u00f3n que la mayor\u00eda social est\u00e1 reclamando en Andaluc\u00eda\u00bb, ha concluido.<\/p>\n","protected":false},"excerpt":{"rendered":"<p>Adelante Andaluc\u00eda ha presentado este s\u00e1bado en M\u00e1laga su candidatura para las elecciones auton\u00f3micas del<\/p>\n","protected":false},"author":0,"featured_media":0,"comment_status":"","ping_status":"","sticky":false,"template":"","format":"standard","meta":{"footnotes":""},"categories":[11],"tags":[],"class_list":["post-19161","post","type-post","status-publish","format-standard","hentry","category-destacadas"],"yoast_head":"<!-- This site is optimized with the Yoast SEO plugin v27.4 - https:\/\/yoast.com\/product\/yoast-seo-wordpress\/ -->\n<title>Adelante Andaluc\u00eda presenta su candidatura para el 17M: &quot;El equipo que m\u00e1s se parece al pueblo andaluz&quot; - Fm Gente<\/title>\n<meta name=\"robots\" content=\"index, follow, max-snippet:-1, max-image-preview:large, max-video-preview:-1\" \/>\n<link rel=\"canonical\" href=\"https:\/\/fmgente.com.ar\/web\/adelante-andalucia-presenta-su-candidatura-para-el-17m-el-equipo-que-mas-se-parece-al-pueblo-andaluz\/\" \/>\n<meta property=\"og:locale\" content=\"es_ES\" \/>\n<meta property=\"og:type\" content=\"article\" \/>\n<meta property=\"og:title\" content=\"Adelante Andaluc\u00eda presenta su candidatura para el 17M: &quot;El equipo que m\u00e1s se parece al pueblo andaluz&quot; - Fm Gente\" \/>\n<meta property=\"og:description\" content=\"Adelante Andaluc\u00eda ha presentado este s\u00e1bado en M\u00e1laga su candidatura para las elecciones auton\u00f3micas del\" \/>\n<meta property=\"og:url\" content=\"https:\/\/fmgente.com.ar\/web\/adelante-andalucia-presenta-su-candidatura-para-el-17m-el-equipo-que-mas-se-parece-al-pueblo-andaluz\/\" \/>\n<meta property=\"og:site_name\" content=\"Fm Gente\" \/>\n<meta property=\"article:published_time\" content=\"2026-04-11T13:08:18+00:00\" \/>\n<meta property=\"og:image\" content=\"https:\/\/www.infobae.com\/resizer\/v2\/N7RJB5WOTNEDZEX5SDGAVTFWWM.jpg?auth=a1f6aa7a21f485c75dc5d2f4fd59dd7dd539999a92676d53c34db1512b535646&amp;smart=true&amp;width=1920&amp;height=1280\" \/>\n<meta name=\"twitter:card\" content=\"summary_large_image\" \/>\n<meta name=\"twitter:label1\" content=\"Tiempo de lectura\" \/>\n\t<meta name=\"twitter:data1\" content=\"3 minutos\" \/>\n<script type=\"application\/ld+json\" class=\"yoast-schema-graph\">{\"@context\":\"https:\\\/\\\/schema.org\",\"@graph\":[{\"@type\":\"Article\",\"@id\":\"https:\\\/\\\/fmgente.com.ar\\\/web\\\/adelante-andalucia-presenta-su-candidatura-para-el-17m-el-equipo-que-mas-se-parece-al-pueblo-andaluz\\\/#article\",\"isPartOf\":{\"@id\":\"https:\\\/\\\/fmgente.com.ar\\\/web\\\/adelante-andalucia-presenta-su-candidatura-para-el-17m-el-equipo-que-mas-se-parece-al-pueblo-andaluz\\\/\"},\"author\":{\"name\":\"\",\"@id\":\"\"},\"headline\":\"Adelante Andaluc\u00eda presenta su candidatura para el 17M: &quot;El equipo que m\u00e1s se parece al pueblo andaluz&quot;\",\"datePublished\":\"2026-04-11T13:08:18+00:00\",\"mainEntityOfPage\":{\"@id\":\"https:\\\/\\\/fmgente.com.ar\\\/web\\\/adelante-andalucia-presenta-su-candidatura-para-el-17m-el-equipo-que-mas-se-parece-al-pueblo-andaluz\\\/\"},\"wordCount\":598,\"publisher\":{\"@id\":\"https:\\\/\\\/fmgente.com.ar\\\/web\\\/#organization\"},\"image\":{\"@id\":\"https:\\\/\\\/fmgente.com.ar\\\/web\\\/adelante-andalucia-presenta-su-candidatura-para-el-17m-el-equipo-que-mas-se-parece-al-pueblo-andaluz\\\/#primaryimage\"},\"thumbnailUrl\":\"https:\\\/\\\/www.infobae.com\\\/resizer\\\/v2\\\/N7RJB5WOTNEDZEX5SDGAVTFWWM.jpg?auth=a1f6aa7a21f485c75dc5d2f4fd59dd7dd539999a92676d53c34db1512b535646&amp;smart=true&amp;width=1920&amp;height=1280\",\"articleSection\":[\"DESTACADAS\"],\"inLanguage\":\"es\"},{\"@type\":\"WebPage\",\"@id\":\"https:\\\/\\\/fmgente.com.ar\\\/web\\\/adelante-andalucia-presenta-su-candidatura-para-el-17m-el-equipo-que-mas-se-parece-al-pueblo-andaluz\\\/\",\"url\":\"https:\\\/\\\/fmgente.com.ar\\\/web\\\/adelante-andalucia-presenta-su-candidatura-para-el-17m-el-equipo-que-mas-se-parece-al-pueblo-andaluz\\\/\",\"name\":\"Adelante Andaluc\u00eda presenta su candidatura para el 17M: &quot;El equipo que m\u00e1s se parece al pueblo andaluz&quot; - Fm Gente\",\"isPartOf\":{\"@id\":\"https:\\\/\\\/fmgente.com.ar\\\/web\\\/#website\"},\"primaryImageOfPage\":{\"@id\":\"https:\\\/\\\/fmgente.com.ar\\\/web\\\/adelante-andalucia-presenta-su-candidatura-para-el-17m-el-equipo-que-mas-se-parece-al-pueblo-andaluz\\\/#primaryimage\"},\"image\":{\"@id\":\"https:\\\/\\\/fmgente.com.ar\\\/web\\\/adelante-andalucia-presenta-su-candidatura-para-el-17m-el-equipo-que-mas-se-parece-al-pueblo-andaluz\\\/#primaryimage\"},\"thumbnailUrl\":\"https:\\\/\\\/www.infobae.com\\\/resizer\\\/v2\\\/N7RJB5WOTNEDZEX5SDGAVTFWWM.jpg?auth=a1f6aa7a21f485c75dc5d2f4fd59dd7dd539999a92676d53c34db1512b535646&amp;smart=true&amp;width=1920&amp;height=1280\",\"datePublished\":\"2026-04-11T13:08:18+00:00\",\"inLanguage\":\"es\",\"potentialAction\":[{\"@type\":\"ReadAction\",\"target\":[\"https:\\\/\\\/fmgente.com.ar\\\/web\\\/adelante-andalucia-presenta-su-candidatura-para-el-17m-el-equipo-que-mas-se-parece-al-pueblo-andaluz\\\/\"]}]},{\"@type\":\"ImageObject\",\"inLanguage\":\"es\",\"@id\":\"https:\\\/\\\/fmgente.com.ar\\\/web\\\/adelante-andalucia-presenta-su-candidatura-para-el-17m-el-equipo-que-mas-se-parece-al-pueblo-andaluz\\\/#primaryimage\",\"url\":\"https:\\\/\\\/www.infobae.com\\\/resizer\\\/v2\\\/N7RJB5WOTNEDZEX5SDGAVTFWWM.jpg?auth=a1f6aa7a21f485c75dc5d2f4fd59dd7dd539999a92676d53c34db1512b535646&amp;smart=true&amp;width=1920&amp;height=1280\",\"contentUrl\":\"https:\\\/\\\/www.infobae.com\\\/resizer\\\/v2\\\/N7RJB5WOTNEDZEX5SDGAVTFWWM.jpg?auth=a1f6aa7a21f485c75dc5d2f4fd59dd7dd539999a92676d53c34db1512b535646&amp;smart=true&amp;width=1920&amp;height=1280\"},{\"@type\":\"WebSite\",\"@id\":\"https:\\\/\\\/fmgente.com.ar\\\/web\\\/#website\",\"url\":\"https:\\\/\\\/fmgente.com.ar\\\/web\\\/\",\"name\":\"Fm Gente\",\"description\":\"- Jes\u00fas Mar\u00eda\",\"publisher\":{\"@id\":\"https:\\\/\\\/fmgente.com.ar\\\/web\\\/#organization\"},\"potentialAction\":[{\"@type\":\"SearchAction\",\"target\":{\"@type\":\"EntryPoint\",\"urlTemplate\":\"https:\\\/\\\/fmgente.com.ar\\\/web\\\/?s={search_term_string}\"},\"query-input\":{\"@type\":\"PropertyValueSpecification\",\"valueRequired\":true,\"valueName\":\"search_term_string\"}}],\"inLanguage\":\"es\"},{\"@type\":\"Organization\",\"@id\":\"https:\\\/\\\/fmgente.com.ar\\\/web\\\/#organization\",\"name\":\"Fm Gente\",\"url\":\"https:\\\/\\\/fmgente.com.ar\\\/web\\\/\",\"logo\":{\"@type\":\"ImageObject\",\"inLanguage\":\"es\",\"@id\":\"https:\\\/\\\/fmgente.com.ar\\\/web\\\/#\\\/schema\\\/logo\\\/image\\\/\",\"url\":\"https:\\\/\\\/fmgente.com.ar\\\/web\\\/wp-content\\\/uploads\\\/2023\\\/07\\\/cropped-cropped-logo-sombra2.png\",\"contentUrl\":\"https:\\\/\\\/fmgente.com.ar\\\/web\\\/wp-content\\\/uploads\\\/2023\\\/07\\\/cropped-cropped-logo-sombra2.png\",\"width\":1782,\"height\":1782,\"caption\":\"Fm Gente\"},\"image\":{\"@id\":\"https:\\\/\\\/fmgente.com.ar\\\/web\\\/#\\\/schema\\\/logo\\\/image\\\/\"}}]}<\/script>\n<!-- \/ Yoast SEO plugin. -->","yoast_head_json":{"title":"Adelante Andaluc\u00eda presenta su candidatura para el 17M: &quot;El equipo que m\u00e1s se parece al pueblo andaluz&quot; - Fm Gente","robots":{"index":"index","follow":"follow","max-snippet":"max-snippet:-1","max-image-preview":"max-image-preview:large","max-video-preview":"max-video-preview:-1"},"canonical":"https:\/\/fmgente.com.ar\/web\/adelante-andalucia-presenta-su-candidatura-para-el-17m-el-equipo-que-mas-se-parece-al-pueblo-andaluz\/","og_locale":"es_ES","og_type":"article","og_title":"Adelante Andaluc\u00eda presenta su candidatura para el 17M: &quot;El equipo que m\u00e1s se parece al pueblo andaluz&quot; - Fm Gente","og_description":"Adelante Andaluc\u00eda ha presentado este s\u00e1bado en M\u00e1laga su candidatura para las elecciones auton\u00f3micas del","og_url":"https:\/\/fmgente.com.ar\/web\/adelante-andalucia-presenta-su-candidatura-para-el-17m-el-equipo-que-mas-se-parece-al-pueblo-andaluz\/","og_site_name":"Fm Gente","article_published_time":"2026-04-11T13:08:18+00:00","og_image":[{"url":"https:\/\/www.infobae.com\/resizer\/v2\/N7RJB5WOTNEDZEX5SDGAVTFWWM.jpg?auth=a1f6aa7a21f485c75dc5d2f4fd59dd7dd539999a92676d53c34db1512b535646&amp;smart=true&amp;width=1920&amp;height=1280","type":"","width":"","height":""}],"twitter_card":"summary_large_image","twitter_misc":{"Tiempo de lectura":"3 minutos"},"schema":{"@context":"https:\/\/schema.org","@graph":[{"@type":"Article","@id":"https:\/\/fmgente.com.ar\/web\/adelante-andalucia-presenta-su-candidatura-para-el-17m-el-equipo-que-mas-se-parece-al-pueblo-andaluz\/#article","isPartOf":{"@id":"https:\/\/fmgente.com.ar\/web\/adelante-andalucia-presenta-su-candidatura-para-el-17m-el-equipo-que-mas-se-parece-al-pueblo-andaluz\/"},"author":{"name":"","@id":""},"headline":"Adelante Andaluc\u00eda presenta su candidatura para el 17M: &quot;El equipo que m\u00e1s se parece al pueblo andaluz&quot;","datePublished":"2026-04-11T13:08:18+00:00","mainEntityOfPage":{"@id":"https:\/\/fmgente.com.ar\/web\/adelante-andalucia-presenta-su-candidatura-para-el-17m-el-equipo-que-mas-se-parece-al-pueblo-andaluz\/"},"wordCount":598,"publisher":{"@id":"https:\/\/fmgente.com.ar\/web\/#organization"},"image":{"@id":"https:\/\/fmgente.com.ar\/web\/adelante-andalucia-presenta-su-candidatura-para-el-17m-el-equipo-que-mas-se-parece-al-pueblo-andaluz\/#primaryimage"},"thumbnailUrl":"https:\/\/www.infobae.com\/resizer\/v2\/N7RJB5WOTNEDZEX5SDGAVTFWWM.jpg?auth=a1f6aa7a21f485c75dc5d2f4fd59dd7dd539999a92676d53c34db1512b535646&amp;smart=true&amp;width=1920&amp;height=1280","articleSection":["DESTACADAS"],"inLanguage":"es"},{"@type":"WebPage","@id":"https:\/\/fmgente.com.ar\/web\/adelante-andalucia-presenta-su-candidatura-para-el-17m-el-equipo-que-mas-se-parece-al-pueblo-andaluz\/","url":"https:\/\/fmgente.com.ar\/web\/adelante-andalucia-presenta-su-candidatura-para-el-17m-el-equipo-que-mas-se-parece-al-pueblo-andaluz\/","name":"Adelante Andaluc\u00eda presenta su candidatura para el 17M: &quot;El equipo que m\u00e1s se parece al pueblo andaluz&quot; - Fm Gente","isPartOf":{"@id":"https:\/\/fmgente.com.ar\/web\/#website"},"primaryImageOfPage":{"@id":"https:\/\/fmgente.com.ar\/web\/adelante-andalucia-presenta-su-candidatura-para-el-17m-el-equipo-que-mas-se-parece-al-pueblo-andaluz\/#primaryimage"},"image":{"@id":"https:\/\/fmgente.com.ar\/web\/adelante-andalucia-presenta-su-candidatura-para-el-17m-el-equipo-que-mas-se-parece-al-pueblo-andaluz\/#primaryimage"},"thumbnailUrl":"https:\/\/www.infobae.com\/resizer\/v2\/N7RJB5WOTNEDZEX5SDGAVTFWWM.jpg?auth=a1f6aa7a21f485c75dc5d2f4fd59dd7dd539999a92676d53c34db1512b535646&amp;smart=true&amp;width=1920&amp;height=1280","datePublished":"2026-04-11T13:08:18+00:00","inLanguage":"es","potentialAction":[{"@type":"ReadAction","target":["https:\/\/fmgente.com.ar\/web\/adelante-andalucia-presenta-su-candidatura-para-el-17m-el-equipo-que-mas-se-parece-al-pueblo-andaluz\/"]}]},{"@type":"ImageObject","inLanguage":"es","@id":"https:\/\/fmgente.com.ar\/web\/adelante-andalucia-presenta-su-candidatura-para-el-17m-el-equipo-que-mas-se-parece-al-pueblo-andaluz\/#primaryimage","url":"https:\/\/www.infobae.com\/resizer\/v2\/N7RJB5WOTNEDZEX5SDGAVTFWWM.jpg?auth=a1f6aa7a21f485c75dc5d2f4fd59dd7dd539999a92676d53c34db1512b535646&amp;smart=true&amp;width=1920&amp;height=1280","contentUrl":"https:\/\/www.infobae.com\/resizer\/v2\/N7RJB5WOTNEDZEX5SDGAVTFWWM.jpg?auth=a1f6aa7a21f485c75dc5d2f4fd59dd7dd539999a92676d53c34db1512b535646&amp;smart=true&amp;width=1920&amp;height=1280"},{"@type":"WebSite","@id":"https:\/\/fmgente.com.ar\/web\/#website","url":"https:\/\/fmgente.com.ar\/web\/","name":"Fm Gente","description":"- Jes\u00fas Mar\u00eda","publisher":{"@id":"https:\/\/fmgente.com.ar\/web\/#organization"},"potentialAction":[{"@type":"SearchAction","target":{"@type":"EntryPoint","urlTemplate":"https:\/\/fmgente.com.ar\/web\/?s={search_term_string}"},"query-input":{"@type":"PropertyValueSpecification","valueRequired":true,"valueName":"search_term_string"}}],"inLanguage":"es"},{"@type":"Organization","@id":"https:\/\/fmgente.com.ar\/web\/#organization","name":"Fm Gente","url":"https:\/\/fmgente.com.ar\/web\/","logo":{"@type":"ImageObject","inLanguage":"es","@id":"https:\/\/fmgente.com.ar\/web\/#\/schema\/logo\/image\/","url":"https:\/\/fmgente.com.ar\/web\/wp-content\/uploads\/2023\/07\/cropped-cropped-logo-sombra2.png","contentUrl":"https:\/\/fmgente.com.ar\/web\/wp-content\/uploads\/2023\/07\/cropped-cropped-logo-sombra2.png","width":1782,"height":1782,"caption":"Fm Gente"},"image":{"@id":"https:\/\/fmgente.com.ar\/web\/#\/schema\/logo\/image\/"}}]}},"_links":{"self":[{"href":"https:\/\/fmgente.com.ar\/web\/wp-json\/wp\/v2\/posts\/19161","targetHints":{"allow":["GET"]}}],"collection":[{"href":"https:\/\/fmgente.com.ar\/web\/wp-json\/wp\/v2\/posts"}],"about":[{"href":"https:\/\/fmgente.com.ar\/web\/wp-json\/wp\/v2\/types\/post"}],"replies":[{"embeddable":true,"href":"https:\/\/fmgente.com.ar\/web\/wp-json\/wp\/v2\/comments?post=19161"}],"version-history":[{"count":0,"href":"https:\/\/fmgente.com.ar\/web\/wp-json\/wp\/v2\/posts\/19161\/revisions"}],"wp:attachment":[{"href":"https:\/\/fmgente.com.ar\/web\/wp-json\/wp\/v2\/media?parent=19161"}],"wp:term":[{"taxonomy":"category","embeddable":true,"href":"https:\/\/fmgente.com.ar\/web\/wp-json\/wp\/v2\/categories?post=19161"},{"taxonomy":"post_tag","embeddable":true,"href":"https:\/\/fmgente.com.ar\/web\/wp-json\/wp\/v2\/tags?post=19161"}],"curies":[{"name":"wp","href":"https:\/\/api.w.org\/{rel}","templated":true}]}}