{"id":19160,"date":"2026-04-11T10:08:18","date_gmt":"2026-04-11T13:08:18","guid":{"rendered":"https:\/\/fmgente.com.ar\/web\/sanchez-cotrina-afirma-que-en-las-primarias-de-hoy-no-va-a-ganar-una-candidatura-a-otra-sino-el-psoe-de-extremadura\/"},"modified":"2026-04-11T10:08:18","modified_gmt":"2026-04-11T13:08:18","slug":"sanchez-cotrina-afirma-que-en-las-primarias-de-hoy-no-va-a-ganar-una-candidatura-a-otra-sino-el-psoe-de-extremadura","status":"publish","type":"post","link":"https:\/\/fmgente.com.ar\/web\/sanchez-cotrina-afirma-que-en-las-primarias-de-hoy-no-va-a-ganar-una-candidatura-a-otra-sino-el-psoe-de-extremadura\/","title":{"rendered":"S\u00e1nchez Cotrina afirma que en las primarias de hoy &quot;no va a ganar una candidatura a otra&quot;, sino el PSOE de Extremadura"},"content":{"rendered":"<p><img loading=\"lazy\" decoding=\"async\" src=\"https:\/\/www.infobae.com\/resizer\/v2\/UU667HUQ6NHFJPQC5QAH32Y6BA.jpg?auth=267d4a63aea155294e6303c4a8952cfb07b0579564a0fe4857be7fe030098ddc&amp;smart=true&amp;width=1920&amp;height=1207\" alt=\"\" height=\"1207\" width=\"1920\" \/><\/p>\n<p>El candidato a la secretar\u00eda general del PSOE de Extremadura \u00c1lvaro S\u00e1nchez Cotrina ha afirmado que este s\u00e1bado, cuando se celebran las primarias del partido en Extremadura, \u00abno va a ganar una candidatura a otra\u00bb, sino la propia formaci\u00f3n pol\u00edtica.<\/p>\n<p>\u00abHoy va a ganar el PSOE de Extremadura con la intenci\u00f3n de decir que volvemos para volver a ser la referencia y ese relevo necesario que tenemos que tener en la pol\u00edtica para decirle a Guardiola y al se\u00f1or Fern\u00e1ndez que se dejen de enredar porque el PSOE se rearma para decirles que le abrimos la puerta de salida de la Junta de Extremadura\u00bb, ha comentado S\u00e1nchez Cotrina a los medios tras visitar hoy la sede del PSOE de C\u00e1ceres.<\/p>\n<p>As\u00ed, S\u00e1nchez Cotrina cree que, a partir de ma\u00f1ana, el PSOE de Extremadura \u00abva a ser un partido unido\u00bb y \u00abm\u00e1s fuerte\u00bb, ya que el \u00abtono\u00bb que hay es el del \u00abrespeto\u00bb a otros compa\u00f1eros que tienen \u00abotras sensibilidades\u00bb.<\/p>\n<p>S\u00e1nchez Cotrina se ha mostrado \u00aboptimista\u00bb sobre el resultado de las primarias, y \u00abno por naturaleza\u00bb, sino por lo que ha percibido entre los militantes del partido, ya que cree que su proyecto, con el lema &#8216;Volver a ser Extremadura&#8217;, se ha ido entendiendo en las bases.<\/p>\n<p>\u00abEstoy muy contento porque veo a gente muy ilusionada, porque veo m\u00e1s caras sonrientes y alegres que pesimistas y medio tristonas\u00bb, ha comentado, al tiempo que ha se\u00f1alado que en sus actos ha visto \u00abla determinaci\u00f3n de muchas generaciones\u00bb del partido, tanto mayores como gente joven.<\/p>\n<p>Ha aprovechado, igualmente, para agradecer el apoyo de los militantes y el trabajo de aquellos que est\u00e1n permitiendo la celebraci\u00f3n de las primarias, ya sea en las mesas como interventores, y tambi\u00e9n de la candidatura de su rival en el proceso, Soraya Vega, que est\u00e1n dando \u00abel &#8216;do&#8217; de pecho\u00bb.<\/p>\n","protected":false},"excerpt":{"rendered":"<p>El candidato a la secretar\u00eda general del PSOE de Extremadura \u00c1lvaro S\u00e1nchez Cotrina ha afirmado<\/p>\n","protected":false},"author":0,"featured_media":0,"comment_status":"","ping_status":"","sticky":false,"template":"","format":"standard","meta":{"footnotes":""},"categories":[11],"tags":[],"class_list":["post-19160","post","type-post","status-publish","format-standard","hentry","category-destacadas"],"yoast_head":"<!-- This site is optimized with the Yoast SEO plugin v27.4 - https:\/\/yoast.com\/product\/yoast-seo-wordpress\/ -->\n<title>S\u00e1nchez Cotrina afirma que en las primarias de hoy &quot;no va a ganar una candidatura a otra&quot;, sino el PSOE de Extremadura - Fm Gente<\/title>\n<meta name=\"robots\" content=\"index, follow, max-snippet:-1, max-image-preview:large, max-video-preview:-1\" \/>\n<link rel=\"canonical\" href=\"https:\/\/fmgente.com.ar\/web\/sanchez-cotrina-afirma-que-en-las-primarias-de-hoy-no-va-a-ganar-una-candidatura-a-otra-sino-el-psoe-de-extremadura\/\" \/>\n<meta property=\"og:locale\" content=\"es_ES\" \/>\n<meta property=\"og:type\" content=\"article\" \/>\n<meta property=\"og:title\" content=\"S\u00e1nchez Cotrina afirma que en las primarias de hoy &quot;no va a ganar una candidatura a otra&quot;, sino el PSOE de Extremadura - Fm Gente\" \/>\n<meta property=\"og:description\" content=\"El candidato a la secretar\u00eda general del PSOE de Extremadura \u00c1lvaro S\u00e1nchez Cotrina ha afirmado\" \/>\n<meta property=\"og:url\" content=\"https:\/\/fmgente.com.ar\/web\/sanchez-cotrina-afirma-que-en-las-primarias-de-hoy-no-va-a-ganar-una-candidatura-a-otra-sino-el-psoe-de-extremadura\/\" \/>\n<meta property=\"og:site_name\" content=\"Fm Gente\" \/>\n<meta property=\"article:published_time\" content=\"2026-04-11T13:08:18+00:00\" \/>\n<meta property=\"og:image\" content=\"https:\/\/www.infobae.com\/resizer\/v2\/UU667HUQ6NHFJPQC5QAH32Y6BA.jpg?auth=267d4a63aea155294e6303c4a8952cfb07b0579564a0fe4857be7fe030098ddc&amp;smart=true&amp;width=1920&amp;height=1207\" \/>\n<meta name=\"twitter:card\" content=\"summary_large_image\" \/>\n<meta name=\"twitter:label1\" content=\"Tiempo de lectura\" \/>\n\t<meta name=\"twitter:data1\" content=\"2 minutos\" \/>\n<script type=\"application\/ld+json\" class=\"yoast-schema-graph\">{\"@context\":\"https:\\\/\\\/schema.org\",\"@graph\":[{\"@type\":\"Article\",\"@id\":\"https:\\\/\\\/fmgente.com.ar\\\/web\\\/sanchez-cotrina-afirma-que-en-las-primarias-de-hoy-no-va-a-ganar-una-candidatura-a-otra-sino-el-psoe-de-extremadura\\\/#article\",\"isPartOf\":{\"@id\":\"https:\\\/\\\/fmgente.com.ar\\\/web\\\/sanchez-cotrina-afirma-que-en-las-primarias-de-hoy-no-va-a-ganar-una-candidatura-a-otra-sino-el-psoe-de-extremadura\\\/\"},\"author\":{\"name\":\"\",\"@id\":\"\"},\"headline\":\"S\u00e1nchez Cotrina afirma que en las primarias de hoy &quot;no va a ganar una candidatura a otra&quot;, sino el PSOE de Extremadura\",\"datePublished\":\"2026-04-11T13:08:18+00:00\",\"mainEntityOfPage\":{\"@id\":\"https:\\\/\\\/fmgente.com.ar\\\/web\\\/sanchez-cotrina-afirma-que-en-las-primarias-de-hoy-no-va-a-ganar-una-candidatura-a-otra-sino-el-psoe-de-extremadura\\\/\"},\"wordCount\":350,\"publisher\":{\"@id\":\"https:\\\/\\\/fmgente.com.ar\\\/web\\\/#organization\"},\"image\":{\"@id\":\"https:\\\/\\\/fmgente.com.ar\\\/web\\\/sanchez-cotrina-afirma-que-en-las-primarias-de-hoy-no-va-a-ganar-una-candidatura-a-otra-sino-el-psoe-de-extremadura\\\/#primaryimage\"},\"thumbnailUrl\":\"https:\\\/\\\/www.infobae.com\\\/resizer\\\/v2\\\/UU667HUQ6NHFJPQC5QAH32Y6BA.jpg?auth=267d4a63aea155294e6303c4a8952cfb07b0579564a0fe4857be7fe030098ddc&amp;smart=true&amp;width=1920&amp;height=1207\",\"articleSection\":[\"DESTACADAS\"],\"inLanguage\":\"es\"},{\"@type\":\"WebPage\",\"@id\":\"https:\\\/\\\/fmgente.com.ar\\\/web\\\/sanchez-cotrina-afirma-que-en-las-primarias-de-hoy-no-va-a-ganar-una-candidatura-a-otra-sino-el-psoe-de-extremadura\\\/\",\"url\":\"https:\\\/\\\/fmgente.com.ar\\\/web\\\/sanchez-cotrina-afirma-que-en-las-primarias-de-hoy-no-va-a-ganar-una-candidatura-a-otra-sino-el-psoe-de-extremadura\\\/\",\"name\":\"S\u00e1nchez Cotrina afirma que en las primarias de hoy &quot;no va a ganar una candidatura a otra&quot;, sino el PSOE de Extremadura - Fm Gente\",\"isPartOf\":{\"@id\":\"https:\\\/\\\/fmgente.com.ar\\\/web\\\/#website\"},\"primaryImageOfPage\":{\"@id\":\"https:\\\/\\\/fmgente.com.ar\\\/web\\\/sanchez-cotrina-afirma-que-en-las-primarias-de-hoy-no-va-a-ganar-una-candidatura-a-otra-sino-el-psoe-de-extremadura\\\/#primaryimage\"},\"image\":{\"@id\":\"https:\\\/\\\/fmgente.com.ar\\\/web\\\/sanchez-cotrina-afirma-que-en-las-primarias-de-hoy-no-va-a-ganar-una-candidatura-a-otra-sino-el-psoe-de-extremadura\\\/#primaryimage\"},\"thumbnailUrl\":\"https:\\\/\\\/www.infobae.com\\\/resizer\\\/v2\\\/UU667HUQ6NHFJPQC5QAH32Y6BA.jpg?auth=267d4a63aea155294e6303c4a8952cfb07b0579564a0fe4857be7fe030098ddc&amp;smart=true&amp;width=1920&amp;height=1207\",\"datePublished\":\"2026-04-11T13:08:18+00:00\",\"inLanguage\":\"es\",\"potentialAction\":[{\"@type\":\"ReadAction\",\"target\":[\"https:\\\/\\\/fmgente.com.ar\\\/web\\\/sanchez-cotrina-afirma-que-en-las-primarias-de-hoy-no-va-a-ganar-una-candidatura-a-otra-sino-el-psoe-de-extremadura\\\/\"]}]},{\"@type\":\"ImageObject\",\"inLanguage\":\"es\",\"@id\":\"https:\\\/\\\/fmgente.com.ar\\\/web\\\/sanchez-cotrina-afirma-que-en-las-primarias-de-hoy-no-va-a-ganar-una-candidatura-a-otra-sino-el-psoe-de-extremadura\\\/#primaryimage\",\"url\":\"https:\\\/\\\/www.infobae.com\\\/resizer\\\/v2\\\/UU667HUQ6NHFJPQC5QAH32Y6BA.jpg?auth=267d4a63aea155294e6303c4a8952cfb07b0579564a0fe4857be7fe030098ddc&amp;smart=true&amp;width=1920&amp;height=1207\",\"contentUrl\":\"https:\\\/\\\/www.infobae.com\\\/resizer\\\/v2\\\/UU667HUQ6NHFJPQC5QAH32Y6BA.jpg?auth=267d4a63aea155294e6303c4a8952cfb07b0579564a0fe4857be7fe030098ddc&amp;smart=true&amp;width=1920&amp;height=1207\"},{\"@type\":\"WebSite\",\"@id\":\"https:\\\/\\\/fmgente.com.ar\\\/web\\\/#website\",\"url\":\"https:\\\/\\\/fmgente.com.ar\\\/web\\\/\",\"name\":\"Fm Gente\",\"description\":\"- Jes\u00fas Mar\u00eda\",\"publisher\":{\"@id\":\"https:\\\/\\\/fmgente.com.ar\\\/web\\\/#organization\"},\"potentialAction\":[{\"@type\":\"SearchAction\",\"target\":{\"@type\":\"EntryPoint\",\"urlTemplate\":\"https:\\\/\\\/fmgente.com.ar\\\/web\\\/?s={search_term_string}\"},\"query-input\":{\"@type\":\"PropertyValueSpecification\",\"valueRequired\":true,\"valueName\":\"search_term_string\"}}],\"inLanguage\":\"es\"},{\"@type\":\"Organization\",\"@id\":\"https:\\\/\\\/fmgente.com.ar\\\/web\\\/#organization\",\"name\":\"Fm Gente\",\"url\":\"https:\\\/\\\/fmgente.com.ar\\\/web\\\/\",\"logo\":{\"@type\":\"ImageObject\",\"inLanguage\":\"es\",\"@id\":\"https:\\\/\\\/fmgente.com.ar\\\/web\\\/#\\\/schema\\\/logo\\\/image\\\/\",\"url\":\"https:\\\/\\\/fmgente.com.ar\\\/web\\\/wp-content\\\/uploads\\\/2023\\\/07\\\/cropped-cropped-logo-sombra2.png\",\"contentUrl\":\"https:\\\/\\\/fmgente.com.ar\\\/web\\\/wp-content\\\/uploads\\\/2023\\\/07\\\/cropped-cropped-logo-sombra2.png\",\"width\":1782,\"height\":1782,\"caption\":\"Fm Gente\"},\"image\":{\"@id\":\"https:\\\/\\\/fmgente.com.ar\\\/web\\\/#\\\/schema\\\/logo\\\/image\\\/\"}}]}<\/script>\n<!-- \/ Yoast SEO plugin. -->","yoast_head_json":{"title":"S\u00e1nchez Cotrina afirma que en las primarias de hoy &quot;no va a ganar una candidatura a otra&quot;, sino el PSOE de Extremadura - Fm Gente","robots":{"index":"index","follow":"follow","max-snippet":"max-snippet:-1","max-image-preview":"max-image-preview:large","max-video-preview":"max-video-preview:-1"},"canonical":"https:\/\/fmgente.com.ar\/web\/sanchez-cotrina-afirma-que-en-las-primarias-de-hoy-no-va-a-ganar-una-candidatura-a-otra-sino-el-psoe-de-extremadura\/","og_locale":"es_ES","og_type":"article","og_title":"S\u00e1nchez Cotrina afirma que en las primarias de hoy &quot;no va a ganar una candidatura a otra&quot;, sino el PSOE de Extremadura - Fm Gente","og_description":"El candidato a la secretar\u00eda general del PSOE de Extremadura \u00c1lvaro S\u00e1nchez Cotrina ha afirmado","og_url":"https:\/\/fmgente.com.ar\/web\/sanchez-cotrina-afirma-que-en-las-primarias-de-hoy-no-va-a-ganar-una-candidatura-a-otra-sino-el-psoe-de-extremadura\/","og_site_name":"Fm Gente","article_published_time":"2026-04-11T13:08:18+00:00","og_image":[{"url":"https:\/\/www.infobae.com\/resizer\/v2\/UU667HUQ6NHFJPQC5QAH32Y6BA.jpg?auth=267d4a63aea155294e6303c4a8952cfb07b0579564a0fe4857be7fe030098ddc&amp;smart=true&amp;width=1920&amp;height=1207","type":"","width":"","height":""}],"twitter_card":"summary_large_image","twitter_misc":{"Tiempo de lectura":"2 minutos"},"schema":{"@context":"https:\/\/schema.org","@graph":[{"@type":"Article","@id":"https:\/\/fmgente.com.ar\/web\/sanchez-cotrina-afirma-que-en-las-primarias-de-hoy-no-va-a-ganar-una-candidatura-a-otra-sino-el-psoe-de-extremadura\/#article","isPartOf":{"@id":"https:\/\/fmgente.com.ar\/web\/sanchez-cotrina-afirma-que-en-las-primarias-de-hoy-no-va-a-ganar-una-candidatura-a-otra-sino-el-psoe-de-extremadura\/"},"author":{"name":"","@id":""},"headline":"S\u00e1nchez Cotrina afirma que en las primarias de hoy &quot;no va a ganar una candidatura a otra&quot;, sino el PSOE de Extremadura","datePublished":"2026-04-11T13:08:18+00:00","mainEntityOfPage":{"@id":"https:\/\/fmgente.com.ar\/web\/sanchez-cotrina-afirma-que-en-las-primarias-de-hoy-no-va-a-ganar-una-candidatura-a-otra-sino-el-psoe-de-extremadura\/"},"wordCount":350,"publisher":{"@id":"https:\/\/fmgente.com.ar\/web\/#organization"},"image":{"@id":"https:\/\/fmgente.com.ar\/web\/sanchez-cotrina-afirma-que-en-las-primarias-de-hoy-no-va-a-ganar-una-candidatura-a-otra-sino-el-psoe-de-extremadura\/#primaryimage"},"thumbnailUrl":"https:\/\/www.infobae.com\/resizer\/v2\/UU667HUQ6NHFJPQC5QAH32Y6BA.jpg?auth=267d4a63aea155294e6303c4a8952cfb07b0579564a0fe4857be7fe030098ddc&amp;smart=true&amp;width=1920&amp;height=1207","articleSection":["DESTACADAS"],"inLanguage":"es"},{"@type":"WebPage","@id":"https:\/\/fmgente.com.ar\/web\/sanchez-cotrina-afirma-que-en-las-primarias-de-hoy-no-va-a-ganar-una-candidatura-a-otra-sino-el-psoe-de-extremadura\/","url":"https:\/\/fmgente.com.ar\/web\/sanchez-cotrina-afirma-que-en-las-primarias-de-hoy-no-va-a-ganar-una-candidatura-a-otra-sino-el-psoe-de-extremadura\/","name":"S\u00e1nchez Cotrina afirma que en las primarias de hoy &quot;no va a ganar una candidatura a otra&quot;, sino el PSOE de Extremadura - Fm Gente","isPartOf":{"@id":"https:\/\/fmgente.com.ar\/web\/#website"},"primaryImageOfPage":{"@id":"https:\/\/fmgente.com.ar\/web\/sanchez-cotrina-afirma-que-en-las-primarias-de-hoy-no-va-a-ganar-una-candidatura-a-otra-sino-el-psoe-de-extremadura\/#primaryimage"},"image":{"@id":"https:\/\/fmgente.com.ar\/web\/sanchez-cotrina-afirma-que-en-las-primarias-de-hoy-no-va-a-ganar-una-candidatura-a-otra-sino-el-psoe-de-extremadura\/#primaryimage"},"thumbnailUrl":"https:\/\/www.infobae.com\/resizer\/v2\/UU667HUQ6NHFJPQC5QAH32Y6BA.jpg?auth=267d4a63aea155294e6303c4a8952cfb07b0579564a0fe4857be7fe030098ddc&amp;smart=true&amp;width=1920&amp;height=1207","datePublished":"2026-04-11T13:08:18+00:00","inLanguage":"es","potentialAction":[{"@type":"ReadAction","target":["https:\/\/fmgente.com.ar\/web\/sanchez-cotrina-afirma-que-en-las-primarias-de-hoy-no-va-a-ganar-una-candidatura-a-otra-sino-el-psoe-de-extremadura\/"]}]},{"@type":"ImageObject","inLanguage":"es","@id":"https:\/\/fmgente.com.ar\/web\/sanchez-cotrina-afirma-que-en-las-primarias-de-hoy-no-va-a-ganar-una-candidatura-a-otra-sino-el-psoe-de-extremadura\/#primaryimage","url":"https:\/\/www.infobae.com\/resizer\/v2\/UU667HUQ6NHFJPQC5QAH32Y6BA.jpg?auth=267d4a63aea155294e6303c4a8952cfb07b0579564a0fe4857be7fe030098ddc&amp;smart=true&amp;width=1920&amp;height=1207","contentUrl":"https:\/\/www.infobae.com\/resizer\/v2\/UU667HUQ6NHFJPQC5QAH32Y6BA.jpg?auth=267d4a63aea155294e6303c4a8952cfb07b0579564a0fe4857be7fe030098ddc&amp;smart=true&amp;width=1920&amp;height=1207"},{"@type":"WebSite","@id":"https:\/\/fmgente.com.ar\/web\/#website","url":"https:\/\/fmgente.com.ar\/web\/","name":"Fm Gente","description":"- Jes\u00fas Mar\u00eda","publisher":{"@id":"https:\/\/fmgente.com.ar\/web\/#organization"},"potentialAction":[{"@type":"SearchAction","target":{"@type":"EntryPoint","urlTemplate":"https:\/\/fmgente.com.ar\/web\/?s={search_term_string}"},"query-input":{"@type":"PropertyValueSpecification","valueRequired":true,"valueName":"search_term_string"}}],"inLanguage":"es"},{"@type":"Organization","@id":"https:\/\/fmgente.com.ar\/web\/#organization","name":"Fm Gente","url":"https:\/\/fmgente.com.ar\/web\/","logo":{"@type":"ImageObject","inLanguage":"es","@id":"https:\/\/fmgente.com.ar\/web\/#\/schema\/logo\/image\/","url":"https:\/\/fmgente.com.ar\/web\/wp-content\/uploads\/2023\/07\/cropped-cropped-logo-sombra2.png","contentUrl":"https:\/\/fmgente.com.ar\/web\/wp-content\/uploads\/2023\/07\/cropped-cropped-logo-sombra2.png","width":1782,"height":1782,"caption":"Fm Gente"},"image":{"@id":"https:\/\/fmgente.com.ar\/web\/#\/schema\/logo\/image\/"}}]}},"_links":{"self":[{"href":"https:\/\/fmgente.com.ar\/web\/wp-json\/wp\/v2\/posts\/19160","targetHints":{"allow":["GET"]}}],"collection":[{"href":"https:\/\/fmgente.com.ar\/web\/wp-json\/wp\/v2\/posts"}],"about":[{"href":"https:\/\/fmgente.com.ar\/web\/wp-json\/wp\/v2\/types\/post"}],"replies":[{"embeddable":true,"href":"https:\/\/fmgente.com.ar\/web\/wp-json\/wp\/v2\/comments?post=19160"}],"version-history":[{"count":0,"href":"https:\/\/fmgente.com.ar\/web\/wp-json\/wp\/v2\/posts\/19160\/revisions"}],"wp:attachment":[{"href":"https:\/\/fmgente.com.ar\/web\/wp-json\/wp\/v2\/media?parent=19160"}],"wp:term":[{"taxonomy":"category","embeddable":true,"href":"https:\/\/fmgente.com.ar\/web\/wp-json\/wp\/v2\/categories?post=19160"},{"taxonomy":"post_tag","embeddable":true,"href":"https:\/\/fmgente.com.ar\/web\/wp-json\/wp\/v2\/tags?post=19160"}],"curies":[{"name":"wp","href":"https:\/\/api.w.org\/{rel}","templated":true}]}}