{"id":19159,"date":"2026-04-11T10:08:18","date_gmt":"2026-04-11T13:08:18","guid":{"rendered":"https:\/\/fmgente.com.ar\/web\/johanna-fadul-narra-su-experiencia-con-la-bulimia-y-el-proceso-de-recuperacion-tras-anos-de-lucha-podia-vomitar-hasta-cinco-o-seis-veces-al-dia\/"},"modified":"2026-04-11T10:08:18","modified_gmt":"2026-04-11T13:08:18","slug":"johanna-fadul-narra-su-experiencia-con-la-bulimia-y-el-proceso-de-recuperacion-tras-anos-de-lucha-podia-vomitar-hasta-cinco-o-seis-veces-al-dia","status":"publish","type":"post","link":"https:\/\/fmgente.com.ar\/web\/johanna-fadul-narra-su-experiencia-con-la-bulimia-y-el-proceso-de-recuperacion-tras-anos-de-lucha-podia-vomitar-hasta-cinco-o-seis-veces-al-dia\/","title":{"rendered":"Johanna Fadul narra su experiencia con la bulimia y el proceso de recuperaci\u00f3n tras a\u00f1os de lucha: \u201cPod\u00eda vomitar hasta cinco o seis veces al d\u00eda\u201d"},"content":{"rendered":"<p><img loading=\"lazy\" decoding=\"async\" src=\"https:\/\/www.infobae.com\/resizer\/v2\/4TOBMZPR7NATDB4AZH2SDIQQWI.jpg?auth=3a9eeef18dff9a7799ca792431e1212c92a495e669194f33cf0f197bd8735689&amp;smart=true&amp;width=1920&amp;height=1080\" alt=\"La actriz Johanna Fadul describe c\u00f3mo la ausencia de su padre influy\u00f3 en su trastorno alimenticio - cr\u00e9dito cortes\u00eda RCN\" height=\"1080\" width=\"1920\" \/><\/p>\n<p>La actriz colombiana <b>Johanna Fadul comparti\u00f3, en una entrevista para el programa <\/b><i><b>Abre Tu Ventana<\/b><\/i><b>, su experiencia con los trastornos alimenticios que marc\u00f3 su juventud y parte de su vida adulta. <\/b><\/p>\n<p>La int\u00e9rprete describi\u00f3 por primera vez ante las c\u00e1maras c\u00f3mo entr\u00f3 al mundo de la bulimia sin saber qu\u00e9 significaba esta enfermedad, o qu\u00e9 significaba anorexia, o sin saber que eso le estaba pasando. Su testimonio, recogido en una extensa conversaci\u00f3n, expuso los or\u00edgenes emocionales de su relaci\u00f3n conflictiva con la comida y el largo proceso de recuperaci\u00f3n.<\/p>\n<p>Durante la charla, <b>Fadul relat\u00f3 los inicios de la problem\u00e1tica a partir de la adolescencia, etapa en la que, seg\u00fan sus palabras, la comparaci\u00f3n y las inseguridades se intensificaron. \u201cPas\u00e9 de comerme lo que me mandaran en la lonchera a aguantar hambre\u201d, record\u00f3 la actriz<\/b>. En su entorno, la presi\u00f3n por la imagen y la presencia de vac\u00edos afectivos se convirtieron en factores determinantes para el desarrollo de conductas que ella misma no lograba identificar en ese momento.<\/p>\n<p><img loading=\"lazy\" decoding=\"async\" src=\"https:\/\/www.infobae.com\/resizer\/v2\/TH7WBUSRUZDFDEQ7WW3ZE7TLDE.jpg?auth=4d70111111db1e814988287470d1fd7bb0c326f13be93ca82983f32fbe64cd27&amp;smart=true&amp;width=1996&amp;height=3000\" alt=\"Tras salir del programa, Johanna Fadul dijo que recibi\u00f3 acompa\u00f1amiento psicol\u00f3gico del canal, seg\u00fan lo revel\u00f3 en su en vivo - cr\u00e9dito cortes\u00eda Canal RCN\" height=\"3000\" width=\"1996\" \/><\/p>\n<p>La ausencia de su padre y los cambios tras el divorcio familiar se convirtieron en detonantes emocionales: \u201cEse vac\u00edo que \u00e9l dej\u00f3, yo lo llenaba comiendo y despu\u00e9s vomitando\u201d.<\/p>\n<p>La actriz detall\u00f3 c\u00f3mo la bulimia y la anorexia se instalaron en su vida de forma casi inadvertida.<b> \u201cYo me fui con ese temor de \u2018me voy a engordar\u2019, y all\u00e1 empec\u00e9 a vomitar cuando viajamos&#8230; todo fue demasiado inconsciente, fui al ba\u00f1o y me empec\u00e9 a meter el dedo\u201d,<\/b> expres\u00f3 sobre su estad\u00eda en Estados Unidos durante la adolescencia. Al regresar a Colombia, la conducta se volvi\u00f3 rutina y la compulsi\u00f3n por comer y vomitar ocup\u00f3 un espacio central en su d\u00eda a d\u00eda: <b>\u201cTodos los d\u00edas com\u00eda, pod\u00eda llegar a vomitar hasta cinco o seis veces al d\u00eda, todo el d\u00eda me la pasaba en esas\u201d<\/b>.<\/p>\n<p>El entorno familiar, seg\u00fan explic\u00f3, not\u00f3 el cambio, pero prevaleci\u00f3 el silencio y la falta de confrontaci\u00f3n directa. \u201cMi mam\u00e1 nunca me confront\u00f3, nunca se me sent\u00f3 al lado y me dijo, \u2018oye, \u00bfqu\u00e9 est\u00e1 pasando?\u2019&#8230; todo era como a ver a pescarme\u201d. <\/p>\n<p>El proceso de identificaci\u00f3n del problema y la b\u00fasqueda de ayuda fue prolongado. Fadul reconoci\u00f3 que pas\u00f3 por varios centros de rehabilitaci\u00f3n hasta dar con una instituci\u00f3n donde pudo comenzar a reconstruirse: \u201cVi, me gust\u00f3 el campus&#8230; Acepto la invitaci\u00f3n y me quedo\u201d.<\/p>\n<p><img loading=\"lazy\" decoding=\"async\" src=\"https:\/\/www.infobae.com\/resizer\/v2\/MPSDK4JZVJFERAY2FTUYELYMH4.png?auth=eb921cbf3cebffd7e37aacdfcc9ffeb7b3b420586e8c3284b7e6e722ceb48d34&amp;smart=true&amp;width=1920&amp;height=1080\" alt=\"La separaci\u00f3n de sus padres influy\u00f3 de forma decisiva en su salud emocional y en el desarrollo de conductas alimentarias problem\u00e1ticas - cr\u00e9dito 'Abre tu ventana' \/ YouTube\" height=\"1080\" width=\"1920\" \/><\/p>\n<p>El camino de la recuperaci\u00f3n incluy\u00f3 reca\u00eddas y momentos de autoobservaci\u00f3n sobre la ra\u00edz del dolor emocional.<b> La actriz destac\u00f3 la importancia del trabajo interno y el aprendizaje de herramientas para el autocuidado: \u201cAprend\u00ed aqu\u00ed a aceptarme, a amarme, a decir no&#8230; primero estoy yo\u201d.<\/b> Se\u00f1al\u00f3 que la adicci\u00f3n alimentaria deja secuelas de por vida y que la vigilancia sobre los h\u00e1bitos alimenticios contin\u00faa siendo parte de su cotidianidad. \u201cLas adicciones en nosotros, los que pasamos por esto, es algo que va a estar por el resto de nuestras vidas&#8230; aqu\u00ed est\u00e1 el diablito todo el tiempo hablando, siempre est\u00e1 ah\u00ed\u201d.<\/p>\n<p>El control y el autocuidado son ahora herramientas indispensables para Fadul. La actriz afirm\u00f3 que hoy mantiene una dieta estricta y ha desarrollado mecanismos para evitar reca\u00eddas. \u201cYo controlo lo que me como siempre&#8230; no sobrepasarme para no embarrarla\u201d. <\/p>\n<p>Durante la entrevista, Fadul tambi\u00e9n reflexion\u00f3 sobre el impacto de los comentarios en redes sociales y la exposici\u00f3n p\u00fablica, recordando que detr\u00e1s de cada figura medi\u00e1tica hay historias humanas complejas. \u201cSoy un ser humano igual que cualquiera, que va al ba\u00f1o, que tiene problemas, que tiene sentimientos, que un d\u00eda est\u00e1 triste, que otro d\u00eda est\u00e1 feliz\u201d.<\/p>\n<p><img loading=\"lazy\" decoding=\"async\" src=\"https:\/\/www.infobae.com\/resizer\/v2\/7BNFUAE4KFBYBCXCIKF3X4KKNE.jpg?auth=3b14658b68fc098947729c188c0129185e843ecf98410b40ae351d2dcd3b5da9&amp;smart=true&amp;width=1920&amp;height=1080\" alt=\"Fadul explic\u00f3 que la vigilancia sobre los h\u00e1bitos alimenticios permanece en su vida y requiere esfuerzo y disciplina cada d\u00eda - cr\u00e9dito cortes\u00eda RCN\" height=\"1080\" width=\"1920\" \/><\/p>\n<p>La conversaci\u00f3n concluy\u00f3 con un mensaje sobre la importancia de la empat\u00eda y la responsabilidad en el trato hacia los dem\u00e1s, especialmente en entornos digitales: \u201cM\u00e1s amor, menos odio&#8230; s\u00ed se puede salir de las situaciones dif\u00edciles\u201d. <\/p>\n","protected":false},"excerpt":{"rendered":"<p>La actriz colombiana Johanna Fadul comparti\u00f3, en una entrevista para el programa Abre Tu Ventana,<\/p>\n","protected":false},"author":0,"featured_media":0,"comment_status":"","ping_status":"","sticky":false,"template":"","format":"standard","meta":{"footnotes":""},"categories":[11],"tags":[],"class_list":["post-19159","post","type-post","status-publish","format-standard","hentry","category-destacadas"],"yoast_head":"<!-- This site is optimized with the Yoast SEO plugin v27.4 - https:\/\/yoast.com\/product\/yoast-seo-wordpress\/ -->\n<title>Johanna Fadul narra su experiencia con la bulimia y el proceso de recuperaci\u00f3n tras a\u00f1os de lucha: \u201cPod\u00eda vomitar hasta cinco o seis veces al d\u00eda\u201d - Fm Gente<\/title>\n<meta name=\"robots\" content=\"index, follow, max-snippet:-1, max-image-preview:large, max-video-preview:-1\" \/>\n<link rel=\"canonical\" href=\"https:\/\/fmgente.com.ar\/web\/johanna-fadul-narra-su-experiencia-con-la-bulimia-y-el-proceso-de-recuperacion-tras-anos-de-lucha-podia-vomitar-hasta-cinco-o-seis-veces-al-dia\/\" \/>\n<meta property=\"og:locale\" content=\"es_ES\" \/>\n<meta property=\"og:type\" content=\"article\" \/>\n<meta property=\"og:title\" content=\"Johanna Fadul narra su experiencia con la bulimia y el proceso de recuperaci\u00f3n tras a\u00f1os de lucha: \u201cPod\u00eda vomitar hasta cinco o seis veces al d\u00eda\u201d - Fm Gente\" \/>\n<meta property=\"og:description\" content=\"La actriz colombiana Johanna Fadul comparti\u00f3, en una entrevista para el programa Abre Tu Ventana,\" \/>\n<meta property=\"og:url\" content=\"https:\/\/fmgente.com.ar\/web\/johanna-fadul-narra-su-experiencia-con-la-bulimia-y-el-proceso-de-recuperacion-tras-anos-de-lucha-podia-vomitar-hasta-cinco-o-seis-veces-al-dia\/\" \/>\n<meta property=\"og:site_name\" content=\"Fm Gente\" \/>\n<meta property=\"article:published_time\" content=\"2026-04-11T13:08:18+00:00\" \/>\n<meta property=\"og:image\" content=\"https:\/\/www.infobae.com\/resizer\/v2\/4TOBMZPR7NATDB4AZH2SDIQQWI.jpg?auth=3a9eeef18dff9a7799ca792431e1212c92a495e669194f33cf0f197bd8735689&amp;smart=true&amp;width=1920&amp;height=1080\" \/>\n<meta name=\"twitter:card\" content=\"summary_large_image\" \/>\n<meta name=\"twitter:label1\" content=\"Tiempo de lectura\" \/>\n\t<meta name=\"twitter:data1\" content=\"3 minutos\" \/>\n<script type=\"application\/ld+json\" class=\"yoast-schema-graph\">{\"@context\":\"https:\\\/\\\/schema.org\",\"@graph\":[{\"@type\":\"Article\",\"@id\":\"https:\\\/\\\/fmgente.com.ar\\\/web\\\/johanna-fadul-narra-su-experiencia-con-la-bulimia-y-el-proceso-de-recuperacion-tras-anos-de-lucha-podia-vomitar-hasta-cinco-o-seis-veces-al-dia\\\/#article\",\"isPartOf\":{\"@id\":\"https:\\\/\\\/fmgente.com.ar\\\/web\\\/johanna-fadul-narra-su-experiencia-con-la-bulimia-y-el-proceso-de-recuperacion-tras-anos-de-lucha-podia-vomitar-hasta-cinco-o-seis-veces-al-dia\\\/\"},\"author\":{\"name\":\"\",\"@id\":\"\"},\"headline\":\"Johanna Fadul narra su experiencia con la bulimia y el proceso de recuperaci\u00f3n tras a\u00f1os de lucha: \u201cPod\u00eda vomitar hasta cinco o seis veces al d\u00eda\u201d\",\"datePublished\":\"2026-04-11T13:08:18+00:00\",\"mainEntityOfPage\":{\"@id\":\"https:\\\/\\\/fmgente.com.ar\\\/web\\\/johanna-fadul-narra-su-experiencia-con-la-bulimia-y-el-proceso-de-recuperacion-tras-anos-de-lucha-podia-vomitar-hasta-cinco-o-seis-veces-al-dia\\\/\"},\"wordCount\":708,\"publisher\":{\"@id\":\"https:\\\/\\\/fmgente.com.ar\\\/web\\\/#organization\"},\"image\":{\"@id\":\"https:\\\/\\\/fmgente.com.ar\\\/web\\\/johanna-fadul-narra-su-experiencia-con-la-bulimia-y-el-proceso-de-recuperacion-tras-anos-de-lucha-podia-vomitar-hasta-cinco-o-seis-veces-al-dia\\\/#primaryimage\"},\"thumbnailUrl\":\"https:\\\/\\\/www.infobae.com\\\/resizer\\\/v2\\\/4TOBMZPR7NATDB4AZH2SDIQQWI.jpg?auth=3a9eeef18dff9a7799ca792431e1212c92a495e669194f33cf0f197bd8735689&amp;smart=true&amp;width=1920&amp;height=1080\",\"articleSection\":[\"DESTACADAS\"],\"inLanguage\":\"es\"},{\"@type\":\"WebPage\",\"@id\":\"https:\\\/\\\/fmgente.com.ar\\\/web\\\/johanna-fadul-narra-su-experiencia-con-la-bulimia-y-el-proceso-de-recuperacion-tras-anos-de-lucha-podia-vomitar-hasta-cinco-o-seis-veces-al-dia\\\/\",\"url\":\"https:\\\/\\\/fmgente.com.ar\\\/web\\\/johanna-fadul-narra-su-experiencia-con-la-bulimia-y-el-proceso-de-recuperacion-tras-anos-de-lucha-podia-vomitar-hasta-cinco-o-seis-veces-al-dia\\\/\",\"name\":\"Johanna Fadul narra su experiencia con la bulimia y el proceso de recuperaci\u00f3n tras a\u00f1os de lucha: \u201cPod\u00eda vomitar hasta cinco o seis veces al d\u00eda\u201d - Fm Gente\",\"isPartOf\":{\"@id\":\"https:\\\/\\\/fmgente.com.ar\\\/web\\\/#website\"},\"primaryImageOfPage\":{\"@id\":\"https:\\\/\\\/fmgente.com.ar\\\/web\\\/johanna-fadul-narra-su-experiencia-con-la-bulimia-y-el-proceso-de-recuperacion-tras-anos-de-lucha-podia-vomitar-hasta-cinco-o-seis-veces-al-dia\\\/#primaryimage\"},\"image\":{\"@id\":\"https:\\\/\\\/fmgente.com.ar\\\/web\\\/johanna-fadul-narra-su-experiencia-con-la-bulimia-y-el-proceso-de-recuperacion-tras-anos-de-lucha-podia-vomitar-hasta-cinco-o-seis-veces-al-dia\\\/#primaryimage\"},\"thumbnailUrl\":\"https:\\\/\\\/www.infobae.com\\\/resizer\\\/v2\\\/4TOBMZPR7NATDB4AZH2SDIQQWI.jpg?auth=3a9eeef18dff9a7799ca792431e1212c92a495e669194f33cf0f197bd8735689&amp;smart=true&amp;width=1920&amp;height=1080\",\"datePublished\":\"2026-04-11T13:08:18+00:00\",\"inLanguage\":\"es\",\"potentialAction\":[{\"@type\":\"ReadAction\",\"target\":[\"https:\\\/\\\/fmgente.com.ar\\\/web\\\/johanna-fadul-narra-su-experiencia-con-la-bulimia-y-el-proceso-de-recuperacion-tras-anos-de-lucha-podia-vomitar-hasta-cinco-o-seis-veces-al-dia\\\/\"]}]},{\"@type\":\"ImageObject\",\"inLanguage\":\"es\",\"@id\":\"https:\\\/\\\/fmgente.com.ar\\\/web\\\/johanna-fadul-narra-su-experiencia-con-la-bulimia-y-el-proceso-de-recuperacion-tras-anos-de-lucha-podia-vomitar-hasta-cinco-o-seis-veces-al-dia\\\/#primaryimage\",\"url\":\"https:\\\/\\\/www.infobae.com\\\/resizer\\\/v2\\\/4TOBMZPR7NATDB4AZH2SDIQQWI.jpg?auth=3a9eeef18dff9a7799ca792431e1212c92a495e669194f33cf0f197bd8735689&amp;smart=true&amp;width=1920&amp;height=1080\",\"contentUrl\":\"https:\\\/\\\/www.infobae.com\\\/resizer\\\/v2\\\/4TOBMZPR7NATDB4AZH2SDIQQWI.jpg?auth=3a9eeef18dff9a7799ca792431e1212c92a495e669194f33cf0f197bd8735689&amp;smart=true&amp;width=1920&amp;height=1080\"},{\"@type\":\"WebSite\",\"@id\":\"https:\\\/\\\/fmgente.com.ar\\\/web\\\/#website\",\"url\":\"https:\\\/\\\/fmgente.com.ar\\\/web\\\/\",\"name\":\"Fm Gente\",\"description\":\"- Jes\u00fas Mar\u00eda\",\"publisher\":{\"@id\":\"https:\\\/\\\/fmgente.com.ar\\\/web\\\/#organization\"},\"potentialAction\":[{\"@type\":\"SearchAction\",\"target\":{\"@type\":\"EntryPoint\",\"urlTemplate\":\"https:\\\/\\\/fmgente.com.ar\\\/web\\\/?s={search_term_string}\"},\"query-input\":{\"@type\":\"PropertyValueSpecification\",\"valueRequired\":true,\"valueName\":\"search_term_string\"}}],\"inLanguage\":\"es\"},{\"@type\":\"Organization\",\"@id\":\"https:\\\/\\\/fmgente.com.ar\\\/web\\\/#organization\",\"name\":\"Fm Gente\",\"url\":\"https:\\\/\\\/fmgente.com.ar\\\/web\\\/\",\"logo\":{\"@type\":\"ImageObject\",\"inLanguage\":\"es\",\"@id\":\"https:\\\/\\\/fmgente.com.ar\\\/web\\\/#\\\/schema\\\/logo\\\/image\\\/\",\"url\":\"https:\\\/\\\/fmgente.com.ar\\\/web\\\/wp-content\\\/uploads\\\/2023\\\/07\\\/cropped-cropped-logo-sombra2.png\",\"contentUrl\":\"https:\\\/\\\/fmgente.com.ar\\\/web\\\/wp-content\\\/uploads\\\/2023\\\/07\\\/cropped-cropped-logo-sombra2.png\",\"width\":1782,\"height\":1782,\"caption\":\"Fm Gente\"},\"image\":{\"@id\":\"https:\\\/\\\/fmgente.com.ar\\\/web\\\/#\\\/schema\\\/logo\\\/image\\\/\"}}]}<\/script>\n<!-- \/ Yoast SEO plugin. -->","yoast_head_json":{"title":"Johanna Fadul narra su experiencia con la bulimia y el proceso de recuperaci\u00f3n tras a\u00f1os de lucha: \u201cPod\u00eda vomitar hasta cinco o seis veces al d\u00eda\u201d - Fm Gente","robots":{"index":"index","follow":"follow","max-snippet":"max-snippet:-1","max-image-preview":"max-image-preview:large","max-video-preview":"max-video-preview:-1"},"canonical":"https:\/\/fmgente.com.ar\/web\/johanna-fadul-narra-su-experiencia-con-la-bulimia-y-el-proceso-de-recuperacion-tras-anos-de-lucha-podia-vomitar-hasta-cinco-o-seis-veces-al-dia\/","og_locale":"es_ES","og_type":"article","og_title":"Johanna Fadul narra su experiencia con la bulimia y el proceso de recuperaci\u00f3n tras a\u00f1os de lucha: \u201cPod\u00eda vomitar hasta cinco o seis veces al d\u00eda\u201d - Fm Gente","og_description":"La actriz colombiana Johanna Fadul comparti\u00f3, en una entrevista para el programa Abre Tu Ventana,","og_url":"https:\/\/fmgente.com.ar\/web\/johanna-fadul-narra-su-experiencia-con-la-bulimia-y-el-proceso-de-recuperacion-tras-anos-de-lucha-podia-vomitar-hasta-cinco-o-seis-veces-al-dia\/","og_site_name":"Fm Gente","article_published_time":"2026-04-11T13:08:18+00:00","og_image":[{"url":"https:\/\/www.infobae.com\/resizer\/v2\/4TOBMZPR7NATDB4AZH2SDIQQWI.jpg?auth=3a9eeef18dff9a7799ca792431e1212c92a495e669194f33cf0f197bd8735689&amp;smart=true&amp;width=1920&amp;height=1080","type":"","width":"","height":""}],"twitter_card":"summary_large_image","twitter_misc":{"Tiempo de lectura":"3 minutos"},"schema":{"@context":"https:\/\/schema.org","@graph":[{"@type":"Article","@id":"https:\/\/fmgente.com.ar\/web\/johanna-fadul-narra-su-experiencia-con-la-bulimia-y-el-proceso-de-recuperacion-tras-anos-de-lucha-podia-vomitar-hasta-cinco-o-seis-veces-al-dia\/#article","isPartOf":{"@id":"https:\/\/fmgente.com.ar\/web\/johanna-fadul-narra-su-experiencia-con-la-bulimia-y-el-proceso-de-recuperacion-tras-anos-de-lucha-podia-vomitar-hasta-cinco-o-seis-veces-al-dia\/"},"author":{"name":"","@id":""},"headline":"Johanna Fadul narra su experiencia con la bulimia y el proceso de recuperaci\u00f3n tras a\u00f1os de lucha: \u201cPod\u00eda vomitar hasta cinco o seis veces al d\u00eda\u201d","datePublished":"2026-04-11T13:08:18+00:00","mainEntityOfPage":{"@id":"https:\/\/fmgente.com.ar\/web\/johanna-fadul-narra-su-experiencia-con-la-bulimia-y-el-proceso-de-recuperacion-tras-anos-de-lucha-podia-vomitar-hasta-cinco-o-seis-veces-al-dia\/"},"wordCount":708,"publisher":{"@id":"https:\/\/fmgente.com.ar\/web\/#organization"},"image":{"@id":"https:\/\/fmgente.com.ar\/web\/johanna-fadul-narra-su-experiencia-con-la-bulimia-y-el-proceso-de-recuperacion-tras-anos-de-lucha-podia-vomitar-hasta-cinco-o-seis-veces-al-dia\/#primaryimage"},"thumbnailUrl":"https:\/\/www.infobae.com\/resizer\/v2\/4TOBMZPR7NATDB4AZH2SDIQQWI.jpg?auth=3a9eeef18dff9a7799ca792431e1212c92a495e669194f33cf0f197bd8735689&amp;smart=true&amp;width=1920&amp;height=1080","articleSection":["DESTACADAS"],"inLanguage":"es"},{"@type":"WebPage","@id":"https:\/\/fmgente.com.ar\/web\/johanna-fadul-narra-su-experiencia-con-la-bulimia-y-el-proceso-de-recuperacion-tras-anos-de-lucha-podia-vomitar-hasta-cinco-o-seis-veces-al-dia\/","url":"https:\/\/fmgente.com.ar\/web\/johanna-fadul-narra-su-experiencia-con-la-bulimia-y-el-proceso-de-recuperacion-tras-anos-de-lucha-podia-vomitar-hasta-cinco-o-seis-veces-al-dia\/","name":"Johanna Fadul narra su experiencia con la bulimia y el proceso de recuperaci\u00f3n tras a\u00f1os de lucha: \u201cPod\u00eda vomitar hasta cinco o seis veces al d\u00eda\u201d - Fm Gente","isPartOf":{"@id":"https:\/\/fmgente.com.ar\/web\/#website"},"primaryImageOfPage":{"@id":"https:\/\/fmgente.com.ar\/web\/johanna-fadul-narra-su-experiencia-con-la-bulimia-y-el-proceso-de-recuperacion-tras-anos-de-lucha-podia-vomitar-hasta-cinco-o-seis-veces-al-dia\/#primaryimage"},"image":{"@id":"https:\/\/fmgente.com.ar\/web\/johanna-fadul-narra-su-experiencia-con-la-bulimia-y-el-proceso-de-recuperacion-tras-anos-de-lucha-podia-vomitar-hasta-cinco-o-seis-veces-al-dia\/#primaryimage"},"thumbnailUrl":"https:\/\/www.infobae.com\/resizer\/v2\/4TOBMZPR7NATDB4AZH2SDIQQWI.jpg?auth=3a9eeef18dff9a7799ca792431e1212c92a495e669194f33cf0f197bd8735689&amp;smart=true&amp;width=1920&amp;height=1080","datePublished":"2026-04-11T13:08:18+00:00","inLanguage":"es","potentialAction":[{"@type":"ReadAction","target":["https:\/\/fmgente.com.ar\/web\/johanna-fadul-narra-su-experiencia-con-la-bulimia-y-el-proceso-de-recuperacion-tras-anos-de-lucha-podia-vomitar-hasta-cinco-o-seis-veces-al-dia\/"]}]},{"@type":"ImageObject","inLanguage":"es","@id":"https:\/\/fmgente.com.ar\/web\/johanna-fadul-narra-su-experiencia-con-la-bulimia-y-el-proceso-de-recuperacion-tras-anos-de-lucha-podia-vomitar-hasta-cinco-o-seis-veces-al-dia\/#primaryimage","url":"https:\/\/www.infobae.com\/resizer\/v2\/4TOBMZPR7NATDB4AZH2SDIQQWI.jpg?auth=3a9eeef18dff9a7799ca792431e1212c92a495e669194f33cf0f197bd8735689&amp;smart=true&amp;width=1920&amp;height=1080","contentUrl":"https:\/\/www.infobae.com\/resizer\/v2\/4TOBMZPR7NATDB4AZH2SDIQQWI.jpg?auth=3a9eeef18dff9a7799ca792431e1212c92a495e669194f33cf0f197bd8735689&amp;smart=true&amp;width=1920&amp;height=1080"},{"@type":"WebSite","@id":"https:\/\/fmgente.com.ar\/web\/#website","url":"https:\/\/fmgente.com.ar\/web\/","name":"Fm Gente","description":"- Jes\u00fas Mar\u00eda","publisher":{"@id":"https:\/\/fmgente.com.ar\/web\/#organization"},"potentialAction":[{"@type":"SearchAction","target":{"@type":"EntryPoint","urlTemplate":"https:\/\/fmgente.com.ar\/web\/?s={search_term_string}"},"query-input":{"@type":"PropertyValueSpecification","valueRequired":true,"valueName":"search_term_string"}}],"inLanguage":"es"},{"@type":"Organization","@id":"https:\/\/fmgente.com.ar\/web\/#organization","name":"Fm Gente","url":"https:\/\/fmgente.com.ar\/web\/","logo":{"@type":"ImageObject","inLanguage":"es","@id":"https:\/\/fmgente.com.ar\/web\/#\/schema\/logo\/image\/","url":"https:\/\/fmgente.com.ar\/web\/wp-content\/uploads\/2023\/07\/cropped-cropped-logo-sombra2.png","contentUrl":"https:\/\/fmgente.com.ar\/web\/wp-content\/uploads\/2023\/07\/cropped-cropped-logo-sombra2.png","width":1782,"height":1782,"caption":"Fm Gente"},"image":{"@id":"https:\/\/fmgente.com.ar\/web\/#\/schema\/logo\/image\/"}}]}},"_links":{"self":[{"href":"https:\/\/fmgente.com.ar\/web\/wp-json\/wp\/v2\/posts\/19159","targetHints":{"allow":["GET"]}}],"collection":[{"href":"https:\/\/fmgente.com.ar\/web\/wp-json\/wp\/v2\/posts"}],"about":[{"href":"https:\/\/fmgente.com.ar\/web\/wp-json\/wp\/v2\/types\/post"}],"replies":[{"embeddable":true,"href":"https:\/\/fmgente.com.ar\/web\/wp-json\/wp\/v2\/comments?post=19159"}],"version-history":[{"count":0,"href":"https:\/\/fmgente.com.ar\/web\/wp-json\/wp\/v2\/posts\/19159\/revisions"}],"wp:attachment":[{"href":"https:\/\/fmgente.com.ar\/web\/wp-json\/wp\/v2\/media?parent=19159"}],"wp:term":[{"taxonomy":"category","embeddable":true,"href":"https:\/\/fmgente.com.ar\/web\/wp-json\/wp\/v2\/categories?post=19159"},{"taxonomy":"post_tag","embeddable":true,"href":"https:\/\/fmgente.com.ar\/web\/wp-json\/wp\/v2\/tags?post=19159"}],"curies":[{"name":"wp","href":"https:\/\/api.w.org\/{rel}","templated":true}]}}