{"id":19151,"date":"2026-04-11T09:06:15","date_gmt":"2026-04-11T12:06:15","guid":{"rendered":"https:\/\/fmgente.com.ar\/web\/islamabad-se-convierte-en-el-epicentro-de-una-negociacion-historica-entre-iran-y-ee-uu\/"},"modified":"2026-04-11T09:06:15","modified_gmt":"2026-04-11T12:06:15","slug":"islamabad-se-convierte-en-el-epicentro-de-una-negociacion-historica-entre-iran-y-ee-uu","status":"publish","type":"post","link":"https:\/\/fmgente.com.ar\/web\/islamabad-se-convierte-en-el-epicentro-de-una-negociacion-historica-entre-iran-y-ee-uu\/","title":{"rendered":"Islamabad se convierte en el epicentro de una negociaci\u00f3n hist\u00f3rica entre Ir\u00e1n y EE.\u00a0UU."},"content":{"rendered":"<p>Buenos Aires, 11 abril (NA) &#8211;  Pakist\u00e1n oficializ\u00f3 su rol de mediador internacional este s\u00e1bado al recibir de forma consecutiva a los representantes de Ir\u00e1n y Estados Unidos, marcando un punto de inflexi\u00f3n en la diplomacia global. <\/p>\n<p>La delegaci\u00f3n de la Rep\u00fablica Isl\u00e1mica, encabezada por el presidente del Parlamento, Mohamad Baqer Qalibaf, mantuvo una reuni\u00f3n con el primer ministro de Pakist\u00e1n, Shehbaz Sharif, tras haber celebrado un encuentro previo con el jefe del Ej\u00e9rcito, el general Asim Munir, con el objetivo de coordinar los detalles t\u00e9cnicos del inicio del di\u00e1logo con la administraci\u00f3n norteamericana. <\/p>\n<p>La comitiva iran\u00ed concret\u00f3 la cita con Sharif a las 13:00 hora local, despu\u00e9s de las consultas de alto nivel realizadas la noche anterior con la c\u00fapula militar paquistan\u00ed, seg\u00fan puso saber la Agencia Noticias Argentinas.<\/p>\n<p>De manera inmediata, el mandatario local recibi\u00f3 al vicepresidente de Estados Unidos, JD Vance, quien permanece instalado junto a su delegaci\u00f3n en el hotel Serena de la capital, complejo designado como sede oficial de las negociaciones. <\/p>\n<p>Esta secuencia de encuentros bilaterales precede a lo que las autoridades describen como el comienzo formal de las tratativas de paz en suelo isl\u00e1mico. <\/p>\n<p>Seg\u00fan confirm\u00f3 oficialmente la oficina del primer ministro, \u00abal dar comienzo hoy las Conversaciones de Islamabad, el Primer Ministro de Pakist\u00e1n, Muhammad Shehbaz Sharif, mantuvo una reuni\u00f3n con Su Excelencia JD Vance, Vicepresidente de los Estados Unidos\u00bb. <\/p>\n<p>Pese al hermetismo sobre la hoja de ruta inmediata, los movimientos diplom\u00e1ticos en Islamabad confirman la puesta en marcha de un canal de comunicaci\u00f3n directa entre las potencias en conflicto.<\/p>\n<p>#AgenciaNA<\/p>\n","protected":false},"excerpt":{"rendered":"<p>Buenos Aires, 11 abril (NA) &#8211; Pakist\u00e1n oficializ\u00f3 su rol de mediador internacional este s\u00e1bado<\/p>\n","protected":false},"author":0,"featured_media":19152,"comment_status":"","ping_status":"","sticky":false,"template":"","format":"standard","meta":{"footnotes":""},"categories":[1],"tags":[],"class_list":["post-19151","post","type-post","status-publish","format-standard","has-post-thumbnail","hentry","category-regionales"],"yoast_head":"<!-- This site is optimized with the Yoast SEO plugin v27.4 - https:\/\/yoast.com\/product\/yoast-seo-wordpress\/ -->\n<title>Islamabad se convierte en el epicentro de una negociaci\u00f3n hist\u00f3rica entre Ir\u00e1n y EE.\u00a0UU. - Fm Gente<\/title>\n<meta name=\"robots\" content=\"index, follow, max-snippet:-1, max-image-preview:large, max-video-preview:-1\" \/>\n<link rel=\"canonical\" href=\"https:\/\/fmgente.com.ar\/web\/islamabad-se-convierte-en-el-epicentro-de-una-negociacion-historica-entre-iran-y-ee-uu\/\" \/>\n<meta property=\"og:locale\" content=\"es_ES\" \/>\n<meta property=\"og:type\" content=\"article\" \/>\n<meta property=\"og:title\" content=\"Islamabad se convierte en el epicentro de una negociaci\u00f3n hist\u00f3rica entre Ir\u00e1n y EE.\u00a0UU. - Fm Gente\" \/>\n<meta property=\"og:description\" content=\"Buenos Aires, 11 abril (NA) &#8211; Pakist\u00e1n oficializ\u00f3 su rol de mediador internacional este s\u00e1bado\" \/>\n<meta property=\"og:url\" content=\"https:\/\/fmgente.com.ar\/web\/islamabad-se-convierte-en-el-epicentro-de-una-negociacion-historica-entre-iran-y-ee-uu\/\" \/>\n<meta property=\"og:site_name\" content=\"Fm Gente\" \/>\n<meta property=\"article:published_time\" content=\"2026-04-11T12:06:15+00:00\" \/>\n<meta name=\"twitter:card\" content=\"summary_large_image\" \/>\n<meta name=\"twitter:label1\" content=\"Tiempo de lectura\" \/>\n\t<meta name=\"twitter:data1\" content=\"1 minuto\" \/>\n<script type=\"application\/ld+json\" class=\"yoast-schema-graph\">{\"@context\":\"https:\\\/\\\/schema.org\",\"@graph\":[{\"@type\":\"Article\",\"@id\":\"https:\\\/\\\/fmgente.com.ar\\\/web\\\/islamabad-se-convierte-en-el-epicentro-de-una-negociacion-historica-entre-iran-y-ee-uu\\\/#article\",\"isPartOf\":{\"@id\":\"https:\\\/\\\/fmgente.com.ar\\\/web\\\/islamabad-se-convierte-en-el-epicentro-de-una-negociacion-historica-entre-iran-y-ee-uu\\\/\"},\"author\":{\"name\":\"\",\"@id\":\"\"},\"headline\":\"Islamabad se convierte en el epicentro de una negociaci\u00f3n hist\u00f3rica entre Ir\u00e1n y EE.\u00a0UU.\",\"datePublished\":\"2026-04-11T12:06:15+00:00\",\"mainEntityOfPage\":{\"@id\":\"https:\\\/\\\/fmgente.com.ar\\\/web\\\/islamabad-se-convierte-en-el-epicentro-de-una-negociacion-historica-entre-iran-y-ee-uu\\\/\"},\"wordCount\":297,\"publisher\":{\"@id\":\"https:\\\/\\\/fmgente.com.ar\\\/web\\\/#organization\"},\"image\":{\"@id\":\"https:\\\/\\\/fmgente.com.ar\\\/web\\\/islamabad-se-convierte-en-el-epicentro-de-una-negociacion-historica-entre-iran-y-ee-uu\\\/#primaryimage\"},\"thumbnailUrl\":\"https:\\\/\\\/fmgente.com.ar\\\/web\\\/wp-content\\\/uploads\\\/2026\\\/04\\\/720-665.jpeg\",\"articleSection\":[\"REGIONALES\"],\"inLanguage\":\"es\"},{\"@type\":\"WebPage\",\"@id\":\"https:\\\/\\\/fmgente.com.ar\\\/web\\\/islamabad-se-convierte-en-el-epicentro-de-una-negociacion-historica-entre-iran-y-ee-uu\\\/\",\"url\":\"https:\\\/\\\/fmgente.com.ar\\\/web\\\/islamabad-se-convierte-en-el-epicentro-de-una-negociacion-historica-entre-iran-y-ee-uu\\\/\",\"name\":\"Islamabad se convierte en el epicentro de una negociaci\u00f3n hist\u00f3rica entre Ir\u00e1n y EE.\u00a0UU. - Fm Gente\",\"isPartOf\":{\"@id\":\"https:\\\/\\\/fmgente.com.ar\\\/web\\\/#website\"},\"primaryImageOfPage\":{\"@id\":\"https:\\\/\\\/fmgente.com.ar\\\/web\\\/islamabad-se-convierte-en-el-epicentro-de-una-negociacion-historica-entre-iran-y-ee-uu\\\/#primaryimage\"},\"image\":{\"@id\":\"https:\\\/\\\/fmgente.com.ar\\\/web\\\/islamabad-se-convierte-en-el-epicentro-de-una-negociacion-historica-entre-iran-y-ee-uu\\\/#primaryimage\"},\"thumbnailUrl\":\"https:\\\/\\\/fmgente.com.ar\\\/web\\\/wp-content\\\/uploads\\\/2026\\\/04\\\/720-665.jpeg\",\"datePublished\":\"2026-04-11T12:06:15+00:00\",\"inLanguage\":\"es\",\"potentialAction\":[{\"@type\":\"ReadAction\",\"target\":[\"https:\\\/\\\/fmgente.com.ar\\\/web\\\/islamabad-se-convierte-en-el-epicentro-de-una-negociacion-historica-entre-iran-y-ee-uu\\\/\"]}]},{\"@type\":\"ImageObject\",\"inLanguage\":\"es\",\"@id\":\"https:\\\/\\\/fmgente.com.ar\\\/web\\\/islamabad-se-convierte-en-el-epicentro-de-una-negociacion-historica-entre-iran-y-ee-uu\\\/#primaryimage\",\"url\":\"https:\\\/\\\/fmgente.com.ar\\\/web\\\/wp-content\\\/uploads\\\/2026\\\/04\\\/720-665.jpeg\",\"contentUrl\":\"https:\\\/\\\/fmgente.com.ar\\\/web\\\/wp-content\\\/uploads\\\/2026\\\/04\\\/720-665.jpeg\",\"width\":1081,\"height\":720},{\"@type\":\"WebSite\",\"@id\":\"https:\\\/\\\/fmgente.com.ar\\\/web\\\/#website\",\"url\":\"https:\\\/\\\/fmgente.com.ar\\\/web\\\/\",\"name\":\"Fm Gente\",\"description\":\"- Jes\u00fas Mar\u00eda\",\"publisher\":{\"@id\":\"https:\\\/\\\/fmgente.com.ar\\\/web\\\/#organization\"},\"potentialAction\":[{\"@type\":\"SearchAction\",\"target\":{\"@type\":\"EntryPoint\",\"urlTemplate\":\"https:\\\/\\\/fmgente.com.ar\\\/web\\\/?s={search_term_string}\"},\"query-input\":{\"@type\":\"PropertyValueSpecification\",\"valueRequired\":true,\"valueName\":\"search_term_string\"}}],\"inLanguage\":\"es\"},{\"@type\":\"Organization\",\"@id\":\"https:\\\/\\\/fmgente.com.ar\\\/web\\\/#organization\",\"name\":\"Fm Gente\",\"url\":\"https:\\\/\\\/fmgente.com.ar\\\/web\\\/\",\"logo\":{\"@type\":\"ImageObject\",\"inLanguage\":\"es\",\"@id\":\"https:\\\/\\\/fmgente.com.ar\\\/web\\\/#\\\/schema\\\/logo\\\/image\\\/\",\"url\":\"https:\\\/\\\/fmgente.com.ar\\\/web\\\/wp-content\\\/uploads\\\/2023\\\/07\\\/cropped-cropped-logo-sombra2.png\",\"contentUrl\":\"https:\\\/\\\/fmgente.com.ar\\\/web\\\/wp-content\\\/uploads\\\/2023\\\/07\\\/cropped-cropped-logo-sombra2.png\",\"width\":1782,\"height\":1782,\"caption\":\"Fm Gente\"},\"image\":{\"@id\":\"https:\\\/\\\/fmgente.com.ar\\\/web\\\/#\\\/schema\\\/logo\\\/image\\\/\"}}]}<\/script>\n<!-- \/ Yoast SEO plugin. -->","yoast_head_json":{"title":"Islamabad se convierte en el epicentro de una negociaci\u00f3n hist\u00f3rica entre Ir\u00e1n y EE.\u00a0UU. - Fm Gente","robots":{"index":"index","follow":"follow","max-snippet":"max-snippet:-1","max-image-preview":"max-image-preview:large","max-video-preview":"max-video-preview:-1"},"canonical":"https:\/\/fmgente.com.ar\/web\/islamabad-se-convierte-en-el-epicentro-de-una-negociacion-historica-entre-iran-y-ee-uu\/","og_locale":"es_ES","og_type":"article","og_title":"Islamabad se convierte en el epicentro de una negociaci\u00f3n hist\u00f3rica entre Ir\u00e1n y EE.\u00a0UU. - Fm Gente","og_description":"Buenos Aires, 11 abril (NA) &#8211; Pakist\u00e1n oficializ\u00f3 su rol de mediador internacional este s\u00e1bado","og_url":"https:\/\/fmgente.com.ar\/web\/islamabad-se-convierte-en-el-epicentro-de-una-negociacion-historica-entre-iran-y-ee-uu\/","og_site_name":"Fm Gente","article_published_time":"2026-04-11T12:06:15+00:00","twitter_card":"summary_large_image","twitter_misc":{"Tiempo de lectura":"1 minuto"},"schema":{"@context":"https:\/\/schema.org","@graph":[{"@type":"Article","@id":"https:\/\/fmgente.com.ar\/web\/islamabad-se-convierte-en-el-epicentro-de-una-negociacion-historica-entre-iran-y-ee-uu\/#article","isPartOf":{"@id":"https:\/\/fmgente.com.ar\/web\/islamabad-se-convierte-en-el-epicentro-de-una-negociacion-historica-entre-iran-y-ee-uu\/"},"author":{"name":"","@id":""},"headline":"Islamabad se convierte en el epicentro de una negociaci\u00f3n hist\u00f3rica entre Ir\u00e1n y EE.\u00a0UU.","datePublished":"2026-04-11T12:06:15+00:00","mainEntityOfPage":{"@id":"https:\/\/fmgente.com.ar\/web\/islamabad-se-convierte-en-el-epicentro-de-una-negociacion-historica-entre-iran-y-ee-uu\/"},"wordCount":297,"publisher":{"@id":"https:\/\/fmgente.com.ar\/web\/#organization"},"image":{"@id":"https:\/\/fmgente.com.ar\/web\/islamabad-se-convierte-en-el-epicentro-de-una-negociacion-historica-entre-iran-y-ee-uu\/#primaryimage"},"thumbnailUrl":"https:\/\/fmgente.com.ar\/web\/wp-content\/uploads\/2026\/04\/720-665.jpeg","articleSection":["REGIONALES"],"inLanguage":"es"},{"@type":"WebPage","@id":"https:\/\/fmgente.com.ar\/web\/islamabad-se-convierte-en-el-epicentro-de-una-negociacion-historica-entre-iran-y-ee-uu\/","url":"https:\/\/fmgente.com.ar\/web\/islamabad-se-convierte-en-el-epicentro-de-una-negociacion-historica-entre-iran-y-ee-uu\/","name":"Islamabad se convierte en el epicentro de una negociaci\u00f3n hist\u00f3rica entre Ir\u00e1n y EE.\u00a0UU. - Fm Gente","isPartOf":{"@id":"https:\/\/fmgente.com.ar\/web\/#website"},"primaryImageOfPage":{"@id":"https:\/\/fmgente.com.ar\/web\/islamabad-se-convierte-en-el-epicentro-de-una-negociacion-historica-entre-iran-y-ee-uu\/#primaryimage"},"image":{"@id":"https:\/\/fmgente.com.ar\/web\/islamabad-se-convierte-en-el-epicentro-de-una-negociacion-historica-entre-iran-y-ee-uu\/#primaryimage"},"thumbnailUrl":"https:\/\/fmgente.com.ar\/web\/wp-content\/uploads\/2026\/04\/720-665.jpeg","datePublished":"2026-04-11T12:06:15+00:00","inLanguage":"es","potentialAction":[{"@type":"ReadAction","target":["https:\/\/fmgente.com.ar\/web\/islamabad-se-convierte-en-el-epicentro-de-una-negociacion-historica-entre-iran-y-ee-uu\/"]}]},{"@type":"ImageObject","inLanguage":"es","@id":"https:\/\/fmgente.com.ar\/web\/islamabad-se-convierte-en-el-epicentro-de-una-negociacion-historica-entre-iran-y-ee-uu\/#primaryimage","url":"https:\/\/fmgente.com.ar\/web\/wp-content\/uploads\/2026\/04\/720-665.jpeg","contentUrl":"https:\/\/fmgente.com.ar\/web\/wp-content\/uploads\/2026\/04\/720-665.jpeg","width":1081,"height":720},{"@type":"WebSite","@id":"https:\/\/fmgente.com.ar\/web\/#website","url":"https:\/\/fmgente.com.ar\/web\/","name":"Fm Gente","description":"- Jes\u00fas Mar\u00eda","publisher":{"@id":"https:\/\/fmgente.com.ar\/web\/#organization"},"potentialAction":[{"@type":"SearchAction","target":{"@type":"EntryPoint","urlTemplate":"https:\/\/fmgente.com.ar\/web\/?s={search_term_string}"},"query-input":{"@type":"PropertyValueSpecification","valueRequired":true,"valueName":"search_term_string"}}],"inLanguage":"es"},{"@type":"Organization","@id":"https:\/\/fmgente.com.ar\/web\/#organization","name":"Fm Gente","url":"https:\/\/fmgente.com.ar\/web\/","logo":{"@type":"ImageObject","inLanguage":"es","@id":"https:\/\/fmgente.com.ar\/web\/#\/schema\/logo\/image\/","url":"https:\/\/fmgente.com.ar\/web\/wp-content\/uploads\/2023\/07\/cropped-cropped-logo-sombra2.png","contentUrl":"https:\/\/fmgente.com.ar\/web\/wp-content\/uploads\/2023\/07\/cropped-cropped-logo-sombra2.png","width":1782,"height":1782,"caption":"Fm Gente"},"image":{"@id":"https:\/\/fmgente.com.ar\/web\/#\/schema\/logo\/image\/"}}]}},"_links":{"self":[{"href":"https:\/\/fmgente.com.ar\/web\/wp-json\/wp\/v2\/posts\/19151","targetHints":{"allow":["GET"]}}],"collection":[{"href":"https:\/\/fmgente.com.ar\/web\/wp-json\/wp\/v2\/posts"}],"about":[{"href":"https:\/\/fmgente.com.ar\/web\/wp-json\/wp\/v2\/types\/post"}],"replies":[{"embeddable":true,"href":"https:\/\/fmgente.com.ar\/web\/wp-json\/wp\/v2\/comments?post=19151"}],"version-history":[{"count":0,"href":"https:\/\/fmgente.com.ar\/web\/wp-json\/wp\/v2\/posts\/19151\/revisions"}],"wp:featuredmedia":[{"embeddable":true,"href":"https:\/\/fmgente.com.ar\/web\/wp-json\/wp\/v2\/media\/19152"}],"wp:attachment":[{"href":"https:\/\/fmgente.com.ar\/web\/wp-json\/wp\/v2\/media?parent=19151"}],"wp:term":[{"taxonomy":"category","embeddable":true,"href":"https:\/\/fmgente.com.ar\/web\/wp-json\/wp\/v2\/categories?post=19151"},{"taxonomy":"post_tag","embeddable":true,"href":"https:\/\/fmgente.com.ar\/web\/wp-json\/wp\/v2\/tags?post=19151"}],"curies":[{"name":"wp","href":"https:\/\/api.w.org\/{rel}","templated":true}]}}