{"id":19149,"date":"2026-04-11T09:06:15","date_gmt":"2026-04-11T12:06:15","guid":{"rendered":"https:\/\/fmgente.com.ar\/web\/parkinson-se-estima-que-en-argentina-lo-sufren-100-mil-personas\/"},"modified":"2026-04-11T09:06:15","modified_gmt":"2026-04-11T12:06:15","slug":"parkinson-se-estima-que-en-argentina-lo-sufren-100-mil-personas","status":"publish","type":"post","link":"https:\/\/fmgente.com.ar\/web\/parkinson-se-estima-que-en-argentina-lo-sufren-100-mil-personas\/","title":{"rendered":"Parkinson: se estima que en Argentina lo sufren 100 mil personas"},"content":{"rendered":"<p>Buenos Aires, 11 abril (NA) &#8212; La enfermedad de Parkinson es un trastorno neurol\u00f3gico cr\u00f3nico y progresivo que afecta el movimiento y que se produce por la p\u00e9rdida de neuronas que generan dopamina, una sustancia fundamental para el control motor. Con el tiempo, esto impacta en la autonom\u00eda de la persona y puede generar complicaciones asociadas a la propia enfermedad.<\/p>\n<p>Seg\u00fan un informe al que accedi\u00f3 la Agencia Noticias Argentinas en el marco del D\u00eda Mundial del Parkinson, se indic\u00f3 que los s\u00edntomas aparecen lentamente y el primero podr\u00eda ser un temblor apenas perceptible en una sola mano o, a veces, en un pie o en la mand\u00edbula.<\/p>\n<p>Aunque los temblores son comunes en la enfermedad de Parkinson, el trastorno tambi\u00e9n podr\u00eda ocasionar rigidez, disminuci\u00f3n del movimiento y problemas con el equilibrio, lo que aumenta el riesgo de sufrir ca\u00eddas y, si bien no hay datos estad\u00edsticos exactos, se estima que en Argentina unas 100.000 personas viven con esta dolencia.<\/p>\n<p>\u201cAdem\u00e1s de los s\u00edntomas motores, como la lentitud o las dificultades para caminar, tambi\u00e9n pueden aparecer alteraciones del \u00e1nimo y del sue\u00f1o. En etapas iniciales, estos s\u00edntomas suelen responder bien al tratamiento. Sin embargo, a medida que la enfermedad avanza, pueden surgir fluctuaciones en la respuesta a la medicaci\u00f3n, conocidas como per\u00edodos ON y OFF\u201d, explic\u00f3 la Dra. Valeria El Haj.<\/p>\n<p>LA IMPORTANCIA DE LA ACTIVIDAD F\u00cdSICA<\/p>\n<p>En este contexto, la actividad f\u00edsica se consolida como una herramienta terap\u00e9utica fundamental, ya que, no solo ayuda a mejorar la marcha, el equilibrio y la fuerza, sino que tambi\u00e9n impacta positivamente en el \u00e1nimo y la calidad del sue\u00f1o, por lo cual, realizar ejercicio de manera regular y adaptada a cada persona puede contribuir a sostener la funcionalidad y la independencia por m\u00e1s tiempo.<\/p>\n<p>\u201cIncorporar rutinas que combinen ejercicios aer\u00f3bicos, de fuerza y de equilibrio, preferentemente en los momentos del d\u00eda en que la medicaci\u00f3n ofrece mayor efecto. Iniciar la actividad de forma temprana y sostenerla en el tiempo es fundamental\u201d, recomend\u00f3 la directora m\u00e9dica.<\/p>\n<p>Asimismo, a\u00f1adi\u00f3 que \u201cel acompa\u00f1amiento del entorno tambi\u00e9n cumple un rol central\u201d, mientras que el apoyo emocional, la adaptaci\u00f3n del hogar para mayor seguridad y la participaci\u00f3n activa de la familia favorecen la adherencia al tratamiento y mejoran la calidad de vida.<\/p>\n<p>\u201cAbordar el Parkinson desde un enfoque integral, que combine tratamiento m\u00e9dico, actividad f\u00edsica y contenci\u00f3n, permite transitar la enfermedad con mayor bienestar y autonom\u00eda\u201d, finaliz\u00f3 la Dra. El Haj.<\/p>\n<p>ACCEDER A LA INFORMACI\u00d3N, UNA DE LAS CLAVES<\/p>\n<p>El acceso a la informaci\u00f3n y al acompa\u00f1amiento se vuelve central. Frente a estos desaf\u00edos surge Parkinson Argentina, una asociaci\u00f3n de pacientes que trabaja para mejorar la calidad de vida de quienes conviven con esta enfermedad, facilitando el acceso a la informaci\u00f3n y a la investigaci\u00f3n, intentando identificar los recursos que hay en Argentina, para que accedan quienes m\u00e1s los necesitan.<\/p>\n<p>\u201cEl estereotipo m\u00e1s instalado es el de la persona mayor con Parkinson, pero es una enfermedad que tambi\u00e9n afecta a los j\u00f3venes y la realidad es muy diferente. Por ejemplo, en el \u00e1mbito laboral, muchas veces se siente temor al tener que contarlo. Nunca sab\u00e9s c\u00f3mo se lo van a tomar, si te pueden llegar a echar o c\u00f3mo te van a mirar\u201d, explica Lucia Wang, presidente de Parkinson Argentina.<\/p>\n<p>La asociaci\u00f3n fue impulsada por la propia Wang, quien recibi\u00f3 su diagn\u00f3stico a los 33 a\u00f1os: \u201cCuando a m\u00ed me diagnosticaron fue un baldazo de agua fr\u00eda, como para todas las personas que reciben el diagnostico, pero, en mi caso, ten\u00eda solo 33 a\u00f1os y un beb\u00e9 de un mes. Los primeros a\u00f1os estaba asimilando esa nueva realidad, ten\u00eda verg\u00fcenza e intentaba constantemente que no se notara lo que ten\u00eda\u201d.<\/p>\n<p>\u201cHasta que un d\u00eda me di cuenta que ten\u00eda muchas cosas para hacer. Empec\u00e9 identificando las dificultades asociadas a la enfermedad, como la falta de informaci\u00f3n o el acceso a investigaciones por parte de los pacientes, y me propuse comenzar a mejorarlo\u201d, agreg\u00f3.<\/p>\n<p>Adem\u00e1s, se\u00f1ala que, entre un 10% y un 15% de las personas con la enfermedad tienen un v\u00ednculo gen\u00e9tico: \u201cHay personas que tienen cierta disposici\u00f3n gen\u00e9tica y riesgo de padecer la enfermedad. En ese sentido, uno de nuestros grandes logros como asociaci\u00f3n fue haber conseguido implementar en el pa\u00eds estudios de Parkinson y gen\u00e9tica, de los que pueden participar personas con o sin diagn\u00f3stico de la enfermedad, de forma gratuita\u201d.<\/p>\n<p>#AgenciaNA<\/p>\n","protected":false},"excerpt":{"rendered":"<p>Buenos Aires, 11 abril (NA) &#8212; La enfermedad de Parkinson es un trastorno neurol\u00f3gico cr\u00f3nico<\/p>\n","protected":false},"author":0,"featured_media":19150,"comment_status":"","ping_status":"","sticky":false,"template":"","format":"standard","meta":{"footnotes":""},"categories":[1],"tags":[],"class_list":["post-19149","post","type-post","status-publish","format-standard","has-post-thumbnail","hentry","category-regionales"],"yoast_head":"<!-- This site is optimized with the Yoast SEO plugin v27.4 - https:\/\/yoast.com\/product\/yoast-seo-wordpress\/ -->\n<title>Parkinson: se estima que en Argentina lo sufren 100 mil personas - Fm Gente<\/title>\n<meta name=\"robots\" content=\"index, follow, max-snippet:-1, max-image-preview:large, max-video-preview:-1\" \/>\n<link rel=\"canonical\" href=\"https:\/\/fmgente.com.ar\/web\/parkinson-se-estima-que-en-argentina-lo-sufren-100-mil-personas\/\" \/>\n<meta property=\"og:locale\" content=\"es_ES\" \/>\n<meta property=\"og:type\" content=\"article\" \/>\n<meta property=\"og:title\" content=\"Parkinson: se estima que en Argentina lo sufren 100 mil personas - Fm Gente\" \/>\n<meta property=\"og:description\" content=\"Buenos Aires, 11 abril (NA) &#8212; La enfermedad de Parkinson es un trastorno neurol\u00f3gico cr\u00f3nico\" \/>\n<meta property=\"og:url\" content=\"https:\/\/fmgente.com.ar\/web\/parkinson-se-estima-que-en-argentina-lo-sufren-100-mil-personas\/\" \/>\n<meta property=\"og:site_name\" content=\"Fm Gente\" \/>\n<meta property=\"article:published_time\" content=\"2026-04-11T12:06:15+00:00\" \/>\n<meta name=\"twitter:card\" content=\"summary_large_image\" \/>\n<meta name=\"twitter:label1\" content=\"Tiempo de lectura\" \/>\n\t<meta name=\"twitter:data1\" content=\"4 minutos\" \/>\n<script type=\"application\/ld+json\" class=\"yoast-schema-graph\">{\"@context\":\"https:\\\/\\\/schema.org\",\"@graph\":[{\"@type\":\"Article\",\"@id\":\"https:\\\/\\\/fmgente.com.ar\\\/web\\\/parkinson-se-estima-que-en-argentina-lo-sufren-100-mil-personas\\\/#article\",\"isPartOf\":{\"@id\":\"https:\\\/\\\/fmgente.com.ar\\\/web\\\/parkinson-se-estima-que-en-argentina-lo-sufren-100-mil-personas\\\/\"},\"author\":{\"name\":\"\",\"@id\":\"\"},\"headline\":\"Parkinson: se estima que en Argentina lo sufren 100 mil personas\",\"datePublished\":\"2026-04-11T12:06:15+00:00\",\"mainEntityOfPage\":{\"@id\":\"https:\\\/\\\/fmgente.com.ar\\\/web\\\/parkinson-se-estima-que-en-argentina-lo-sufren-100-mil-personas\\\/\"},\"wordCount\":808,\"publisher\":{\"@id\":\"https:\\\/\\\/fmgente.com.ar\\\/web\\\/#organization\"},\"image\":{\"@id\":\"https:\\\/\\\/fmgente.com.ar\\\/web\\\/parkinson-se-estima-que-en-argentina-lo-sufren-100-mil-personas\\\/#primaryimage\"},\"thumbnailUrl\":\"https:\\\/\\\/fmgente.com.ar\\\/web\\\/wp-content\\\/uploads\\\/2026\\\/04\\\/image-16.jpg\",\"articleSection\":[\"REGIONALES\"],\"inLanguage\":\"es\"},{\"@type\":\"WebPage\",\"@id\":\"https:\\\/\\\/fmgente.com.ar\\\/web\\\/parkinson-se-estima-que-en-argentina-lo-sufren-100-mil-personas\\\/\",\"url\":\"https:\\\/\\\/fmgente.com.ar\\\/web\\\/parkinson-se-estima-que-en-argentina-lo-sufren-100-mil-personas\\\/\",\"name\":\"Parkinson: se estima que en Argentina lo sufren 100 mil personas - Fm Gente\",\"isPartOf\":{\"@id\":\"https:\\\/\\\/fmgente.com.ar\\\/web\\\/#website\"},\"primaryImageOfPage\":{\"@id\":\"https:\\\/\\\/fmgente.com.ar\\\/web\\\/parkinson-se-estima-que-en-argentina-lo-sufren-100-mil-personas\\\/#primaryimage\"},\"image\":{\"@id\":\"https:\\\/\\\/fmgente.com.ar\\\/web\\\/parkinson-se-estima-que-en-argentina-lo-sufren-100-mil-personas\\\/#primaryimage\"},\"thumbnailUrl\":\"https:\\\/\\\/fmgente.com.ar\\\/web\\\/wp-content\\\/uploads\\\/2026\\\/04\\\/image-16.jpg\",\"datePublished\":\"2026-04-11T12:06:15+00:00\",\"inLanguage\":\"es\",\"potentialAction\":[{\"@type\":\"ReadAction\",\"target\":[\"https:\\\/\\\/fmgente.com.ar\\\/web\\\/parkinson-se-estima-que-en-argentina-lo-sufren-100-mil-personas\\\/\"]}]},{\"@type\":\"ImageObject\",\"inLanguage\":\"es\",\"@id\":\"https:\\\/\\\/fmgente.com.ar\\\/web\\\/parkinson-se-estima-que-en-argentina-lo-sufren-100-mil-personas\\\/#primaryimage\",\"url\":\"https:\\\/\\\/fmgente.com.ar\\\/web\\\/wp-content\\\/uploads\\\/2026\\\/04\\\/image-16.jpg\",\"contentUrl\":\"https:\\\/\\\/fmgente.com.ar\\\/web\\\/wp-content\\\/uploads\\\/2026\\\/04\\\/image-16.jpg\",\"width\":1024,\"height\":575},{\"@type\":\"WebSite\",\"@id\":\"https:\\\/\\\/fmgente.com.ar\\\/web\\\/#website\",\"url\":\"https:\\\/\\\/fmgente.com.ar\\\/web\\\/\",\"name\":\"Fm Gente\",\"description\":\"- Jes\u00fas Mar\u00eda\",\"publisher\":{\"@id\":\"https:\\\/\\\/fmgente.com.ar\\\/web\\\/#organization\"},\"potentialAction\":[{\"@type\":\"SearchAction\",\"target\":{\"@type\":\"EntryPoint\",\"urlTemplate\":\"https:\\\/\\\/fmgente.com.ar\\\/web\\\/?s={search_term_string}\"},\"query-input\":{\"@type\":\"PropertyValueSpecification\",\"valueRequired\":true,\"valueName\":\"search_term_string\"}}],\"inLanguage\":\"es\"},{\"@type\":\"Organization\",\"@id\":\"https:\\\/\\\/fmgente.com.ar\\\/web\\\/#organization\",\"name\":\"Fm Gente\",\"url\":\"https:\\\/\\\/fmgente.com.ar\\\/web\\\/\",\"logo\":{\"@type\":\"ImageObject\",\"inLanguage\":\"es\",\"@id\":\"https:\\\/\\\/fmgente.com.ar\\\/web\\\/#\\\/schema\\\/logo\\\/image\\\/\",\"url\":\"https:\\\/\\\/fmgente.com.ar\\\/web\\\/wp-content\\\/uploads\\\/2023\\\/07\\\/cropped-cropped-logo-sombra2.png\",\"contentUrl\":\"https:\\\/\\\/fmgente.com.ar\\\/web\\\/wp-content\\\/uploads\\\/2023\\\/07\\\/cropped-cropped-logo-sombra2.png\",\"width\":1782,\"height\":1782,\"caption\":\"Fm Gente\"},\"image\":{\"@id\":\"https:\\\/\\\/fmgente.com.ar\\\/web\\\/#\\\/schema\\\/logo\\\/image\\\/\"}}]}<\/script>\n<!-- \/ Yoast SEO plugin. -->","yoast_head_json":{"title":"Parkinson: se estima que en Argentina lo sufren 100 mil personas - Fm Gente","robots":{"index":"index","follow":"follow","max-snippet":"max-snippet:-1","max-image-preview":"max-image-preview:large","max-video-preview":"max-video-preview:-1"},"canonical":"https:\/\/fmgente.com.ar\/web\/parkinson-se-estima-que-en-argentina-lo-sufren-100-mil-personas\/","og_locale":"es_ES","og_type":"article","og_title":"Parkinson: se estima que en Argentina lo sufren 100 mil personas - Fm Gente","og_description":"Buenos Aires, 11 abril (NA) &#8212; La enfermedad de Parkinson es un trastorno neurol\u00f3gico cr\u00f3nico","og_url":"https:\/\/fmgente.com.ar\/web\/parkinson-se-estima-que-en-argentina-lo-sufren-100-mil-personas\/","og_site_name":"Fm Gente","article_published_time":"2026-04-11T12:06:15+00:00","twitter_card":"summary_large_image","twitter_misc":{"Tiempo de lectura":"4 minutos"},"schema":{"@context":"https:\/\/schema.org","@graph":[{"@type":"Article","@id":"https:\/\/fmgente.com.ar\/web\/parkinson-se-estima-que-en-argentina-lo-sufren-100-mil-personas\/#article","isPartOf":{"@id":"https:\/\/fmgente.com.ar\/web\/parkinson-se-estima-que-en-argentina-lo-sufren-100-mil-personas\/"},"author":{"name":"","@id":""},"headline":"Parkinson: se estima que en Argentina lo sufren 100 mil personas","datePublished":"2026-04-11T12:06:15+00:00","mainEntityOfPage":{"@id":"https:\/\/fmgente.com.ar\/web\/parkinson-se-estima-que-en-argentina-lo-sufren-100-mil-personas\/"},"wordCount":808,"publisher":{"@id":"https:\/\/fmgente.com.ar\/web\/#organization"},"image":{"@id":"https:\/\/fmgente.com.ar\/web\/parkinson-se-estima-que-en-argentina-lo-sufren-100-mil-personas\/#primaryimage"},"thumbnailUrl":"https:\/\/fmgente.com.ar\/web\/wp-content\/uploads\/2026\/04\/image-16.jpg","articleSection":["REGIONALES"],"inLanguage":"es"},{"@type":"WebPage","@id":"https:\/\/fmgente.com.ar\/web\/parkinson-se-estima-que-en-argentina-lo-sufren-100-mil-personas\/","url":"https:\/\/fmgente.com.ar\/web\/parkinson-se-estima-que-en-argentina-lo-sufren-100-mil-personas\/","name":"Parkinson: se estima que en Argentina lo sufren 100 mil personas - Fm Gente","isPartOf":{"@id":"https:\/\/fmgente.com.ar\/web\/#website"},"primaryImageOfPage":{"@id":"https:\/\/fmgente.com.ar\/web\/parkinson-se-estima-que-en-argentina-lo-sufren-100-mil-personas\/#primaryimage"},"image":{"@id":"https:\/\/fmgente.com.ar\/web\/parkinson-se-estima-que-en-argentina-lo-sufren-100-mil-personas\/#primaryimage"},"thumbnailUrl":"https:\/\/fmgente.com.ar\/web\/wp-content\/uploads\/2026\/04\/image-16.jpg","datePublished":"2026-04-11T12:06:15+00:00","inLanguage":"es","potentialAction":[{"@type":"ReadAction","target":["https:\/\/fmgente.com.ar\/web\/parkinson-se-estima-que-en-argentina-lo-sufren-100-mil-personas\/"]}]},{"@type":"ImageObject","inLanguage":"es","@id":"https:\/\/fmgente.com.ar\/web\/parkinson-se-estima-que-en-argentina-lo-sufren-100-mil-personas\/#primaryimage","url":"https:\/\/fmgente.com.ar\/web\/wp-content\/uploads\/2026\/04\/image-16.jpg","contentUrl":"https:\/\/fmgente.com.ar\/web\/wp-content\/uploads\/2026\/04\/image-16.jpg","width":1024,"height":575},{"@type":"WebSite","@id":"https:\/\/fmgente.com.ar\/web\/#website","url":"https:\/\/fmgente.com.ar\/web\/","name":"Fm Gente","description":"- Jes\u00fas Mar\u00eda","publisher":{"@id":"https:\/\/fmgente.com.ar\/web\/#organization"},"potentialAction":[{"@type":"SearchAction","target":{"@type":"EntryPoint","urlTemplate":"https:\/\/fmgente.com.ar\/web\/?s={search_term_string}"},"query-input":{"@type":"PropertyValueSpecification","valueRequired":true,"valueName":"search_term_string"}}],"inLanguage":"es"},{"@type":"Organization","@id":"https:\/\/fmgente.com.ar\/web\/#organization","name":"Fm Gente","url":"https:\/\/fmgente.com.ar\/web\/","logo":{"@type":"ImageObject","inLanguage":"es","@id":"https:\/\/fmgente.com.ar\/web\/#\/schema\/logo\/image\/","url":"https:\/\/fmgente.com.ar\/web\/wp-content\/uploads\/2023\/07\/cropped-cropped-logo-sombra2.png","contentUrl":"https:\/\/fmgente.com.ar\/web\/wp-content\/uploads\/2023\/07\/cropped-cropped-logo-sombra2.png","width":1782,"height":1782,"caption":"Fm Gente"},"image":{"@id":"https:\/\/fmgente.com.ar\/web\/#\/schema\/logo\/image\/"}}]}},"_links":{"self":[{"href":"https:\/\/fmgente.com.ar\/web\/wp-json\/wp\/v2\/posts\/19149","targetHints":{"allow":["GET"]}}],"collection":[{"href":"https:\/\/fmgente.com.ar\/web\/wp-json\/wp\/v2\/posts"}],"about":[{"href":"https:\/\/fmgente.com.ar\/web\/wp-json\/wp\/v2\/types\/post"}],"replies":[{"embeddable":true,"href":"https:\/\/fmgente.com.ar\/web\/wp-json\/wp\/v2\/comments?post=19149"}],"version-history":[{"count":0,"href":"https:\/\/fmgente.com.ar\/web\/wp-json\/wp\/v2\/posts\/19149\/revisions"}],"wp:featuredmedia":[{"embeddable":true,"href":"https:\/\/fmgente.com.ar\/web\/wp-json\/wp\/v2\/media\/19150"}],"wp:attachment":[{"href":"https:\/\/fmgente.com.ar\/web\/wp-json\/wp\/v2\/media?parent=19149"}],"wp:term":[{"taxonomy":"category","embeddable":true,"href":"https:\/\/fmgente.com.ar\/web\/wp-json\/wp\/v2\/categories?post=19149"},{"taxonomy":"post_tag","embeddable":true,"href":"https:\/\/fmgente.com.ar\/web\/wp-json\/wp\/v2\/tags?post=19149"}],"curies":[{"name":"wp","href":"https:\/\/api.w.org\/{rel}","templated":true}]}}