{"id":19131,"date":"2026-04-11T07:07:20","date_gmt":"2026-04-11T10:07:20","guid":{"rendered":"https:\/\/fmgente.com.ar\/web\/fpa-secuestro-cocaina-y-detuvo-a-dos-personas-en-oliva\/"},"modified":"2026-04-11T07:07:20","modified_gmt":"2026-04-11T10:07:20","slug":"fpa-secuestro-cocaina-y-detuvo-a-dos-personas-en-oliva","status":"publish","type":"post","link":"https:\/\/fmgente.com.ar\/web\/fpa-secuestro-cocaina-y-detuvo-a-dos-personas-en-oliva\/","title":{"rendered":"FPA SECUESTR\u00d3 COCA\u00cdNA Y DETUVO A DOS PERSONAS EN OLIVA"},"content":{"rendered":"<p>En una investigaci\u00f3n dirigida por el Ministerio P\u00fablico Fiscal, efectivos de la Fuerza Policial Antinarcotr\u00e1fico desbarataron un punto de venta de drogas, secuestraron estupefacientes y detuvieron a dos personas mayores de edad por ejercer el narcomenudeo en la ciudad de Oliva.<\/p>\n<p>El allanamiento fue llevado a cabo sobre calle Francia s\/n de la mencionada ciudad. En el lugar, se aprehendi\u00f3 a una mujer de 30 a\u00f1os y un hombre de 25. En el per\u00edmetro externo, colabor\u00f3 Polic\u00eda de C\u00f3rdoba.<\/p>\n<p>En las viviendas, con extensa labor de los investigadores de la FPA, se logr\u00f3 el secuestro de 129 dosis de coca\u00edna, $ 460.900, un autom\u00f3vil, una balanza digital y elementos de inter\u00e9s para la causa.<\/p>\n<p>Por \u00faltimo, la Fiscal\u00eda de Lucha contra el Narcotr\u00e1fico de Villa Mar\u00eda orden\u00f3 la remisi\u00f3n de lo incautado y el traslado de ambos narcomenudistas a sede judicial por infracci\u00f3n a la Ley Nacional de Estupefacientes N\u00b023.737.<\/p>\n<p>&nbsp;<\/p>\n<p><img loading=\"lazy\" decoding=\"async\" class=\"alignnone wp-image-56603\" src=\"https:\/\/www.mpfcordoba.gob.ar\/wp-content\/uploads\/2026\/04\/WhatsApp-Image-2026-04-09-at-22.45.11-940x933.jpeg\" alt=\"\" width=\"750\" height=\"745\" \/><\/p>\n<p><img loading=\"lazy\" decoding=\"async\" class=\"alignnone wp-image-56604\" src=\"https:\/\/www.mpfcordoba.gob.ar\/wp-content\/uploads\/2026\/04\/WhatsApp-Image-2026-04-10-at-02.07.16.jpeg\" alt=\"\" width=\"750\" height=\"633\" \/><\/p>\n","protected":false},"excerpt":{"rendered":"<p>En una investigaci\u00f3n dirigida por el Ministerio P\u00fablico Fiscal, efectivos de la Fuerza Policial Antinarcotr\u00e1fico<\/p>\n","protected":false},"author":0,"featured_media":19132,"comment_status":"","ping_status":"","sticky":false,"template":"","format":"standard","meta":{"footnotes":""},"categories":[1794],"tags":[],"class_list":["post-19131","post","type-post","status-publish","format-standard","has-post-thumbnail","hentry","category-policiales"],"yoast_head":"<!-- This site is optimized with the Yoast SEO plugin v27.4 - https:\/\/yoast.com\/product\/yoast-seo-wordpress\/ -->\n<title>FPA SECUESTR\u00d3 COCA\u00cdNA Y DETUVO A DOS PERSONAS EN OLIVA - Fm Gente<\/title>\n<meta name=\"robots\" content=\"index, follow, max-snippet:-1, max-image-preview:large, max-video-preview:-1\" \/>\n<link rel=\"canonical\" href=\"https:\/\/fmgente.com.ar\/web\/fpa-secuestro-cocaina-y-detuvo-a-dos-personas-en-oliva\/\" \/>\n<meta property=\"og:locale\" content=\"es_ES\" \/>\n<meta property=\"og:type\" content=\"article\" \/>\n<meta property=\"og:title\" content=\"FPA SECUESTR\u00d3 COCA\u00cdNA Y DETUVO A DOS PERSONAS EN OLIVA - Fm Gente\" \/>\n<meta property=\"og:description\" content=\"En una investigaci\u00f3n dirigida por el Ministerio P\u00fablico Fiscal, efectivos de la Fuerza Policial Antinarcotr\u00e1fico\" \/>\n<meta property=\"og:url\" content=\"https:\/\/fmgente.com.ar\/web\/fpa-secuestro-cocaina-y-detuvo-a-dos-personas-en-oliva\/\" \/>\n<meta property=\"og:site_name\" content=\"Fm Gente\" \/>\n<meta property=\"article:published_time\" content=\"2026-04-11T10:07:20+00:00\" \/>\n<meta name=\"twitter:card\" content=\"summary_large_image\" \/>\n<meta name=\"twitter:label1\" content=\"Tiempo de lectura\" \/>\n\t<meta name=\"twitter:data1\" content=\"1 minuto\" \/>\n<script type=\"application\/ld+json\" class=\"yoast-schema-graph\">{\"@context\":\"https:\\\/\\\/schema.org\",\"@graph\":[{\"@type\":\"Article\",\"@id\":\"https:\\\/\\\/fmgente.com.ar\\\/web\\\/fpa-secuestro-cocaina-y-detuvo-a-dos-personas-en-oliva\\\/#article\",\"isPartOf\":{\"@id\":\"https:\\\/\\\/fmgente.com.ar\\\/web\\\/fpa-secuestro-cocaina-y-detuvo-a-dos-personas-en-oliva\\\/\"},\"author\":{\"name\":\"\",\"@id\":\"\"},\"headline\":\"FPA SECUESTR\u00d3 COCA\u00cdNA Y DETUVO A DOS PERSONAS EN OLIVA\",\"datePublished\":\"2026-04-11T10:07:20+00:00\",\"mainEntityOfPage\":{\"@id\":\"https:\\\/\\\/fmgente.com.ar\\\/web\\\/fpa-secuestro-cocaina-y-detuvo-a-dos-personas-en-oliva\\\/\"},\"wordCount\":173,\"publisher\":{\"@id\":\"https:\\\/\\\/fmgente.com.ar\\\/web\\\/#organization\"},\"image\":{\"@id\":\"https:\\\/\\\/fmgente.com.ar\\\/web\\\/fpa-secuestro-cocaina-y-detuvo-a-dos-personas-en-oliva\\\/#primaryimage\"},\"thumbnailUrl\":\"https:\\\/\\\/fmgente.com.ar\\\/web\\\/wp-content\\\/uploads\\\/2026\\\/04\\\/WhatsApp-Image-2026-04-09-at-22.45.11-940x933-1.jpeg\",\"articleSection\":[\"POLICIALES\"],\"inLanguage\":\"es\"},{\"@type\":\"WebPage\",\"@id\":\"https:\\\/\\\/fmgente.com.ar\\\/web\\\/fpa-secuestro-cocaina-y-detuvo-a-dos-personas-en-oliva\\\/\",\"url\":\"https:\\\/\\\/fmgente.com.ar\\\/web\\\/fpa-secuestro-cocaina-y-detuvo-a-dos-personas-en-oliva\\\/\",\"name\":\"FPA SECUESTR\u00d3 COCA\u00cdNA Y DETUVO A DOS PERSONAS EN OLIVA - Fm Gente\",\"isPartOf\":{\"@id\":\"https:\\\/\\\/fmgente.com.ar\\\/web\\\/#website\"},\"primaryImageOfPage\":{\"@id\":\"https:\\\/\\\/fmgente.com.ar\\\/web\\\/fpa-secuestro-cocaina-y-detuvo-a-dos-personas-en-oliva\\\/#primaryimage\"},\"image\":{\"@id\":\"https:\\\/\\\/fmgente.com.ar\\\/web\\\/fpa-secuestro-cocaina-y-detuvo-a-dos-personas-en-oliva\\\/#primaryimage\"},\"thumbnailUrl\":\"https:\\\/\\\/fmgente.com.ar\\\/web\\\/wp-content\\\/uploads\\\/2026\\\/04\\\/WhatsApp-Image-2026-04-09-at-22.45.11-940x933-1.jpeg\",\"datePublished\":\"2026-04-11T10:07:20+00:00\",\"inLanguage\":\"es\",\"potentialAction\":[{\"@type\":\"ReadAction\",\"target\":[\"https:\\\/\\\/fmgente.com.ar\\\/web\\\/fpa-secuestro-cocaina-y-detuvo-a-dos-personas-en-oliva\\\/\"]}]},{\"@type\":\"ImageObject\",\"inLanguage\":\"es\",\"@id\":\"https:\\\/\\\/fmgente.com.ar\\\/web\\\/fpa-secuestro-cocaina-y-detuvo-a-dos-personas-en-oliva\\\/#primaryimage\",\"url\":\"https:\\\/\\\/fmgente.com.ar\\\/web\\\/wp-content\\\/uploads\\\/2026\\\/04\\\/WhatsApp-Image-2026-04-09-at-22.45.11-940x933-1.jpeg\",\"contentUrl\":\"https:\\\/\\\/fmgente.com.ar\\\/web\\\/wp-content\\\/uploads\\\/2026\\\/04\\\/WhatsApp-Image-2026-04-09-at-22.45.11-940x933-1.jpeg\",\"width\":940,\"height\":933},{\"@type\":\"WebSite\",\"@id\":\"https:\\\/\\\/fmgente.com.ar\\\/web\\\/#website\",\"url\":\"https:\\\/\\\/fmgente.com.ar\\\/web\\\/\",\"name\":\"Fm Gente\",\"description\":\"- Jes\u00fas Mar\u00eda\",\"publisher\":{\"@id\":\"https:\\\/\\\/fmgente.com.ar\\\/web\\\/#organization\"},\"potentialAction\":[{\"@type\":\"SearchAction\",\"target\":{\"@type\":\"EntryPoint\",\"urlTemplate\":\"https:\\\/\\\/fmgente.com.ar\\\/web\\\/?s={search_term_string}\"},\"query-input\":{\"@type\":\"PropertyValueSpecification\",\"valueRequired\":true,\"valueName\":\"search_term_string\"}}],\"inLanguage\":\"es\"},{\"@type\":\"Organization\",\"@id\":\"https:\\\/\\\/fmgente.com.ar\\\/web\\\/#organization\",\"name\":\"Fm Gente\",\"url\":\"https:\\\/\\\/fmgente.com.ar\\\/web\\\/\",\"logo\":{\"@type\":\"ImageObject\",\"inLanguage\":\"es\",\"@id\":\"https:\\\/\\\/fmgente.com.ar\\\/web\\\/#\\\/schema\\\/logo\\\/image\\\/\",\"url\":\"https:\\\/\\\/fmgente.com.ar\\\/web\\\/wp-content\\\/uploads\\\/2023\\\/07\\\/cropped-cropped-logo-sombra2.png\",\"contentUrl\":\"https:\\\/\\\/fmgente.com.ar\\\/web\\\/wp-content\\\/uploads\\\/2023\\\/07\\\/cropped-cropped-logo-sombra2.png\",\"width\":1782,\"height\":1782,\"caption\":\"Fm Gente\"},\"image\":{\"@id\":\"https:\\\/\\\/fmgente.com.ar\\\/web\\\/#\\\/schema\\\/logo\\\/image\\\/\"}}]}<\/script>\n<!-- \/ Yoast SEO plugin. -->","yoast_head_json":{"title":"FPA SECUESTR\u00d3 COCA\u00cdNA Y DETUVO A DOS PERSONAS EN OLIVA - Fm Gente","robots":{"index":"index","follow":"follow","max-snippet":"max-snippet:-1","max-image-preview":"max-image-preview:large","max-video-preview":"max-video-preview:-1"},"canonical":"https:\/\/fmgente.com.ar\/web\/fpa-secuestro-cocaina-y-detuvo-a-dos-personas-en-oliva\/","og_locale":"es_ES","og_type":"article","og_title":"FPA SECUESTR\u00d3 COCA\u00cdNA Y DETUVO A DOS PERSONAS EN OLIVA - Fm Gente","og_description":"En una investigaci\u00f3n dirigida por el Ministerio P\u00fablico Fiscal, efectivos de la Fuerza Policial Antinarcotr\u00e1fico","og_url":"https:\/\/fmgente.com.ar\/web\/fpa-secuestro-cocaina-y-detuvo-a-dos-personas-en-oliva\/","og_site_name":"Fm Gente","article_published_time":"2026-04-11T10:07:20+00:00","twitter_card":"summary_large_image","twitter_misc":{"Tiempo de lectura":"1 minuto"},"schema":{"@context":"https:\/\/schema.org","@graph":[{"@type":"Article","@id":"https:\/\/fmgente.com.ar\/web\/fpa-secuestro-cocaina-y-detuvo-a-dos-personas-en-oliva\/#article","isPartOf":{"@id":"https:\/\/fmgente.com.ar\/web\/fpa-secuestro-cocaina-y-detuvo-a-dos-personas-en-oliva\/"},"author":{"name":"","@id":""},"headline":"FPA SECUESTR\u00d3 COCA\u00cdNA Y DETUVO A DOS PERSONAS EN OLIVA","datePublished":"2026-04-11T10:07:20+00:00","mainEntityOfPage":{"@id":"https:\/\/fmgente.com.ar\/web\/fpa-secuestro-cocaina-y-detuvo-a-dos-personas-en-oliva\/"},"wordCount":173,"publisher":{"@id":"https:\/\/fmgente.com.ar\/web\/#organization"},"image":{"@id":"https:\/\/fmgente.com.ar\/web\/fpa-secuestro-cocaina-y-detuvo-a-dos-personas-en-oliva\/#primaryimage"},"thumbnailUrl":"https:\/\/fmgente.com.ar\/web\/wp-content\/uploads\/2026\/04\/WhatsApp-Image-2026-04-09-at-22.45.11-940x933-1.jpeg","articleSection":["POLICIALES"],"inLanguage":"es"},{"@type":"WebPage","@id":"https:\/\/fmgente.com.ar\/web\/fpa-secuestro-cocaina-y-detuvo-a-dos-personas-en-oliva\/","url":"https:\/\/fmgente.com.ar\/web\/fpa-secuestro-cocaina-y-detuvo-a-dos-personas-en-oliva\/","name":"FPA SECUESTR\u00d3 COCA\u00cdNA Y DETUVO A DOS PERSONAS EN OLIVA - Fm Gente","isPartOf":{"@id":"https:\/\/fmgente.com.ar\/web\/#website"},"primaryImageOfPage":{"@id":"https:\/\/fmgente.com.ar\/web\/fpa-secuestro-cocaina-y-detuvo-a-dos-personas-en-oliva\/#primaryimage"},"image":{"@id":"https:\/\/fmgente.com.ar\/web\/fpa-secuestro-cocaina-y-detuvo-a-dos-personas-en-oliva\/#primaryimage"},"thumbnailUrl":"https:\/\/fmgente.com.ar\/web\/wp-content\/uploads\/2026\/04\/WhatsApp-Image-2026-04-09-at-22.45.11-940x933-1.jpeg","datePublished":"2026-04-11T10:07:20+00:00","inLanguage":"es","potentialAction":[{"@type":"ReadAction","target":["https:\/\/fmgente.com.ar\/web\/fpa-secuestro-cocaina-y-detuvo-a-dos-personas-en-oliva\/"]}]},{"@type":"ImageObject","inLanguage":"es","@id":"https:\/\/fmgente.com.ar\/web\/fpa-secuestro-cocaina-y-detuvo-a-dos-personas-en-oliva\/#primaryimage","url":"https:\/\/fmgente.com.ar\/web\/wp-content\/uploads\/2026\/04\/WhatsApp-Image-2026-04-09-at-22.45.11-940x933-1.jpeg","contentUrl":"https:\/\/fmgente.com.ar\/web\/wp-content\/uploads\/2026\/04\/WhatsApp-Image-2026-04-09-at-22.45.11-940x933-1.jpeg","width":940,"height":933},{"@type":"WebSite","@id":"https:\/\/fmgente.com.ar\/web\/#website","url":"https:\/\/fmgente.com.ar\/web\/","name":"Fm Gente","description":"- Jes\u00fas Mar\u00eda","publisher":{"@id":"https:\/\/fmgente.com.ar\/web\/#organization"},"potentialAction":[{"@type":"SearchAction","target":{"@type":"EntryPoint","urlTemplate":"https:\/\/fmgente.com.ar\/web\/?s={search_term_string}"},"query-input":{"@type":"PropertyValueSpecification","valueRequired":true,"valueName":"search_term_string"}}],"inLanguage":"es"},{"@type":"Organization","@id":"https:\/\/fmgente.com.ar\/web\/#organization","name":"Fm Gente","url":"https:\/\/fmgente.com.ar\/web\/","logo":{"@type":"ImageObject","inLanguage":"es","@id":"https:\/\/fmgente.com.ar\/web\/#\/schema\/logo\/image\/","url":"https:\/\/fmgente.com.ar\/web\/wp-content\/uploads\/2023\/07\/cropped-cropped-logo-sombra2.png","contentUrl":"https:\/\/fmgente.com.ar\/web\/wp-content\/uploads\/2023\/07\/cropped-cropped-logo-sombra2.png","width":1782,"height":1782,"caption":"Fm Gente"},"image":{"@id":"https:\/\/fmgente.com.ar\/web\/#\/schema\/logo\/image\/"}}]}},"_links":{"self":[{"href":"https:\/\/fmgente.com.ar\/web\/wp-json\/wp\/v2\/posts\/19131","targetHints":{"allow":["GET"]}}],"collection":[{"href":"https:\/\/fmgente.com.ar\/web\/wp-json\/wp\/v2\/posts"}],"about":[{"href":"https:\/\/fmgente.com.ar\/web\/wp-json\/wp\/v2\/types\/post"}],"replies":[{"embeddable":true,"href":"https:\/\/fmgente.com.ar\/web\/wp-json\/wp\/v2\/comments?post=19131"}],"version-history":[{"count":0,"href":"https:\/\/fmgente.com.ar\/web\/wp-json\/wp\/v2\/posts\/19131\/revisions"}],"wp:featuredmedia":[{"embeddable":true,"href":"https:\/\/fmgente.com.ar\/web\/wp-json\/wp\/v2\/media\/19132"}],"wp:attachment":[{"href":"https:\/\/fmgente.com.ar\/web\/wp-json\/wp\/v2\/media?parent=19131"}],"wp:term":[{"taxonomy":"category","embeddable":true,"href":"https:\/\/fmgente.com.ar\/web\/wp-json\/wp\/v2\/categories?post=19131"},{"taxonomy":"post_tag","embeddable":true,"href":"https:\/\/fmgente.com.ar\/web\/wp-json\/wp\/v2\/tags?post=19131"}],"curies":[{"name":"wp","href":"https:\/\/api.w.org\/{rel}","templated":true}]}}