{"id":19111,"date":"2026-04-11T00:05:18","date_gmt":"2026-04-11T03:05:18","guid":{"rendered":"https:\/\/fmgente.com.ar\/web\/belgrano-le-gano-a-aldosivi-con-un-hombre-menos-y-es-cuarto-en-la-zona-b-del-torneo-apertura-2026\/"},"modified":"2026-04-11T00:05:18","modified_gmt":"2026-04-11T03:05:18","slug":"belgrano-le-gano-a-aldosivi-con-un-hombre-menos-y-es-cuarto-en-la-zona-b-del-torneo-apertura-2026","status":"publish","type":"post","link":"https:\/\/fmgente.com.ar\/web\/belgrano-le-gano-a-aldosivi-con-un-hombre-menos-y-es-cuarto-en-la-zona-b-del-torneo-apertura-2026\/","title":{"rendered":"Belgrano le gan\u00f3 a Aldosivi con un hombre menos y es cuarto en la zona B del Torneo Apertura 2026"},"content":{"rendered":"<p>Buenos Aires, 10 abril (NA) \u2013 Belgrano derrot\u00f3 a Aldosivi por 1-0 al t\u00e9rmino del partido que disputaron esta noche, en el estadio Julio C\u00e9sar Villagra, por la decimocuarta fecha del Torneo Apertura 2026.<\/p>\n<p>Seg\u00fan supo la Agencia Noticias Argentinas, el talentoso enganche Lucas Zelaray\u00e1n convirti\u00f3 el \u00fanico gol de la noche a los 28 minutos de la primera parte.<\/p>\n<p>Adem\u00e1s, el conjunto local jug\u00f3 con 10 futbolistas desde los seis minutos del complemento, cuando el mediocampista Emiliano Rigoni vio la roja por un exceso verbal contra el \u00e1rbitro Daniel Zamora.<\/p>\n<p>Con el triunfo, los dirigidos por Ricardo Zielinski avanzaron a la cuarta posici\u00f3n de la Zona B con 22 puntos, mientras que el \u201cTibur\u00f3n\u201d es ante\u00faltimo en el grupo con seis unidades y en el \u00fanico lugar de descenso por promedios.<\/p>\n<p>No hubo llegadas de riesgo hasta los 26 minutos, cuando el mediocampista Lucas Zelaray\u00e1n eludi\u00f3 a un rival y sac\u00f3 un disparo lejano que sali\u00f3 con mucha potencia, super\u00f3 al arquero Axel Werner y dio en el travesa\u00f1o.<\/p>\n<p>Solo dos minutos despu\u00e9s, un centro desde la derecha al segundo palo fue bajado de cabeza por el carrilero Juan Vel\u00e1zquez para que el delantero Nicol\u00e1s \u201cUvita\u201d Fern\u00e1ndez meta un centro rasante al \u00e1rea para el disparo de Zelaray\u00e1n, bajo sobre el palo izquierdo de Werner, para marcar el 1-0.<\/p>\n<p>El local jug\u00f3 con un hombre menos durante gran parte de la segunda mitad por la expulsi\u00f3n del mediocampista Emiliano Rigoni, a los seis minutos, por un exceso verbal.<\/p>\n<p>A partir de la expulsi\u00f3n, el equipo marplatense comenz\u00f3 a manejar la pelota, aunque tuvo problemas para generar situaciones de peligro, siendo la primera de ellas a los 28 minutos, con un disparo del delantero Agust\u00edn Palavecino que sali\u00f3 rasante, d\u00e9bil y a las manos del arquero Thiago Cardozo.<\/p>\n<p>La mejor llegada de la visita se dio a los 37 minutos, cuando una salida en falso del guardameta rival dej\u00f3 una pelota suelta en el \u00e1rea grande que fue rematada de volea por el delantero Junior Arias, con un disparo que pic\u00f3, dio en el travesa\u00f1o y fue despejado, sobre la l\u00ednea, por el central Leonardo Morales.<\/p>\n<p>#AgenciaNA<\/p>\n","protected":false},"excerpt":{"rendered":"<p>Buenos Aires, 10 abril (NA) \u2013 Belgrano derrot\u00f3 a Aldosivi por 1-0 al t\u00e9rmino del<\/p>\n","protected":false},"author":0,"featured_media":19112,"comment_status":"","ping_status":"","sticky":false,"template":"","format":"standard","meta":{"footnotes":""},"categories":[1],"tags":[],"class_list":["post-19111","post","type-post","status-publish","format-standard","has-post-thumbnail","hentry","category-regionales"],"yoast_head":"<!-- This site is optimized with the Yoast SEO plugin v27.4 - https:\/\/yoast.com\/product\/yoast-seo-wordpress\/ -->\n<title>Belgrano le gan\u00f3 a Aldosivi con un hombre menos y es cuarto en la zona B del Torneo Apertura 2026 - Fm Gente<\/title>\n<meta name=\"robots\" content=\"index, follow, max-snippet:-1, max-image-preview:large, max-video-preview:-1\" \/>\n<link rel=\"canonical\" href=\"https:\/\/fmgente.com.ar\/web\/belgrano-le-gano-a-aldosivi-con-un-hombre-menos-y-es-cuarto-en-la-zona-b-del-torneo-apertura-2026\/\" \/>\n<meta property=\"og:locale\" content=\"es_ES\" \/>\n<meta property=\"og:type\" content=\"article\" \/>\n<meta property=\"og:title\" content=\"Belgrano le gan\u00f3 a Aldosivi con un hombre menos y es cuarto en la zona B del Torneo Apertura 2026 - Fm Gente\" \/>\n<meta property=\"og:description\" content=\"Buenos Aires, 10 abril (NA) \u2013 Belgrano derrot\u00f3 a Aldosivi por 1-0 al t\u00e9rmino del\" \/>\n<meta property=\"og:url\" content=\"https:\/\/fmgente.com.ar\/web\/belgrano-le-gano-a-aldosivi-con-un-hombre-menos-y-es-cuarto-en-la-zona-b-del-torneo-apertura-2026\/\" \/>\n<meta property=\"og:site_name\" content=\"Fm Gente\" \/>\n<meta property=\"article:published_time\" content=\"2026-04-11T03:05:18+00:00\" \/>\n<meta name=\"twitter:card\" content=\"summary_large_image\" \/>\n<meta name=\"twitter:label1\" content=\"Tiempo de lectura\" \/>\n\t<meta name=\"twitter:data1\" content=\"2 minutos\" \/>\n<script type=\"application\/ld+json\" class=\"yoast-schema-graph\">{\"@context\":\"https:\\\/\\\/schema.org\",\"@graph\":[{\"@type\":\"Article\",\"@id\":\"https:\\\/\\\/fmgente.com.ar\\\/web\\\/belgrano-le-gano-a-aldosivi-con-un-hombre-menos-y-es-cuarto-en-la-zona-b-del-torneo-apertura-2026\\\/#article\",\"isPartOf\":{\"@id\":\"https:\\\/\\\/fmgente.com.ar\\\/web\\\/belgrano-le-gano-a-aldosivi-con-un-hombre-menos-y-es-cuarto-en-la-zona-b-del-torneo-apertura-2026\\\/\"},\"author\":{\"name\":\"\",\"@id\":\"\"},\"headline\":\"Belgrano le gan\u00f3 a Aldosivi con un hombre menos y es cuarto en la zona B del Torneo Apertura 2026\",\"datePublished\":\"2026-04-11T03:05:18+00:00\",\"mainEntityOfPage\":{\"@id\":\"https:\\\/\\\/fmgente.com.ar\\\/web\\\/belgrano-le-gano-a-aldosivi-con-un-hombre-menos-y-es-cuarto-en-la-zona-b-del-torneo-apertura-2026\\\/\"},\"wordCount\":388,\"publisher\":{\"@id\":\"https:\\\/\\\/fmgente.com.ar\\\/web\\\/#organization\"},\"image\":{\"@id\":\"https:\\\/\\\/fmgente.com.ar\\\/web\\\/belgrano-le-gano-a-aldosivi-con-un-hombre-menos-y-es-cuarto-en-la-zona-b-del-torneo-apertura-2026\\\/#primaryimage\"},\"thumbnailUrl\":\"https:\\\/\\\/fmgente.com.ar\\\/web\\\/wp-content\\\/uploads\\\/2026\\\/04\\\/720-648.jpeg\",\"articleSection\":[\"REGIONALES\"],\"inLanguage\":\"es\"},{\"@type\":\"WebPage\",\"@id\":\"https:\\\/\\\/fmgente.com.ar\\\/web\\\/belgrano-le-gano-a-aldosivi-con-un-hombre-menos-y-es-cuarto-en-la-zona-b-del-torneo-apertura-2026\\\/\",\"url\":\"https:\\\/\\\/fmgente.com.ar\\\/web\\\/belgrano-le-gano-a-aldosivi-con-un-hombre-menos-y-es-cuarto-en-la-zona-b-del-torneo-apertura-2026\\\/\",\"name\":\"Belgrano le gan\u00f3 a Aldosivi con un hombre menos y es cuarto en la zona B del Torneo Apertura 2026 - Fm Gente\",\"isPartOf\":{\"@id\":\"https:\\\/\\\/fmgente.com.ar\\\/web\\\/#website\"},\"primaryImageOfPage\":{\"@id\":\"https:\\\/\\\/fmgente.com.ar\\\/web\\\/belgrano-le-gano-a-aldosivi-con-un-hombre-menos-y-es-cuarto-en-la-zona-b-del-torneo-apertura-2026\\\/#primaryimage\"},\"image\":{\"@id\":\"https:\\\/\\\/fmgente.com.ar\\\/web\\\/belgrano-le-gano-a-aldosivi-con-un-hombre-menos-y-es-cuarto-en-la-zona-b-del-torneo-apertura-2026\\\/#primaryimage\"},\"thumbnailUrl\":\"https:\\\/\\\/fmgente.com.ar\\\/web\\\/wp-content\\\/uploads\\\/2026\\\/04\\\/720-648.jpeg\",\"datePublished\":\"2026-04-11T03:05:18+00:00\",\"inLanguage\":\"es\",\"potentialAction\":[{\"@type\":\"ReadAction\",\"target\":[\"https:\\\/\\\/fmgente.com.ar\\\/web\\\/belgrano-le-gano-a-aldosivi-con-un-hombre-menos-y-es-cuarto-en-la-zona-b-del-torneo-apertura-2026\\\/\"]}]},{\"@type\":\"ImageObject\",\"inLanguage\":\"es\",\"@id\":\"https:\\\/\\\/fmgente.com.ar\\\/web\\\/belgrano-le-gano-a-aldosivi-con-un-hombre-menos-y-es-cuarto-en-la-zona-b-del-torneo-apertura-2026\\\/#primaryimage\",\"url\":\"https:\\\/\\\/fmgente.com.ar\\\/web\\\/wp-content\\\/uploads\\\/2026\\\/04\\\/720-648.jpeg\",\"contentUrl\":\"https:\\\/\\\/fmgente.com.ar\\\/web\\\/wp-content\\\/uploads\\\/2026\\\/04\\\/720-648.jpeg\",\"width\":720,\"height\":720},{\"@type\":\"WebSite\",\"@id\":\"https:\\\/\\\/fmgente.com.ar\\\/web\\\/#website\",\"url\":\"https:\\\/\\\/fmgente.com.ar\\\/web\\\/\",\"name\":\"Fm Gente\",\"description\":\"- Jes\u00fas Mar\u00eda\",\"publisher\":{\"@id\":\"https:\\\/\\\/fmgente.com.ar\\\/web\\\/#organization\"},\"potentialAction\":[{\"@type\":\"SearchAction\",\"target\":{\"@type\":\"EntryPoint\",\"urlTemplate\":\"https:\\\/\\\/fmgente.com.ar\\\/web\\\/?s={search_term_string}\"},\"query-input\":{\"@type\":\"PropertyValueSpecification\",\"valueRequired\":true,\"valueName\":\"search_term_string\"}}],\"inLanguage\":\"es\"},{\"@type\":\"Organization\",\"@id\":\"https:\\\/\\\/fmgente.com.ar\\\/web\\\/#organization\",\"name\":\"Fm Gente\",\"url\":\"https:\\\/\\\/fmgente.com.ar\\\/web\\\/\",\"logo\":{\"@type\":\"ImageObject\",\"inLanguage\":\"es\",\"@id\":\"https:\\\/\\\/fmgente.com.ar\\\/web\\\/#\\\/schema\\\/logo\\\/image\\\/\",\"url\":\"https:\\\/\\\/fmgente.com.ar\\\/web\\\/wp-content\\\/uploads\\\/2023\\\/07\\\/cropped-cropped-logo-sombra2.png\",\"contentUrl\":\"https:\\\/\\\/fmgente.com.ar\\\/web\\\/wp-content\\\/uploads\\\/2023\\\/07\\\/cropped-cropped-logo-sombra2.png\",\"width\":1782,\"height\":1782,\"caption\":\"Fm Gente\"},\"image\":{\"@id\":\"https:\\\/\\\/fmgente.com.ar\\\/web\\\/#\\\/schema\\\/logo\\\/image\\\/\"}}]}<\/script>\n<!-- \/ Yoast SEO plugin. -->","yoast_head_json":{"title":"Belgrano le gan\u00f3 a Aldosivi con un hombre menos y es cuarto en la zona B del Torneo Apertura 2026 - Fm Gente","robots":{"index":"index","follow":"follow","max-snippet":"max-snippet:-1","max-image-preview":"max-image-preview:large","max-video-preview":"max-video-preview:-1"},"canonical":"https:\/\/fmgente.com.ar\/web\/belgrano-le-gano-a-aldosivi-con-un-hombre-menos-y-es-cuarto-en-la-zona-b-del-torneo-apertura-2026\/","og_locale":"es_ES","og_type":"article","og_title":"Belgrano le gan\u00f3 a Aldosivi con un hombre menos y es cuarto en la zona B del Torneo Apertura 2026 - Fm Gente","og_description":"Buenos Aires, 10 abril (NA) \u2013 Belgrano derrot\u00f3 a Aldosivi por 1-0 al t\u00e9rmino del","og_url":"https:\/\/fmgente.com.ar\/web\/belgrano-le-gano-a-aldosivi-con-un-hombre-menos-y-es-cuarto-en-la-zona-b-del-torneo-apertura-2026\/","og_site_name":"Fm Gente","article_published_time":"2026-04-11T03:05:18+00:00","twitter_card":"summary_large_image","twitter_misc":{"Tiempo de lectura":"2 minutos"},"schema":{"@context":"https:\/\/schema.org","@graph":[{"@type":"Article","@id":"https:\/\/fmgente.com.ar\/web\/belgrano-le-gano-a-aldosivi-con-un-hombre-menos-y-es-cuarto-en-la-zona-b-del-torneo-apertura-2026\/#article","isPartOf":{"@id":"https:\/\/fmgente.com.ar\/web\/belgrano-le-gano-a-aldosivi-con-un-hombre-menos-y-es-cuarto-en-la-zona-b-del-torneo-apertura-2026\/"},"author":{"name":"","@id":""},"headline":"Belgrano le gan\u00f3 a Aldosivi con un hombre menos y es cuarto en la zona B del Torneo Apertura 2026","datePublished":"2026-04-11T03:05:18+00:00","mainEntityOfPage":{"@id":"https:\/\/fmgente.com.ar\/web\/belgrano-le-gano-a-aldosivi-con-un-hombre-menos-y-es-cuarto-en-la-zona-b-del-torneo-apertura-2026\/"},"wordCount":388,"publisher":{"@id":"https:\/\/fmgente.com.ar\/web\/#organization"},"image":{"@id":"https:\/\/fmgente.com.ar\/web\/belgrano-le-gano-a-aldosivi-con-un-hombre-menos-y-es-cuarto-en-la-zona-b-del-torneo-apertura-2026\/#primaryimage"},"thumbnailUrl":"https:\/\/fmgente.com.ar\/web\/wp-content\/uploads\/2026\/04\/720-648.jpeg","articleSection":["REGIONALES"],"inLanguage":"es"},{"@type":"WebPage","@id":"https:\/\/fmgente.com.ar\/web\/belgrano-le-gano-a-aldosivi-con-un-hombre-menos-y-es-cuarto-en-la-zona-b-del-torneo-apertura-2026\/","url":"https:\/\/fmgente.com.ar\/web\/belgrano-le-gano-a-aldosivi-con-un-hombre-menos-y-es-cuarto-en-la-zona-b-del-torneo-apertura-2026\/","name":"Belgrano le gan\u00f3 a Aldosivi con un hombre menos y es cuarto en la zona B del Torneo Apertura 2026 - Fm Gente","isPartOf":{"@id":"https:\/\/fmgente.com.ar\/web\/#website"},"primaryImageOfPage":{"@id":"https:\/\/fmgente.com.ar\/web\/belgrano-le-gano-a-aldosivi-con-un-hombre-menos-y-es-cuarto-en-la-zona-b-del-torneo-apertura-2026\/#primaryimage"},"image":{"@id":"https:\/\/fmgente.com.ar\/web\/belgrano-le-gano-a-aldosivi-con-un-hombre-menos-y-es-cuarto-en-la-zona-b-del-torneo-apertura-2026\/#primaryimage"},"thumbnailUrl":"https:\/\/fmgente.com.ar\/web\/wp-content\/uploads\/2026\/04\/720-648.jpeg","datePublished":"2026-04-11T03:05:18+00:00","inLanguage":"es","potentialAction":[{"@type":"ReadAction","target":["https:\/\/fmgente.com.ar\/web\/belgrano-le-gano-a-aldosivi-con-un-hombre-menos-y-es-cuarto-en-la-zona-b-del-torneo-apertura-2026\/"]}]},{"@type":"ImageObject","inLanguage":"es","@id":"https:\/\/fmgente.com.ar\/web\/belgrano-le-gano-a-aldosivi-con-un-hombre-menos-y-es-cuarto-en-la-zona-b-del-torneo-apertura-2026\/#primaryimage","url":"https:\/\/fmgente.com.ar\/web\/wp-content\/uploads\/2026\/04\/720-648.jpeg","contentUrl":"https:\/\/fmgente.com.ar\/web\/wp-content\/uploads\/2026\/04\/720-648.jpeg","width":720,"height":720},{"@type":"WebSite","@id":"https:\/\/fmgente.com.ar\/web\/#website","url":"https:\/\/fmgente.com.ar\/web\/","name":"Fm Gente","description":"- Jes\u00fas Mar\u00eda","publisher":{"@id":"https:\/\/fmgente.com.ar\/web\/#organization"},"potentialAction":[{"@type":"SearchAction","target":{"@type":"EntryPoint","urlTemplate":"https:\/\/fmgente.com.ar\/web\/?s={search_term_string}"},"query-input":{"@type":"PropertyValueSpecification","valueRequired":true,"valueName":"search_term_string"}}],"inLanguage":"es"},{"@type":"Organization","@id":"https:\/\/fmgente.com.ar\/web\/#organization","name":"Fm Gente","url":"https:\/\/fmgente.com.ar\/web\/","logo":{"@type":"ImageObject","inLanguage":"es","@id":"https:\/\/fmgente.com.ar\/web\/#\/schema\/logo\/image\/","url":"https:\/\/fmgente.com.ar\/web\/wp-content\/uploads\/2023\/07\/cropped-cropped-logo-sombra2.png","contentUrl":"https:\/\/fmgente.com.ar\/web\/wp-content\/uploads\/2023\/07\/cropped-cropped-logo-sombra2.png","width":1782,"height":1782,"caption":"Fm Gente"},"image":{"@id":"https:\/\/fmgente.com.ar\/web\/#\/schema\/logo\/image\/"}}]}},"_links":{"self":[{"href":"https:\/\/fmgente.com.ar\/web\/wp-json\/wp\/v2\/posts\/19111","targetHints":{"allow":["GET"]}}],"collection":[{"href":"https:\/\/fmgente.com.ar\/web\/wp-json\/wp\/v2\/posts"}],"about":[{"href":"https:\/\/fmgente.com.ar\/web\/wp-json\/wp\/v2\/types\/post"}],"replies":[{"embeddable":true,"href":"https:\/\/fmgente.com.ar\/web\/wp-json\/wp\/v2\/comments?post=19111"}],"version-history":[{"count":0,"href":"https:\/\/fmgente.com.ar\/web\/wp-json\/wp\/v2\/posts\/19111\/revisions"}],"wp:featuredmedia":[{"embeddable":true,"href":"https:\/\/fmgente.com.ar\/web\/wp-json\/wp\/v2\/media\/19112"}],"wp:attachment":[{"href":"https:\/\/fmgente.com.ar\/web\/wp-json\/wp\/v2\/media?parent=19111"}],"wp:term":[{"taxonomy":"category","embeddable":true,"href":"https:\/\/fmgente.com.ar\/web\/wp-json\/wp\/v2\/categories?post=19111"},{"taxonomy":"post_tag","embeddable":true,"href":"https:\/\/fmgente.com.ar\/web\/wp-json\/wp\/v2\/tags?post=19111"}],"curies":[{"name":"wp","href":"https:\/\/api.w.org\/{rel}","templated":true}]}}