{"id":19101,"date":"2026-04-10T23:06:06","date_gmt":"2026-04-11T02:06:06","guid":{"rendered":"https:\/\/fmgente.com.ar\/web\/lula-acuso-a-trump-de-amenazar-a-todo-el-mundo\/"},"modified":"2026-04-10T23:06:06","modified_gmt":"2026-04-11T02:06:06","slug":"lula-acuso-a-trump-de-amenazar-a-todo-el-mundo","status":"publish","type":"post","link":"https:\/\/fmgente.com.ar\/web\/lula-acuso-a-trump-de-amenazar-a-todo-el-mundo\/","title":{"rendered":"Lula acus\u00f3 a Trump de \u201camenazar a todo el mundo&quot;"},"content":{"rendered":"<p>Buenos Aires, 10 abril (NA) &#8212; El presidente de Brasil, Luiz In\u00e1cio Lula da Silva, afirm\u00f3 este viernes que la situaci\u00f3n geopol\u00edtica global es \u00abdif\u00edcil\u00bb, y acus\u00f3 a su hom\u00f3logo estadounidense, Donald Trump, de \u00abamenazar a todo el mundo\u00bb, en medio de su rechazo a la guerra que Estados Unidos e Israel iniciaron contra Ir\u00e1n.<\/p>\n<p>\u00abEl mundo est\u00e1 dif\u00edcil, Trump est\u00e1 amenazando a todo el mundo\u00bb, dijo Lula da Silva durante un discurso en la inauguraci\u00f3n de un nuevo campus del Instituto Federal de Educaci\u00f3n en la ciudad de Sorocaba, en el estado de San Pablo.<\/p>\n<p>\u00abNosotros en Brasil no queremos guerra, queremos paz, con acceso a la cultura, al estudio, el derecho a enamorarse, queremos cosas buenas y no queremos guerra, el que quiera guerra que vaya para otro lado del planeta. Aqu\u00ed no tenemos miedo de ser felices\u00bb, asegur\u00f3 el presidente, seg\u00fan supo la Agencia Noticias Argentinas.<\/p>\n<p>Asimismo, el mandatario subray\u00f3 que Brasil no tiene inter\u00e9s en involucrarse en conflictos armados y reiter\u00f3 que su Gobierno prioriza la paz como v\u00eda para ampliar el acceso de la poblaci\u00f3n a derechos sociales, econ\u00f3micos y culturales.<\/p>\n<p>#AgenciaNA<\/p>\n","protected":false},"excerpt":{"rendered":"<p>Buenos Aires, 10 abril (NA) &#8212; El presidente de Brasil, Luiz In\u00e1cio Lula da Silva,<\/p>\n","protected":false},"author":0,"featured_media":19102,"comment_status":"","ping_status":"","sticky":false,"template":"","format":"standard","meta":{"footnotes":""},"categories":[1],"tags":[],"class_list":["post-19101","post","type-post","status-publish","format-standard","has-post-thumbnail","hentry","category-regionales"],"yoast_head":"<!-- This site is optimized with the Yoast SEO plugin v27.4 - https:\/\/yoast.com\/product\/yoast-seo-wordpress\/ -->\n<title>Lula acus\u00f3 a Trump de \u201camenazar a todo el mundo&quot; - Fm Gente<\/title>\n<meta name=\"robots\" content=\"index, follow, max-snippet:-1, max-image-preview:large, max-video-preview:-1\" \/>\n<link rel=\"canonical\" href=\"https:\/\/fmgente.com.ar\/web\/lula-acuso-a-trump-de-amenazar-a-todo-el-mundo\/\" \/>\n<meta property=\"og:locale\" content=\"es_ES\" \/>\n<meta property=\"og:type\" content=\"article\" \/>\n<meta property=\"og:title\" content=\"Lula acus\u00f3 a Trump de \u201camenazar a todo el mundo&quot; - Fm Gente\" \/>\n<meta property=\"og:description\" content=\"Buenos Aires, 10 abril (NA) &#8212; El presidente de Brasil, Luiz In\u00e1cio Lula da Silva,\" \/>\n<meta property=\"og:url\" content=\"https:\/\/fmgente.com.ar\/web\/lula-acuso-a-trump-de-amenazar-a-todo-el-mundo\/\" \/>\n<meta property=\"og:site_name\" content=\"Fm Gente\" \/>\n<meta property=\"article:published_time\" content=\"2026-04-11T02:06:06+00:00\" \/>\n<meta name=\"twitter:card\" content=\"summary_large_image\" \/>\n<meta name=\"twitter:label1\" content=\"Tiempo de lectura\" \/>\n\t<meta name=\"twitter:data1\" content=\"1 minuto\" \/>\n<script type=\"application\/ld+json\" class=\"yoast-schema-graph\">{\"@context\":\"https:\\\/\\\/schema.org\",\"@graph\":[{\"@type\":\"Article\",\"@id\":\"https:\\\/\\\/fmgente.com.ar\\\/web\\\/lula-acuso-a-trump-de-amenazar-a-todo-el-mundo\\\/#article\",\"isPartOf\":{\"@id\":\"https:\\\/\\\/fmgente.com.ar\\\/web\\\/lula-acuso-a-trump-de-amenazar-a-todo-el-mundo\\\/\"},\"author\":{\"name\":\"\",\"@id\":\"\"},\"headline\":\"Lula acus\u00f3 a Trump de \u201camenazar a todo el mundo&quot;\",\"datePublished\":\"2026-04-11T02:06:06+00:00\",\"mainEntityOfPage\":{\"@id\":\"https:\\\/\\\/fmgente.com.ar\\\/web\\\/lula-acuso-a-trump-de-amenazar-a-todo-el-mundo\\\/\"},\"wordCount\":211,\"publisher\":{\"@id\":\"https:\\\/\\\/fmgente.com.ar\\\/web\\\/#organization\"},\"image\":{\"@id\":\"https:\\\/\\\/fmgente.com.ar\\\/web\\\/lula-acuso-a-trump-de-amenazar-a-todo-el-mundo\\\/#primaryimage\"},\"thumbnailUrl\":\"https:\\\/\\\/fmgente.com.ar\\\/web\\\/wp-content\\\/uploads\\\/2026\\\/04\\\/720-643.jpeg\",\"articleSection\":[\"REGIONALES\"],\"inLanguage\":\"es\"},{\"@type\":\"WebPage\",\"@id\":\"https:\\\/\\\/fmgente.com.ar\\\/web\\\/lula-acuso-a-trump-de-amenazar-a-todo-el-mundo\\\/\",\"url\":\"https:\\\/\\\/fmgente.com.ar\\\/web\\\/lula-acuso-a-trump-de-amenazar-a-todo-el-mundo\\\/\",\"name\":\"Lula acus\u00f3 a Trump de \u201camenazar a todo el mundo&quot; - Fm Gente\",\"isPartOf\":{\"@id\":\"https:\\\/\\\/fmgente.com.ar\\\/web\\\/#website\"},\"primaryImageOfPage\":{\"@id\":\"https:\\\/\\\/fmgente.com.ar\\\/web\\\/lula-acuso-a-trump-de-amenazar-a-todo-el-mundo\\\/#primaryimage\"},\"image\":{\"@id\":\"https:\\\/\\\/fmgente.com.ar\\\/web\\\/lula-acuso-a-trump-de-amenazar-a-todo-el-mundo\\\/#primaryimage\"},\"thumbnailUrl\":\"https:\\\/\\\/fmgente.com.ar\\\/web\\\/wp-content\\\/uploads\\\/2026\\\/04\\\/720-643.jpeg\",\"datePublished\":\"2026-04-11T02:06:06+00:00\",\"inLanguage\":\"es\",\"potentialAction\":[{\"@type\":\"ReadAction\",\"target\":[\"https:\\\/\\\/fmgente.com.ar\\\/web\\\/lula-acuso-a-trump-de-amenazar-a-todo-el-mundo\\\/\"]}]},{\"@type\":\"ImageObject\",\"inLanguage\":\"es\",\"@id\":\"https:\\\/\\\/fmgente.com.ar\\\/web\\\/lula-acuso-a-trump-de-amenazar-a-todo-el-mundo\\\/#primaryimage\",\"url\":\"https:\\\/\\\/fmgente.com.ar\\\/web\\\/wp-content\\\/uploads\\\/2026\\\/04\\\/720-643.jpeg\",\"contentUrl\":\"https:\\\/\\\/fmgente.com.ar\\\/web\\\/wp-content\\\/uploads\\\/2026\\\/04\\\/720-643.jpeg\",\"width\":1082,\"height\":720},{\"@type\":\"WebSite\",\"@id\":\"https:\\\/\\\/fmgente.com.ar\\\/web\\\/#website\",\"url\":\"https:\\\/\\\/fmgente.com.ar\\\/web\\\/\",\"name\":\"Fm Gente\",\"description\":\"- Jes\u00fas Mar\u00eda\",\"publisher\":{\"@id\":\"https:\\\/\\\/fmgente.com.ar\\\/web\\\/#organization\"},\"potentialAction\":[{\"@type\":\"SearchAction\",\"target\":{\"@type\":\"EntryPoint\",\"urlTemplate\":\"https:\\\/\\\/fmgente.com.ar\\\/web\\\/?s={search_term_string}\"},\"query-input\":{\"@type\":\"PropertyValueSpecification\",\"valueRequired\":true,\"valueName\":\"search_term_string\"}}],\"inLanguage\":\"es\"},{\"@type\":\"Organization\",\"@id\":\"https:\\\/\\\/fmgente.com.ar\\\/web\\\/#organization\",\"name\":\"Fm Gente\",\"url\":\"https:\\\/\\\/fmgente.com.ar\\\/web\\\/\",\"logo\":{\"@type\":\"ImageObject\",\"inLanguage\":\"es\",\"@id\":\"https:\\\/\\\/fmgente.com.ar\\\/web\\\/#\\\/schema\\\/logo\\\/image\\\/\",\"url\":\"https:\\\/\\\/fmgente.com.ar\\\/web\\\/wp-content\\\/uploads\\\/2023\\\/07\\\/cropped-cropped-logo-sombra2.png\",\"contentUrl\":\"https:\\\/\\\/fmgente.com.ar\\\/web\\\/wp-content\\\/uploads\\\/2023\\\/07\\\/cropped-cropped-logo-sombra2.png\",\"width\":1782,\"height\":1782,\"caption\":\"Fm Gente\"},\"image\":{\"@id\":\"https:\\\/\\\/fmgente.com.ar\\\/web\\\/#\\\/schema\\\/logo\\\/image\\\/\"}}]}<\/script>\n<!-- \/ Yoast SEO plugin. -->","yoast_head_json":{"title":"Lula acus\u00f3 a Trump de \u201camenazar a todo el mundo&quot; - Fm Gente","robots":{"index":"index","follow":"follow","max-snippet":"max-snippet:-1","max-image-preview":"max-image-preview:large","max-video-preview":"max-video-preview:-1"},"canonical":"https:\/\/fmgente.com.ar\/web\/lula-acuso-a-trump-de-amenazar-a-todo-el-mundo\/","og_locale":"es_ES","og_type":"article","og_title":"Lula acus\u00f3 a Trump de \u201camenazar a todo el mundo&quot; - Fm Gente","og_description":"Buenos Aires, 10 abril (NA) &#8212; El presidente de Brasil, Luiz In\u00e1cio Lula da Silva,","og_url":"https:\/\/fmgente.com.ar\/web\/lula-acuso-a-trump-de-amenazar-a-todo-el-mundo\/","og_site_name":"Fm Gente","article_published_time":"2026-04-11T02:06:06+00:00","twitter_card":"summary_large_image","twitter_misc":{"Tiempo de lectura":"1 minuto"},"schema":{"@context":"https:\/\/schema.org","@graph":[{"@type":"Article","@id":"https:\/\/fmgente.com.ar\/web\/lula-acuso-a-trump-de-amenazar-a-todo-el-mundo\/#article","isPartOf":{"@id":"https:\/\/fmgente.com.ar\/web\/lula-acuso-a-trump-de-amenazar-a-todo-el-mundo\/"},"author":{"name":"","@id":""},"headline":"Lula acus\u00f3 a Trump de \u201camenazar a todo el mundo&quot;","datePublished":"2026-04-11T02:06:06+00:00","mainEntityOfPage":{"@id":"https:\/\/fmgente.com.ar\/web\/lula-acuso-a-trump-de-amenazar-a-todo-el-mundo\/"},"wordCount":211,"publisher":{"@id":"https:\/\/fmgente.com.ar\/web\/#organization"},"image":{"@id":"https:\/\/fmgente.com.ar\/web\/lula-acuso-a-trump-de-amenazar-a-todo-el-mundo\/#primaryimage"},"thumbnailUrl":"https:\/\/fmgente.com.ar\/web\/wp-content\/uploads\/2026\/04\/720-643.jpeg","articleSection":["REGIONALES"],"inLanguage":"es"},{"@type":"WebPage","@id":"https:\/\/fmgente.com.ar\/web\/lula-acuso-a-trump-de-amenazar-a-todo-el-mundo\/","url":"https:\/\/fmgente.com.ar\/web\/lula-acuso-a-trump-de-amenazar-a-todo-el-mundo\/","name":"Lula acus\u00f3 a Trump de \u201camenazar a todo el mundo&quot; - Fm Gente","isPartOf":{"@id":"https:\/\/fmgente.com.ar\/web\/#website"},"primaryImageOfPage":{"@id":"https:\/\/fmgente.com.ar\/web\/lula-acuso-a-trump-de-amenazar-a-todo-el-mundo\/#primaryimage"},"image":{"@id":"https:\/\/fmgente.com.ar\/web\/lula-acuso-a-trump-de-amenazar-a-todo-el-mundo\/#primaryimage"},"thumbnailUrl":"https:\/\/fmgente.com.ar\/web\/wp-content\/uploads\/2026\/04\/720-643.jpeg","datePublished":"2026-04-11T02:06:06+00:00","inLanguage":"es","potentialAction":[{"@type":"ReadAction","target":["https:\/\/fmgente.com.ar\/web\/lula-acuso-a-trump-de-amenazar-a-todo-el-mundo\/"]}]},{"@type":"ImageObject","inLanguage":"es","@id":"https:\/\/fmgente.com.ar\/web\/lula-acuso-a-trump-de-amenazar-a-todo-el-mundo\/#primaryimage","url":"https:\/\/fmgente.com.ar\/web\/wp-content\/uploads\/2026\/04\/720-643.jpeg","contentUrl":"https:\/\/fmgente.com.ar\/web\/wp-content\/uploads\/2026\/04\/720-643.jpeg","width":1082,"height":720},{"@type":"WebSite","@id":"https:\/\/fmgente.com.ar\/web\/#website","url":"https:\/\/fmgente.com.ar\/web\/","name":"Fm Gente","description":"- Jes\u00fas Mar\u00eda","publisher":{"@id":"https:\/\/fmgente.com.ar\/web\/#organization"},"potentialAction":[{"@type":"SearchAction","target":{"@type":"EntryPoint","urlTemplate":"https:\/\/fmgente.com.ar\/web\/?s={search_term_string}"},"query-input":{"@type":"PropertyValueSpecification","valueRequired":true,"valueName":"search_term_string"}}],"inLanguage":"es"},{"@type":"Organization","@id":"https:\/\/fmgente.com.ar\/web\/#organization","name":"Fm Gente","url":"https:\/\/fmgente.com.ar\/web\/","logo":{"@type":"ImageObject","inLanguage":"es","@id":"https:\/\/fmgente.com.ar\/web\/#\/schema\/logo\/image\/","url":"https:\/\/fmgente.com.ar\/web\/wp-content\/uploads\/2023\/07\/cropped-cropped-logo-sombra2.png","contentUrl":"https:\/\/fmgente.com.ar\/web\/wp-content\/uploads\/2023\/07\/cropped-cropped-logo-sombra2.png","width":1782,"height":1782,"caption":"Fm Gente"},"image":{"@id":"https:\/\/fmgente.com.ar\/web\/#\/schema\/logo\/image\/"}}]}},"_links":{"self":[{"href":"https:\/\/fmgente.com.ar\/web\/wp-json\/wp\/v2\/posts\/19101","targetHints":{"allow":["GET"]}}],"collection":[{"href":"https:\/\/fmgente.com.ar\/web\/wp-json\/wp\/v2\/posts"}],"about":[{"href":"https:\/\/fmgente.com.ar\/web\/wp-json\/wp\/v2\/types\/post"}],"replies":[{"embeddable":true,"href":"https:\/\/fmgente.com.ar\/web\/wp-json\/wp\/v2\/comments?post=19101"}],"version-history":[{"count":0,"href":"https:\/\/fmgente.com.ar\/web\/wp-json\/wp\/v2\/posts\/19101\/revisions"}],"wp:featuredmedia":[{"embeddable":true,"href":"https:\/\/fmgente.com.ar\/web\/wp-json\/wp\/v2\/media\/19102"}],"wp:attachment":[{"href":"https:\/\/fmgente.com.ar\/web\/wp-json\/wp\/v2\/media?parent=19101"}],"wp:term":[{"taxonomy":"category","embeddable":true,"href":"https:\/\/fmgente.com.ar\/web\/wp-json\/wp\/v2\/categories?post=19101"},{"taxonomy":"post_tag","embeddable":true,"href":"https:\/\/fmgente.com.ar\/web\/wp-json\/wp\/v2\/tags?post=19101"}],"curies":[{"name":"wp","href":"https:\/\/api.w.org\/{rel}","templated":true}]}}