{"id":19097,"date":"2026-04-10T22:06:36","date_gmt":"2026-04-11T01:06:36","guid":{"rendered":"https:\/\/fmgente.com.ar\/web\/hermano-de-amlo-confirma-investigacion-para-conocer-causas-del-incendio-en-dos-bocas\/"},"modified":"2026-04-10T22:06:36","modified_gmt":"2026-04-11T01:06:36","slug":"hermano-de-amlo-confirma-investigacion-para-conocer-causas-del-incendio-en-dos-bocas","status":"publish","type":"post","link":"https:\/\/fmgente.com.ar\/web\/hermano-de-amlo-confirma-investigacion-para-conocer-causas-del-incendio-en-dos-bocas\/","title":{"rendered":"Hermano de AMLO confirma investigaci\u00f3n para conocer causas del incendio en Dos Bocas"},"content":{"rendered":"<p><img loading=\"lazy\" decoding=\"async\" src=\"https:\/\/www.infobae.com\/resizer\/v2\/MINHPCLV4BCM7N5MAB6CSZI5VI.jpg?auth=b5be5638b97561980313d705f1d578e2fe042f62a0f06120d260cbe0e2b9c66d&amp;smart=true&amp;width=1920&amp;height=1080\" alt=\"Jos\u00e9 Ramiro L\u00f3pez Obrador es el hermano menor de AMLO (Foto: Especial | Archivo)\" height=\"1080\" width=\"1920\" \/><\/p>\n<p>Un <b>incendio<\/b> registrado el <b>9 de abril de 2026<\/b> en la <b>refiner\u00eda Olmeca de Dos Bocas, Tabasco<\/b>, moviliz\u00f3 a autoridades federales.<\/p>\n<p>El incidente represent\u00f3 el <b>segundo siniestro<\/b> en menos de un a\u00f1o en una de las <b>obras emblem\u00e1ticas<\/b> del gobierno federal, lo que gener\u00f3 cr\u00edticas y exigencias de transparencia por parte del <b>PRI<\/b> y el <b>PAN<\/b>. <\/p>\n<p>Ambos partidos solicitaron que <b>Petr\u00f3leos Mexicanos (<\/b><a href=\"https:\/\/www.infobae.com\/mexico\/2026\/04\/09\/otro-incidente-en-la-refineria-dos-bocas-reportan-incendio-y-activan-emergencia\/\" target=\"_blank\" rel=\"\" title=\"https:\/\/www.infobae.com\/mexico\/2026\/04\/09\/otro-incidente-en-la-refineria-dos-bocas-reportan-incendio-y-activan-emergencia\/\">Pemex<\/a><b>)<\/b> reconociera una posible crisis operativa tras la repetici\u00f3n de incidentes y hiciera p\u00fablicos los protocolos de seguridad en la instalaci\u00f3n.<\/p>\n<p><b>Autoridades<\/b>, en particular la <b>presidenta Claudia Sheinbaum<\/b> y <b>Pemex<\/b>, en mensajes difundidos en redes sociales, informaron que el incendio se contuvo en una zona espec\u00edfica dentro del complejo, evitando que se extendiera y afectara otras \u00e1reas. No se reportaron v\u00edctimas.<\/p>\n<p>La <b>investigaci\u00f3n oficial<\/b> permanece en curso para determinar las causas del incendio y establecer si existieron responsabilidades, seg\u00fan informaci\u00f3n proporcionada por <b>Pemex<\/b> y miembros de la administraci\u00f3n estatal. <\/p>\n<h2>Jos\u00e9 Ramiro L\u00f3pez Obrador habla del incidente <\/h2>\n<p><img loading=\"lazy\" decoding=\"async\" src=\"https:\/\/www.infobae.com\/resizer\/v2\/ZRRDHTRGPVGB3IF6C35S7OAGGM.JPG?auth=70db4009fe4024cc8b21227fdabe378c97fb7c829f7920fa235a247494da40ed&amp;smart=true&amp;width=2842&amp;height=1893\" alt=\"La investigaci\u00f3n oficial permanece en curso para determinar las causas del incendio. REUTERS\/Luis Manuel Lopez\" height=\"1893\" width=\"2842\" \/><\/p>\n<p><b>Jos\u00e9 Ramiro L\u00f3pez Obrador<\/b>, secretario de Gobierno de <b>Tabasco <\/b>y hermano del expresidente de M\u00e9xico,<b>Andr\u00e9s Manuel L\u00f3pez Obrador<\/b>, confirm\u00f3 que se analizar\u00e1n los hechos para establecer las razones por las que ocurri\u00f3 el incidente y revisar el cumplimiento de los protocolos de seguridad en las instalaciones afectadas.<\/p>\n<p>\u201cSe va a investigar por qu\u00e9 sucedi\u00f3 el incidente porque debe haber medidas de seguridad en estas plantas\u201d.<\/p>\n<p>Del mismo modo, destac\u00f3 que lo ocurrido no afect\u00f3 la vida de las personas y redujo su gravedad: \u201cYa dio el posicionamiento Pemex, lo bueno de esto es que no hubo ning\u00fan accidente, <b>fue como bien se dice aqu\u00ed, la pura quemaz\u00f3n<\/b>\u201d. <\/p>\n<h2>Pemex, incendio en Dos Bocas y la respuesta de Jos\u00e9 Ramiro L\u00f3pez Obrador, en pocas palabras<\/h2>\n<p><img loading=\"lazy\" decoding=\"async\" src=\"https:\/\/www.infobae.com\/resizer\/v2\/NBU7IHLPS5CNFM4XFVSJJPP5YA.JPG?auth=851fd6e19df8d3eed2a0182a4cf6062b20b50a1c22125c6c8593f66f74329f88&amp;smart=true&amp;width=1029&amp;height=1569\" alt=\"REUTERS\/Luis Manuel Lopez\" height=\"1569\" width=\"1029\" \/><\/p>\n<ul>\n<li>Un incendio ocurre el 9 de abril de 2026 en la refiner\u00eda Olmeca de Dos Bocas, Tabasco.<\/li>\n<li>Autoridades federales se movilizan tras el incidente.<\/li>\n<li>Es el segundo siniestro en menos de un a\u00f1o en esta obra emblem\u00e1tica del gobierno federal.<\/li>\n<li>PRI y PAN critican la gesti\u00f3n y exigen transparencia sobre el manejo del siniestro.<\/li>\n<li>Ambos partidos piden a Pemex reconocer una posible crisis operativa y publicar los protocolos de seguridad de la refiner\u00eda.<\/li>\n<li>Claudia Sheinbaum y Pemex informan en redes sociales que el incendio se contiene en una zona espec\u00edfica, sin extenderse a otras \u00e1reas.<\/li>\n<li>No se reportan v\u00edctimas tras el incendio.<\/li>\n<li>La investigaci\u00f3n oficial sigue en curso para determinar las causas y posibles responsabilidades, seg\u00fan Pemex y autoridades estatales.<\/li>\n<li>Jos\u00e9 Ramiro L\u00f3pez Obrador, secretario de Gobierno de Tabasco, confirma que se revisar\u00e1n los hechos y los protocolos de seguridad en la refiner\u00eda.<\/li>\n<li>L\u00f3pez Obrador se\u00f1ala que debe haber medidas de seguridad en las plantas y que se investigar\u00e1n las causas del incidente.<\/li>\n<li>Destaca que no hubo afectaciones a la vida de las personas y minimiza la gravedad del incidente, subrayando que \u201cfue la pura quemaz\u00f3n\u201d.<\/li>\n<\/ul>\n","protected":false},"excerpt":{"rendered":"<p>Un incendio registrado el 9 de abril de 2026 en la refiner\u00eda Olmeca de Dos<\/p>\n","protected":false},"author":0,"featured_media":0,"comment_status":"","ping_status":"","sticky":false,"template":"","format":"standard","meta":{"footnotes":""},"categories":[11],"tags":[],"class_list":["post-19097","post","type-post","status-publish","format-standard","hentry","category-destacadas"],"yoast_head":"<!-- This site is optimized with the Yoast SEO plugin v27.4 - https:\/\/yoast.com\/product\/yoast-seo-wordpress\/ -->\n<title>Hermano de AMLO confirma investigaci\u00f3n para conocer causas del incendio en Dos Bocas - Fm Gente<\/title>\n<meta name=\"robots\" content=\"index, follow, max-snippet:-1, max-image-preview:large, max-video-preview:-1\" \/>\n<link rel=\"canonical\" href=\"https:\/\/fmgente.com.ar\/web\/hermano-de-amlo-confirma-investigacion-para-conocer-causas-del-incendio-en-dos-bocas\/\" \/>\n<meta property=\"og:locale\" content=\"es_ES\" \/>\n<meta property=\"og:type\" content=\"article\" \/>\n<meta property=\"og:title\" content=\"Hermano de AMLO confirma investigaci\u00f3n para conocer causas del incendio en Dos Bocas - Fm Gente\" \/>\n<meta property=\"og:description\" content=\"Un incendio registrado el 9 de abril de 2026 en la refiner\u00eda Olmeca de Dos\" \/>\n<meta property=\"og:url\" content=\"https:\/\/fmgente.com.ar\/web\/hermano-de-amlo-confirma-investigacion-para-conocer-causas-del-incendio-en-dos-bocas\/\" \/>\n<meta property=\"og:site_name\" content=\"Fm Gente\" \/>\n<meta property=\"article:published_time\" content=\"2026-04-11T01:06:36+00:00\" \/>\n<meta property=\"og:image\" content=\"https:\/\/www.infobae.com\/resizer\/v2\/MINHPCLV4BCM7N5MAB6CSZI5VI.jpg?auth=b5be5638b97561980313d705f1d578e2fe042f62a0f06120d260cbe0e2b9c66d&amp;smart=true&amp;width=1920&amp;height=1080\" \/>\n<meta name=\"twitter:card\" content=\"summary_large_image\" \/>\n<meta name=\"twitter:label1\" content=\"Tiempo de lectura\" \/>\n\t<meta name=\"twitter:data1\" content=\"3 minutos\" \/>\n<script type=\"application\/ld+json\" class=\"yoast-schema-graph\">{\"@context\":\"https:\\\/\\\/schema.org\",\"@graph\":[{\"@type\":\"Article\",\"@id\":\"https:\\\/\\\/fmgente.com.ar\\\/web\\\/hermano-de-amlo-confirma-investigacion-para-conocer-causas-del-incendio-en-dos-bocas\\\/#article\",\"isPartOf\":{\"@id\":\"https:\\\/\\\/fmgente.com.ar\\\/web\\\/hermano-de-amlo-confirma-investigacion-para-conocer-causas-del-incendio-en-dos-bocas\\\/\"},\"author\":{\"name\":\"\",\"@id\":\"\"},\"headline\":\"Hermano de AMLO confirma investigaci\u00f3n para conocer causas del incendio en Dos Bocas\",\"datePublished\":\"2026-04-11T01:06:36+00:00\",\"mainEntityOfPage\":{\"@id\":\"https:\\\/\\\/fmgente.com.ar\\\/web\\\/hermano-de-amlo-confirma-investigacion-para-conocer-causas-del-incendio-en-dos-bocas\\\/\"},\"wordCount\":517,\"publisher\":{\"@id\":\"https:\\\/\\\/fmgente.com.ar\\\/web\\\/#organization\"},\"image\":{\"@id\":\"https:\\\/\\\/fmgente.com.ar\\\/web\\\/hermano-de-amlo-confirma-investigacion-para-conocer-causas-del-incendio-en-dos-bocas\\\/#primaryimage\"},\"thumbnailUrl\":\"https:\\\/\\\/www.infobae.com\\\/resizer\\\/v2\\\/MINHPCLV4BCM7N5MAB6CSZI5VI.jpg?auth=b5be5638b97561980313d705f1d578e2fe042f62a0f06120d260cbe0e2b9c66d&amp;smart=true&amp;width=1920&amp;height=1080\",\"articleSection\":[\"DESTACADAS\"],\"inLanguage\":\"es\"},{\"@type\":\"WebPage\",\"@id\":\"https:\\\/\\\/fmgente.com.ar\\\/web\\\/hermano-de-amlo-confirma-investigacion-para-conocer-causas-del-incendio-en-dos-bocas\\\/\",\"url\":\"https:\\\/\\\/fmgente.com.ar\\\/web\\\/hermano-de-amlo-confirma-investigacion-para-conocer-causas-del-incendio-en-dos-bocas\\\/\",\"name\":\"Hermano de AMLO confirma investigaci\u00f3n para conocer causas del incendio en Dos Bocas - Fm Gente\",\"isPartOf\":{\"@id\":\"https:\\\/\\\/fmgente.com.ar\\\/web\\\/#website\"},\"primaryImageOfPage\":{\"@id\":\"https:\\\/\\\/fmgente.com.ar\\\/web\\\/hermano-de-amlo-confirma-investigacion-para-conocer-causas-del-incendio-en-dos-bocas\\\/#primaryimage\"},\"image\":{\"@id\":\"https:\\\/\\\/fmgente.com.ar\\\/web\\\/hermano-de-amlo-confirma-investigacion-para-conocer-causas-del-incendio-en-dos-bocas\\\/#primaryimage\"},\"thumbnailUrl\":\"https:\\\/\\\/www.infobae.com\\\/resizer\\\/v2\\\/MINHPCLV4BCM7N5MAB6CSZI5VI.jpg?auth=b5be5638b97561980313d705f1d578e2fe042f62a0f06120d260cbe0e2b9c66d&amp;smart=true&amp;width=1920&amp;height=1080\",\"datePublished\":\"2026-04-11T01:06:36+00:00\",\"inLanguage\":\"es\",\"potentialAction\":[{\"@type\":\"ReadAction\",\"target\":[\"https:\\\/\\\/fmgente.com.ar\\\/web\\\/hermano-de-amlo-confirma-investigacion-para-conocer-causas-del-incendio-en-dos-bocas\\\/\"]}]},{\"@type\":\"ImageObject\",\"inLanguage\":\"es\",\"@id\":\"https:\\\/\\\/fmgente.com.ar\\\/web\\\/hermano-de-amlo-confirma-investigacion-para-conocer-causas-del-incendio-en-dos-bocas\\\/#primaryimage\",\"url\":\"https:\\\/\\\/www.infobae.com\\\/resizer\\\/v2\\\/MINHPCLV4BCM7N5MAB6CSZI5VI.jpg?auth=b5be5638b97561980313d705f1d578e2fe042f62a0f06120d260cbe0e2b9c66d&amp;smart=true&amp;width=1920&amp;height=1080\",\"contentUrl\":\"https:\\\/\\\/www.infobae.com\\\/resizer\\\/v2\\\/MINHPCLV4BCM7N5MAB6CSZI5VI.jpg?auth=b5be5638b97561980313d705f1d578e2fe042f62a0f06120d260cbe0e2b9c66d&amp;smart=true&amp;width=1920&amp;height=1080\"},{\"@type\":\"WebSite\",\"@id\":\"https:\\\/\\\/fmgente.com.ar\\\/web\\\/#website\",\"url\":\"https:\\\/\\\/fmgente.com.ar\\\/web\\\/\",\"name\":\"Fm Gente\",\"description\":\"- Jes\u00fas Mar\u00eda\",\"publisher\":{\"@id\":\"https:\\\/\\\/fmgente.com.ar\\\/web\\\/#organization\"},\"potentialAction\":[{\"@type\":\"SearchAction\",\"target\":{\"@type\":\"EntryPoint\",\"urlTemplate\":\"https:\\\/\\\/fmgente.com.ar\\\/web\\\/?s={search_term_string}\"},\"query-input\":{\"@type\":\"PropertyValueSpecification\",\"valueRequired\":true,\"valueName\":\"search_term_string\"}}],\"inLanguage\":\"es\"},{\"@type\":\"Organization\",\"@id\":\"https:\\\/\\\/fmgente.com.ar\\\/web\\\/#organization\",\"name\":\"Fm Gente\",\"url\":\"https:\\\/\\\/fmgente.com.ar\\\/web\\\/\",\"logo\":{\"@type\":\"ImageObject\",\"inLanguage\":\"es\",\"@id\":\"https:\\\/\\\/fmgente.com.ar\\\/web\\\/#\\\/schema\\\/logo\\\/image\\\/\",\"url\":\"https:\\\/\\\/fmgente.com.ar\\\/web\\\/wp-content\\\/uploads\\\/2023\\\/07\\\/cropped-cropped-logo-sombra2.png\",\"contentUrl\":\"https:\\\/\\\/fmgente.com.ar\\\/web\\\/wp-content\\\/uploads\\\/2023\\\/07\\\/cropped-cropped-logo-sombra2.png\",\"width\":1782,\"height\":1782,\"caption\":\"Fm Gente\"},\"image\":{\"@id\":\"https:\\\/\\\/fmgente.com.ar\\\/web\\\/#\\\/schema\\\/logo\\\/image\\\/\"}}]}<\/script>\n<!-- \/ Yoast SEO plugin. -->","yoast_head_json":{"title":"Hermano de AMLO confirma investigaci\u00f3n para conocer causas del incendio en Dos Bocas - Fm Gente","robots":{"index":"index","follow":"follow","max-snippet":"max-snippet:-1","max-image-preview":"max-image-preview:large","max-video-preview":"max-video-preview:-1"},"canonical":"https:\/\/fmgente.com.ar\/web\/hermano-de-amlo-confirma-investigacion-para-conocer-causas-del-incendio-en-dos-bocas\/","og_locale":"es_ES","og_type":"article","og_title":"Hermano de AMLO confirma investigaci\u00f3n para conocer causas del incendio en Dos Bocas - Fm Gente","og_description":"Un incendio registrado el 9 de abril de 2026 en la refiner\u00eda Olmeca de Dos","og_url":"https:\/\/fmgente.com.ar\/web\/hermano-de-amlo-confirma-investigacion-para-conocer-causas-del-incendio-en-dos-bocas\/","og_site_name":"Fm Gente","article_published_time":"2026-04-11T01:06:36+00:00","og_image":[{"url":"https:\/\/www.infobae.com\/resizer\/v2\/MINHPCLV4BCM7N5MAB6CSZI5VI.jpg?auth=b5be5638b97561980313d705f1d578e2fe042f62a0f06120d260cbe0e2b9c66d&amp;smart=true&amp;width=1920&amp;height=1080","type":"","width":"","height":""}],"twitter_card":"summary_large_image","twitter_misc":{"Tiempo de lectura":"3 minutos"},"schema":{"@context":"https:\/\/schema.org","@graph":[{"@type":"Article","@id":"https:\/\/fmgente.com.ar\/web\/hermano-de-amlo-confirma-investigacion-para-conocer-causas-del-incendio-en-dos-bocas\/#article","isPartOf":{"@id":"https:\/\/fmgente.com.ar\/web\/hermano-de-amlo-confirma-investigacion-para-conocer-causas-del-incendio-en-dos-bocas\/"},"author":{"name":"","@id":""},"headline":"Hermano de AMLO confirma investigaci\u00f3n para conocer causas del incendio en Dos Bocas","datePublished":"2026-04-11T01:06:36+00:00","mainEntityOfPage":{"@id":"https:\/\/fmgente.com.ar\/web\/hermano-de-amlo-confirma-investigacion-para-conocer-causas-del-incendio-en-dos-bocas\/"},"wordCount":517,"publisher":{"@id":"https:\/\/fmgente.com.ar\/web\/#organization"},"image":{"@id":"https:\/\/fmgente.com.ar\/web\/hermano-de-amlo-confirma-investigacion-para-conocer-causas-del-incendio-en-dos-bocas\/#primaryimage"},"thumbnailUrl":"https:\/\/www.infobae.com\/resizer\/v2\/MINHPCLV4BCM7N5MAB6CSZI5VI.jpg?auth=b5be5638b97561980313d705f1d578e2fe042f62a0f06120d260cbe0e2b9c66d&amp;smart=true&amp;width=1920&amp;height=1080","articleSection":["DESTACADAS"],"inLanguage":"es"},{"@type":"WebPage","@id":"https:\/\/fmgente.com.ar\/web\/hermano-de-amlo-confirma-investigacion-para-conocer-causas-del-incendio-en-dos-bocas\/","url":"https:\/\/fmgente.com.ar\/web\/hermano-de-amlo-confirma-investigacion-para-conocer-causas-del-incendio-en-dos-bocas\/","name":"Hermano de AMLO confirma investigaci\u00f3n para conocer causas del incendio en Dos Bocas - Fm Gente","isPartOf":{"@id":"https:\/\/fmgente.com.ar\/web\/#website"},"primaryImageOfPage":{"@id":"https:\/\/fmgente.com.ar\/web\/hermano-de-amlo-confirma-investigacion-para-conocer-causas-del-incendio-en-dos-bocas\/#primaryimage"},"image":{"@id":"https:\/\/fmgente.com.ar\/web\/hermano-de-amlo-confirma-investigacion-para-conocer-causas-del-incendio-en-dos-bocas\/#primaryimage"},"thumbnailUrl":"https:\/\/www.infobae.com\/resizer\/v2\/MINHPCLV4BCM7N5MAB6CSZI5VI.jpg?auth=b5be5638b97561980313d705f1d578e2fe042f62a0f06120d260cbe0e2b9c66d&amp;smart=true&amp;width=1920&amp;height=1080","datePublished":"2026-04-11T01:06:36+00:00","inLanguage":"es","potentialAction":[{"@type":"ReadAction","target":["https:\/\/fmgente.com.ar\/web\/hermano-de-amlo-confirma-investigacion-para-conocer-causas-del-incendio-en-dos-bocas\/"]}]},{"@type":"ImageObject","inLanguage":"es","@id":"https:\/\/fmgente.com.ar\/web\/hermano-de-amlo-confirma-investigacion-para-conocer-causas-del-incendio-en-dos-bocas\/#primaryimage","url":"https:\/\/www.infobae.com\/resizer\/v2\/MINHPCLV4BCM7N5MAB6CSZI5VI.jpg?auth=b5be5638b97561980313d705f1d578e2fe042f62a0f06120d260cbe0e2b9c66d&amp;smart=true&amp;width=1920&amp;height=1080","contentUrl":"https:\/\/www.infobae.com\/resizer\/v2\/MINHPCLV4BCM7N5MAB6CSZI5VI.jpg?auth=b5be5638b97561980313d705f1d578e2fe042f62a0f06120d260cbe0e2b9c66d&amp;smart=true&amp;width=1920&amp;height=1080"},{"@type":"WebSite","@id":"https:\/\/fmgente.com.ar\/web\/#website","url":"https:\/\/fmgente.com.ar\/web\/","name":"Fm Gente","description":"- Jes\u00fas Mar\u00eda","publisher":{"@id":"https:\/\/fmgente.com.ar\/web\/#organization"},"potentialAction":[{"@type":"SearchAction","target":{"@type":"EntryPoint","urlTemplate":"https:\/\/fmgente.com.ar\/web\/?s={search_term_string}"},"query-input":{"@type":"PropertyValueSpecification","valueRequired":true,"valueName":"search_term_string"}}],"inLanguage":"es"},{"@type":"Organization","@id":"https:\/\/fmgente.com.ar\/web\/#organization","name":"Fm Gente","url":"https:\/\/fmgente.com.ar\/web\/","logo":{"@type":"ImageObject","inLanguage":"es","@id":"https:\/\/fmgente.com.ar\/web\/#\/schema\/logo\/image\/","url":"https:\/\/fmgente.com.ar\/web\/wp-content\/uploads\/2023\/07\/cropped-cropped-logo-sombra2.png","contentUrl":"https:\/\/fmgente.com.ar\/web\/wp-content\/uploads\/2023\/07\/cropped-cropped-logo-sombra2.png","width":1782,"height":1782,"caption":"Fm Gente"},"image":{"@id":"https:\/\/fmgente.com.ar\/web\/#\/schema\/logo\/image\/"}}]}},"_links":{"self":[{"href":"https:\/\/fmgente.com.ar\/web\/wp-json\/wp\/v2\/posts\/19097","targetHints":{"allow":["GET"]}}],"collection":[{"href":"https:\/\/fmgente.com.ar\/web\/wp-json\/wp\/v2\/posts"}],"about":[{"href":"https:\/\/fmgente.com.ar\/web\/wp-json\/wp\/v2\/types\/post"}],"replies":[{"embeddable":true,"href":"https:\/\/fmgente.com.ar\/web\/wp-json\/wp\/v2\/comments?post=19097"}],"version-history":[{"count":0,"href":"https:\/\/fmgente.com.ar\/web\/wp-json\/wp\/v2\/posts\/19097\/revisions"}],"wp:attachment":[{"href":"https:\/\/fmgente.com.ar\/web\/wp-json\/wp\/v2\/media?parent=19097"}],"wp:term":[{"taxonomy":"category","embeddable":true,"href":"https:\/\/fmgente.com.ar\/web\/wp-json\/wp\/v2\/categories?post=19097"},{"taxonomy":"post_tag","embeddable":true,"href":"https:\/\/fmgente.com.ar\/web\/wp-json\/wp\/v2\/tags?post=19097"}],"curies":[{"name":"wp","href":"https:\/\/api.w.org\/{rel}","templated":true}]}}