{"id":19096,"date":"2026-04-10T22:06:36","date_gmt":"2026-04-11T01:06:36","guid":{"rendered":"https:\/\/fmgente.com.ar\/web\/a-40-000-km-h-y-soportando-2-700-oc-asi-fue-el-amerizaje-de-artemis-ii-en-el-oceano-pacifico\/"},"modified":"2026-04-10T22:06:36","modified_gmt":"2026-04-11T01:06:36","slug":"a-40-000-km-h-y-soportando-2-700-oc-asi-fue-el-amerizaje-de-artemis-ii-en-el-oceano-pacifico","status":"publish","type":"post","link":"https:\/\/fmgente.com.ar\/web\/a-40-000-km-h-y-soportando-2-700-oc-asi-fue-el-amerizaje-de-artemis-ii-en-el-oceano-pacifico\/","title":{"rendered":"A 40.000 km\/h y soportando 2.700 \u00baC: as\u00ed fue el amerizaje de Artemis II en el oc\u00e9ano Pac\u00edfico"},"content":{"rendered":"<p>9 d\u00edas, 1 hora, 32 minutos. Ese fue el tiempo exacto que dur\u00f3 la misi\u00f3n espacial <a href=\"https:\/\/www.infobae.com\/tag\/artemis\/\" target=\"_blank\" rel=\"noreferrer\" title=\"https:\/\/www.infobae.com\/tag\/artemis\/\"><b>Artemis II<\/b><\/a>, que este viernes ameriz\u00f3 con \u00e9xito en el Oc\u00e9ano Pac\u00edfico, luego de <b>avanzar a a 40.000 km\/h y soportar temperaturas de 2.700 \u00baC.<\/b><\/p>\n<p><b>Durante seis minutos,<\/b> los expertos de la <a href=\"https:\/\/www.infobae.com\/tag\/nasa\/\" target=\"_blank\" rel=\"noreferrer\" title=\"https:\/\/www.infobae.com\/tag\/nasa\/\">NASA <\/a>en Houston y <b>el mundo entero ignor\u00f3 el destino de los cuatros astronautas<\/b> en una de las fases m\u00e1s cr\u00edticas de cualquier viaje espacial tripulado: el reingreso atmosf\u00e9rico. <\/p>\n<p>Si bien <b>Reid Wiseman<\/b>, <b>Victor Glover<\/b>, <b>Christina Koch<\/b> y <b>Jeremy Hansen <\/b>se hab\u00edan preparado para todo tipo de desaf\u00edo, el que protagonizaron este viernes por la noche fue \u00fanico, luego de completar una \u00f3rbita lunar hist\u00f3rica que los llev\u00f3 m\u00e1s lejos de la Tierra que cualquier misi\u00f3n anterior.<\/p>\n<p><img loading=\"lazy\" decoding=\"async\" src=\"https:\/\/www.infobae.com\/resizer\/v2\/KK65GTZ7PRC7TM4S3CKTF7HB3Y.JPG?auth=7d401b11c9bd57beb8b6489793c0e1ea6d9044d7336fef998c9fca65216a9ab5&amp;smart=true&amp;width=3588&amp;height=1994\" alt=\"As\u00ed fue el amerizaje de Artemis II (NASA\/Handout via REUTERS)\" height=\"1994\" width=\"3588\" \/><\/p>\n<p>Primero, <b>la c\u00e1psula Ori\u00f3n se desacopl\u00f3<\/b> del m\u00f3dulo europeo de servicio y revel\u00f3 el escudo t\u00e9rmico. La tripulaci\u00f3n se preparaba para el reingreso atmosf\u00e9rico y <b>entrar a la Tierra a 40.000 km\/h.<\/b><\/p>\n<p>A esa velocidad, los astronautas atravesaron las capas atmosf\u00e9ricas y <b>el escudo de Ori\u00f3n soport\u00f3 temperaturas de hasta 2700 \u00baC<\/b>. Por radio, se escuch\u00f3 a los astronautas dar el OK de que se encontraban bien dentro de la c\u00e1psula, mientras descend\u00edan con los paraca\u00eddas.<\/p>\n<p><b>A las 21:07 (hora Argentina), Artemis II ameriz\u00f3 en forma segura en el Oc\u00e9ano Pac\u00edfico.<\/b><\/p>\n<h2>Apag\u00f3n planificado de seis minutos<\/h2>\n<p>Durante los seis minutos de incomunicaci\u00f3n, <b>la c\u00e1psula descendi\u00f3 a trav\u00e9s de la atm\u00f3sfera como un proyectil.<\/b> El frenado fue brutal: <b>de 40.000 km\/h <\/b>a velocidades compatibles con un amerizaje seguro. El calor generado por la fricci\u00f3n alcanz\u00f3 los 2.670 \u2103, convirtiendo a Ori\u00f3n en una antorcha incandescente en el cielo del Pac\u00edfico. Los astronautas resistieron este tramo sin contacto con la Tierra, concentrados en monitorear los sistemas internos, listos para reaccionar ante cualquier falla.<\/p>\n<p><img loading=\"lazy\" decoding=\"async\" src=\"https:\/\/www.infobae.com\/resizer\/v2\/3SHMBZANNNDM5GXKFDPQPNARJ4.JPG?auth=19d076fd32b28516440d496c15a5988f012d4b23704d965ee221f9398c123603&amp;smart=true&amp;width=3588&amp;height=1994\" alt=\"Durante los seis minutos de incomunicaci\u00f3n, la c\u00e1psula descendi\u00f3 a trav\u00e9s de la atm\u00f3sfera como un proyectil (NASA\/Handout via REUTERS)\" height=\"1994\" width=\"3588\" \/><\/p>\n<p><b>A 8.077 metros sobre el oc\u00e9ano, la c\u00e1psula redujo su velocidad a 523 km\/h gracias al frenado atmosf\u00e9rico.<\/b> En ese punto, se activaron los sistemas pirot\u00e9cnicos para el despliegue secuencial de los paraca\u00eddas. Primero, tres paraca\u00eddas de la cubierta de la bah\u00eda delantera de 2,1 metros de di\u00e1metro. Luego, dos paraca\u00eddas de frenado de 7 metros y, finalmente, a 2.896 metros, los tres paraca\u00eddas principales de 35,3 metros de di\u00e1metro y 140 kilogramos de peso cada uno. Este sistema desacelera la c\u00e1psula a menos de 32 km\/h, la velocidad \u00f3ptima para un amerizaje controlado.<\/p>\n<p>La NASA hab\u00eda describido este tramo final como el<b> \u201cper\u00edodo de apag\u00f3n planificado de seis minutos\u201d<\/b>, una ventana de silencio total que comenz\u00f3 cuando Ori\u00f3n entr\u00f3 en contacto con las capas m\u00e1s densas de la atm\u00f3sfera a una altitud de 121.920 metros (400.000 pies). <\/p>\n<p><b>La c\u00e1psula se precipit\u00f3 a una velocidad suficiente para cruzar de Nueva York a Tokio en menos de 20 minutos<\/b>. Su objetivo era amerizar frente a las costas de San Diego, California, y culminar as\u00ed un viaje de 1.118.624 kil\u00f3metros (695.000 millas) por el espacio.<\/p>\n<p>El desaf\u00edo central reca\u00eda en la integridad del escudo t\u00e9rmico, una estructura de titanio recubierta con 186 bloques de Avcoat, cuyo espesor alcanza los 3,8 cent\u00edmetros. Esta protecci\u00f3n fue objeto de atenci\u00f3n particular desde el reingreso de Artemis I, cuando la NASA detect\u00f3 da\u00f1os por fragmentaci\u00f3n de Avcoat en la c\u00e1psula no tripulada durante su descenso en 2022. <\/p>\n<p><img loading=\"lazy\" decoding=\"async\" src=\"https:\/\/www.infobae.com\/resizer\/v2\/XHKTOVYQKBG43HSARXUFSRXQTM.JPG?auth=8729a5ccea2a9ba164b0484ea417c3fe0c5442c326d67e452363101ce01df86d&amp;smart=true&amp;width=3588&amp;height=1994\" alt=\"La c\u00e1psula se precipit\u00f3 a una velocidad suficiente para cruzar de Nueva York a Tokio en menos de 20 minutos (NASA\/Handout via REUTERS)\" height=\"1994\" width=\"3588\" \/><\/p>\n<p><b>Durante la reentrada, Ori\u00f3n soport\u00f3 temperaturas superiores a los 2.760 \u2103 (5.000 \u2109), <\/b>m\u00e1s del doble de la temperatura de la lava de un volc\u00e1n y casi la mitad de la superficie del Sol. La fricci\u00f3n y compresi\u00f3n atmosf\u00e9rica crean una burbuja de plasma incandescente que envuelve la c\u00e1psula, bloqueando por completo las comunicaciones de radio. <\/p>\n<p>Los astronautas perciben este instante como viajar dentro de <b>\u201cuna bola de fuego a trav\u00e9s de la atm\u00f3sfera\u201d<\/b>, seg\u00fan describi\u00f3 Victor Glover, quien reconoci\u00f3 que el regreso \u201cha estado rondando su mente desde el d\u00eda en que fue seleccionado\u201d.<\/p>\n<p>La <b>NASA y la Agencia Espacial Canadiense (CSA) <\/b>coordinaron el entrenamiento para este tramo bajo un rigor extremo. La tripulaci\u00f3n repas\u00f3 procedimientos y ensay\u00f3 simulaciones para cada posible fallo. <\/p>\n<p><img loading=\"lazy\" decoding=\"async\" src=\"https:\/\/www.infobae.com\/resizer\/v2\/PGKFFGBSRNFP3CRIXGIW5TK4RI.jpg?auth=5331a29d86d5dc511f6402070861a4516aab50d985c80178b3fcfbb4c4813e91&amp;smart=true&amp;width=1237&amp;height=721\" alt=\"El momento exacto del amerizaje en el Oceano Pac\u00edfico (NASA)\" height=\"721\" width=\"1237\" \/><\/p>\n<p>El astronauta retirado de la NASA <b>Barry \u201cButch\u201d Wilmore,<\/b> uno de los dos que estuvo el a\u00f1o pasado varado en la Estaci\u00f3n Espacial Internacional por varios meses a ra\u00edz del fallo en la c\u00e1psula Starliner de Boeing, explic\u00f3 el estado de concentraci\u00f3n absoluta: <b>\u201cSab\u00e9s que se acerca el apag\u00f3n.<\/b> Por eso, simplemente segu\u00eds adelante como en tus procesos normales, monitoreando. No hay mucho que puedas hacer\u201d. Y a\u00f1adi\u00f3: \u201cNo pod\u00e9s dejar que la aprensi\u00f3n te afecte en esos momentos. Ten\u00e9s que concentrarte en tu tarea, sea cual sea, y cumplirla o las consecuencias son muy graves\u201d.<\/p>\n<h2>El protocolo de rescate y el regreso a la superficie<\/h2>\n<p><b>El amerizaje activ\u00f3 de inmediato el operativo de recuperaci\u00f3n. Equipos militares y personal de la NASA a bordo del barco USS John P. Murtha<\/b> se prepararon para la extracci\u00f3n. Dos helic\u00f3pteros y embarcaciones auxiliares se desplegaron en cuanto la c\u00e1psula toc\u00f3 el agua a la espera de que se abra la y los astronautas salgan a una balsa inflable, denominada <b>\u201cFront Porch\u201d,<\/b> donde esperan el traslado m\u00e9dico.<\/p>\n<p><img loading=\"lazy\" decoding=\"async\" src=\"https:\/\/www.infobae.com\/resizer\/v2\/7JOQ6QYSVNAO5G4W4GKKMWP6SI.JPG?auth=38ed4fb36ebc291ca48dde5167002e4212eb32398e05e1feef98420f6113df1e&amp;smart=true&amp;width=3838&amp;height=2123\" alt=\"El amerizaje activ\u00f3 de inmediato el operativo de recuperaci\u00f3n (NASA\/Handout via REUTERS)\" height=\"2123\" width=\"3838\" \/><\/p>\n<p><b>Liliana Villarreal,<\/b> directora de recuperaci\u00f3n de Artemis, precis\u00f3: \u201cEsperamos recuperar a la tripulaci\u00f3n y llevarla a la sala m\u00e9dica en<b> dos horas desde el amerizaje<\/b>\u201d. <\/p>\n<p>El procedimiento contempla el traslado de la c\u00e1psula a bordo del USS John P. Murtha y, posteriormente, su transporte por tierra hasta el Centro Espacial Kennedy en Florida, donde ser\u00e1 inspeccionada. El operativo debe completarse en menos de 24 horas tras el amerizaje.<\/p>\n<p>Durante el descenso, cada paso exigi\u00f3 concentraci\u00f3n total. El astronauta Victor Glover resumi\u00f3 el sentimiento de la tripulaci\u00f3n en la v\u00edspera del reingreso: \u201cEstos instantes previos a la secuencia de reentrada son los m\u00e1s esperados y exigentes para cualquier miembro de la tripulaci\u00f3n de una misi\u00f3n de este calibre\u201d.<\/p>\n<p>La experiencia de cruzar la atm\u00f3sfera a 40.000 km\/h, envueltos en plasma y bajo la protecci\u00f3n de un escudo t\u00e9rmico, marca un hito en la exploraci\u00f3n humana del espacio. La secuencia final, desde el apag\u00f3n de comunicaciones hasta el rescate, se desarrolla con tal rapidez que apenas da margen para asimilarla. <\/p>\n<p>La misi\u00f3n Artemis II abre as\u00ed el camino para futuras expediciones lunares, con la mirada puesta en el regreso de la humanidad a la superficie de la Luna en los pr\u00f3ximos a\u00f1os.<\/p>\n","protected":false},"excerpt":{"rendered":"<p>9 d\u00edas, 1 hora, 32 minutos. Ese fue el tiempo exacto que dur\u00f3 la misi\u00f3n<\/p>\n","protected":false},"author":0,"featured_media":0,"comment_status":"","ping_status":"","sticky":false,"template":"","format":"standard","meta":{"footnotes":""},"categories":[11],"tags":[],"class_list":["post-19096","post","type-post","status-publish","format-standard","hentry","category-destacadas"],"yoast_head":"<!-- This site is optimized with the Yoast SEO plugin v27.4 - https:\/\/yoast.com\/product\/yoast-seo-wordpress\/ -->\n<title>A 40.000 km\/h y soportando 2.700 \u00baC: as\u00ed fue el amerizaje de Artemis II en el oc\u00e9ano Pac\u00edfico - Fm Gente<\/title>\n<meta name=\"robots\" content=\"index, follow, max-snippet:-1, max-image-preview:large, max-video-preview:-1\" \/>\n<link rel=\"canonical\" href=\"https:\/\/fmgente.com.ar\/web\/a-40-000-km-h-y-soportando-2-700-oc-asi-fue-el-amerizaje-de-artemis-ii-en-el-oceano-pacifico\/\" \/>\n<meta property=\"og:locale\" content=\"es_ES\" \/>\n<meta property=\"og:type\" content=\"article\" \/>\n<meta property=\"og:title\" content=\"A 40.000 km\/h y soportando 2.700 \u00baC: as\u00ed fue el amerizaje de Artemis II en el oc\u00e9ano Pac\u00edfico - Fm Gente\" \/>\n<meta property=\"og:description\" content=\"9 d\u00edas, 1 hora, 32 minutos. Ese fue el tiempo exacto que dur\u00f3 la misi\u00f3n\" \/>\n<meta property=\"og:url\" content=\"https:\/\/fmgente.com.ar\/web\/a-40-000-km-h-y-soportando-2-700-oc-asi-fue-el-amerizaje-de-artemis-ii-en-el-oceano-pacifico\/\" \/>\n<meta property=\"og:site_name\" content=\"Fm Gente\" \/>\n<meta property=\"article:published_time\" content=\"2026-04-11T01:06:36+00:00\" \/>\n<meta property=\"og:image\" content=\"https:\/\/www.infobae.com\/resizer\/v2\/KK65GTZ7PRC7TM4S3CKTF7HB3Y.JPG?auth=7d401b11c9bd57beb8b6489793c0e1ea6d9044d7336fef998c9fca65216a9ab5&amp;smart=true&amp;width=3588&amp;height=1994\" \/>\n<meta name=\"twitter:card\" content=\"summary_large_image\" \/>\n<meta name=\"twitter:label1\" content=\"Tiempo de lectura\" \/>\n\t<meta name=\"twitter:data1\" content=\"6 minutos\" \/>\n<script type=\"application\/ld+json\" class=\"yoast-schema-graph\">{\"@context\":\"https:\\\/\\\/schema.org\",\"@graph\":[{\"@type\":\"Article\",\"@id\":\"https:\\\/\\\/fmgente.com.ar\\\/web\\\/a-40-000-km-h-y-soportando-2-700-oc-asi-fue-el-amerizaje-de-artemis-ii-en-el-oceano-pacifico\\\/#article\",\"isPartOf\":{\"@id\":\"https:\\\/\\\/fmgente.com.ar\\\/web\\\/a-40-000-km-h-y-soportando-2-700-oc-asi-fue-el-amerizaje-de-artemis-ii-en-el-oceano-pacifico\\\/\"},\"author\":{\"name\":\"\",\"@id\":\"\"},\"headline\":\"A 40.000 km\\\/h y soportando 2.700 \u00baC: as\u00ed fue el amerizaje de Artemis II en el oc\u00e9ano Pac\u00edfico\",\"datePublished\":\"2026-04-11T01:06:36+00:00\",\"mainEntityOfPage\":{\"@id\":\"https:\\\/\\\/fmgente.com.ar\\\/web\\\/a-40-000-km-h-y-soportando-2-700-oc-asi-fue-el-amerizaje-de-artemis-ii-en-el-oceano-pacifico\\\/\"},\"wordCount\":1135,\"publisher\":{\"@id\":\"https:\\\/\\\/fmgente.com.ar\\\/web\\\/#organization\"},\"image\":{\"@id\":\"https:\\\/\\\/fmgente.com.ar\\\/web\\\/a-40-000-km-h-y-soportando-2-700-oc-asi-fue-el-amerizaje-de-artemis-ii-en-el-oceano-pacifico\\\/#primaryimage\"},\"thumbnailUrl\":\"https:\\\/\\\/www.infobae.com\\\/resizer\\\/v2\\\/KK65GTZ7PRC7TM4S3CKTF7HB3Y.JPG?auth=7d401b11c9bd57beb8b6489793c0e1ea6d9044d7336fef998c9fca65216a9ab5&amp;smart=true&amp;width=3588&amp;height=1994\",\"articleSection\":[\"DESTACADAS\"],\"inLanguage\":\"es\"},{\"@type\":\"WebPage\",\"@id\":\"https:\\\/\\\/fmgente.com.ar\\\/web\\\/a-40-000-km-h-y-soportando-2-700-oc-asi-fue-el-amerizaje-de-artemis-ii-en-el-oceano-pacifico\\\/\",\"url\":\"https:\\\/\\\/fmgente.com.ar\\\/web\\\/a-40-000-km-h-y-soportando-2-700-oc-asi-fue-el-amerizaje-de-artemis-ii-en-el-oceano-pacifico\\\/\",\"name\":\"A 40.000 km\\\/h y soportando 2.700 \u00baC: as\u00ed fue el amerizaje de Artemis II en el oc\u00e9ano Pac\u00edfico - Fm Gente\",\"isPartOf\":{\"@id\":\"https:\\\/\\\/fmgente.com.ar\\\/web\\\/#website\"},\"primaryImageOfPage\":{\"@id\":\"https:\\\/\\\/fmgente.com.ar\\\/web\\\/a-40-000-km-h-y-soportando-2-700-oc-asi-fue-el-amerizaje-de-artemis-ii-en-el-oceano-pacifico\\\/#primaryimage\"},\"image\":{\"@id\":\"https:\\\/\\\/fmgente.com.ar\\\/web\\\/a-40-000-km-h-y-soportando-2-700-oc-asi-fue-el-amerizaje-de-artemis-ii-en-el-oceano-pacifico\\\/#primaryimage\"},\"thumbnailUrl\":\"https:\\\/\\\/www.infobae.com\\\/resizer\\\/v2\\\/KK65GTZ7PRC7TM4S3CKTF7HB3Y.JPG?auth=7d401b11c9bd57beb8b6489793c0e1ea6d9044d7336fef998c9fca65216a9ab5&amp;smart=true&amp;width=3588&amp;height=1994\",\"datePublished\":\"2026-04-11T01:06:36+00:00\",\"inLanguage\":\"es\",\"potentialAction\":[{\"@type\":\"ReadAction\",\"target\":[\"https:\\\/\\\/fmgente.com.ar\\\/web\\\/a-40-000-km-h-y-soportando-2-700-oc-asi-fue-el-amerizaje-de-artemis-ii-en-el-oceano-pacifico\\\/\"]}]},{\"@type\":\"ImageObject\",\"inLanguage\":\"es\",\"@id\":\"https:\\\/\\\/fmgente.com.ar\\\/web\\\/a-40-000-km-h-y-soportando-2-700-oc-asi-fue-el-amerizaje-de-artemis-ii-en-el-oceano-pacifico\\\/#primaryimage\",\"url\":\"https:\\\/\\\/www.infobae.com\\\/resizer\\\/v2\\\/KK65GTZ7PRC7TM4S3CKTF7HB3Y.JPG?auth=7d401b11c9bd57beb8b6489793c0e1ea6d9044d7336fef998c9fca65216a9ab5&amp;smart=true&amp;width=3588&amp;height=1994\",\"contentUrl\":\"https:\\\/\\\/www.infobae.com\\\/resizer\\\/v2\\\/KK65GTZ7PRC7TM4S3CKTF7HB3Y.JPG?auth=7d401b11c9bd57beb8b6489793c0e1ea6d9044d7336fef998c9fca65216a9ab5&amp;smart=true&amp;width=3588&amp;height=1994\"},{\"@type\":\"WebSite\",\"@id\":\"https:\\\/\\\/fmgente.com.ar\\\/web\\\/#website\",\"url\":\"https:\\\/\\\/fmgente.com.ar\\\/web\\\/\",\"name\":\"Fm Gente\",\"description\":\"- Jes\u00fas Mar\u00eda\",\"publisher\":{\"@id\":\"https:\\\/\\\/fmgente.com.ar\\\/web\\\/#organization\"},\"potentialAction\":[{\"@type\":\"SearchAction\",\"target\":{\"@type\":\"EntryPoint\",\"urlTemplate\":\"https:\\\/\\\/fmgente.com.ar\\\/web\\\/?s={search_term_string}\"},\"query-input\":{\"@type\":\"PropertyValueSpecification\",\"valueRequired\":true,\"valueName\":\"search_term_string\"}}],\"inLanguage\":\"es\"},{\"@type\":\"Organization\",\"@id\":\"https:\\\/\\\/fmgente.com.ar\\\/web\\\/#organization\",\"name\":\"Fm Gente\",\"url\":\"https:\\\/\\\/fmgente.com.ar\\\/web\\\/\",\"logo\":{\"@type\":\"ImageObject\",\"inLanguage\":\"es\",\"@id\":\"https:\\\/\\\/fmgente.com.ar\\\/web\\\/#\\\/schema\\\/logo\\\/image\\\/\",\"url\":\"https:\\\/\\\/fmgente.com.ar\\\/web\\\/wp-content\\\/uploads\\\/2023\\\/07\\\/cropped-cropped-logo-sombra2.png\",\"contentUrl\":\"https:\\\/\\\/fmgente.com.ar\\\/web\\\/wp-content\\\/uploads\\\/2023\\\/07\\\/cropped-cropped-logo-sombra2.png\",\"width\":1782,\"height\":1782,\"caption\":\"Fm Gente\"},\"image\":{\"@id\":\"https:\\\/\\\/fmgente.com.ar\\\/web\\\/#\\\/schema\\\/logo\\\/image\\\/\"}}]}<\/script>\n<!-- \/ Yoast SEO plugin. -->","yoast_head_json":{"title":"A 40.000 km\/h y soportando 2.700 \u00baC: as\u00ed fue el amerizaje de Artemis II en el oc\u00e9ano Pac\u00edfico - Fm Gente","robots":{"index":"index","follow":"follow","max-snippet":"max-snippet:-1","max-image-preview":"max-image-preview:large","max-video-preview":"max-video-preview:-1"},"canonical":"https:\/\/fmgente.com.ar\/web\/a-40-000-km-h-y-soportando-2-700-oc-asi-fue-el-amerizaje-de-artemis-ii-en-el-oceano-pacifico\/","og_locale":"es_ES","og_type":"article","og_title":"A 40.000 km\/h y soportando 2.700 \u00baC: as\u00ed fue el amerizaje de Artemis II en el oc\u00e9ano Pac\u00edfico - Fm Gente","og_description":"9 d\u00edas, 1 hora, 32 minutos. Ese fue el tiempo exacto que dur\u00f3 la misi\u00f3n","og_url":"https:\/\/fmgente.com.ar\/web\/a-40-000-km-h-y-soportando-2-700-oc-asi-fue-el-amerizaje-de-artemis-ii-en-el-oceano-pacifico\/","og_site_name":"Fm Gente","article_published_time":"2026-04-11T01:06:36+00:00","og_image":[{"url":"https:\/\/www.infobae.com\/resizer\/v2\/KK65GTZ7PRC7TM4S3CKTF7HB3Y.JPG?auth=7d401b11c9bd57beb8b6489793c0e1ea6d9044d7336fef998c9fca65216a9ab5&amp;smart=true&amp;width=3588&amp;height=1994","type":"","width":"","height":""}],"twitter_card":"summary_large_image","twitter_misc":{"Tiempo de lectura":"6 minutos"},"schema":{"@context":"https:\/\/schema.org","@graph":[{"@type":"Article","@id":"https:\/\/fmgente.com.ar\/web\/a-40-000-km-h-y-soportando-2-700-oc-asi-fue-el-amerizaje-de-artemis-ii-en-el-oceano-pacifico\/#article","isPartOf":{"@id":"https:\/\/fmgente.com.ar\/web\/a-40-000-km-h-y-soportando-2-700-oc-asi-fue-el-amerizaje-de-artemis-ii-en-el-oceano-pacifico\/"},"author":{"name":"","@id":""},"headline":"A 40.000 km\/h y soportando 2.700 \u00baC: as\u00ed fue el amerizaje de Artemis II en el oc\u00e9ano Pac\u00edfico","datePublished":"2026-04-11T01:06:36+00:00","mainEntityOfPage":{"@id":"https:\/\/fmgente.com.ar\/web\/a-40-000-km-h-y-soportando-2-700-oc-asi-fue-el-amerizaje-de-artemis-ii-en-el-oceano-pacifico\/"},"wordCount":1135,"publisher":{"@id":"https:\/\/fmgente.com.ar\/web\/#organization"},"image":{"@id":"https:\/\/fmgente.com.ar\/web\/a-40-000-km-h-y-soportando-2-700-oc-asi-fue-el-amerizaje-de-artemis-ii-en-el-oceano-pacifico\/#primaryimage"},"thumbnailUrl":"https:\/\/www.infobae.com\/resizer\/v2\/KK65GTZ7PRC7TM4S3CKTF7HB3Y.JPG?auth=7d401b11c9bd57beb8b6489793c0e1ea6d9044d7336fef998c9fca65216a9ab5&amp;smart=true&amp;width=3588&amp;height=1994","articleSection":["DESTACADAS"],"inLanguage":"es"},{"@type":"WebPage","@id":"https:\/\/fmgente.com.ar\/web\/a-40-000-km-h-y-soportando-2-700-oc-asi-fue-el-amerizaje-de-artemis-ii-en-el-oceano-pacifico\/","url":"https:\/\/fmgente.com.ar\/web\/a-40-000-km-h-y-soportando-2-700-oc-asi-fue-el-amerizaje-de-artemis-ii-en-el-oceano-pacifico\/","name":"A 40.000 km\/h y soportando 2.700 \u00baC: as\u00ed fue el amerizaje de Artemis II en el oc\u00e9ano Pac\u00edfico - Fm Gente","isPartOf":{"@id":"https:\/\/fmgente.com.ar\/web\/#website"},"primaryImageOfPage":{"@id":"https:\/\/fmgente.com.ar\/web\/a-40-000-km-h-y-soportando-2-700-oc-asi-fue-el-amerizaje-de-artemis-ii-en-el-oceano-pacifico\/#primaryimage"},"image":{"@id":"https:\/\/fmgente.com.ar\/web\/a-40-000-km-h-y-soportando-2-700-oc-asi-fue-el-amerizaje-de-artemis-ii-en-el-oceano-pacifico\/#primaryimage"},"thumbnailUrl":"https:\/\/www.infobae.com\/resizer\/v2\/KK65GTZ7PRC7TM4S3CKTF7HB3Y.JPG?auth=7d401b11c9bd57beb8b6489793c0e1ea6d9044d7336fef998c9fca65216a9ab5&amp;smart=true&amp;width=3588&amp;height=1994","datePublished":"2026-04-11T01:06:36+00:00","inLanguage":"es","potentialAction":[{"@type":"ReadAction","target":["https:\/\/fmgente.com.ar\/web\/a-40-000-km-h-y-soportando-2-700-oc-asi-fue-el-amerizaje-de-artemis-ii-en-el-oceano-pacifico\/"]}]},{"@type":"ImageObject","inLanguage":"es","@id":"https:\/\/fmgente.com.ar\/web\/a-40-000-km-h-y-soportando-2-700-oc-asi-fue-el-amerizaje-de-artemis-ii-en-el-oceano-pacifico\/#primaryimage","url":"https:\/\/www.infobae.com\/resizer\/v2\/KK65GTZ7PRC7TM4S3CKTF7HB3Y.JPG?auth=7d401b11c9bd57beb8b6489793c0e1ea6d9044d7336fef998c9fca65216a9ab5&amp;smart=true&amp;width=3588&amp;height=1994","contentUrl":"https:\/\/www.infobae.com\/resizer\/v2\/KK65GTZ7PRC7TM4S3CKTF7HB3Y.JPG?auth=7d401b11c9bd57beb8b6489793c0e1ea6d9044d7336fef998c9fca65216a9ab5&amp;smart=true&amp;width=3588&amp;height=1994"},{"@type":"WebSite","@id":"https:\/\/fmgente.com.ar\/web\/#website","url":"https:\/\/fmgente.com.ar\/web\/","name":"Fm Gente","description":"- Jes\u00fas Mar\u00eda","publisher":{"@id":"https:\/\/fmgente.com.ar\/web\/#organization"},"potentialAction":[{"@type":"SearchAction","target":{"@type":"EntryPoint","urlTemplate":"https:\/\/fmgente.com.ar\/web\/?s={search_term_string}"},"query-input":{"@type":"PropertyValueSpecification","valueRequired":true,"valueName":"search_term_string"}}],"inLanguage":"es"},{"@type":"Organization","@id":"https:\/\/fmgente.com.ar\/web\/#organization","name":"Fm Gente","url":"https:\/\/fmgente.com.ar\/web\/","logo":{"@type":"ImageObject","inLanguage":"es","@id":"https:\/\/fmgente.com.ar\/web\/#\/schema\/logo\/image\/","url":"https:\/\/fmgente.com.ar\/web\/wp-content\/uploads\/2023\/07\/cropped-cropped-logo-sombra2.png","contentUrl":"https:\/\/fmgente.com.ar\/web\/wp-content\/uploads\/2023\/07\/cropped-cropped-logo-sombra2.png","width":1782,"height":1782,"caption":"Fm Gente"},"image":{"@id":"https:\/\/fmgente.com.ar\/web\/#\/schema\/logo\/image\/"}}]}},"_links":{"self":[{"href":"https:\/\/fmgente.com.ar\/web\/wp-json\/wp\/v2\/posts\/19096","targetHints":{"allow":["GET"]}}],"collection":[{"href":"https:\/\/fmgente.com.ar\/web\/wp-json\/wp\/v2\/posts"}],"about":[{"href":"https:\/\/fmgente.com.ar\/web\/wp-json\/wp\/v2\/types\/post"}],"replies":[{"embeddable":true,"href":"https:\/\/fmgente.com.ar\/web\/wp-json\/wp\/v2\/comments?post=19096"}],"version-history":[{"count":0,"href":"https:\/\/fmgente.com.ar\/web\/wp-json\/wp\/v2\/posts\/19096\/revisions"}],"wp:attachment":[{"href":"https:\/\/fmgente.com.ar\/web\/wp-json\/wp\/v2\/media?parent=19096"}],"wp:term":[{"taxonomy":"category","embeddable":true,"href":"https:\/\/fmgente.com.ar\/web\/wp-json\/wp\/v2\/categories?post=19096"},{"taxonomy":"post_tag","embeddable":true,"href":"https:\/\/fmgente.com.ar\/web\/wp-json\/wp\/v2\/tags?post=19096"}],"curies":[{"name":"wp","href":"https:\/\/api.w.org\/{rel}","templated":true}]}}