{"id":19095,"date":"2026-04-10T22:06:36","date_gmt":"2026-04-11T01:06:36","guid":{"rendered":"https:\/\/fmgente.com.ar\/web\/costa-rica-hombre-extranjero-fue-reportada-como-el-tercer-caso-de-chikungunya-en-2026\/"},"modified":"2026-04-10T22:06:36","modified_gmt":"2026-04-11T01:06:36","slug":"costa-rica-hombre-extranjero-fue-reportada-como-el-tercer-caso-de-chikungunya-en-2026","status":"publish","type":"post","link":"https:\/\/fmgente.com.ar\/web\/costa-rica-hombre-extranjero-fue-reportada-como-el-tercer-caso-de-chikungunya-en-2026\/","title":{"rendered":"Costa Rica: Hombre extranjero fue reportada como el tercer caso de chikungunya en 2026"},"content":{"rendered":"<p><img loading=\"lazy\" decoding=\"async\" src=\"https:\/\/www.infobae.com\/resizer\/v2\/U42DAUUD5NEIDMPEIEOABDAD5A.jpg?auth=fb00f9f0ea853e1081e9351be532e3df3ea21f42bab1949c79824ad9ef13c354&amp;smart=true&amp;width=1140&amp;height=678\" alt=\"El Ministerio de Salud confirm\u00f3 el tercer caso de chikungunya en Costa Rica durante 2026, detectado en un hombre extranjero residente en Guanacaste. (Cortes\u00eda: Revista Fapesp)\" height=\"678\" width=\"1140\" \/><\/p>\n<p>El <b>Ministerio de Salud<\/b> confirm\u00f3 este viernes el <b>tercer caso positivo<\/b> de <b>chikungunya<\/b> en <b>Costa Rica<\/b> durante el 2026. El paciente es un hombre de <b>45 a\u00f1os<\/b>, vecino de <b>Guanacaste<\/b> y de <b>nacionalidad extranjera<\/b>, quien no ha presentado complicaciones tras el contagio, seg\u00fan inform\u00f3 el medio Teletica.<\/p>\n<p>El diagn\u00f3stico se sustent\u00f3 en los resultados de los <b>laboratorios de la Caja Costarricense de Seguro Social (CCSS)<\/b>. Ahora, la muestra ser\u00e1 remitida para an\u00e1lisis al <b>Instituto Costarricense de Investigaci\u00f3n y Ense\u00f1anza en Nutrici\u00f3n y Salud<\/b> (Inciensa), como parte de los protocolos para la vigilancia y confirmaci\u00f3n de enfermedades virales transmitidas por mosquitos. <\/p>\n<p>Seg\u00fan informa el citado medio, Costa Rica no hab\u00eda registrado <b>circulaci\u00f3n activa del virus desde 2017<\/b>; sin embargo, en lo que va del presente a\u00f1o, ya se han notificado tres casos.<\/p>\n<p><img loading=\"lazy\" decoding=\"async\" src=\"https:\/\/www.infobae.com\/resizer\/v2\/3Q4YZXGQPREX7IV4JGMSTMZONM.jpg?auth=f3fd137617b404c956e3678b0ab38b6b97384ac3e703f69468a4e0180ddc9bcf&amp;smart=true&amp;width=4096&amp;height=2730\" alt=\"Autoridades sanitarias sospechan que el caso en Guanacaste es importado, pues el paciente ingres\u00f3 al pa\u00eds durante el periodo de incubaci\u00f3n del virus. (Cortes\u00eda: MedlinePlus)\" height=\"2730\" width=\"4096\" \/><\/p>\n<p>La <b>investigaci\u00f3n epidemiol\u00f3gica<\/b> determin\u00f3 que el paciente ingres\u00f3 al pa\u00eds durante el periodo de incubaci\u00f3n. Las autoridades sospecharon que se trata de un <b>caso importado<\/b>, pero han reforzado las acciones de control y prevenci\u00f3n para evitar la expansi\u00f3n del virus, seg\u00fan la informaci\u00f3n suministrada por Teletica.<\/p>\n<h2>C\u00f3mo detectar y prevenir la fiebre chikunguya: s\u00edntomas y medidas de protecci\u00f3n<\/h2>\n<p>La fiebre chikungunya es una enfermedad de origen viral transmitida por la <b>picadura de mosquitos<\/b> y provoca s\u00edntomas como <b>fiebre alta<\/b>, <b>dolor articular<\/b> y <b>malestar general<\/b>. <\/p>\n<p>De acuerdo con la Organizaci\u00f3n Panamericana de la Salud (OPS), el chikunguya es una infecci\u00f3n que se transmite a las personas a trav\u00e9s de la picadura de mosquitos portadores del virus Chikungunya. Las especies responsables de propagar esta enfermedad son el Aedes aegypti y el Aedes albopictus.<\/p>\n<p>El organismo se\u00f1ala que los s\u00edntomas comienzan generalmente de 4 a 8 d\u00edas despu\u00e9s de la picadura de mosquitos, pero pueden aparecer en cualquier momento entre el d\u00eda 2 y el d\u00eda 12. <b>El s\u00edntoma m\u00e1s com\u00fan es una aparici\u00f3n repentina de fiebre, a menudo acompa\u00f1ada de dolor en las articulaciones<\/b>. Otros s\u00edntomas incluyen dolor muscular, dolor de cabeza, n\u00e1useas, fatiga y erupci\u00f3n cut\u00e1nea. <\/p>\n<p><img loading=\"lazy\" decoding=\"async\" src=\"https:\/\/www.infobae.com\/resizer\/v2\/WZJQSSA2MBHLNLWRRRRXZZV7JM.jpg?auth=18d3107a796b11898e39f53501dadaf6e226cf77942d082c96fb5fbd18675497&amp;smart=true&amp;width=664&amp;height=664\" alt=\"Ante el riesgo de propagaci\u00f3n, las recomendaciones sanitarias incluyen el uso de repelente, ropa de manga larga, mosquiteros y eliminaci\u00f3n de criaderos. (Cortes\u00eda: Ministerio de Salud)\" height=\"664\" width=\"664\" \/><\/p>\n<p>El dolor intenso en las articulaciones por lo general es incapacitante y dura unos pocos d\u00edas, aunque puede persistir durante meses o incluso a\u00f1os.<\/p>\n<p>La vigilancia activa y la movilizaci\u00f3n para la eliminaci\u00f3n de criaderos, sumadas a las recomendaciones de protecci\u00f3n individual, se convierten en las primeras respuestas a la detecci\u00f3n del nuevo caso. De igual forma, autoridades recomiendan uso de repelentes y mosquiteros.<\/p>\n<h2>Medidas para prevenir el dengue, zika y chikunguya<\/h2>\n<p>El Ministerio de Salud de Costa Rica ha difundido recomendaciones para prevenir la transmisi\u00f3n del mosquito que propaga dengue, zika y chikunguya.<\/p>\n<p>Seg\u00fan la informaci\u00f3n oficial, <b>se debe limpiar y vaciar de manera constante los recipientes que almacenan agua, revisar y limpiar canoas y cualquier pl\u00e1stico negro en los patios de las viviendas, adem\u00e1s de colocar las llantas en desuso bajo techo o llevarlas a sitios de acopio<\/b>. <\/p>\n<p>En caso de presentar s\u00edntomas de dengue, como fiebre, malestar general, dolor muscular o articular, las autoridades de salud recomiendan acudir a los servicios m\u00e9dicos y evitar la automedicaci\u00f3n. La instituci\u00f3n resalta la importancia de seguir estas indicaciones para proteger la salud y cortar las cadenas de transmisi\u00f3n del mosquito.<\/p>\n","protected":false},"excerpt":{"rendered":"<p>El Ministerio de Salud confirm\u00f3 este viernes el tercer caso positivo de chikungunya en Costa<\/p>\n","protected":false},"author":0,"featured_media":0,"comment_status":"","ping_status":"","sticky":false,"template":"","format":"standard","meta":{"footnotes":""},"categories":[11],"tags":[],"class_list":["post-19095","post","type-post","status-publish","format-standard","hentry","category-destacadas"],"yoast_head":"<!-- This site is optimized with the Yoast SEO plugin v27.4 - https:\/\/yoast.com\/product\/yoast-seo-wordpress\/ -->\n<title>Costa Rica: Hombre extranjero fue reportada como el tercer caso de chikungunya en 2026 - Fm Gente<\/title>\n<meta name=\"robots\" content=\"index, follow, max-snippet:-1, max-image-preview:large, max-video-preview:-1\" \/>\n<link rel=\"canonical\" href=\"https:\/\/fmgente.com.ar\/web\/costa-rica-hombre-extranjero-fue-reportada-como-el-tercer-caso-de-chikungunya-en-2026\/\" \/>\n<meta property=\"og:locale\" content=\"es_ES\" \/>\n<meta property=\"og:type\" content=\"article\" \/>\n<meta property=\"og:title\" content=\"Costa Rica: Hombre extranjero fue reportada como el tercer caso de chikungunya en 2026 - Fm Gente\" \/>\n<meta property=\"og:description\" content=\"El Ministerio de Salud confirm\u00f3 este viernes el tercer caso positivo de chikungunya en Costa\" \/>\n<meta property=\"og:url\" content=\"https:\/\/fmgente.com.ar\/web\/costa-rica-hombre-extranjero-fue-reportada-como-el-tercer-caso-de-chikungunya-en-2026\/\" \/>\n<meta property=\"og:site_name\" content=\"Fm Gente\" \/>\n<meta property=\"article:published_time\" content=\"2026-04-11T01:06:36+00:00\" \/>\n<meta property=\"og:image\" content=\"https:\/\/www.infobae.com\/resizer\/v2\/U42DAUUD5NEIDMPEIEOABDAD5A.jpg?auth=fb00f9f0ea853e1081e9351be532e3df3ea21f42bab1949c79824ad9ef13c354&amp;smart=true&amp;width=1140&amp;height=678\" \/>\n<meta name=\"twitter:card\" content=\"summary_large_image\" \/>\n<meta name=\"twitter:label1\" content=\"Tiempo de lectura\" \/>\n\t<meta name=\"twitter:data1\" content=\"3 minutos\" \/>\n<script type=\"application\/ld+json\" class=\"yoast-schema-graph\">{\"@context\":\"https:\\\/\\\/schema.org\",\"@graph\":[{\"@type\":\"Article\",\"@id\":\"https:\\\/\\\/fmgente.com.ar\\\/web\\\/costa-rica-hombre-extranjero-fue-reportada-como-el-tercer-caso-de-chikungunya-en-2026\\\/#article\",\"isPartOf\":{\"@id\":\"https:\\\/\\\/fmgente.com.ar\\\/web\\\/costa-rica-hombre-extranjero-fue-reportada-como-el-tercer-caso-de-chikungunya-en-2026\\\/\"},\"author\":{\"name\":\"\",\"@id\":\"\"},\"headline\":\"Costa Rica: Hombre extranjero fue reportada como el tercer caso de chikungunya en 2026\",\"datePublished\":\"2026-04-11T01:06:36+00:00\",\"mainEntityOfPage\":{\"@id\":\"https:\\\/\\\/fmgente.com.ar\\\/web\\\/costa-rica-hombre-extranjero-fue-reportada-como-el-tercer-caso-de-chikungunya-en-2026\\\/\"},\"wordCount\":580,\"publisher\":{\"@id\":\"https:\\\/\\\/fmgente.com.ar\\\/web\\\/#organization\"},\"image\":{\"@id\":\"https:\\\/\\\/fmgente.com.ar\\\/web\\\/costa-rica-hombre-extranjero-fue-reportada-como-el-tercer-caso-de-chikungunya-en-2026\\\/#primaryimage\"},\"thumbnailUrl\":\"https:\\\/\\\/www.infobae.com\\\/resizer\\\/v2\\\/U42DAUUD5NEIDMPEIEOABDAD5A.jpg?auth=fb00f9f0ea853e1081e9351be532e3df3ea21f42bab1949c79824ad9ef13c354&amp;smart=true&amp;width=1140&amp;height=678\",\"articleSection\":[\"DESTACADAS\"],\"inLanguage\":\"es\"},{\"@type\":\"WebPage\",\"@id\":\"https:\\\/\\\/fmgente.com.ar\\\/web\\\/costa-rica-hombre-extranjero-fue-reportada-como-el-tercer-caso-de-chikungunya-en-2026\\\/\",\"url\":\"https:\\\/\\\/fmgente.com.ar\\\/web\\\/costa-rica-hombre-extranjero-fue-reportada-como-el-tercer-caso-de-chikungunya-en-2026\\\/\",\"name\":\"Costa Rica: Hombre extranjero fue reportada como el tercer caso de chikungunya en 2026 - Fm Gente\",\"isPartOf\":{\"@id\":\"https:\\\/\\\/fmgente.com.ar\\\/web\\\/#website\"},\"primaryImageOfPage\":{\"@id\":\"https:\\\/\\\/fmgente.com.ar\\\/web\\\/costa-rica-hombre-extranjero-fue-reportada-como-el-tercer-caso-de-chikungunya-en-2026\\\/#primaryimage\"},\"image\":{\"@id\":\"https:\\\/\\\/fmgente.com.ar\\\/web\\\/costa-rica-hombre-extranjero-fue-reportada-como-el-tercer-caso-de-chikungunya-en-2026\\\/#primaryimage\"},\"thumbnailUrl\":\"https:\\\/\\\/www.infobae.com\\\/resizer\\\/v2\\\/U42DAUUD5NEIDMPEIEOABDAD5A.jpg?auth=fb00f9f0ea853e1081e9351be532e3df3ea21f42bab1949c79824ad9ef13c354&amp;smart=true&amp;width=1140&amp;height=678\",\"datePublished\":\"2026-04-11T01:06:36+00:00\",\"inLanguage\":\"es\",\"potentialAction\":[{\"@type\":\"ReadAction\",\"target\":[\"https:\\\/\\\/fmgente.com.ar\\\/web\\\/costa-rica-hombre-extranjero-fue-reportada-como-el-tercer-caso-de-chikungunya-en-2026\\\/\"]}]},{\"@type\":\"ImageObject\",\"inLanguage\":\"es\",\"@id\":\"https:\\\/\\\/fmgente.com.ar\\\/web\\\/costa-rica-hombre-extranjero-fue-reportada-como-el-tercer-caso-de-chikungunya-en-2026\\\/#primaryimage\",\"url\":\"https:\\\/\\\/www.infobae.com\\\/resizer\\\/v2\\\/U42DAUUD5NEIDMPEIEOABDAD5A.jpg?auth=fb00f9f0ea853e1081e9351be532e3df3ea21f42bab1949c79824ad9ef13c354&amp;smart=true&amp;width=1140&amp;height=678\",\"contentUrl\":\"https:\\\/\\\/www.infobae.com\\\/resizer\\\/v2\\\/U42DAUUD5NEIDMPEIEOABDAD5A.jpg?auth=fb00f9f0ea853e1081e9351be532e3df3ea21f42bab1949c79824ad9ef13c354&amp;smart=true&amp;width=1140&amp;height=678\"},{\"@type\":\"WebSite\",\"@id\":\"https:\\\/\\\/fmgente.com.ar\\\/web\\\/#website\",\"url\":\"https:\\\/\\\/fmgente.com.ar\\\/web\\\/\",\"name\":\"Fm Gente\",\"description\":\"- Jes\u00fas Mar\u00eda\",\"publisher\":{\"@id\":\"https:\\\/\\\/fmgente.com.ar\\\/web\\\/#organization\"},\"potentialAction\":[{\"@type\":\"SearchAction\",\"target\":{\"@type\":\"EntryPoint\",\"urlTemplate\":\"https:\\\/\\\/fmgente.com.ar\\\/web\\\/?s={search_term_string}\"},\"query-input\":{\"@type\":\"PropertyValueSpecification\",\"valueRequired\":true,\"valueName\":\"search_term_string\"}}],\"inLanguage\":\"es\"},{\"@type\":\"Organization\",\"@id\":\"https:\\\/\\\/fmgente.com.ar\\\/web\\\/#organization\",\"name\":\"Fm Gente\",\"url\":\"https:\\\/\\\/fmgente.com.ar\\\/web\\\/\",\"logo\":{\"@type\":\"ImageObject\",\"inLanguage\":\"es\",\"@id\":\"https:\\\/\\\/fmgente.com.ar\\\/web\\\/#\\\/schema\\\/logo\\\/image\\\/\",\"url\":\"https:\\\/\\\/fmgente.com.ar\\\/web\\\/wp-content\\\/uploads\\\/2023\\\/07\\\/cropped-cropped-logo-sombra2.png\",\"contentUrl\":\"https:\\\/\\\/fmgente.com.ar\\\/web\\\/wp-content\\\/uploads\\\/2023\\\/07\\\/cropped-cropped-logo-sombra2.png\",\"width\":1782,\"height\":1782,\"caption\":\"Fm Gente\"},\"image\":{\"@id\":\"https:\\\/\\\/fmgente.com.ar\\\/web\\\/#\\\/schema\\\/logo\\\/image\\\/\"}}]}<\/script>\n<!-- \/ Yoast SEO plugin. -->","yoast_head_json":{"title":"Costa Rica: Hombre extranjero fue reportada como el tercer caso de chikungunya en 2026 - Fm Gente","robots":{"index":"index","follow":"follow","max-snippet":"max-snippet:-1","max-image-preview":"max-image-preview:large","max-video-preview":"max-video-preview:-1"},"canonical":"https:\/\/fmgente.com.ar\/web\/costa-rica-hombre-extranjero-fue-reportada-como-el-tercer-caso-de-chikungunya-en-2026\/","og_locale":"es_ES","og_type":"article","og_title":"Costa Rica: Hombre extranjero fue reportada como el tercer caso de chikungunya en 2026 - Fm Gente","og_description":"El Ministerio de Salud confirm\u00f3 este viernes el tercer caso positivo de chikungunya en Costa","og_url":"https:\/\/fmgente.com.ar\/web\/costa-rica-hombre-extranjero-fue-reportada-como-el-tercer-caso-de-chikungunya-en-2026\/","og_site_name":"Fm Gente","article_published_time":"2026-04-11T01:06:36+00:00","og_image":[{"url":"https:\/\/www.infobae.com\/resizer\/v2\/U42DAUUD5NEIDMPEIEOABDAD5A.jpg?auth=fb00f9f0ea853e1081e9351be532e3df3ea21f42bab1949c79824ad9ef13c354&amp;smart=true&amp;width=1140&amp;height=678","type":"","width":"","height":""}],"twitter_card":"summary_large_image","twitter_misc":{"Tiempo de lectura":"3 minutos"},"schema":{"@context":"https:\/\/schema.org","@graph":[{"@type":"Article","@id":"https:\/\/fmgente.com.ar\/web\/costa-rica-hombre-extranjero-fue-reportada-como-el-tercer-caso-de-chikungunya-en-2026\/#article","isPartOf":{"@id":"https:\/\/fmgente.com.ar\/web\/costa-rica-hombre-extranjero-fue-reportada-como-el-tercer-caso-de-chikungunya-en-2026\/"},"author":{"name":"","@id":""},"headline":"Costa Rica: Hombre extranjero fue reportada como el tercer caso de chikungunya en 2026","datePublished":"2026-04-11T01:06:36+00:00","mainEntityOfPage":{"@id":"https:\/\/fmgente.com.ar\/web\/costa-rica-hombre-extranjero-fue-reportada-como-el-tercer-caso-de-chikungunya-en-2026\/"},"wordCount":580,"publisher":{"@id":"https:\/\/fmgente.com.ar\/web\/#organization"},"image":{"@id":"https:\/\/fmgente.com.ar\/web\/costa-rica-hombre-extranjero-fue-reportada-como-el-tercer-caso-de-chikungunya-en-2026\/#primaryimage"},"thumbnailUrl":"https:\/\/www.infobae.com\/resizer\/v2\/U42DAUUD5NEIDMPEIEOABDAD5A.jpg?auth=fb00f9f0ea853e1081e9351be532e3df3ea21f42bab1949c79824ad9ef13c354&amp;smart=true&amp;width=1140&amp;height=678","articleSection":["DESTACADAS"],"inLanguage":"es"},{"@type":"WebPage","@id":"https:\/\/fmgente.com.ar\/web\/costa-rica-hombre-extranjero-fue-reportada-como-el-tercer-caso-de-chikungunya-en-2026\/","url":"https:\/\/fmgente.com.ar\/web\/costa-rica-hombre-extranjero-fue-reportada-como-el-tercer-caso-de-chikungunya-en-2026\/","name":"Costa Rica: Hombre extranjero fue reportada como el tercer caso de chikungunya en 2026 - Fm Gente","isPartOf":{"@id":"https:\/\/fmgente.com.ar\/web\/#website"},"primaryImageOfPage":{"@id":"https:\/\/fmgente.com.ar\/web\/costa-rica-hombre-extranjero-fue-reportada-como-el-tercer-caso-de-chikungunya-en-2026\/#primaryimage"},"image":{"@id":"https:\/\/fmgente.com.ar\/web\/costa-rica-hombre-extranjero-fue-reportada-como-el-tercer-caso-de-chikungunya-en-2026\/#primaryimage"},"thumbnailUrl":"https:\/\/www.infobae.com\/resizer\/v2\/U42DAUUD5NEIDMPEIEOABDAD5A.jpg?auth=fb00f9f0ea853e1081e9351be532e3df3ea21f42bab1949c79824ad9ef13c354&amp;smart=true&amp;width=1140&amp;height=678","datePublished":"2026-04-11T01:06:36+00:00","inLanguage":"es","potentialAction":[{"@type":"ReadAction","target":["https:\/\/fmgente.com.ar\/web\/costa-rica-hombre-extranjero-fue-reportada-como-el-tercer-caso-de-chikungunya-en-2026\/"]}]},{"@type":"ImageObject","inLanguage":"es","@id":"https:\/\/fmgente.com.ar\/web\/costa-rica-hombre-extranjero-fue-reportada-como-el-tercer-caso-de-chikungunya-en-2026\/#primaryimage","url":"https:\/\/www.infobae.com\/resizer\/v2\/U42DAUUD5NEIDMPEIEOABDAD5A.jpg?auth=fb00f9f0ea853e1081e9351be532e3df3ea21f42bab1949c79824ad9ef13c354&amp;smart=true&amp;width=1140&amp;height=678","contentUrl":"https:\/\/www.infobae.com\/resizer\/v2\/U42DAUUD5NEIDMPEIEOABDAD5A.jpg?auth=fb00f9f0ea853e1081e9351be532e3df3ea21f42bab1949c79824ad9ef13c354&amp;smart=true&amp;width=1140&amp;height=678"},{"@type":"WebSite","@id":"https:\/\/fmgente.com.ar\/web\/#website","url":"https:\/\/fmgente.com.ar\/web\/","name":"Fm Gente","description":"- Jes\u00fas Mar\u00eda","publisher":{"@id":"https:\/\/fmgente.com.ar\/web\/#organization"},"potentialAction":[{"@type":"SearchAction","target":{"@type":"EntryPoint","urlTemplate":"https:\/\/fmgente.com.ar\/web\/?s={search_term_string}"},"query-input":{"@type":"PropertyValueSpecification","valueRequired":true,"valueName":"search_term_string"}}],"inLanguage":"es"},{"@type":"Organization","@id":"https:\/\/fmgente.com.ar\/web\/#organization","name":"Fm Gente","url":"https:\/\/fmgente.com.ar\/web\/","logo":{"@type":"ImageObject","inLanguage":"es","@id":"https:\/\/fmgente.com.ar\/web\/#\/schema\/logo\/image\/","url":"https:\/\/fmgente.com.ar\/web\/wp-content\/uploads\/2023\/07\/cropped-cropped-logo-sombra2.png","contentUrl":"https:\/\/fmgente.com.ar\/web\/wp-content\/uploads\/2023\/07\/cropped-cropped-logo-sombra2.png","width":1782,"height":1782,"caption":"Fm Gente"},"image":{"@id":"https:\/\/fmgente.com.ar\/web\/#\/schema\/logo\/image\/"}}]}},"_links":{"self":[{"href":"https:\/\/fmgente.com.ar\/web\/wp-json\/wp\/v2\/posts\/19095","targetHints":{"allow":["GET"]}}],"collection":[{"href":"https:\/\/fmgente.com.ar\/web\/wp-json\/wp\/v2\/posts"}],"about":[{"href":"https:\/\/fmgente.com.ar\/web\/wp-json\/wp\/v2\/types\/post"}],"replies":[{"embeddable":true,"href":"https:\/\/fmgente.com.ar\/web\/wp-json\/wp\/v2\/comments?post=19095"}],"version-history":[{"count":0,"href":"https:\/\/fmgente.com.ar\/web\/wp-json\/wp\/v2\/posts\/19095\/revisions"}],"wp:attachment":[{"href":"https:\/\/fmgente.com.ar\/web\/wp-json\/wp\/v2\/media?parent=19095"}],"wp:term":[{"taxonomy":"category","embeddable":true,"href":"https:\/\/fmgente.com.ar\/web\/wp-json\/wp\/v2\/categories?post=19095"},{"taxonomy":"post_tag","embeddable":true,"href":"https:\/\/fmgente.com.ar\/web\/wp-json\/wp\/v2\/tags?post=19095"}],"curies":[{"name":"wp","href":"https:\/\/api.w.org\/{rel}","templated":true}]}}