{"id":19094,"date":"2026-04-10T22:06:35","date_gmt":"2026-04-11T01:06:35","guid":{"rendered":"https:\/\/fmgente.com.ar\/web\/el-sacerdote-carlos-saul-jaimes-revelo-detalles-de-los-40-dias-de-su-secuestro-me-hacen-caminar-por-muchas-horas\/"},"modified":"2026-04-10T22:06:35","modified_gmt":"2026-04-11T01:06:35","slug":"el-sacerdote-carlos-saul-jaimes-revelo-detalles-de-los-40-dias-de-su-secuestro-me-hacen-caminar-por-muchas-horas","status":"publish","type":"post","link":"https:\/\/fmgente.com.ar\/web\/el-sacerdote-carlos-saul-jaimes-revelo-detalles-de-los-40-dias-de-su-secuestro-me-hacen-caminar-por-muchas-horas\/","title":{"rendered":"El sacerdote Carlos Sa\u00fal Jaimes revel\u00f3 detalles de los 40 d\u00edas de su secuestro: \u201cMe hacen caminar por muchas horas\u201d"},"content":{"rendered":"<p><img loading=\"lazy\" decoding=\"async\" src=\"https:\/\/www.infobae.com\/resizer\/v2\/PN6GDB2A6NDO5GP4C3D5OIH5BY.jpg?auth=3a29fd95e9807c0b009747fa07d5940c5efab2bbe1ad7a02f3f60c7e1a83979d&amp;smart=true&amp;width=958&amp;height=559\" alt=\"El sacerdote Carlos Sa\u00fal Jaimes Guerrero fue secuestrado el 17 de junio de 2025 en Viot\u00e1, Cundinamarca - cr\u00e9dito Celam\" height=\"559\" width=\"958\" \/><\/p>\n<p>El 27 de julio de 2025, el sacerdote nortesantandereano Carlos Sa\u00fal Jaimes Guerrero fue liberado. Estuvo secuestrado desde el 17 de junio de ese a\u00f1o, luego de que fuera interceptado por hombres armados en la vereda La Uni\u00f3n, del municipio de Viot\u00e1, Cundinamarca.<\/p>\n<p>\u201c<b>Damos gracias a Dios por este momento de esperanza y por haber sostenido con su fuerza al P. Carlos Sa\u00fal en los d\u00edas dif\u00edciles que ha atravesado<\/b>. Agradecemos tambi\u00e9n, de todo coraz\u00f3n, sus oraciones constantes, sus mensajes de aliento, y su cercan\u00eda fraterna. Ha sido un testimonio hermoso de comuni\u00f3n y de fe compartida\u00bb, indic\u00f3 en su momento la Provincia Nuestra Se\u00f1ora de Gracia de Colombia de la orden de San Agust\u00edn en un comunicado en el que confirm\u00f3 su liberaci\u00f3n. <\/p>\n<p><img loading=\"lazy\" decoding=\"async\" src=\"https:\/\/www.infobae.com\/resizer\/v2\/RFER6BADCFGBLCTCRVAVXM5NSY.jpg?auth=8526ed15db61215ce459dd1b30c91d22653e63812c07977fd55e8ddd1a636537&amp;smart=true&amp;width=705&amp;height=900\" alt=\"La comunidad anunci\u00f3 la liberaci\u00f3n del sacerdote - cr\u00e9dito Provincia Nuestra Se\u00f1ora de Gracia de Colombia\" height=\"900\" width=\"705\" \/><\/p>\n<p>La desaparici\u00f3n del sacerdote caus\u00f3 consternaci\u00f3n en el pa\u00eds. Sus allegados reportaron los hechos, indicando que hab\u00edan encontrado su veh\u00edculo en la quebrada La Rea; estaba encendido y abandonado en la zona. Las autoridades iniciaron las investigaciones y llevaron a cabo las labores de b\u00fasqueda. <\/p>\n<p>El p\u00e1rroco estuvo 40 d\u00edas secuestrado por una organizaci\u00f3n criminal. As\u00ed lo explic\u00f3 a <i>Noticias RCN<\/i>, meses despu\u00e9s de haber sido liberado. \u00ab<b>Me abordan unos sujetos fuertemente armados. Se identifican como grupo armado revolucionario<\/b>. Hasta estos d\u00edas me entero que era un grupo de delincuencia com\u00fan que se hac\u00eda pasar por un grupo armado reconocido, digamos en nuestro pa\u00eds\u201d, detall\u00f3. <\/p>\n<p>Los sujetos en cuesti\u00f3n, que hacen parte del Grupo Delincuencial Com\u00fan Organizado (Gdco) Los Stone, se llevaron al sacerdote cuando se movilizaba en su carro hacia Bogot\u00e1. \u201c<b>Me amarran las manos, me hacen caminar por muchas horas<\/b>\u201d, cont\u00f3 al medio citado. Posteriormente, lo mantuvieron en cautiverio mientras amenazaban a su familia para que pagara $10.000 millones por su liberaci\u00f3n, seg\u00fan inform\u00f3 la Polic\u00eda Nacional.<\/p>\n<p><img loading=\"lazy\" decoding=\"async\" src=\"https:\/\/www.infobae.com\/resizer\/v2\/4QEVMKIIERBQRPU5EZLVS52KGE.JPG?auth=ba3759eddbd0ebe3d156906aa3140883f0075ec34b5a64a4a5619a5150aa1db9&amp;smart=true&amp;width=4891&amp;height=3420\" alt=\"La familia del sacerdote pag\u00f3 $30 millones por su liberaci\u00f3n - cr\u00e9dito Luisa Gonz\u00e1lez\/Reuters\" height=\"3420\" width=\"4891\" \/><\/p>\n<p>Sus seres queridos finalmente pagaron $30 millones, aproximadamente, y con la presi\u00f3n del Grupo de Acci\u00f3n Unificada por la Libertad Personal (Gaula), fue posible garantizar su liberaci\u00f3n. <\/p>\n<p>Durante el tiempo en el que estuvo privado de la libertad, <b>se dedic\u00f3 a rezar el rosario, de esta manera hac\u00eda cuentas inexactas sobre el paso de los d\u00edas<\/b>. Sus captores ten\u00edan muy claras las fechas y, con un comentario que le hizo uno de ellos en ese entonces, pudo establecer, m\u00e1s o menos, cu\u00e1nto tiempo hab\u00eda pasado. <\/p>\n<p>\u201c<b>Uno de ellos me dec\u00eda: \u2018Oiga, curita, feliz cumplea\u00f1os. Feliz cumplea\u00f1os\u2019<\/b>. Yo: \u2018Pero \u00bfc\u00f3mo se enter\u00f3 de que estaba de cumplea\u00f1os?\u2019 (&#8230;) Yo cumplo a\u00f1os el 8 de julio (&#8230;), pens\u00e9 que era el 7 o el 9. No s\u00e9, estaba perdido en los d\u00edas\u00bb, explic\u00f3. <\/p>\n<p>Cuando finalmente fue liberado, se reencontr\u00f3 con su familia que estaba en Cundinamarca. Calific\u00f3 ese momento como un \u201cregocijo\u201d y lo apropi\u00f3 como una oportunidad nueva que le dio Dios \u2013seg\u00fan su fe\u2013 para continuar con su vida y su vocaci\u00f3n. <\/p>\n<p><img loading=\"lazy\" decoding=\"async\" src=\"https:\/\/www.infobae.com\/resizer\/v2\/2GDHMHJO5NH7PL6RQJYNU2E5XE.jpg?auth=9f7e11039a4de71954b40213161f75a6056a4d805b02f3ca482c66edc83c6664&amp;smart=true&amp;width=660&amp;height=392\" alt=\"Seis integrantes de la organizaci\u00f3n Los Stone fueron capturados tras un operativo conjunto de la Gobernaci\u00f3n, Polic\u00eda Nacional, GAULA y Grupo de Operaciones Especiales - cr\u00e9dito Polic\u00eda Nacional\" height=\"392\" width=\"660\" \/><\/p>\n<p>El sacerdote explic\u00f3 c\u00f3mo experiment\u00f3 la alegr\u00eda de volver a su familia despu\u00e9s de 40 d\u00edas de angustia y b\u00fasqueda incansable. \u201c<b>Mi mam\u00e1, mis hermanos, que estaban en ese momento, pues claro, ellos se ponen a llorar y yo sent\u00eda como un regocijo, como una alegr\u00eda<\/b>\u201d, dijo. <\/p>\n<p>El 9 de abril de 2026, la Polic\u00eda Nacional inform\u00f3 sobre la captura de seis personas pertenecientes a la organizaci\u00f3n Los Stone, que adem\u00e1s de estar detr\u00e1s del secuestro del p\u00e1rroco, caus\u00f3 terror en las provincias de Tequendama y Sumapaz con secuestros extorsivos y extorsiones, a trav\u00e9s de las cuales alcanzaba rentas il\u00edcitas de $150 millones mensuales.<\/p>\n<p>Las autoridades confirmaron que los criminales ser\u00e1n procesados por los delitos de secuestro extorsivo agravado, extorsi\u00f3n agravada, concierto para delinquir y porte ilegal de armas de fuego. \u201cLos integrantes de Los Stone, en su mayor\u00eda personas de avanzada edad con antecedentes en las extintas FARC, <b>utilizaban su experiencia criminal para suplantar frentes de disidencias armadas<\/b>\u201d, detall\u00f3 la Polic\u00eda en un comunicado. <\/p>\n","protected":false},"excerpt":{"rendered":"<p>El 27 de julio de 2025, el sacerdote nortesantandereano Carlos Sa\u00fal Jaimes Guerrero fue liberado.<\/p>\n","protected":false},"author":0,"featured_media":0,"comment_status":"","ping_status":"","sticky":false,"template":"","format":"standard","meta":{"footnotes":""},"categories":[11],"tags":[],"class_list":["post-19094","post","type-post","status-publish","format-standard","hentry","category-destacadas"],"yoast_head":"<!-- This site is optimized with the Yoast SEO plugin v27.4 - https:\/\/yoast.com\/product\/yoast-seo-wordpress\/ -->\n<title>El sacerdote Carlos Sa\u00fal Jaimes revel\u00f3 detalles de los 40 d\u00edas de su secuestro: \u201cMe hacen caminar por muchas horas\u201d - Fm Gente<\/title>\n<meta name=\"robots\" content=\"index, follow, max-snippet:-1, max-image-preview:large, max-video-preview:-1\" \/>\n<link rel=\"canonical\" href=\"https:\/\/fmgente.com.ar\/web\/el-sacerdote-carlos-saul-jaimes-revelo-detalles-de-los-40-dias-de-su-secuestro-me-hacen-caminar-por-muchas-horas\/\" \/>\n<meta property=\"og:locale\" content=\"es_ES\" \/>\n<meta property=\"og:type\" content=\"article\" \/>\n<meta property=\"og:title\" content=\"El sacerdote Carlos Sa\u00fal Jaimes revel\u00f3 detalles de los 40 d\u00edas de su secuestro: \u201cMe hacen caminar por muchas horas\u201d - Fm Gente\" \/>\n<meta property=\"og:description\" content=\"El 27 de julio de 2025, el sacerdote nortesantandereano Carlos Sa\u00fal Jaimes Guerrero fue liberado.\" \/>\n<meta property=\"og:url\" content=\"https:\/\/fmgente.com.ar\/web\/el-sacerdote-carlos-saul-jaimes-revelo-detalles-de-los-40-dias-de-su-secuestro-me-hacen-caminar-por-muchas-horas\/\" \/>\n<meta property=\"og:site_name\" content=\"Fm Gente\" \/>\n<meta property=\"article:published_time\" content=\"2026-04-11T01:06:35+00:00\" \/>\n<meta property=\"og:image\" content=\"https:\/\/www.infobae.com\/resizer\/v2\/PN6GDB2A6NDO5GP4C3D5OIH5BY.jpg?auth=3a29fd95e9807c0b009747fa07d5940c5efab2bbe1ad7a02f3f60c7e1a83979d&amp;smart=true&amp;width=958&amp;height=559\" \/>\n<meta name=\"twitter:card\" content=\"summary_large_image\" \/>\n<meta name=\"twitter:label1\" content=\"Tiempo de lectura\" \/>\n\t<meta name=\"twitter:data1\" content=\"3 minutos\" \/>\n<script type=\"application\/ld+json\" class=\"yoast-schema-graph\">{\"@context\":\"https:\\\/\\\/schema.org\",\"@graph\":[{\"@type\":\"Article\",\"@id\":\"https:\\\/\\\/fmgente.com.ar\\\/web\\\/el-sacerdote-carlos-saul-jaimes-revelo-detalles-de-los-40-dias-de-su-secuestro-me-hacen-caminar-por-muchas-horas\\\/#article\",\"isPartOf\":{\"@id\":\"https:\\\/\\\/fmgente.com.ar\\\/web\\\/el-sacerdote-carlos-saul-jaimes-revelo-detalles-de-los-40-dias-de-su-secuestro-me-hacen-caminar-por-muchas-horas\\\/\"},\"author\":{\"name\":\"\",\"@id\":\"\"},\"headline\":\"El sacerdote Carlos Sa\u00fal Jaimes revel\u00f3 detalles de los 40 d\u00edas de su secuestro: \u201cMe hacen caminar por muchas horas\u201d\",\"datePublished\":\"2026-04-11T01:06:35+00:00\",\"mainEntityOfPage\":{\"@id\":\"https:\\\/\\\/fmgente.com.ar\\\/web\\\/el-sacerdote-carlos-saul-jaimes-revelo-detalles-de-los-40-dias-de-su-secuestro-me-hacen-caminar-por-muchas-horas\\\/\"},\"wordCount\":704,\"publisher\":{\"@id\":\"https:\\\/\\\/fmgente.com.ar\\\/web\\\/#organization\"},\"image\":{\"@id\":\"https:\\\/\\\/fmgente.com.ar\\\/web\\\/el-sacerdote-carlos-saul-jaimes-revelo-detalles-de-los-40-dias-de-su-secuestro-me-hacen-caminar-por-muchas-horas\\\/#primaryimage\"},\"thumbnailUrl\":\"https:\\\/\\\/www.infobae.com\\\/resizer\\\/v2\\\/PN6GDB2A6NDO5GP4C3D5OIH5BY.jpg?auth=3a29fd95e9807c0b009747fa07d5940c5efab2bbe1ad7a02f3f60c7e1a83979d&amp;smart=true&amp;width=958&amp;height=559\",\"articleSection\":[\"DESTACADAS\"],\"inLanguage\":\"es\"},{\"@type\":\"WebPage\",\"@id\":\"https:\\\/\\\/fmgente.com.ar\\\/web\\\/el-sacerdote-carlos-saul-jaimes-revelo-detalles-de-los-40-dias-de-su-secuestro-me-hacen-caminar-por-muchas-horas\\\/\",\"url\":\"https:\\\/\\\/fmgente.com.ar\\\/web\\\/el-sacerdote-carlos-saul-jaimes-revelo-detalles-de-los-40-dias-de-su-secuestro-me-hacen-caminar-por-muchas-horas\\\/\",\"name\":\"El sacerdote Carlos Sa\u00fal Jaimes revel\u00f3 detalles de los 40 d\u00edas de su secuestro: \u201cMe hacen caminar por muchas horas\u201d - Fm Gente\",\"isPartOf\":{\"@id\":\"https:\\\/\\\/fmgente.com.ar\\\/web\\\/#website\"},\"primaryImageOfPage\":{\"@id\":\"https:\\\/\\\/fmgente.com.ar\\\/web\\\/el-sacerdote-carlos-saul-jaimes-revelo-detalles-de-los-40-dias-de-su-secuestro-me-hacen-caminar-por-muchas-horas\\\/#primaryimage\"},\"image\":{\"@id\":\"https:\\\/\\\/fmgente.com.ar\\\/web\\\/el-sacerdote-carlos-saul-jaimes-revelo-detalles-de-los-40-dias-de-su-secuestro-me-hacen-caminar-por-muchas-horas\\\/#primaryimage\"},\"thumbnailUrl\":\"https:\\\/\\\/www.infobae.com\\\/resizer\\\/v2\\\/PN6GDB2A6NDO5GP4C3D5OIH5BY.jpg?auth=3a29fd95e9807c0b009747fa07d5940c5efab2bbe1ad7a02f3f60c7e1a83979d&amp;smart=true&amp;width=958&amp;height=559\",\"datePublished\":\"2026-04-11T01:06:35+00:00\",\"inLanguage\":\"es\",\"potentialAction\":[{\"@type\":\"ReadAction\",\"target\":[\"https:\\\/\\\/fmgente.com.ar\\\/web\\\/el-sacerdote-carlos-saul-jaimes-revelo-detalles-de-los-40-dias-de-su-secuestro-me-hacen-caminar-por-muchas-horas\\\/\"]}]},{\"@type\":\"ImageObject\",\"inLanguage\":\"es\",\"@id\":\"https:\\\/\\\/fmgente.com.ar\\\/web\\\/el-sacerdote-carlos-saul-jaimes-revelo-detalles-de-los-40-dias-de-su-secuestro-me-hacen-caminar-por-muchas-horas\\\/#primaryimage\",\"url\":\"https:\\\/\\\/www.infobae.com\\\/resizer\\\/v2\\\/PN6GDB2A6NDO5GP4C3D5OIH5BY.jpg?auth=3a29fd95e9807c0b009747fa07d5940c5efab2bbe1ad7a02f3f60c7e1a83979d&amp;smart=true&amp;width=958&amp;height=559\",\"contentUrl\":\"https:\\\/\\\/www.infobae.com\\\/resizer\\\/v2\\\/PN6GDB2A6NDO5GP4C3D5OIH5BY.jpg?auth=3a29fd95e9807c0b009747fa07d5940c5efab2bbe1ad7a02f3f60c7e1a83979d&amp;smart=true&amp;width=958&amp;height=559\"},{\"@type\":\"WebSite\",\"@id\":\"https:\\\/\\\/fmgente.com.ar\\\/web\\\/#website\",\"url\":\"https:\\\/\\\/fmgente.com.ar\\\/web\\\/\",\"name\":\"Fm Gente\",\"description\":\"- Jes\u00fas Mar\u00eda\",\"publisher\":{\"@id\":\"https:\\\/\\\/fmgente.com.ar\\\/web\\\/#organization\"},\"potentialAction\":[{\"@type\":\"SearchAction\",\"target\":{\"@type\":\"EntryPoint\",\"urlTemplate\":\"https:\\\/\\\/fmgente.com.ar\\\/web\\\/?s={search_term_string}\"},\"query-input\":{\"@type\":\"PropertyValueSpecification\",\"valueRequired\":true,\"valueName\":\"search_term_string\"}}],\"inLanguage\":\"es\"},{\"@type\":\"Organization\",\"@id\":\"https:\\\/\\\/fmgente.com.ar\\\/web\\\/#organization\",\"name\":\"Fm Gente\",\"url\":\"https:\\\/\\\/fmgente.com.ar\\\/web\\\/\",\"logo\":{\"@type\":\"ImageObject\",\"inLanguage\":\"es\",\"@id\":\"https:\\\/\\\/fmgente.com.ar\\\/web\\\/#\\\/schema\\\/logo\\\/image\\\/\",\"url\":\"https:\\\/\\\/fmgente.com.ar\\\/web\\\/wp-content\\\/uploads\\\/2023\\\/07\\\/cropped-cropped-logo-sombra2.png\",\"contentUrl\":\"https:\\\/\\\/fmgente.com.ar\\\/web\\\/wp-content\\\/uploads\\\/2023\\\/07\\\/cropped-cropped-logo-sombra2.png\",\"width\":1782,\"height\":1782,\"caption\":\"Fm Gente\"},\"image\":{\"@id\":\"https:\\\/\\\/fmgente.com.ar\\\/web\\\/#\\\/schema\\\/logo\\\/image\\\/\"}}]}<\/script>\n<!-- \/ Yoast SEO plugin. -->","yoast_head_json":{"title":"El sacerdote Carlos Sa\u00fal Jaimes revel\u00f3 detalles de los 40 d\u00edas de su secuestro: \u201cMe hacen caminar por muchas horas\u201d - Fm Gente","robots":{"index":"index","follow":"follow","max-snippet":"max-snippet:-1","max-image-preview":"max-image-preview:large","max-video-preview":"max-video-preview:-1"},"canonical":"https:\/\/fmgente.com.ar\/web\/el-sacerdote-carlos-saul-jaimes-revelo-detalles-de-los-40-dias-de-su-secuestro-me-hacen-caminar-por-muchas-horas\/","og_locale":"es_ES","og_type":"article","og_title":"El sacerdote Carlos Sa\u00fal Jaimes revel\u00f3 detalles de los 40 d\u00edas de su secuestro: \u201cMe hacen caminar por muchas horas\u201d - Fm Gente","og_description":"El 27 de julio de 2025, el sacerdote nortesantandereano Carlos Sa\u00fal Jaimes Guerrero fue liberado.","og_url":"https:\/\/fmgente.com.ar\/web\/el-sacerdote-carlos-saul-jaimes-revelo-detalles-de-los-40-dias-de-su-secuestro-me-hacen-caminar-por-muchas-horas\/","og_site_name":"Fm Gente","article_published_time":"2026-04-11T01:06:35+00:00","og_image":[{"url":"https:\/\/www.infobae.com\/resizer\/v2\/PN6GDB2A6NDO5GP4C3D5OIH5BY.jpg?auth=3a29fd95e9807c0b009747fa07d5940c5efab2bbe1ad7a02f3f60c7e1a83979d&amp;smart=true&amp;width=958&amp;height=559","type":"","width":"","height":""}],"twitter_card":"summary_large_image","twitter_misc":{"Tiempo de lectura":"3 minutos"},"schema":{"@context":"https:\/\/schema.org","@graph":[{"@type":"Article","@id":"https:\/\/fmgente.com.ar\/web\/el-sacerdote-carlos-saul-jaimes-revelo-detalles-de-los-40-dias-de-su-secuestro-me-hacen-caminar-por-muchas-horas\/#article","isPartOf":{"@id":"https:\/\/fmgente.com.ar\/web\/el-sacerdote-carlos-saul-jaimes-revelo-detalles-de-los-40-dias-de-su-secuestro-me-hacen-caminar-por-muchas-horas\/"},"author":{"name":"","@id":""},"headline":"El sacerdote Carlos Sa\u00fal Jaimes revel\u00f3 detalles de los 40 d\u00edas de su secuestro: \u201cMe hacen caminar por muchas horas\u201d","datePublished":"2026-04-11T01:06:35+00:00","mainEntityOfPage":{"@id":"https:\/\/fmgente.com.ar\/web\/el-sacerdote-carlos-saul-jaimes-revelo-detalles-de-los-40-dias-de-su-secuestro-me-hacen-caminar-por-muchas-horas\/"},"wordCount":704,"publisher":{"@id":"https:\/\/fmgente.com.ar\/web\/#organization"},"image":{"@id":"https:\/\/fmgente.com.ar\/web\/el-sacerdote-carlos-saul-jaimes-revelo-detalles-de-los-40-dias-de-su-secuestro-me-hacen-caminar-por-muchas-horas\/#primaryimage"},"thumbnailUrl":"https:\/\/www.infobae.com\/resizer\/v2\/PN6GDB2A6NDO5GP4C3D5OIH5BY.jpg?auth=3a29fd95e9807c0b009747fa07d5940c5efab2bbe1ad7a02f3f60c7e1a83979d&amp;smart=true&amp;width=958&amp;height=559","articleSection":["DESTACADAS"],"inLanguage":"es"},{"@type":"WebPage","@id":"https:\/\/fmgente.com.ar\/web\/el-sacerdote-carlos-saul-jaimes-revelo-detalles-de-los-40-dias-de-su-secuestro-me-hacen-caminar-por-muchas-horas\/","url":"https:\/\/fmgente.com.ar\/web\/el-sacerdote-carlos-saul-jaimes-revelo-detalles-de-los-40-dias-de-su-secuestro-me-hacen-caminar-por-muchas-horas\/","name":"El sacerdote Carlos Sa\u00fal Jaimes revel\u00f3 detalles de los 40 d\u00edas de su secuestro: \u201cMe hacen caminar por muchas horas\u201d - Fm Gente","isPartOf":{"@id":"https:\/\/fmgente.com.ar\/web\/#website"},"primaryImageOfPage":{"@id":"https:\/\/fmgente.com.ar\/web\/el-sacerdote-carlos-saul-jaimes-revelo-detalles-de-los-40-dias-de-su-secuestro-me-hacen-caminar-por-muchas-horas\/#primaryimage"},"image":{"@id":"https:\/\/fmgente.com.ar\/web\/el-sacerdote-carlos-saul-jaimes-revelo-detalles-de-los-40-dias-de-su-secuestro-me-hacen-caminar-por-muchas-horas\/#primaryimage"},"thumbnailUrl":"https:\/\/www.infobae.com\/resizer\/v2\/PN6GDB2A6NDO5GP4C3D5OIH5BY.jpg?auth=3a29fd95e9807c0b009747fa07d5940c5efab2bbe1ad7a02f3f60c7e1a83979d&amp;smart=true&amp;width=958&amp;height=559","datePublished":"2026-04-11T01:06:35+00:00","inLanguage":"es","potentialAction":[{"@type":"ReadAction","target":["https:\/\/fmgente.com.ar\/web\/el-sacerdote-carlos-saul-jaimes-revelo-detalles-de-los-40-dias-de-su-secuestro-me-hacen-caminar-por-muchas-horas\/"]}]},{"@type":"ImageObject","inLanguage":"es","@id":"https:\/\/fmgente.com.ar\/web\/el-sacerdote-carlos-saul-jaimes-revelo-detalles-de-los-40-dias-de-su-secuestro-me-hacen-caminar-por-muchas-horas\/#primaryimage","url":"https:\/\/www.infobae.com\/resizer\/v2\/PN6GDB2A6NDO5GP4C3D5OIH5BY.jpg?auth=3a29fd95e9807c0b009747fa07d5940c5efab2bbe1ad7a02f3f60c7e1a83979d&amp;smart=true&amp;width=958&amp;height=559","contentUrl":"https:\/\/www.infobae.com\/resizer\/v2\/PN6GDB2A6NDO5GP4C3D5OIH5BY.jpg?auth=3a29fd95e9807c0b009747fa07d5940c5efab2bbe1ad7a02f3f60c7e1a83979d&amp;smart=true&amp;width=958&amp;height=559"},{"@type":"WebSite","@id":"https:\/\/fmgente.com.ar\/web\/#website","url":"https:\/\/fmgente.com.ar\/web\/","name":"Fm Gente","description":"- Jes\u00fas Mar\u00eda","publisher":{"@id":"https:\/\/fmgente.com.ar\/web\/#organization"},"potentialAction":[{"@type":"SearchAction","target":{"@type":"EntryPoint","urlTemplate":"https:\/\/fmgente.com.ar\/web\/?s={search_term_string}"},"query-input":{"@type":"PropertyValueSpecification","valueRequired":true,"valueName":"search_term_string"}}],"inLanguage":"es"},{"@type":"Organization","@id":"https:\/\/fmgente.com.ar\/web\/#organization","name":"Fm Gente","url":"https:\/\/fmgente.com.ar\/web\/","logo":{"@type":"ImageObject","inLanguage":"es","@id":"https:\/\/fmgente.com.ar\/web\/#\/schema\/logo\/image\/","url":"https:\/\/fmgente.com.ar\/web\/wp-content\/uploads\/2023\/07\/cropped-cropped-logo-sombra2.png","contentUrl":"https:\/\/fmgente.com.ar\/web\/wp-content\/uploads\/2023\/07\/cropped-cropped-logo-sombra2.png","width":1782,"height":1782,"caption":"Fm Gente"},"image":{"@id":"https:\/\/fmgente.com.ar\/web\/#\/schema\/logo\/image\/"}}]}},"_links":{"self":[{"href":"https:\/\/fmgente.com.ar\/web\/wp-json\/wp\/v2\/posts\/19094","targetHints":{"allow":["GET"]}}],"collection":[{"href":"https:\/\/fmgente.com.ar\/web\/wp-json\/wp\/v2\/posts"}],"about":[{"href":"https:\/\/fmgente.com.ar\/web\/wp-json\/wp\/v2\/types\/post"}],"replies":[{"embeddable":true,"href":"https:\/\/fmgente.com.ar\/web\/wp-json\/wp\/v2\/comments?post=19094"}],"version-history":[{"count":0,"href":"https:\/\/fmgente.com.ar\/web\/wp-json\/wp\/v2\/posts\/19094\/revisions"}],"wp:attachment":[{"href":"https:\/\/fmgente.com.ar\/web\/wp-json\/wp\/v2\/media?parent=19094"}],"wp:term":[{"taxonomy":"category","embeddable":true,"href":"https:\/\/fmgente.com.ar\/web\/wp-json\/wp\/v2\/categories?post=19094"},{"taxonomy":"post_tag","embeddable":true,"href":"https:\/\/fmgente.com.ar\/web\/wp-json\/wp\/v2\/tags?post=19094"}],"curies":[{"name":"wp","href":"https:\/\/api.w.org\/{rel}","templated":true}]}}