{"id":19092,"date":"2026-04-10T22:06:29","date_gmt":"2026-04-11T01:06:29","guid":{"rendered":"https:\/\/fmgente.com.ar\/web\/cambia-el-codigo-aduanero-como-afectaria-a-las-camaras-y-por-que-piden-reunirse-con-arca\/"},"modified":"2026-04-10T22:06:29","modified_gmt":"2026-04-11T01:06:29","slug":"cambia-el-codigo-aduanero-como-afectaria-a-las-camaras-y-por-que-piden-reunirse-con-arca","status":"publish","type":"post","link":"https:\/\/fmgente.com.ar\/web\/cambia-el-codigo-aduanero-como-afectaria-a-las-camaras-y-por-que-piden-reunirse-con-arca\/","title":{"rendered":"\u00bfCambia el C\u00f3digo Aduanero? C\u00f3mo afectar\u00eda a las c\u00e1maras y por qu\u00e9 piden reunirse con ARCA"},"content":{"rendered":"<p>Buenos Aires, 10 abril (NA) \u2013 Con el objetivo de analizar la coyuntura de la actualidad y planificar acciones a futuro, el Centro Despachante de Aduana (CDA) se reuni\u00f3 con m\u00e1s de una veintena de c\u00e1maras y entidades de comercio exterior argentino.<\/p>\n<p>Seg\u00fan supo la Agencia Noticias Argentinas, el di\u00e1logo tuvo momentos de an\u00e1lisis de la situaci\u00f3n del sector, conocer los problemas, contextos y desaf\u00edos que enfrenta cada uno de los actores, as\u00ed como elaborar grupalmente conclusiones generales para avanzar en mejoras.<\/p>\n<p>\u00bfQu\u00e9 dice el comunicado del Centro Despachantes de Aduana sobre la reuni\u00f3n?<\/p>\n<p>\u201cEl CDA convoc\u00f3 a las principales c\u00e1maras y entidades de comercio exterior argentino\u201d y fue as\u00ed como \u201clas principales c\u00e1maras del comercio exterior, convocadas por el Centro Despachantes de Aduana (CDA), se reunieron \u2014el martes 7 de abril\u2014 con el fin de dialogar y realizar un an\u00e1lisis de la situaci\u00f3n del sector. Se apunt\u00f3 a conocer los problemas, contextos y desaf\u00edos que enfrenta cada uno de sus actores, y elaborar en forma conjunta algunas conclusiones generales\u201d.<\/p>\n<p>\u201cUna veintena de c\u00e1maras presentes en la reuni\u00f3n definieron hacer una petici\u00f3n conjunta para solicitarle al Director Ejecutivo de ARCA, Andr\u00e9s V\u00e1zquez, una entrevista a fin de poder conversar con respecto a la modificaci\u00f3n del C\u00f3digo Aduanero\u201d, informaron desde el CDA, para abordar el tema, ya que \u201csiendo que tal modificaci\u00f3n tendr\u00e1 injerencia en la labor de todos los eslabones del sector, se analiz\u00f3 la posibilidad de tener acceso al texto de dicha modificaci\u00f3n. Dialogar acerca del contenido de la reforma fue uno de los puntos que acapar\u00f3 el c\u00f3nclave\u201d.<\/p>\n<p>Por eso, \u201ccomo parte del encuentro, se plante\u00f3 adem\u00e1s la necesidad de volver a pensar un plan estrat\u00e9gico exportador, un plan de infraestructura log\u00edstica y cuestiones impositivas que a\u00fan se encuentran pendientes de resoluci\u00f3n\u201d.<\/p>\n<p>Adem\u00e1s, \u201clos inconvenientes con los turnos de las terminales portuarias tambi\u00e9n fueron objeto de la reuni\u00f3n; la vigencia de los avisos de carga y el problema de pedido de pesificaci\u00f3n de los d\u00f3lares que ingresan por pagos de fletes u otros servicios. Sumado a eso, se convers\u00f3 sobre las implicancias del acuerdo UE\u2011Mercosur, el inter\u00e9s de las empresas, entrada en vigencia, etc.\u201d<\/p>\n<p>Por \u00faltimo, afirmaron que \u201cla convocatoria sirvi\u00f3 de disparador para comenzar a planificar una Jornada de Comercio Exterior con la presencia y participaci\u00f3n de todas las c\u00e1maras y las autoridades de ARCA y Aduana\u201d. #AgenciaNA.<\/p>\n","protected":false},"excerpt":{"rendered":"<p>Buenos Aires, 10 abril (NA) \u2013 Con el objetivo de analizar la coyuntura de la<\/p>\n","protected":false},"author":0,"featured_media":19093,"comment_status":"","ping_status":"","sticky":false,"template":"","format":"standard","meta":{"footnotes":""},"categories":[1],"tags":[],"class_list":["post-19092","post","type-post","status-publish","format-standard","has-post-thumbnail","hentry","category-regionales"],"yoast_head":"<!-- This site is optimized with the Yoast SEO plugin v27.4 - https:\/\/yoast.com\/product\/yoast-seo-wordpress\/ -->\n<title>\u00bfCambia el C\u00f3digo Aduanero? C\u00f3mo afectar\u00eda a las c\u00e1maras y por qu\u00e9 piden reunirse con ARCA - Fm Gente<\/title>\n<meta name=\"robots\" content=\"index, follow, max-snippet:-1, max-image-preview:large, max-video-preview:-1\" \/>\n<link rel=\"canonical\" href=\"https:\/\/fmgente.com.ar\/web\/cambia-el-codigo-aduanero-como-afectaria-a-las-camaras-y-por-que-piden-reunirse-con-arca\/\" \/>\n<meta property=\"og:locale\" content=\"es_ES\" \/>\n<meta property=\"og:type\" content=\"article\" \/>\n<meta property=\"og:title\" content=\"\u00bfCambia el C\u00f3digo Aduanero? C\u00f3mo afectar\u00eda a las c\u00e1maras y por qu\u00e9 piden reunirse con ARCA - Fm Gente\" \/>\n<meta property=\"og:description\" content=\"Buenos Aires, 10 abril (NA) \u2013 Con el objetivo de analizar la coyuntura de la\" \/>\n<meta property=\"og:url\" content=\"https:\/\/fmgente.com.ar\/web\/cambia-el-codigo-aduanero-como-afectaria-a-las-camaras-y-por-que-piden-reunirse-con-arca\/\" \/>\n<meta property=\"og:site_name\" content=\"Fm Gente\" \/>\n<meta property=\"article:published_time\" content=\"2026-04-11T01:06:29+00:00\" \/>\n<meta name=\"twitter:card\" content=\"summary_large_image\" \/>\n<meta name=\"twitter:label1\" content=\"Tiempo de lectura\" \/>\n\t<meta name=\"twitter:data1\" content=\"2 minutos\" \/>\n<script type=\"application\/ld+json\" class=\"yoast-schema-graph\">{\"@context\":\"https:\\\/\\\/schema.org\",\"@graph\":[{\"@type\":\"Article\",\"@id\":\"https:\\\/\\\/fmgente.com.ar\\\/web\\\/cambia-el-codigo-aduanero-como-afectaria-a-las-camaras-y-por-que-piden-reunirse-con-arca\\\/#article\",\"isPartOf\":{\"@id\":\"https:\\\/\\\/fmgente.com.ar\\\/web\\\/cambia-el-codigo-aduanero-como-afectaria-a-las-camaras-y-por-que-piden-reunirse-con-arca\\\/\"},\"author\":{\"name\":\"\",\"@id\":\"\"},\"headline\":\"\u00bfCambia el C\u00f3digo Aduanero? C\u00f3mo afectar\u00eda a las c\u00e1maras y por qu\u00e9 piden reunirse con ARCA\",\"datePublished\":\"2026-04-11T01:06:29+00:00\",\"mainEntityOfPage\":{\"@id\":\"https:\\\/\\\/fmgente.com.ar\\\/web\\\/cambia-el-codigo-aduanero-como-afectaria-a-las-camaras-y-por-que-piden-reunirse-con-arca\\\/\"},\"wordCount\":445,\"publisher\":{\"@id\":\"https:\\\/\\\/fmgente.com.ar\\\/web\\\/#organization\"},\"image\":{\"@id\":\"https:\\\/\\\/fmgente.com.ar\\\/web\\\/cambia-el-codigo-aduanero-como-afectaria-a-las-camaras-y-por-que-piden-reunirse-con-arca\\\/#primaryimage\"},\"thumbnailUrl\":\"https:\\\/\\\/fmgente.com.ar\\\/web\\\/wp-content\\\/uploads\\\/2026\\\/04\\\/720-641.jpeg\",\"articleSection\":[\"REGIONALES\"],\"inLanguage\":\"es\"},{\"@type\":\"WebPage\",\"@id\":\"https:\\\/\\\/fmgente.com.ar\\\/web\\\/cambia-el-codigo-aduanero-como-afectaria-a-las-camaras-y-por-que-piden-reunirse-con-arca\\\/\",\"url\":\"https:\\\/\\\/fmgente.com.ar\\\/web\\\/cambia-el-codigo-aduanero-como-afectaria-a-las-camaras-y-por-que-piden-reunirse-con-arca\\\/\",\"name\":\"\u00bfCambia el C\u00f3digo Aduanero? C\u00f3mo afectar\u00eda a las c\u00e1maras y por qu\u00e9 piden reunirse con ARCA - Fm Gente\",\"isPartOf\":{\"@id\":\"https:\\\/\\\/fmgente.com.ar\\\/web\\\/#website\"},\"primaryImageOfPage\":{\"@id\":\"https:\\\/\\\/fmgente.com.ar\\\/web\\\/cambia-el-codigo-aduanero-como-afectaria-a-las-camaras-y-por-que-piden-reunirse-con-arca\\\/#primaryimage\"},\"image\":{\"@id\":\"https:\\\/\\\/fmgente.com.ar\\\/web\\\/cambia-el-codigo-aduanero-como-afectaria-a-las-camaras-y-por-que-piden-reunirse-con-arca\\\/#primaryimage\"},\"thumbnailUrl\":\"https:\\\/\\\/fmgente.com.ar\\\/web\\\/wp-content\\\/uploads\\\/2026\\\/04\\\/720-641.jpeg\",\"datePublished\":\"2026-04-11T01:06:29+00:00\",\"inLanguage\":\"es\",\"potentialAction\":[{\"@type\":\"ReadAction\",\"target\":[\"https:\\\/\\\/fmgente.com.ar\\\/web\\\/cambia-el-codigo-aduanero-como-afectaria-a-las-camaras-y-por-que-piden-reunirse-con-arca\\\/\"]}]},{\"@type\":\"ImageObject\",\"inLanguage\":\"es\",\"@id\":\"https:\\\/\\\/fmgente.com.ar\\\/web\\\/cambia-el-codigo-aduanero-como-afectaria-a-las-camaras-y-por-que-piden-reunirse-con-arca\\\/#primaryimage\",\"url\":\"https:\\\/\\\/fmgente.com.ar\\\/web\\\/wp-content\\\/uploads\\\/2026\\\/04\\\/720-641.jpeg\",\"contentUrl\":\"https:\\\/\\\/fmgente.com.ar\\\/web\\\/wp-content\\\/uploads\\\/2026\\\/04\\\/720-641.jpeg\",\"width\":1280,\"height\":720},{\"@type\":\"WebSite\",\"@id\":\"https:\\\/\\\/fmgente.com.ar\\\/web\\\/#website\",\"url\":\"https:\\\/\\\/fmgente.com.ar\\\/web\\\/\",\"name\":\"Fm Gente\",\"description\":\"- Jes\u00fas Mar\u00eda\",\"publisher\":{\"@id\":\"https:\\\/\\\/fmgente.com.ar\\\/web\\\/#organization\"},\"potentialAction\":[{\"@type\":\"SearchAction\",\"target\":{\"@type\":\"EntryPoint\",\"urlTemplate\":\"https:\\\/\\\/fmgente.com.ar\\\/web\\\/?s={search_term_string}\"},\"query-input\":{\"@type\":\"PropertyValueSpecification\",\"valueRequired\":true,\"valueName\":\"search_term_string\"}}],\"inLanguage\":\"es\"},{\"@type\":\"Organization\",\"@id\":\"https:\\\/\\\/fmgente.com.ar\\\/web\\\/#organization\",\"name\":\"Fm Gente\",\"url\":\"https:\\\/\\\/fmgente.com.ar\\\/web\\\/\",\"logo\":{\"@type\":\"ImageObject\",\"inLanguage\":\"es\",\"@id\":\"https:\\\/\\\/fmgente.com.ar\\\/web\\\/#\\\/schema\\\/logo\\\/image\\\/\",\"url\":\"https:\\\/\\\/fmgente.com.ar\\\/web\\\/wp-content\\\/uploads\\\/2023\\\/07\\\/cropped-cropped-logo-sombra2.png\",\"contentUrl\":\"https:\\\/\\\/fmgente.com.ar\\\/web\\\/wp-content\\\/uploads\\\/2023\\\/07\\\/cropped-cropped-logo-sombra2.png\",\"width\":1782,\"height\":1782,\"caption\":\"Fm Gente\"},\"image\":{\"@id\":\"https:\\\/\\\/fmgente.com.ar\\\/web\\\/#\\\/schema\\\/logo\\\/image\\\/\"}}]}<\/script>\n<!-- \/ Yoast SEO plugin. -->","yoast_head_json":{"title":"\u00bfCambia el C\u00f3digo Aduanero? C\u00f3mo afectar\u00eda a las c\u00e1maras y por qu\u00e9 piden reunirse con ARCA - Fm Gente","robots":{"index":"index","follow":"follow","max-snippet":"max-snippet:-1","max-image-preview":"max-image-preview:large","max-video-preview":"max-video-preview:-1"},"canonical":"https:\/\/fmgente.com.ar\/web\/cambia-el-codigo-aduanero-como-afectaria-a-las-camaras-y-por-que-piden-reunirse-con-arca\/","og_locale":"es_ES","og_type":"article","og_title":"\u00bfCambia el C\u00f3digo Aduanero? C\u00f3mo afectar\u00eda a las c\u00e1maras y por qu\u00e9 piden reunirse con ARCA - Fm Gente","og_description":"Buenos Aires, 10 abril (NA) \u2013 Con el objetivo de analizar la coyuntura de la","og_url":"https:\/\/fmgente.com.ar\/web\/cambia-el-codigo-aduanero-como-afectaria-a-las-camaras-y-por-que-piden-reunirse-con-arca\/","og_site_name":"Fm Gente","article_published_time":"2026-04-11T01:06:29+00:00","twitter_card":"summary_large_image","twitter_misc":{"Tiempo de lectura":"2 minutos"},"schema":{"@context":"https:\/\/schema.org","@graph":[{"@type":"Article","@id":"https:\/\/fmgente.com.ar\/web\/cambia-el-codigo-aduanero-como-afectaria-a-las-camaras-y-por-que-piden-reunirse-con-arca\/#article","isPartOf":{"@id":"https:\/\/fmgente.com.ar\/web\/cambia-el-codigo-aduanero-como-afectaria-a-las-camaras-y-por-que-piden-reunirse-con-arca\/"},"author":{"name":"","@id":""},"headline":"\u00bfCambia el C\u00f3digo Aduanero? C\u00f3mo afectar\u00eda a las c\u00e1maras y por qu\u00e9 piden reunirse con ARCA","datePublished":"2026-04-11T01:06:29+00:00","mainEntityOfPage":{"@id":"https:\/\/fmgente.com.ar\/web\/cambia-el-codigo-aduanero-como-afectaria-a-las-camaras-y-por-que-piden-reunirse-con-arca\/"},"wordCount":445,"publisher":{"@id":"https:\/\/fmgente.com.ar\/web\/#organization"},"image":{"@id":"https:\/\/fmgente.com.ar\/web\/cambia-el-codigo-aduanero-como-afectaria-a-las-camaras-y-por-que-piden-reunirse-con-arca\/#primaryimage"},"thumbnailUrl":"https:\/\/fmgente.com.ar\/web\/wp-content\/uploads\/2026\/04\/720-641.jpeg","articleSection":["REGIONALES"],"inLanguage":"es"},{"@type":"WebPage","@id":"https:\/\/fmgente.com.ar\/web\/cambia-el-codigo-aduanero-como-afectaria-a-las-camaras-y-por-que-piden-reunirse-con-arca\/","url":"https:\/\/fmgente.com.ar\/web\/cambia-el-codigo-aduanero-como-afectaria-a-las-camaras-y-por-que-piden-reunirse-con-arca\/","name":"\u00bfCambia el C\u00f3digo Aduanero? C\u00f3mo afectar\u00eda a las c\u00e1maras y por qu\u00e9 piden reunirse con ARCA - Fm Gente","isPartOf":{"@id":"https:\/\/fmgente.com.ar\/web\/#website"},"primaryImageOfPage":{"@id":"https:\/\/fmgente.com.ar\/web\/cambia-el-codigo-aduanero-como-afectaria-a-las-camaras-y-por-que-piden-reunirse-con-arca\/#primaryimage"},"image":{"@id":"https:\/\/fmgente.com.ar\/web\/cambia-el-codigo-aduanero-como-afectaria-a-las-camaras-y-por-que-piden-reunirse-con-arca\/#primaryimage"},"thumbnailUrl":"https:\/\/fmgente.com.ar\/web\/wp-content\/uploads\/2026\/04\/720-641.jpeg","datePublished":"2026-04-11T01:06:29+00:00","inLanguage":"es","potentialAction":[{"@type":"ReadAction","target":["https:\/\/fmgente.com.ar\/web\/cambia-el-codigo-aduanero-como-afectaria-a-las-camaras-y-por-que-piden-reunirse-con-arca\/"]}]},{"@type":"ImageObject","inLanguage":"es","@id":"https:\/\/fmgente.com.ar\/web\/cambia-el-codigo-aduanero-como-afectaria-a-las-camaras-y-por-que-piden-reunirse-con-arca\/#primaryimage","url":"https:\/\/fmgente.com.ar\/web\/wp-content\/uploads\/2026\/04\/720-641.jpeg","contentUrl":"https:\/\/fmgente.com.ar\/web\/wp-content\/uploads\/2026\/04\/720-641.jpeg","width":1280,"height":720},{"@type":"WebSite","@id":"https:\/\/fmgente.com.ar\/web\/#website","url":"https:\/\/fmgente.com.ar\/web\/","name":"Fm Gente","description":"- Jes\u00fas Mar\u00eda","publisher":{"@id":"https:\/\/fmgente.com.ar\/web\/#organization"},"potentialAction":[{"@type":"SearchAction","target":{"@type":"EntryPoint","urlTemplate":"https:\/\/fmgente.com.ar\/web\/?s={search_term_string}"},"query-input":{"@type":"PropertyValueSpecification","valueRequired":true,"valueName":"search_term_string"}}],"inLanguage":"es"},{"@type":"Organization","@id":"https:\/\/fmgente.com.ar\/web\/#organization","name":"Fm Gente","url":"https:\/\/fmgente.com.ar\/web\/","logo":{"@type":"ImageObject","inLanguage":"es","@id":"https:\/\/fmgente.com.ar\/web\/#\/schema\/logo\/image\/","url":"https:\/\/fmgente.com.ar\/web\/wp-content\/uploads\/2023\/07\/cropped-cropped-logo-sombra2.png","contentUrl":"https:\/\/fmgente.com.ar\/web\/wp-content\/uploads\/2023\/07\/cropped-cropped-logo-sombra2.png","width":1782,"height":1782,"caption":"Fm Gente"},"image":{"@id":"https:\/\/fmgente.com.ar\/web\/#\/schema\/logo\/image\/"}}]}},"_links":{"self":[{"href":"https:\/\/fmgente.com.ar\/web\/wp-json\/wp\/v2\/posts\/19092","targetHints":{"allow":["GET"]}}],"collection":[{"href":"https:\/\/fmgente.com.ar\/web\/wp-json\/wp\/v2\/posts"}],"about":[{"href":"https:\/\/fmgente.com.ar\/web\/wp-json\/wp\/v2\/types\/post"}],"replies":[{"embeddable":true,"href":"https:\/\/fmgente.com.ar\/web\/wp-json\/wp\/v2\/comments?post=19092"}],"version-history":[{"count":0,"href":"https:\/\/fmgente.com.ar\/web\/wp-json\/wp\/v2\/posts\/19092\/revisions"}],"wp:featuredmedia":[{"embeddable":true,"href":"https:\/\/fmgente.com.ar\/web\/wp-json\/wp\/v2\/media\/19093"}],"wp:attachment":[{"href":"https:\/\/fmgente.com.ar\/web\/wp-json\/wp\/v2\/media?parent=19092"}],"wp:term":[{"taxonomy":"category","embeddable":true,"href":"https:\/\/fmgente.com.ar\/web\/wp-json\/wp\/v2\/categories?post=19092"},{"taxonomy":"post_tag","embeddable":true,"href":"https:\/\/fmgente.com.ar\/web\/wp-json\/wp\/v2\/tags?post=19092"}],"curies":[{"name":"wp","href":"https:\/\/api.w.org\/{rel}","templated":true}]}}