{"id":19090,"date":"2026-04-10T22:06:28","date_gmt":"2026-04-11T01:06:28","guid":{"rendered":"https:\/\/fmgente.com.ar\/web\/comodoro-rivadavia-multitudinaria-marcha-para-pedir-justicia-por-angel-lopez\/"},"modified":"2026-04-10T22:06:28","modified_gmt":"2026-04-11T01:06:28","slug":"comodoro-rivadavia-multitudinaria-marcha-para-pedir-justicia-por-angel-lopez","status":"publish","type":"post","link":"https:\/\/fmgente.com.ar\/web\/comodoro-rivadavia-multitudinaria-marcha-para-pedir-justicia-por-angel-lopez\/","title":{"rendered":"Comodoro Rivadavia: multitudinaria marcha para pedir justicia por \u00c1ngel L\u00f3pez"},"content":{"rendered":"<p>Comodoro Rivadavia, 10 abril (NA) &#8212; Miles de personas marcharon esta noche por las calles de Comodoro Rivadavia para pedir justicia y el esclarecimiento por la muerte de Angel L\u00f3pez, el ni\u00f1o de cuatro a\u00f1os que falleci\u00f3 d\u00edas atr\u00e1s como consecuencia de un presunto asesinato.<\/p>\n<p>Familiares, vecinos y allegados se autoconvocaron para marchar desde la plaza principal de la ciudad hasta la fiscal\u00eda, donde entonaron c\u00e1nticos contra las autoridades judiciales, mientras cantaban \u00abQue se vayan todos, que no quede ni uno solo&#8230;\u00bb, en medio de la indignaci\u00f3n generalizada.<\/p>\n<p>Con pancartas, fotos del menor y velas, los manifestantes pidieron \u00abjusticia\u00bb una y otra vez, no solo por la muerte de Angel, sino tambi\u00e9n por las de Valeria Schwab y Diego Ser\u00f3n, otros casos que hab\u00edan conmocionado recientemente a la comunidad local, seg\u00fan supo la Agencia Noticias Argentinas.<\/p>\n<p>\u00abQue no se corra el foco\u00bb, dijo Lorena Andrade, madrastra del menor fallecido, y a\u00f1adi\u00f3 que \u00e9ste \u00abmuri\u00f3 al cuidado de esas personas\u00bb, en referencia a su madre biol\u00f3gica -Mariela Altamirano- y su pareja.<\/p>\n<p>\u00abEst\u00e1 a la vista, la madre pidi\u00f3 que le entreguen el cuerpo sin la autopsia. Le dije que era una asesina\u00bb. remarc\u00f3 la mujer, en declaraciones a la prensa.<\/p>\n<p>Tanto Altamirano como su pareja, Maicon Gonz\u00e1lez, aparecen como los principales sospechosos por la muerte del chico, a consecuencia de un serie de traumatismos, aunque su madre asever\u00f3 que el menor se descompens\u00f3 y falleci\u00f3 poco despu\u00e9s.<\/p>\n<p>El menor estaba al cuidado de su padre biol\u00f3gico, Luis L\u00f3pez, quien form\u00f3 pareja con Andrade, aunque por decisi\u00f3n del juez de familia Juan Pablo P\u00e9rez se inici\u00f3 un proceso de revinculaci\u00f3n con Altamirano, pese a que \u00e9sta lo hab\u00eda abandonado cuando apenas ten\u00eda un a\u00f1o.<\/p>\n<p>#AgenciaNA<\/p>\n","protected":false},"excerpt":{"rendered":"<p>Comodoro Rivadavia, 10 abril (NA) &#8212; Miles de personas marcharon esta noche por las calles<\/p>\n","protected":false},"author":0,"featured_media":19091,"comment_status":"","ping_status":"","sticky":false,"template":"","format":"standard","meta":{"footnotes":""},"categories":[1],"tags":[],"class_list":["post-19090","post","type-post","status-publish","format-standard","has-post-thumbnail","hentry","category-regionales"],"yoast_head":"<!-- This site is optimized with the Yoast SEO plugin v27.4 - https:\/\/yoast.com\/product\/yoast-seo-wordpress\/ -->\n<title>Comodoro Rivadavia: multitudinaria marcha para pedir justicia por \u00c1ngel L\u00f3pez - Fm Gente<\/title>\n<meta name=\"robots\" content=\"index, follow, max-snippet:-1, max-image-preview:large, max-video-preview:-1\" \/>\n<link rel=\"canonical\" href=\"https:\/\/fmgente.com.ar\/web\/comodoro-rivadavia-multitudinaria-marcha-para-pedir-justicia-por-angel-lopez\/\" \/>\n<meta property=\"og:locale\" content=\"es_ES\" \/>\n<meta property=\"og:type\" content=\"article\" \/>\n<meta property=\"og:title\" content=\"Comodoro Rivadavia: multitudinaria marcha para pedir justicia por \u00c1ngel L\u00f3pez - Fm Gente\" \/>\n<meta property=\"og:description\" content=\"Comodoro Rivadavia, 10 abril (NA) &#8212; Miles de personas marcharon esta noche por las calles\" \/>\n<meta property=\"og:url\" content=\"https:\/\/fmgente.com.ar\/web\/comodoro-rivadavia-multitudinaria-marcha-para-pedir-justicia-por-angel-lopez\/\" \/>\n<meta property=\"og:site_name\" content=\"Fm Gente\" \/>\n<meta property=\"article:published_time\" content=\"2026-04-11T01:06:28+00:00\" \/>\n<meta name=\"twitter:card\" content=\"summary_large_image\" \/>\n<meta name=\"twitter:label1\" content=\"Tiempo de lectura\" \/>\n\t<meta name=\"twitter:data1\" content=\"2 minutos\" \/>\n<script type=\"application\/ld+json\" class=\"yoast-schema-graph\">{\"@context\":\"https:\\\/\\\/schema.org\",\"@graph\":[{\"@type\":\"Article\",\"@id\":\"https:\\\/\\\/fmgente.com.ar\\\/web\\\/comodoro-rivadavia-multitudinaria-marcha-para-pedir-justicia-por-angel-lopez\\\/#article\",\"isPartOf\":{\"@id\":\"https:\\\/\\\/fmgente.com.ar\\\/web\\\/comodoro-rivadavia-multitudinaria-marcha-para-pedir-justicia-por-angel-lopez\\\/\"},\"author\":{\"name\":\"\",\"@id\":\"\"},\"headline\":\"Comodoro Rivadavia: multitudinaria marcha para pedir justicia por \u00c1ngel L\u00f3pez\",\"datePublished\":\"2026-04-11T01:06:28+00:00\",\"mainEntityOfPage\":{\"@id\":\"https:\\\/\\\/fmgente.com.ar\\\/web\\\/comodoro-rivadavia-multitudinaria-marcha-para-pedir-justicia-por-angel-lopez\\\/\"},\"wordCount\":317,\"publisher\":{\"@id\":\"https:\\\/\\\/fmgente.com.ar\\\/web\\\/#organization\"},\"image\":{\"@id\":\"https:\\\/\\\/fmgente.com.ar\\\/web\\\/comodoro-rivadavia-multitudinaria-marcha-para-pedir-justicia-por-angel-lopez\\\/#primaryimage\"},\"thumbnailUrl\":\"https:\\\/\\\/fmgente.com.ar\\\/web\\\/wp-content\\\/uploads\\\/2026\\\/04\\\/720-640.jpeg\",\"articleSection\":[\"REGIONALES\"],\"inLanguage\":\"es\"},{\"@type\":\"WebPage\",\"@id\":\"https:\\\/\\\/fmgente.com.ar\\\/web\\\/comodoro-rivadavia-multitudinaria-marcha-para-pedir-justicia-por-angel-lopez\\\/\",\"url\":\"https:\\\/\\\/fmgente.com.ar\\\/web\\\/comodoro-rivadavia-multitudinaria-marcha-para-pedir-justicia-por-angel-lopez\\\/\",\"name\":\"Comodoro Rivadavia: multitudinaria marcha para pedir justicia por \u00c1ngel L\u00f3pez - Fm Gente\",\"isPartOf\":{\"@id\":\"https:\\\/\\\/fmgente.com.ar\\\/web\\\/#website\"},\"primaryImageOfPage\":{\"@id\":\"https:\\\/\\\/fmgente.com.ar\\\/web\\\/comodoro-rivadavia-multitudinaria-marcha-para-pedir-justicia-por-angel-lopez\\\/#primaryimage\"},\"image\":{\"@id\":\"https:\\\/\\\/fmgente.com.ar\\\/web\\\/comodoro-rivadavia-multitudinaria-marcha-para-pedir-justicia-por-angel-lopez\\\/#primaryimage\"},\"thumbnailUrl\":\"https:\\\/\\\/fmgente.com.ar\\\/web\\\/wp-content\\\/uploads\\\/2026\\\/04\\\/720-640.jpeg\",\"datePublished\":\"2026-04-11T01:06:28+00:00\",\"inLanguage\":\"es\",\"potentialAction\":[{\"@type\":\"ReadAction\",\"target\":[\"https:\\\/\\\/fmgente.com.ar\\\/web\\\/comodoro-rivadavia-multitudinaria-marcha-para-pedir-justicia-por-angel-lopez\\\/\"]}]},{\"@type\":\"ImageObject\",\"inLanguage\":\"es\",\"@id\":\"https:\\\/\\\/fmgente.com.ar\\\/web\\\/comodoro-rivadavia-multitudinaria-marcha-para-pedir-justicia-por-angel-lopez\\\/#primaryimage\",\"url\":\"https:\\\/\\\/fmgente.com.ar\\\/web\\\/wp-content\\\/uploads\\\/2026\\\/04\\\/720-640.jpeg\",\"contentUrl\":\"https:\\\/\\\/fmgente.com.ar\\\/web\\\/wp-content\\\/uploads\\\/2026\\\/04\\\/720-640.jpeg\",\"width\":1280,\"height\":630},{\"@type\":\"WebSite\",\"@id\":\"https:\\\/\\\/fmgente.com.ar\\\/web\\\/#website\",\"url\":\"https:\\\/\\\/fmgente.com.ar\\\/web\\\/\",\"name\":\"Fm Gente\",\"description\":\"- Jes\u00fas Mar\u00eda\",\"publisher\":{\"@id\":\"https:\\\/\\\/fmgente.com.ar\\\/web\\\/#organization\"},\"potentialAction\":[{\"@type\":\"SearchAction\",\"target\":{\"@type\":\"EntryPoint\",\"urlTemplate\":\"https:\\\/\\\/fmgente.com.ar\\\/web\\\/?s={search_term_string}\"},\"query-input\":{\"@type\":\"PropertyValueSpecification\",\"valueRequired\":true,\"valueName\":\"search_term_string\"}}],\"inLanguage\":\"es\"},{\"@type\":\"Organization\",\"@id\":\"https:\\\/\\\/fmgente.com.ar\\\/web\\\/#organization\",\"name\":\"Fm Gente\",\"url\":\"https:\\\/\\\/fmgente.com.ar\\\/web\\\/\",\"logo\":{\"@type\":\"ImageObject\",\"inLanguage\":\"es\",\"@id\":\"https:\\\/\\\/fmgente.com.ar\\\/web\\\/#\\\/schema\\\/logo\\\/image\\\/\",\"url\":\"https:\\\/\\\/fmgente.com.ar\\\/web\\\/wp-content\\\/uploads\\\/2023\\\/07\\\/cropped-cropped-logo-sombra2.png\",\"contentUrl\":\"https:\\\/\\\/fmgente.com.ar\\\/web\\\/wp-content\\\/uploads\\\/2023\\\/07\\\/cropped-cropped-logo-sombra2.png\",\"width\":1782,\"height\":1782,\"caption\":\"Fm Gente\"},\"image\":{\"@id\":\"https:\\\/\\\/fmgente.com.ar\\\/web\\\/#\\\/schema\\\/logo\\\/image\\\/\"}}]}<\/script>\n<!-- \/ Yoast SEO plugin. -->","yoast_head_json":{"title":"Comodoro Rivadavia: multitudinaria marcha para pedir justicia por \u00c1ngel L\u00f3pez - Fm Gente","robots":{"index":"index","follow":"follow","max-snippet":"max-snippet:-1","max-image-preview":"max-image-preview:large","max-video-preview":"max-video-preview:-1"},"canonical":"https:\/\/fmgente.com.ar\/web\/comodoro-rivadavia-multitudinaria-marcha-para-pedir-justicia-por-angel-lopez\/","og_locale":"es_ES","og_type":"article","og_title":"Comodoro Rivadavia: multitudinaria marcha para pedir justicia por \u00c1ngel L\u00f3pez - Fm Gente","og_description":"Comodoro Rivadavia, 10 abril (NA) &#8212; Miles de personas marcharon esta noche por las calles","og_url":"https:\/\/fmgente.com.ar\/web\/comodoro-rivadavia-multitudinaria-marcha-para-pedir-justicia-por-angel-lopez\/","og_site_name":"Fm Gente","article_published_time":"2026-04-11T01:06:28+00:00","twitter_card":"summary_large_image","twitter_misc":{"Tiempo de lectura":"2 minutos"},"schema":{"@context":"https:\/\/schema.org","@graph":[{"@type":"Article","@id":"https:\/\/fmgente.com.ar\/web\/comodoro-rivadavia-multitudinaria-marcha-para-pedir-justicia-por-angel-lopez\/#article","isPartOf":{"@id":"https:\/\/fmgente.com.ar\/web\/comodoro-rivadavia-multitudinaria-marcha-para-pedir-justicia-por-angel-lopez\/"},"author":{"name":"","@id":""},"headline":"Comodoro Rivadavia: multitudinaria marcha para pedir justicia por \u00c1ngel L\u00f3pez","datePublished":"2026-04-11T01:06:28+00:00","mainEntityOfPage":{"@id":"https:\/\/fmgente.com.ar\/web\/comodoro-rivadavia-multitudinaria-marcha-para-pedir-justicia-por-angel-lopez\/"},"wordCount":317,"publisher":{"@id":"https:\/\/fmgente.com.ar\/web\/#organization"},"image":{"@id":"https:\/\/fmgente.com.ar\/web\/comodoro-rivadavia-multitudinaria-marcha-para-pedir-justicia-por-angel-lopez\/#primaryimage"},"thumbnailUrl":"https:\/\/fmgente.com.ar\/web\/wp-content\/uploads\/2026\/04\/720-640.jpeg","articleSection":["REGIONALES"],"inLanguage":"es"},{"@type":"WebPage","@id":"https:\/\/fmgente.com.ar\/web\/comodoro-rivadavia-multitudinaria-marcha-para-pedir-justicia-por-angel-lopez\/","url":"https:\/\/fmgente.com.ar\/web\/comodoro-rivadavia-multitudinaria-marcha-para-pedir-justicia-por-angel-lopez\/","name":"Comodoro Rivadavia: multitudinaria marcha para pedir justicia por \u00c1ngel L\u00f3pez - Fm Gente","isPartOf":{"@id":"https:\/\/fmgente.com.ar\/web\/#website"},"primaryImageOfPage":{"@id":"https:\/\/fmgente.com.ar\/web\/comodoro-rivadavia-multitudinaria-marcha-para-pedir-justicia-por-angel-lopez\/#primaryimage"},"image":{"@id":"https:\/\/fmgente.com.ar\/web\/comodoro-rivadavia-multitudinaria-marcha-para-pedir-justicia-por-angel-lopez\/#primaryimage"},"thumbnailUrl":"https:\/\/fmgente.com.ar\/web\/wp-content\/uploads\/2026\/04\/720-640.jpeg","datePublished":"2026-04-11T01:06:28+00:00","inLanguage":"es","potentialAction":[{"@type":"ReadAction","target":["https:\/\/fmgente.com.ar\/web\/comodoro-rivadavia-multitudinaria-marcha-para-pedir-justicia-por-angel-lopez\/"]}]},{"@type":"ImageObject","inLanguage":"es","@id":"https:\/\/fmgente.com.ar\/web\/comodoro-rivadavia-multitudinaria-marcha-para-pedir-justicia-por-angel-lopez\/#primaryimage","url":"https:\/\/fmgente.com.ar\/web\/wp-content\/uploads\/2026\/04\/720-640.jpeg","contentUrl":"https:\/\/fmgente.com.ar\/web\/wp-content\/uploads\/2026\/04\/720-640.jpeg","width":1280,"height":630},{"@type":"WebSite","@id":"https:\/\/fmgente.com.ar\/web\/#website","url":"https:\/\/fmgente.com.ar\/web\/","name":"Fm Gente","description":"- Jes\u00fas Mar\u00eda","publisher":{"@id":"https:\/\/fmgente.com.ar\/web\/#organization"},"potentialAction":[{"@type":"SearchAction","target":{"@type":"EntryPoint","urlTemplate":"https:\/\/fmgente.com.ar\/web\/?s={search_term_string}"},"query-input":{"@type":"PropertyValueSpecification","valueRequired":true,"valueName":"search_term_string"}}],"inLanguage":"es"},{"@type":"Organization","@id":"https:\/\/fmgente.com.ar\/web\/#organization","name":"Fm Gente","url":"https:\/\/fmgente.com.ar\/web\/","logo":{"@type":"ImageObject","inLanguage":"es","@id":"https:\/\/fmgente.com.ar\/web\/#\/schema\/logo\/image\/","url":"https:\/\/fmgente.com.ar\/web\/wp-content\/uploads\/2023\/07\/cropped-cropped-logo-sombra2.png","contentUrl":"https:\/\/fmgente.com.ar\/web\/wp-content\/uploads\/2023\/07\/cropped-cropped-logo-sombra2.png","width":1782,"height":1782,"caption":"Fm Gente"},"image":{"@id":"https:\/\/fmgente.com.ar\/web\/#\/schema\/logo\/image\/"}}]}},"_links":{"self":[{"href":"https:\/\/fmgente.com.ar\/web\/wp-json\/wp\/v2\/posts\/19090","targetHints":{"allow":["GET"]}}],"collection":[{"href":"https:\/\/fmgente.com.ar\/web\/wp-json\/wp\/v2\/posts"}],"about":[{"href":"https:\/\/fmgente.com.ar\/web\/wp-json\/wp\/v2\/types\/post"}],"replies":[{"embeddable":true,"href":"https:\/\/fmgente.com.ar\/web\/wp-json\/wp\/v2\/comments?post=19090"}],"version-history":[{"count":0,"href":"https:\/\/fmgente.com.ar\/web\/wp-json\/wp\/v2\/posts\/19090\/revisions"}],"wp:featuredmedia":[{"embeddable":true,"href":"https:\/\/fmgente.com.ar\/web\/wp-json\/wp\/v2\/media\/19091"}],"wp:attachment":[{"href":"https:\/\/fmgente.com.ar\/web\/wp-json\/wp\/v2\/media?parent=19090"}],"wp:term":[{"taxonomy":"category","embeddable":true,"href":"https:\/\/fmgente.com.ar\/web\/wp-json\/wp\/v2\/categories?post=19090"},{"taxonomy":"post_tag","embeddable":true,"href":"https:\/\/fmgente.com.ar\/web\/wp-json\/wp\/v2\/tags?post=19090"}],"curies":[{"name":"wp","href":"https:\/\/api.w.org\/{rel}","templated":true}]}}