{"id":19082,"date":"2026-04-10T21:04:51","date_gmt":"2026-04-11T00:04:51","guid":{"rendered":"https:\/\/fmgente.com.ar\/web\/procesan-y-embargan-a-medicos-implicados-en-el-robo-de-insumos-criticos\/"},"modified":"2026-04-10T21:04:51","modified_gmt":"2026-04-11T00:04:51","slug":"procesan-y-embargan-a-medicos-implicados-en-el-robo-de-insumos-criticos","status":"publish","type":"post","link":"https:\/\/fmgente.com.ar\/web\/procesan-y-embargan-a-medicos-implicados-en-el-robo-de-insumos-criticos\/","title":{"rendered":"Procesan y embargan a m\u00e9dicos implicados en el robo de insumos cr\u00edticos"},"content":{"rendered":"<p>Buenos Aires, 10 abril (NA)\u2014 La Justicia argentina dict\u00f3 el procesamiento de los profesionales vinculados al Hospital Italiano, involucrados en el desv\u00edo de f\u00e1rmacos de alta peligrosidad con fines recreativos.<\/p>\n<p>El juez Javier S\u00e1nchez Sarmiento imput\u00f3 formalmente al anestesista Hern\u00e1n Boveri y a la exresidente Delfina Lanusse por el delito de administraci\u00f3n fraudulenta. La decisi\u00f3n del magistrado no solo implica el procesamiento, sino que establece medidas cautelares severas para garantizar la sujeci\u00f3n de los imputados al proceso.<\/p>\n<p>Tanto Boveri como Lanusse tienen ahora prohibida la salida del pa\u00eds y han sido objeto de embargos millonarios sobre sus bienes, seg\u00fan pudo saber la Agencia Noticias Argentinas.<\/p>\n<p>La fiscal\u00eda sostiene que los acusados habr\u00edan aprovechado su posici\u00f3n estrat\u00e9gica en el \u00e1rea de anestesiolog\u00eda para vulnerar los controles de stock del hospital, extrayendo medicamentos que requieren una custodia estricta, tales como el propofol, un potente agente hipn\u00f3tico de corta duraci\u00f3n.<\/p>\n<p>La investigaci\u00f3n se origin\u00f3 tras una serie de auditor\u00edas internas en el Hospital Italiano que detectaron inconsistencias alarmantes en el inventario de medicamentos anest\u00e9sicos. Los registros de quir\u00f3fano no coincid\u00edan con el egreso real de ampollas de la farmacia central.<\/p>\n<p>Lo que comenz\u00f3 como una investigaci\u00f3n por malversaci\u00f3n de activos tom\u00f3 un giro sombr\u00edo cuando surgieron testimonios y pruebas digitales sobre supuestas reuniones sociales donde se utilizaban estos f\u00e1rmacos. El uso recreativo de anestesia \u2014una pr\u00e1ctica extremadamente peligrosa que puede derivar en paros cardiorrespiratorios si no se cuenta con asistencia ventilatoria\u2014 se convirti\u00f3 en el eje central del esc\u00e1ndalo.<\/p>\n<p>Ante la gravedad de los hallazgos iniciales, la instituci\u00f3n decidi\u00f3 desvincular a Delfina Lanusse, quien en ese momento se desempe\u00f1aba como residente, y suspender preventivamente a Hern\u00e1n Boveri. Posteriormente, el hospital se present\u00f3 como querellante en la causa para resguardar su prestigio y colaborar con el esclarecimiento de los hechos.<\/p>\n<p>El propofol no es una sustancia de consumo ligero; es un f\u00e1rmaco que simboliza la frontera entre la consciencia y la inconsciencia cl\u00ednica. Su desv\u00edo para fines no m\u00e9dicos representa una de las fallas \u00e9ticas m\u00e1s graves en el ejercicio de la medicina moderna.<\/p>\n<p>Este procesamiento marca un hito en la persecuci\u00f3n de delitos de \u00abcuello blanco\u00bb dentro de organizaciones de salud, dejando un precedente claro: la pericia t\u00e9cnica no otorga impunidad frente a la malversaci\u00f3n de los recursos destinados al cuidado de la vida. #AgenciaNA.<\/p>\n","protected":false},"excerpt":{"rendered":"<p>Buenos Aires, 10 abril (NA)\u2014 La Justicia argentina dict\u00f3 el procesamiento de los profesionales vinculados<\/p>\n","protected":false},"author":0,"featured_media":19083,"comment_status":"","ping_status":"","sticky":false,"template":"","format":"standard","meta":{"footnotes":""},"categories":[1],"tags":[],"class_list":["post-19082","post","type-post","status-publish","format-standard","has-post-thumbnail","hentry","category-regionales"],"yoast_head":"<!-- This site is optimized with the Yoast SEO plugin v27.4 - https:\/\/yoast.com\/product\/yoast-seo-wordpress\/ -->\n<title>Procesan y embargan a m\u00e9dicos implicados en el robo de insumos cr\u00edticos - Fm Gente<\/title>\n<meta name=\"robots\" content=\"index, follow, max-snippet:-1, max-image-preview:large, max-video-preview:-1\" \/>\n<link rel=\"canonical\" href=\"https:\/\/fmgente.com.ar\/web\/procesan-y-embargan-a-medicos-implicados-en-el-robo-de-insumos-criticos\/\" \/>\n<meta property=\"og:locale\" content=\"es_ES\" \/>\n<meta property=\"og:type\" content=\"article\" \/>\n<meta property=\"og:title\" content=\"Procesan y embargan a m\u00e9dicos implicados en el robo de insumos cr\u00edticos - Fm Gente\" \/>\n<meta property=\"og:description\" content=\"Buenos Aires, 10 abril (NA)\u2014 La Justicia argentina dict\u00f3 el procesamiento de los profesionales vinculados\" \/>\n<meta property=\"og:url\" content=\"https:\/\/fmgente.com.ar\/web\/procesan-y-embargan-a-medicos-implicados-en-el-robo-de-insumos-criticos\/\" \/>\n<meta property=\"og:site_name\" content=\"Fm Gente\" \/>\n<meta property=\"article:published_time\" content=\"2026-04-11T00:04:51+00:00\" \/>\n<meta name=\"twitter:card\" content=\"summary_large_image\" \/>\n<meta name=\"twitter:label1\" content=\"Tiempo de lectura\" \/>\n\t<meta name=\"twitter:data1\" content=\"2 minutos\" \/>\n<script type=\"application\/ld+json\" class=\"yoast-schema-graph\">{\"@context\":\"https:\\\/\\\/schema.org\",\"@graph\":[{\"@type\":\"Article\",\"@id\":\"https:\\\/\\\/fmgente.com.ar\\\/web\\\/procesan-y-embargan-a-medicos-implicados-en-el-robo-de-insumos-criticos\\\/#article\",\"isPartOf\":{\"@id\":\"https:\\\/\\\/fmgente.com.ar\\\/web\\\/procesan-y-embargan-a-medicos-implicados-en-el-robo-de-insumos-criticos\\\/\"},\"author\":{\"name\":\"\",\"@id\":\"\"},\"headline\":\"Procesan y embargan a m\u00e9dicos implicados en el robo de insumos cr\u00edticos\",\"datePublished\":\"2026-04-11T00:04:51+00:00\",\"mainEntityOfPage\":{\"@id\":\"https:\\\/\\\/fmgente.com.ar\\\/web\\\/procesan-y-embargan-a-medicos-implicados-en-el-robo-de-insumos-criticos\\\/\"},\"wordCount\":433,\"publisher\":{\"@id\":\"https:\\\/\\\/fmgente.com.ar\\\/web\\\/#organization\"},\"image\":{\"@id\":\"https:\\\/\\\/fmgente.com.ar\\\/web\\\/procesan-y-embargan-a-medicos-implicados-en-el-robo-de-insumos-criticos\\\/#primaryimage\"},\"thumbnailUrl\":\"https:\\\/\\\/fmgente.com.ar\\\/web\\\/wp-content\\\/uploads\\\/2026\\\/04\\\/720-636.jpeg\",\"articleSection\":[\"REGIONALES\"],\"inLanguage\":\"es\"},{\"@type\":\"WebPage\",\"@id\":\"https:\\\/\\\/fmgente.com.ar\\\/web\\\/procesan-y-embargan-a-medicos-implicados-en-el-robo-de-insumos-criticos\\\/\",\"url\":\"https:\\\/\\\/fmgente.com.ar\\\/web\\\/procesan-y-embargan-a-medicos-implicados-en-el-robo-de-insumos-criticos\\\/\",\"name\":\"Procesan y embargan a m\u00e9dicos implicados en el robo de insumos cr\u00edticos - Fm Gente\",\"isPartOf\":{\"@id\":\"https:\\\/\\\/fmgente.com.ar\\\/web\\\/#website\"},\"primaryImageOfPage\":{\"@id\":\"https:\\\/\\\/fmgente.com.ar\\\/web\\\/procesan-y-embargan-a-medicos-implicados-en-el-robo-de-insumos-criticos\\\/#primaryimage\"},\"image\":{\"@id\":\"https:\\\/\\\/fmgente.com.ar\\\/web\\\/procesan-y-embargan-a-medicos-implicados-en-el-robo-de-insumos-criticos\\\/#primaryimage\"},\"thumbnailUrl\":\"https:\\\/\\\/fmgente.com.ar\\\/web\\\/wp-content\\\/uploads\\\/2026\\\/04\\\/720-636.jpeg\",\"datePublished\":\"2026-04-11T00:04:51+00:00\",\"inLanguage\":\"es\",\"potentialAction\":[{\"@type\":\"ReadAction\",\"target\":[\"https:\\\/\\\/fmgente.com.ar\\\/web\\\/procesan-y-embargan-a-medicos-implicados-en-el-robo-de-insumos-criticos\\\/\"]}]},{\"@type\":\"ImageObject\",\"inLanguage\":\"es\",\"@id\":\"https:\\\/\\\/fmgente.com.ar\\\/web\\\/procesan-y-embargan-a-medicos-implicados-en-el-robo-de-insumos-criticos\\\/#primaryimage\",\"url\":\"https:\\\/\\\/fmgente.com.ar\\\/web\\\/wp-content\\\/uploads\\\/2026\\\/04\\\/720-636.jpeg\",\"contentUrl\":\"https:\\\/\\\/fmgente.com.ar\\\/web\\\/wp-content\\\/uploads\\\/2026\\\/04\\\/720-636.jpeg\",\"width\":1208,\"height\":720},{\"@type\":\"WebSite\",\"@id\":\"https:\\\/\\\/fmgente.com.ar\\\/web\\\/#website\",\"url\":\"https:\\\/\\\/fmgente.com.ar\\\/web\\\/\",\"name\":\"Fm Gente\",\"description\":\"- Jes\u00fas Mar\u00eda\",\"publisher\":{\"@id\":\"https:\\\/\\\/fmgente.com.ar\\\/web\\\/#organization\"},\"potentialAction\":[{\"@type\":\"SearchAction\",\"target\":{\"@type\":\"EntryPoint\",\"urlTemplate\":\"https:\\\/\\\/fmgente.com.ar\\\/web\\\/?s={search_term_string}\"},\"query-input\":{\"@type\":\"PropertyValueSpecification\",\"valueRequired\":true,\"valueName\":\"search_term_string\"}}],\"inLanguage\":\"es\"},{\"@type\":\"Organization\",\"@id\":\"https:\\\/\\\/fmgente.com.ar\\\/web\\\/#organization\",\"name\":\"Fm Gente\",\"url\":\"https:\\\/\\\/fmgente.com.ar\\\/web\\\/\",\"logo\":{\"@type\":\"ImageObject\",\"inLanguage\":\"es\",\"@id\":\"https:\\\/\\\/fmgente.com.ar\\\/web\\\/#\\\/schema\\\/logo\\\/image\\\/\",\"url\":\"https:\\\/\\\/fmgente.com.ar\\\/web\\\/wp-content\\\/uploads\\\/2023\\\/07\\\/cropped-cropped-logo-sombra2.png\",\"contentUrl\":\"https:\\\/\\\/fmgente.com.ar\\\/web\\\/wp-content\\\/uploads\\\/2023\\\/07\\\/cropped-cropped-logo-sombra2.png\",\"width\":1782,\"height\":1782,\"caption\":\"Fm Gente\"},\"image\":{\"@id\":\"https:\\\/\\\/fmgente.com.ar\\\/web\\\/#\\\/schema\\\/logo\\\/image\\\/\"}}]}<\/script>\n<!-- \/ Yoast SEO plugin. -->","yoast_head_json":{"title":"Procesan y embargan a m\u00e9dicos implicados en el robo de insumos cr\u00edticos - Fm Gente","robots":{"index":"index","follow":"follow","max-snippet":"max-snippet:-1","max-image-preview":"max-image-preview:large","max-video-preview":"max-video-preview:-1"},"canonical":"https:\/\/fmgente.com.ar\/web\/procesan-y-embargan-a-medicos-implicados-en-el-robo-de-insumos-criticos\/","og_locale":"es_ES","og_type":"article","og_title":"Procesan y embargan a m\u00e9dicos implicados en el robo de insumos cr\u00edticos - Fm Gente","og_description":"Buenos Aires, 10 abril (NA)\u2014 La Justicia argentina dict\u00f3 el procesamiento de los profesionales vinculados","og_url":"https:\/\/fmgente.com.ar\/web\/procesan-y-embargan-a-medicos-implicados-en-el-robo-de-insumos-criticos\/","og_site_name":"Fm Gente","article_published_time":"2026-04-11T00:04:51+00:00","twitter_card":"summary_large_image","twitter_misc":{"Tiempo de lectura":"2 minutos"},"schema":{"@context":"https:\/\/schema.org","@graph":[{"@type":"Article","@id":"https:\/\/fmgente.com.ar\/web\/procesan-y-embargan-a-medicos-implicados-en-el-robo-de-insumos-criticos\/#article","isPartOf":{"@id":"https:\/\/fmgente.com.ar\/web\/procesan-y-embargan-a-medicos-implicados-en-el-robo-de-insumos-criticos\/"},"author":{"name":"","@id":""},"headline":"Procesan y embargan a m\u00e9dicos implicados en el robo de insumos cr\u00edticos","datePublished":"2026-04-11T00:04:51+00:00","mainEntityOfPage":{"@id":"https:\/\/fmgente.com.ar\/web\/procesan-y-embargan-a-medicos-implicados-en-el-robo-de-insumos-criticos\/"},"wordCount":433,"publisher":{"@id":"https:\/\/fmgente.com.ar\/web\/#organization"},"image":{"@id":"https:\/\/fmgente.com.ar\/web\/procesan-y-embargan-a-medicos-implicados-en-el-robo-de-insumos-criticos\/#primaryimage"},"thumbnailUrl":"https:\/\/fmgente.com.ar\/web\/wp-content\/uploads\/2026\/04\/720-636.jpeg","articleSection":["REGIONALES"],"inLanguage":"es"},{"@type":"WebPage","@id":"https:\/\/fmgente.com.ar\/web\/procesan-y-embargan-a-medicos-implicados-en-el-robo-de-insumos-criticos\/","url":"https:\/\/fmgente.com.ar\/web\/procesan-y-embargan-a-medicos-implicados-en-el-robo-de-insumos-criticos\/","name":"Procesan y embargan a m\u00e9dicos implicados en el robo de insumos cr\u00edticos - Fm Gente","isPartOf":{"@id":"https:\/\/fmgente.com.ar\/web\/#website"},"primaryImageOfPage":{"@id":"https:\/\/fmgente.com.ar\/web\/procesan-y-embargan-a-medicos-implicados-en-el-robo-de-insumos-criticos\/#primaryimage"},"image":{"@id":"https:\/\/fmgente.com.ar\/web\/procesan-y-embargan-a-medicos-implicados-en-el-robo-de-insumos-criticos\/#primaryimage"},"thumbnailUrl":"https:\/\/fmgente.com.ar\/web\/wp-content\/uploads\/2026\/04\/720-636.jpeg","datePublished":"2026-04-11T00:04:51+00:00","inLanguage":"es","potentialAction":[{"@type":"ReadAction","target":["https:\/\/fmgente.com.ar\/web\/procesan-y-embargan-a-medicos-implicados-en-el-robo-de-insumos-criticos\/"]}]},{"@type":"ImageObject","inLanguage":"es","@id":"https:\/\/fmgente.com.ar\/web\/procesan-y-embargan-a-medicos-implicados-en-el-robo-de-insumos-criticos\/#primaryimage","url":"https:\/\/fmgente.com.ar\/web\/wp-content\/uploads\/2026\/04\/720-636.jpeg","contentUrl":"https:\/\/fmgente.com.ar\/web\/wp-content\/uploads\/2026\/04\/720-636.jpeg","width":1208,"height":720},{"@type":"WebSite","@id":"https:\/\/fmgente.com.ar\/web\/#website","url":"https:\/\/fmgente.com.ar\/web\/","name":"Fm Gente","description":"- Jes\u00fas Mar\u00eda","publisher":{"@id":"https:\/\/fmgente.com.ar\/web\/#organization"},"potentialAction":[{"@type":"SearchAction","target":{"@type":"EntryPoint","urlTemplate":"https:\/\/fmgente.com.ar\/web\/?s={search_term_string}"},"query-input":{"@type":"PropertyValueSpecification","valueRequired":true,"valueName":"search_term_string"}}],"inLanguage":"es"},{"@type":"Organization","@id":"https:\/\/fmgente.com.ar\/web\/#organization","name":"Fm Gente","url":"https:\/\/fmgente.com.ar\/web\/","logo":{"@type":"ImageObject","inLanguage":"es","@id":"https:\/\/fmgente.com.ar\/web\/#\/schema\/logo\/image\/","url":"https:\/\/fmgente.com.ar\/web\/wp-content\/uploads\/2023\/07\/cropped-cropped-logo-sombra2.png","contentUrl":"https:\/\/fmgente.com.ar\/web\/wp-content\/uploads\/2023\/07\/cropped-cropped-logo-sombra2.png","width":1782,"height":1782,"caption":"Fm Gente"},"image":{"@id":"https:\/\/fmgente.com.ar\/web\/#\/schema\/logo\/image\/"}}]}},"_links":{"self":[{"href":"https:\/\/fmgente.com.ar\/web\/wp-json\/wp\/v2\/posts\/19082","targetHints":{"allow":["GET"]}}],"collection":[{"href":"https:\/\/fmgente.com.ar\/web\/wp-json\/wp\/v2\/posts"}],"about":[{"href":"https:\/\/fmgente.com.ar\/web\/wp-json\/wp\/v2\/types\/post"}],"replies":[{"embeddable":true,"href":"https:\/\/fmgente.com.ar\/web\/wp-json\/wp\/v2\/comments?post=19082"}],"version-history":[{"count":0,"href":"https:\/\/fmgente.com.ar\/web\/wp-json\/wp\/v2\/posts\/19082\/revisions"}],"wp:featuredmedia":[{"embeddable":true,"href":"https:\/\/fmgente.com.ar\/web\/wp-json\/wp\/v2\/media\/19083"}],"wp:attachment":[{"href":"https:\/\/fmgente.com.ar\/web\/wp-json\/wp\/v2\/media?parent=19082"}],"wp:term":[{"taxonomy":"category","embeddable":true,"href":"https:\/\/fmgente.com.ar\/web\/wp-json\/wp\/v2\/categories?post=19082"},{"taxonomy":"post_tag","embeddable":true,"href":"https:\/\/fmgente.com.ar\/web\/wp-json\/wp\/v2\/tags?post=19082"}],"curies":[{"name":"wp","href":"https:\/\/api.w.org\/{rel}","templated":true}]}}