{"id":19072,"date":"2026-04-10T20:07:58","date_gmt":"2026-04-10T23:07:58","guid":{"rendered":"https:\/\/fmgente.com.ar\/web\/la-mayoria-de-las-empresas-se-preparan-para-aprovechar-la-reforma-laboral-para-contratar-o-echar\/"},"modified":"2026-04-10T20:07:58","modified_gmt":"2026-04-10T23:07:58","slug":"la-mayoria-de-las-empresas-se-preparan-para-aprovechar-la-reforma-laboral-para-contratar-o-echar","status":"publish","type":"post","link":"https:\/\/fmgente.com.ar\/web\/la-mayoria-de-las-empresas-se-preparan-para-aprovechar-la-reforma-laboral-para-contratar-o-echar\/","title":{"rendered":"La mayor\u00eda de las empresas se preparan para aprovechar la reforma laboral, \u00bfpara contratar o echar?"},"content":{"rendered":"<p>Buenos Aires, 10 de abril (NA) \u2013 Si bien la reforma laboral ampl\u00eda el abanico de modalidades contractuales y otorga mayor discrecionalidad en la organizaci\u00f3n del trabajo, los retrocesos en la actividad industrial y en el consumo abren un comp\u00e1s de espera en el empresariado de la mayor parte de los sectores para definir si estructurar\u00e1n sus equipos y planificar\u00e1n sus dotaciones en m\u00e1s o en menos. <\/p>\n<p>Una encuesta de Adecco, a la que accedi\u00f3 la Agencia Noticias Argentinas, revel\u00f3 que 7 de cada 10 empresas esperan un impacto favorable en las condiciones de contrataci\u00f3n.<\/p>\n<p>Ahora que la norma est\u00e1 vigente, esa expectativa enfrenta su verdadera prueba: la implementaci\u00f3n concreta dentro de cada organizaci\u00f3n. <\/p>\n<p>En este contexto, el rol de los partners especializados cobra protagonismo para reducir la curva de aprendizaje, minimizar riesgos y acelerar resultados.<\/p>\n<p>El nuevo esquema para las contrataciones permite ajustar dotaciones con mayor precisi\u00f3n frente a demandas variables o ciclos de negocio.<\/p>\n<p>Sin embargo, la mayor flexibilidad no elimina la complejidad: exige mayor criterio t\u00e9cnico para definir qu\u00e9 posiciones deben ser estructurales y cu\u00e1les pueden responder a esquemas m\u00e1s din\u00e1micos. <\/p>\n<p>La tercerizaci\u00f3n a trav\u00e9s de partners especializados permite acceder a esquemas flexibles sin asumir la complejidad operativa ni los riesgos asociados a una mala estructuraci\u00f3n contractual, transformando la flexibilidad en una ventaja competitiva real.<\/p>\n<p>Ya sea para adaptar las organizaciones a las nuevas reglas que impone la transformaci\u00f3n digital o achicarse por una reducci\u00f3n del mercado, cobra gran relevancia la redefinici\u00f3n de los esquemas indemnizatorios, con criterios m\u00e1s claros en la base de c\u00e1lculo, topes y pisos. <\/p>\n<p>Esta mayor previsibilidad permite a las organizaciones proyectar costos laborales con mayor precisi\u00f3n y tomar decisiones de contrataci\u00f3n con menor exposici\u00f3n a contingencias. <\/p>\n<p>TRANSFORMACI\u00d3N DEL MARCO NORMATIVO<\/p>\n<p>\u201cEn este nuevo contexto, acompa\u00f1ar a las organizaciones en la planificaci\u00f3n de dotaciones, el costeo laboral actualizado y la correcta implementaci\u00f3n de esquemas de salida es clave para transformar el marco normativo en decisiones concretas y sostenibles\u201d, explica Patricio Dewey, director comercial y de marketing de Adecco Argentina. <\/p>\n<p>La tercerizaci\u00f3n es clave para flexibilizar las estructuras y la reforma redefine la responsabilidad en ese tipo de contrataci\u00f3n. <\/p>\n<p>\u00abAcota la exposici\u00f3n de las empresas usuarias, generando un escenario m\u00e1s previsible para la gesti\u00f3n laboral\u201d, mencion\u00f3 el ejecutivo.<\/p>\n<p>Este \u00faltimo punto redefine el escenario: el control documental deja de ser una buena pr\u00e1ctica para convertirse en una condici\u00f3n necesaria para evitar contingencias legales, lo cual implica una mayor carga operativa: una gesti\u00f3n documental incompleta o la elecci\u00f3n de un proveedor sin respaldo puede reactivar la exposici\u00f3n legal que la norma busca reducir.<\/p>\n<p>En este nuevo contexto, elegir correctamente con qui\u00e9n tercerizar se convierte en una decisi\u00f3n estrat\u00e9gica.<\/p>\n<p>Trabajar con partners con trayectoria, respaldo financiero y experiencia en gesti\u00f3n laboral permite a las empresas operar dentro de un \u201cpuerto seguro\u201d, asegurando cumplimiento, reduciendo su exposici\u00f3n y simplificando la gesti\u00f3n del riesgo. <\/p>\n<p>ESCASEZ DE TALENTOS<\/p>\n<p>La reforma no resuelve el principal desaf\u00edo del mercado: la escasez de talento calificado en sectores clave.<\/p>\n<p>Por ejemplo, sectores como Miner\u00eda, Energ\u00eda, Tecnolog\u00eda y Log\u00edstica mantienen brechas cr\u00edticas de talento t\u00e9cnico<\/p>\n<p>La inversi\u00f3n en formaci\u00f3n pasa a ser una herramienta central de productividad y retenci\u00f3n.<\/p>\n<p>Los mandos medios son clave en la implementaci\u00f3n del nuevo marco y en la gesti\u00f3n del clima organizacional, por lo que combinar flexibilidad contractual con estrategias activas de desarrollo de talento ser\u00e1 determinante para sostener la competitividad.<\/p>\n<p>#AgenciaNA<\/p>\n","protected":false},"excerpt":{"rendered":"<p>Buenos Aires, 10 de abril (NA) \u2013 Si bien la reforma laboral ampl\u00eda el abanico<\/p>\n","protected":false},"author":0,"featured_media":19073,"comment_status":"","ping_status":"","sticky":false,"template":"","format":"standard","meta":{"footnotes":""},"categories":[1],"tags":[],"class_list":["post-19072","post","type-post","status-publish","format-standard","has-post-thumbnail","hentry","category-regionales"],"yoast_head":"<!-- This site is optimized with the Yoast SEO plugin v27.4 - https:\/\/yoast.com\/product\/yoast-seo-wordpress\/ -->\n<title>La mayor\u00eda de las empresas se preparan para aprovechar la reforma laboral, \u00bfpara contratar o echar? - Fm Gente<\/title>\n<meta name=\"robots\" content=\"index, follow, max-snippet:-1, max-image-preview:large, max-video-preview:-1\" \/>\n<link rel=\"canonical\" href=\"https:\/\/fmgente.com.ar\/web\/la-mayoria-de-las-empresas-se-preparan-para-aprovechar-la-reforma-laboral-para-contratar-o-echar\/\" \/>\n<meta property=\"og:locale\" content=\"es_ES\" \/>\n<meta property=\"og:type\" content=\"article\" \/>\n<meta property=\"og:title\" content=\"La mayor\u00eda de las empresas se preparan para aprovechar la reforma laboral, \u00bfpara contratar o echar? - Fm Gente\" \/>\n<meta property=\"og:description\" content=\"Buenos Aires, 10 de abril (NA) \u2013 Si bien la reforma laboral ampl\u00eda el abanico\" \/>\n<meta property=\"og:url\" content=\"https:\/\/fmgente.com.ar\/web\/la-mayoria-de-las-empresas-se-preparan-para-aprovechar-la-reforma-laboral-para-contratar-o-echar\/\" \/>\n<meta property=\"og:site_name\" content=\"Fm Gente\" \/>\n<meta property=\"article:published_time\" content=\"2026-04-10T23:07:58+00:00\" \/>\n<meta name=\"twitter:card\" content=\"summary_large_image\" \/>\n<meta name=\"twitter:label1\" content=\"Tiempo de lectura\" \/>\n\t<meta name=\"twitter:data1\" content=\"3 minutos\" \/>\n<script type=\"application\/ld+json\" class=\"yoast-schema-graph\">{\"@context\":\"https:\\\/\\\/schema.org\",\"@graph\":[{\"@type\":\"Article\",\"@id\":\"https:\\\/\\\/fmgente.com.ar\\\/web\\\/la-mayoria-de-las-empresas-se-preparan-para-aprovechar-la-reforma-laboral-para-contratar-o-echar\\\/#article\",\"isPartOf\":{\"@id\":\"https:\\\/\\\/fmgente.com.ar\\\/web\\\/la-mayoria-de-las-empresas-se-preparan-para-aprovechar-la-reforma-laboral-para-contratar-o-echar\\\/\"},\"author\":{\"name\":\"\",\"@id\":\"\"},\"headline\":\"La mayor\u00eda de las empresas se preparan para aprovechar la reforma laboral, \u00bfpara contratar o echar?\",\"datePublished\":\"2026-04-10T23:07:58+00:00\",\"mainEntityOfPage\":{\"@id\":\"https:\\\/\\\/fmgente.com.ar\\\/web\\\/la-mayoria-de-las-empresas-se-preparan-para-aprovechar-la-reforma-laboral-para-contratar-o-echar\\\/\"},\"wordCount\":633,\"publisher\":{\"@id\":\"https:\\\/\\\/fmgente.com.ar\\\/web\\\/#organization\"},\"image\":{\"@id\":\"https:\\\/\\\/fmgente.com.ar\\\/web\\\/la-mayoria-de-las-empresas-se-preparan-para-aprovechar-la-reforma-laboral-para-contratar-o-echar\\\/#primaryimage\"},\"thumbnailUrl\":\"https:\\\/\\\/fmgente.com.ar\\\/web\\\/wp-content\\\/uploads\\\/2026\\\/04\\\/720-631.jpeg\",\"articleSection\":[\"REGIONALES\"],\"inLanguage\":\"es\"},{\"@type\":\"WebPage\",\"@id\":\"https:\\\/\\\/fmgente.com.ar\\\/web\\\/la-mayoria-de-las-empresas-se-preparan-para-aprovechar-la-reforma-laboral-para-contratar-o-echar\\\/\",\"url\":\"https:\\\/\\\/fmgente.com.ar\\\/web\\\/la-mayoria-de-las-empresas-se-preparan-para-aprovechar-la-reforma-laboral-para-contratar-o-echar\\\/\",\"name\":\"La mayor\u00eda de las empresas se preparan para aprovechar la reforma laboral, \u00bfpara contratar o echar? - Fm Gente\",\"isPartOf\":{\"@id\":\"https:\\\/\\\/fmgente.com.ar\\\/web\\\/#website\"},\"primaryImageOfPage\":{\"@id\":\"https:\\\/\\\/fmgente.com.ar\\\/web\\\/la-mayoria-de-las-empresas-se-preparan-para-aprovechar-la-reforma-laboral-para-contratar-o-echar\\\/#primaryimage\"},\"image\":{\"@id\":\"https:\\\/\\\/fmgente.com.ar\\\/web\\\/la-mayoria-de-las-empresas-se-preparan-para-aprovechar-la-reforma-laboral-para-contratar-o-echar\\\/#primaryimage\"},\"thumbnailUrl\":\"https:\\\/\\\/fmgente.com.ar\\\/web\\\/wp-content\\\/uploads\\\/2026\\\/04\\\/720-631.jpeg\",\"datePublished\":\"2026-04-10T23:07:58+00:00\",\"inLanguage\":\"es\",\"potentialAction\":[{\"@type\":\"ReadAction\",\"target\":[\"https:\\\/\\\/fmgente.com.ar\\\/web\\\/la-mayoria-de-las-empresas-se-preparan-para-aprovechar-la-reforma-laboral-para-contratar-o-echar\\\/\"]}]},{\"@type\":\"ImageObject\",\"inLanguage\":\"es\",\"@id\":\"https:\\\/\\\/fmgente.com.ar\\\/web\\\/la-mayoria-de-las-empresas-se-preparan-para-aprovechar-la-reforma-laboral-para-contratar-o-echar\\\/#primaryimage\",\"url\":\"https:\\\/\\\/fmgente.com.ar\\\/web\\\/wp-content\\\/uploads\\\/2026\\\/04\\\/720-631.jpeg\",\"contentUrl\":\"https:\\\/\\\/fmgente.com.ar\\\/web\\\/wp-content\\\/uploads\\\/2026\\\/04\\\/720-631.jpeg\",\"width\":1084,\"height\":720},{\"@type\":\"WebSite\",\"@id\":\"https:\\\/\\\/fmgente.com.ar\\\/web\\\/#website\",\"url\":\"https:\\\/\\\/fmgente.com.ar\\\/web\\\/\",\"name\":\"Fm Gente\",\"description\":\"- Jes\u00fas Mar\u00eda\",\"publisher\":{\"@id\":\"https:\\\/\\\/fmgente.com.ar\\\/web\\\/#organization\"},\"potentialAction\":[{\"@type\":\"SearchAction\",\"target\":{\"@type\":\"EntryPoint\",\"urlTemplate\":\"https:\\\/\\\/fmgente.com.ar\\\/web\\\/?s={search_term_string}\"},\"query-input\":{\"@type\":\"PropertyValueSpecification\",\"valueRequired\":true,\"valueName\":\"search_term_string\"}}],\"inLanguage\":\"es\"},{\"@type\":\"Organization\",\"@id\":\"https:\\\/\\\/fmgente.com.ar\\\/web\\\/#organization\",\"name\":\"Fm Gente\",\"url\":\"https:\\\/\\\/fmgente.com.ar\\\/web\\\/\",\"logo\":{\"@type\":\"ImageObject\",\"inLanguage\":\"es\",\"@id\":\"https:\\\/\\\/fmgente.com.ar\\\/web\\\/#\\\/schema\\\/logo\\\/image\\\/\",\"url\":\"https:\\\/\\\/fmgente.com.ar\\\/web\\\/wp-content\\\/uploads\\\/2023\\\/07\\\/cropped-cropped-logo-sombra2.png\",\"contentUrl\":\"https:\\\/\\\/fmgente.com.ar\\\/web\\\/wp-content\\\/uploads\\\/2023\\\/07\\\/cropped-cropped-logo-sombra2.png\",\"width\":1782,\"height\":1782,\"caption\":\"Fm Gente\"},\"image\":{\"@id\":\"https:\\\/\\\/fmgente.com.ar\\\/web\\\/#\\\/schema\\\/logo\\\/image\\\/\"}}]}<\/script>\n<!-- \/ Yoast SEO plugin. -->","yoast_head_json":{"title":"La mayor\u00eda de las empresas se preparan para aprovechar la reforma laboral, \u00bfpara contratar o echar? - Fm Gente","robots":{"index":"index","follow":"follow","max-snippet":"max-snippet:-1","max-image-preview":"max-image-preview:large","max-video-preview":"max-video-preview:-1"},"canonical":"https:\/\/fmgente.com.ar\/web\/la-mayoria-de-las-empresas-se-preparan-para-aprovechar-la-reforma-laboral-para-contratar-o-echar\/","og_locale":"es_ES","og_type":"article","og_title":"La mayor\u00eda de las empresas se preparan para aprovechar la reforma laboral, \u00bfpara contratar o echar? - Fm Gente","og_description":"Buenos Aires, 10 de abril (NA) \u2013 Si bien la reforma laboral ampl\u00eda el abanico","og_url":"https:\/\/fmgente.com.ar\/web\/la-mayoria-de-las-empresas-se-preparan-para-aprovechar-la-reforma-laboral-para-contratar-o-echar\/","og_site_name":"Fm Gente","article_published_time":"2026-04-10T23:07:58+00:00","twitter_card":"summary_large_image","twitter_misc":{"Tiempo de lectura":"3 minutos"},"schema":{"@context":"https:\/\/schema.org","@graph":[{"@type":"Article","@id":"https:\/\/fmgente.com.ar\/web\/la-mayoria-de-las-empresas-se-preparan-para-aprovechar-la-reforma-laboral-para-contratar-o-echar\/#article","isPartOf":{"@id":"https:\/\/fmgente.com.ar\/web\/la-mayoria-de-las-empresas-se-preparan-para-aprovechar-la-reforma-laboral-para-contratar-o-echar\/"},"author":{"name":"","@id":""},"headline":"La mayor\u00eda de las empresas se preparan para aprovechar la reforma laboral, \u00bfpara contratar o echar?","datePublished":"2026-04-10T23:07:58+00:00","mainEntityOfPage":{"@id":"https:\/\/fmgente.com.ar\/web\/la-mayoria-de-las-empresas-se-preparan-para-aprovechar-la-reforma-laboral-para-contratar-o-echar\/"},"wordCount":633,"publisher":{"@id":"https:\/\/fmgente.com.ar\/web\/#organization"},"image":{"@id":"https:\/\/fmgente.com.ar\/web\/la-mayoria-de-las-empresas-se-preparan-para-aprovechar-la-reforma-laboral-para-contratar-o-echar\/#primaryimage"},"thumbnailUrl":"https:\/\/fmgente.com.ar\/web\/wp-content\/uploads\/2026\/04\/720-631.jpeg","articleSection":["REGIONALES"],"inLanguage":"es"},{"@type":"WebPage","@id":"https:\/\/fmgente.com.ar\/web\/la-mayoria-de-las-empresas-se-preparan-para-aprovechar-la-reforma-laboral-para-contratar-o-echar\/","url":"https:\/\/fmgente.com.ar\/web\/la-mayoria-de-las-empresas-se-preparan-para-aprovechar-la-reforma-laboral-para-contratar-o-echar\/","name":"La mayor\u00eda de las empresas se preparan para aprovechar la reforma laboral, \u00bfpara contratar o echar? - Fm Gente","isPartOf":{"@id":"https:\/\/fmgente.com.ar\/web\/#website"},"primaryImageOfPage":{"@id":"https:\/\/fmgente.com.ar\/web\/la-mayoria-de-las-empresas-se-preparan-para-aprovechar-la-reforma-laboral-para-contratar-o-echar\/#primaryimage"},"image":{"@id":"https:\/\/fmgente.com.ar\/web\/la-mayoria-de-las-empresas-se-preparan-para-aprovechar-la-reforma-laboral-para-contratar-o-echar\/#primaryimage"},"thumbnailUrl":"https:\/\/fmgente.com.ar\/web\/wp-content\/uploads\/2026\/04\/720-631.jpeg","datePublished":"2026-04-10T23:07:58+00:00","inLanguage":"es","potentialAction":[{"@type":"ReadAction","target":["https:\/\/fmgente.com.ar\/web\/la-mayoria-de-las-empresas-se-preparan-para-aprovechar-la-reforma-laboral-para-contratar-o-echar\/"]}]},{"@type":"ImageObject","inLanguage":"es","@id":"https:\/\/fmgente.com.ar\/web\/la-mayoria-de-las-empresas-se-preparan-para-aprovechar-la-reforma-laboral-para-contratar-o-echar\/#primaryimage","url":"https:\/\/fmgente.com.ar\/web\/wp-content\/uploads\/2026\/04\/720-631.jpeg","contentUrl":"https:\/\/fmgente.com.ar\/web\/wp-content\/uploads\/2026\/04\/720-631.jpeg","width":1084,"height":720},{"@type":"WebSite","@id":"https:\/\/fmgente.com.ar\/web\/#website","url":"https:\/\/fmgente.com.ar\/web\/","name":"Fm Gente","description":"- Jes\u00fas Mar\u00eda","publisher":{"@id":"https:\/\/fmgente.com.ar\/web\/#organization"},"potentialAction":[{"@type":"SearchAction","target":{"@type":"EntryPoint","urlTemplate":"https:\/\/fmgente.com.ar\/web\/?s={search_term_string}"},"query-input":{"@type":"PropertyValueSpecification","valueRequired":true,"valueName":"search_term_string"}}],"inLanguage":"es"},{"@type":"Organization","@id":"https:\/\/fmgente.com.ar\/web\/#organization","name":"Fm Gente","url":"https:\/\/fmgente.com.ar\/web\/","logo":{"@type":"ImageObject","inLanguage":"es","@id":"https:\/\/fmgente.com.ar\/web\/#\/schema\/logo\/image\/","url":"https:\/\/fmgente.com.ar\/web\/wp-content\/uploads\/2023\/07\/cropped-cropped-logo-sombra2.png","contentUrl":"https:\/\/fmgente.com.ar\/web\/wp-content\/uploads\/2023\/07\/cropped-cropped-logo-sombra2.png","width":1782,"height":1782,"caption":"Fm Gente"},"image":{"@id":"https:\/\/fmgente.com.ar\/web\/#\/schema\/logo\/image\/"}}]}},"_links":{"self":[{"href":"https:\/\/fmgente.com.ar\/web\/wp-json\/wp\/v2\/posts\/19072","targetHints":{"allow":["GET"]}}],"collection":[{"href":"https:\/\/fmgente.com.ar\/web\/wp-json\/wp\/v2\/posts"}],"about":[{"href":"https:\/\/fmgente.com.ar\/web\/wp-json\/wp\/v2\/types\/post"}],"replies":[{"embeddable":true,"href":"https:\/\/fmgente.com.ar\/web\/wp-json\/wp\/v2\/comments?post=19072"}],"version-history":[{"count":0,"href":"https:\/\/fmgente.com.ar\/web\/wp-json\/wp\/v2\/posts\/19072\/revisions"}],"wp:featuredmedia":[{"embeddable":true,"href":"https:\/\/fmgente.com.ar\/web\/wp-json\/wp\/v2\/media\/19073"}],"wp:attachment":[{"href":"https:\/\/fmgente.com.ar\/web\/wp-json\/wp\/v2\/media?parent=19072"}],"wp:term":[{"taxonomy":"category","embeddable":true,"href":"https:\/\/fmgente.com.ar\/web\/wp-json\/wp\/v2\/categories?post=19072"},{"taxonomy":"post_tag","embeddable":true,"href":"https:\/\/fmgente.com.ar\/web\/wp-json\/wp\/v2\/tags?post=19072"}],"curies":[{"name":"wp","href":"https:\/\/api.w.org\/{rel}","templated":true}]}}