{"id":19066,"date":"2026-04-10T19:06:31","date_gmt":"2026-04-10T22:06:31","guid":{"rendered":"https:\/\/fmgente.com.ar\/web\/javier-calvo-hay-una-sospecha-en-la-justicia-de-que-adorni-cobraba-un-sobresueldo-dentro-del-gobierno\/"},"modified":"2026-04-10T19:06:31","modified_gmt":"2026-04-10T22:06:31","slug":"javier-calvo-hay-una-sospecha-en-la-justicia-de-que-adorni-cobraba-un-sobresueldo-dentro-del-gobierno","status":"publish","type":"post","link":"https:\/\/fmgente.com.ar\/web\/javier-calvo-hay-una-sospecha-en-la-justicia-de-que-adorni-cobraba-un-sobresueldo-dentro-del-gobierno\/","title":{"rendered":"Javier Calvo: \u201cHay una sospecha en la justicia de que Adorni cobraba un sobresueldo dentro del Gobierno\u201d"},"content":{"rendered":"<p>Cuando ya todos los programas de todos los canales, hasta aquellos que se dedican a hacer humor o actualidad, se r\u00eden de vos es que ten\u00e9s el boleto picado.<\/p>\n<p>Manuel Adorni ve c\u00f3mo su presencia no solo no disminuye en los medios y las redes sociales sino que sigue creciendo al ritmo de la indignaci\u00f3n social.<\/p>\n<p>Esta vez fue en Pol\u00e9mica en el Bar -insospechado de peronista- donde Javier Calvo cont\u00f3 c\u00f3mo sigue su causa en la justicia, pero lo hizo mientras a su alrededor se alzaban voces burl\u00e1ndose del Jefe de Gabinete.<\/p>\n","protected":false},"excerpt":{"rendered":"<p>Cuando ya todos los programas de todos los canales, hasta aquellos que se dedican a<\/p>\n","protected":false},"author":0,"featured_media":19067,"comment_status":"","ping_status":"","sticky":false,"template":"","format":"standard","meta":{"footnotes":""},"categories":[11],"tags":[],"class_list":["post-19066","post","type-post","status-publish","format-standard","has-post-thumbnail","hentry","category-destacadas"],"yoast_head":"<!-- This site is optimized with the Yoast SEO plugin v27.4 - https:\/\/yoast.com\/product\/yoast-seo-wordpress\/ -->\n<title>Javier Calvo: \u201cHay una sospecha en la justicia de que Adorni cobraba un sobresueldo dentro del Gobierno\u201d - Fm Gente<\/title>\n<meta name=\"robots\" content=\"index, follow, max-snippet:-1, max-image-preview:large, max-video-preview:-1\" \/>\n<link rel=\"canonical\" href=\"https:\/\/fmgente.com.ar\/web\/javier-calvo-hay-una-sospecha-en-la-justicia-de-que-adorni-cobraba-un-sobresueldo-dentro-del-gobierno\/\" \/>\n<meta property=\"og:locale\" content=\"es_ES\" \/>\n<meta property=\"og:type\" content=\"article\" \/>\n<meta property=\"og:title\" content=\"Javier Calvo: \u201cHay una sospecha en la justicia de que Adorni cobraba un sobresueldo dentro del Gobierno\u201d - Fm Gente\" \/>\n<meta property=\"og:description\" content=\"Cuando ya todos los programas de todos los canales, hasta aquellos que se dedican a\" \/>\n<meta property=\"og:url\" content=\"https:\/\/fmgente.com.ar\/web\/javier-calvo-hay-una-sospecha-en-la-justicia-de-que-adorni-cobraba-un-sobresueldo-dentro-del-gobierno\/\" \/>\n<meta property=\"og:site_name\" content=\"Fm Gente\" \/>\n<meta property=\"article:published_time\" content=\"2026-04-10T22:06:31+00:00\" \/>\n<meta name=\"twitter:card\" content=\"summary_large_image\" \/>\n<meta name=\"twitter:label1\" content=\"Tiempo de lectura\" \/>\n\t<meta name=\"twitter:data1\" content=\"1 minuto\" \/>\n<script type=\"application\/ld+json\" class=\"yoast-schema-graph\">{\"@context\":\"https:\\\/\\\/schema.org\",\"@graph\":[{\"@type\":\"Article\",\"@id\":\"https:\\\/\\\/fmgente.com.ar\\\/web\\\/javier-calvo-hay-una-sospecha-en-la-justicia-de-que-adorni-cobraba-un-sobresueldo-dentro-del-gobierno\\\/#article\",\"isPartOf\":{\"@id\":\"https:\\\/\\\/fmgente.com.ar\\\/web\\\/javier-calvo-hay-una-sospecha-en-la-justicia-de-que-adorni-cobraba-un-sobresueldo-dentro-del-gobierno\\\/\"},\"author\":{\"name\":\"\",\"@id\":\"\"},\"headline\":\"Javier Calvo: \u201cHay una sospecha en la justicia de que Adorni cobraba un sobresueldo dentro del Gobierno\u201d\",\"datePublished\":\"2026-04-10T22:06:31+00:00\",\"mainEntityOfPage\":{\"@id\":\"https:\\\/\\\/fmgente.com.ar\\\/web\\\/javier-calvo-hay-una-sospecha-en-la-justicia-de-que-adorni-cobraba-un-sobresueldo-dentro-del-gobierno\\\/\"},\"wordCount\":117,\"publisher\":{\"@id\":\"https:\\\/\\\/fmgente.com.ar\\\/web\\\/#organization\"},\"image\":{\"@id\":\"https:\\\/\\\/fmgente.com.ar\\\/web\\\/javier-calvo-hay-una-sospecha-en-la-justicia-de-que-adorni-cobraba-un-sobresueldo-dentro-del-gobierno\\\/#primaryimage\"},\"thumbnailUrl\":\"https:\\\/\\\/fmgente.com.ar\\\/web\\\/wp-content\\\/uploads\\\/2026\\\/04\\\/720-628.jpeg\",\"articleSection\":[\"DESTACADAS\"],\"inLanguage\":\"es\"},{\"@type\":\"WebPage\",\"@id\":\"https:\\\/\\\/fmgente.com.ar\\\/web\\\/javier-calvo-hay-una-sospecha-en-la-justicia-de-que-adorni-cobraba-un-sobresueldo-dentro-del-gobierno\\\/\",\"url\":\"https:\\\/\\\/fmgente.com.ar\\\/web\\\/javier-calvo-hay-una-sospecha-en-la-justicia-de-que-adorni-cobraba-un-sobresueldo-dentro-del-gobierno\\\/\",\"name\":\"Javier Calvo: \u201cHay una sospecha en la justicia de que Adorni cobraba un sobresueldo dentro del Gobierno\u201d - Fm Gente\",\"isPartOf\":{\"@id\":\"https:\\\/\\\/fmgente.com.ar\\\/web\\\/#website\"},\"primaryImageOfPage\":{\"@id\":\"https:\\\/\\\/fmgente.com.ar\\\/web\\\/javier-calvo-hay-una-sospecha-en-la-justicia-de-que-adorni-cobraba-un-sobresueldo-dentro-del-gobierno\\\/#primaryimage\"},\"image\":{\"@id\":\"https:\\\/\\\/fmgente.com.ar\\\/web\\\/javier-calvo-hay-una-sospecha-en-la-justicia-de-que-adorni-cobraba-un-sobresueldo-dentro-del-gobierno\\\/#primaryimage\"},\"thumbnailUrl\":\"https:\\\/\\\/fmgente.com.ar\\\/web\\\/wp-content\\\/uploads\\\/2026\\\/04\\\/720-628.jpeg\",\"datePublished\":\"2026-04-10T22:06:31+00:00\",\"inLanguage\":\"es\",\"potentialAction\":[{\"@type\":\"ReadAction\",\"target\":[\"https:\\\/\\\/fmgente.com.ar\\\/web\\\/javier-calvo-hay-una-sospecha-en-la-justicia-de-que-adorni-cobraba-un-sobresueldo-dentro-del-gobierno\\\/\"]}]},{\"@type\":\"ImageObject\",\"inLanguage\":\"es\",\"@id\":\"https:\\\/\\\/fmgente.com.ar\\\/web\\\/javier-calvo-hay-una-sospecha-en-la-justicia-de-que-adorni-cobraba-un-sobresueldo-dentro-del-gobierno\\\/#primaryimage\",\"url\":\"https:\\\/\\\/fmgente.com.ar\\\/web\\\/wp-content\\\/uploads\\\/2026\\\/04\\\/720-628.jpeg\",\"contentUrl\":\"https:\\\/\\\/fmgente.com.ar\\\/web\\\/wp-content\\\/uploads\\\/2026\\\/04\\\/720-628.jpeg\",\"width\":1280,\"height\":720},{\"@type\":\"WebSite\",\"@id\":\"https:\\\/\\\/fmgente.com.ar\\\/web\\\/#website\",\"url\":\"https:\\\/\\\/fmgente.com.ar\\\/web\\\/\",\"name\":\"Fm Gente\",\"description\":\"- Jes\u00fas Mar\u00eda\",\"publisher\":{\"@id\":\"https:\\\/\\\/fmgente.com.ar\\\/web\\\/#organization\"},\"potentialAction\":[{\"@type\":\"SearchAction\",\"target\":{\"@type\":\"EntryPoint\",\"urlTemplate\":\"https:\\\/\\\/fmgente.com.ar\\\/web\\\/?s={search_term_string}\"},\"query-input\":{\"@type\":\"PropertyValueSpecification\",\"valueRequired\":true,\"valueName\":\"search_term_string\"}}],\"inLanguage\":\"es\"},{\"@type\":\"Organization\",\"@id\":\"https:\\\/\\\/fmgente.com.ar\\\/web\\\/#organization\",\"name\":\"Fm Gente\",\"url\":\"https:\\\/\\\/fmgente.com.ar\\\/web\\\/\",\"logo\":{\"@type\":\"ImageObject\",\"inLanguage\":\"es\",\"@id\":\"https:\\\/\\\/fmgente.com.ar\\\/web\\\/#\\\/schema\\\/logo\\\/image\\\/\",\"url\":\"https:\\\/\\\/fmgente.com.ar\\\/web\\\/wp-content\\\/uploads\\\/2023\\\/07\\\/cropped-cropped-logo-sombra2.png\",\"contentUrl\":\"https:\\\/\\\/fmgente.com.ar\\\/web\\\/wp-content\\\/uploads\\\/2023\\\/07\\\/cropped-cropped-logo-sombra2.png\",\"width\":1782,\"height\":1782,\"caption\":\"Fm Gente\"},\"image\":{\"@id\":\"https:\\\/\\\/fmgente.com.ar\\\/web\\\/#\\\/schema\\\/logo\\\/image\\\/\"}}]}<\/script>\n<!-- \/ Yoast SEO plugin. -->","yoast_head_json":{"title":"Javier Calvo: \u201cHay una sospecha en la justicia de que Adorni cobraba un sobresueldo dentro del Gobierno\u201d - Fm Gente","robots":{"index":"index","follow":"follow","max-snippet":"max-snippet:-1","max-image-preview":"max-image-preview:large","max-video-preview":"max-video-preview:-1"},"canonical":"https:\/\/fmgente.com.ar\/web\/javier-calvo-hay-una-sospecha-en-la-justicia-de-que-adorni-cobraba-un-sobresueldo-dentro-del-gobierno\/","og_locale":"es_ES","og_type":"article","og_title":"Javier Calvo: \u201cHay una sospecha en la justicia de que Adorni cobraba un sobresueldo dentro del Gobierno\u201d - Fm Gente","og_description":"Cuando ya todos los programas de todos los canales, hasta aquellos que se dedican a","og_url":"https:\/\/fmgente.com.ar\/web\/javier-calvo-hay-una-sospecha-en-la-justicia-de-que-adorni-cobraba-un-sobresueldo-dentro-del-gobierno\/","og_site_name":"Fm Gente","article_published_time":"2026-04-10T22:06:31+00:00","twitter_card":"summary_large_image","twitter_misc":{"Tiempo de lectura":"1 minuto"},"schema":{"@context":"https:\/\/schema.org","@graph":[{"@type":"Article","@id":"https:\/\/fmgente.com.ar\/web\/javier-calvo-hay-una-sospecha-en-la-justicia-de-que-adorni-cobraba-un-sobresueldo-dentro-del-gobierno\/#article","isPartOf":{"@id":"https:\/\/fmgente.com.ar\/web\/javier-calvo-hay-una-sospecha-en-la-justicia-de-que-adorni-cobraba-un-sobresueldo-dentro-del-gobierno\/"},"author":{"name":"","@id":""},"headline":"Javier Calvo: \u201cHay una sospecha en la justicia de que Adorni cobraba un sobresueldo dentro del Gobierno\u201d","datePublished":"2026-04-10T22:06:31+00:00","mainEntityOfPage":{"@id":"https:\/\/fmgente.com.ar\/web\/javier-calvo-hay-una-sospecha-en-la-justicia-de-que-adorni-cobraba-un-sobresueldo-dentro-del-gobierno\/"},"wordCount":117,"publisher":{"@id":"https:\/\/fmgente.com.ar\/web\/#organization"},"image":{"@id":"https:\/\/fmgente.com.ar\/web\/javier-calvo-hay-una-sospecha-en-la-justicia-de-que-adorni-cobraba-un-sobresueldo-dentro-del-gobierno\/#primaryimage"},"thumbnailUrl":"https:\/\/fmgente.com.ar\/web\/wp-content\/uploads\/2026\/04\/720-628.jpeg","articleSection":["DESTACADAS"],"inLanguage":"es"},{"@type":"WebPage","@id":"https:\/\/fmgente.com.ar\/web\/javier-calvo-hay-una-sospecha-en-la-justicia-de-que-adorni-cobraba-un-sobresueldo-dentro-del-gobierno\/","url":"https:\/\/fmgente.com.ar\/web\/javier-calvo-hay-una-sospecha-en-la-justicia-de-que-adorni-cobraba-un-sobresueldo-dentro-del-gobierno\/","name":"Javier Calvo: \u201cHay una sospecha en la justicia de que Adorni cobraba un sobresueldo dentro del Gobierno\u201d - Fm Gente","isPartOf":{"@id":"https:\/\/fmgente.com.ar\/web\/#website"},"primaryImageOfPage":{"@id":"https:\/\/fmgente.com.ar\/web\/javier-calvo-hay-una-sospecha-en-la-justicia-de-que-adorni-cobraba-un-sobresueldo-dentro-del-gobierno\/#primaryimage"},"image":{"@id":"https:\/\/fmgente.com.ar\/web\/javier-calvo-hay-una-sospecha-en-la-justicia-de-que-adorni-cobraba-un-sobresueldo-dentro-del-gobierno\/#primaryimage"},"thumbnailUrl":"https:\/\/fmgente.com.ar\/web\/wp-content\/uploads\/2026\/04\/720-628.jpeg","datePublished":"2026-04-10T22:06:31+00:00","inLanguage":"es","potentialAction":[{"@type":"ReadAction","target":["https:\/\/fmgente.com.ar\/web\/javier-calvo-hay-una-sospecha-en-la-justicia-de-que-adorni-cobraba-un-sobresueldo-dentro-del-gobierno\/"]}]},{"@type":"ImageObject","inLanguage":"es","@id":"https:\/\/fmgente.com.ar\/web\/javier-calvo-hay-una-sospecha-en-la-justicia-de-que-adorni-cobraba-un-sobresueldo-dentro-del-gobierno\/#primaryimage","url":"https:\/\/fmgente.com.ar\/web\/wp-content\/uploads\/2026\/04\/720-628.jpeg","contentUrl":"https:\/\/fmgente.com.ar\/web\/wp-content\/uploads\/2026\/04\/720-628.jpeg","width":1280,"height":720},{"@type":"WebSite","@id":"https:\/\/fmgente.com.ar\/web\/#website","url":"https:\/\/fmgente.com.ar\/web\/","name":"Fm Gente","description":"- Jes\u00fas Mar\u00eda","publisher":{"@id":"https:\/\/fmgente.com.ar\/web\/#organization"},"potentialAction":[{"@type":"SearchAction","target":{"@type":"EntryPoint","urlTemplate":"https:\/\/fmgente.com.ar\/web\/?s={search_term_string}"},"query-input":{"@type":"PropertyValueSpecification","valueRequired":true,"valueName":"search_term_string"}}],"inLanguage":"es"},{"@type":"Organization","@id":"https:\/\/fmgente.com.ar\/web\/#organization","name":"Fm Gente","url":"https:\/\/fmgente.com.ar\/web\/","logo":{"@type":"ImageObject","inLanguage":"es","@id":"https:\/\/fmgente.com.ar\/web\/#\/schema\/logo\/image\/","url":"https:\/\/fmgente.com.ar\/web\/wp-content\/uploads\/2023\/07\/cropped-cropped-logo-sombra2.png","contentUrl":"https:\/\/fmgente.com.ar\/web\/wp-content\/uploads\/2023\/07\/cropped-cropped-logo-sombra2.png","width":1782,"height":1782,"caption":"Fm Gente"},"image":{"@id":"https:\/\/fmgente.com.ar\/web\/#\/schema\/logo\/image\/"}}]}},"_links":{"self":[{"href":"https:\/\/fmgente.com.ar\/web\/wp-json\/wp\/v2\/posts\/19066","targetHints":{"allow":["GET"]}}],"collection":[{"href":"https:\/\/fmgente.com.ar\/web\/wp-json\/wp\/v2\/posts"}],"about":[{"href":"https:\/\/fmgente.com.ar\/web\/wp-json\/wp\/v2\/types\/post"}],"replies":[{"embeddable":true,"href":"https:\/\/fmgente.com.ar\/web\/wp-json\/wp\/v2\/comments?post=19066"}],"version-history":[{"count":0,"href":"https:\/\/fmgente.com.ar\/web\/wp-json\/wp\/v2\/posts\/19066\/revisions"}],"wp:featuredmedia":[{"embeddable":true,"href":"https:\/\/fmgente.com.ar\/web\/wp-json\/wp\/v2\/media\/19067"}],"wp:attachment":[{"href":"https:\/\/fmgente.com.ar\/web\/wp-json\/wp\/v2\/media?parent=19066"}],"wp:term":[{"taxonomy":"category","embeddable":true,"href":"https:\/\/fmgente.com.ar\/web\/wp-json\/wp\/v2\/categories?post=19066"},{"taxonomy":"post_tag","embeddable":true,"href":"https:\/\/fmgente.com.ar\/web\/wp-json\/wp\/v2\/tags?post=19066"}],"curies":[{"name":"wp","href":"https:\/\/api.w.org\/{rel}","templated":true}]}}