{"id":19052,"date":"2026-04-10T19:06:13","date_gmt":"2026-04-10T22:06:13","guid":{"rendered":"https:\/\/fmgente.com.ar\/web\/causa-fentanilo-contaminado-se-realizaran-las-audiencias-indagatorias-a-los-acusados\/"},"modified":"2026-04-10T19:06:13","modified_gmt":"2026-04-10T22:06:13","slug":"causa-fentanilo-contaminado-se-realizaran-las-audiencias-indagatorias-a-los-acusados","status":"publish","type":"post","link":"https:\/\/fmgente.com.ar\/web\/causa-fentanilo-contaminado-se-realizaran-las-audiencias-indagatorias-a-los-acusados\/","title":{"rendered":"Causa fentanilo contaminado: se realizar\u00e1n las audiencias indagatorias a los acusados"},"content":{"rendered":"<p>Buenos Aires, 10 abril (NA) &#8212; Frente a la megacausa que tiene en el eje de la investigaci\u00f3n a los laboratorios HLB Pharma y Ramallo, y que es considerada la peor crisis sanitaria porque habr\u00eda causado 111 muertes por fentanilo contaminado, se definieron las fechas de audiencias indagatorias de quienes est\u00e1n al frente de las empresas.<\/p>\n<p>Seg\u00fan informaron fuentes del caso a la Agencia Noticias Argentinas, el pr\u00f3ximo lunes 13 de abril se realizar\u00e1 la \u00faltima pericia del Cuerpo M\u00e9dico Forense respecto de una paciente de 38 a\u00f1os, que present\u00f3 la querella en el \u00faltimo tramo.<\/p>\n<p>En tanto, el jueves 16 de abril, a partir de las 11 de la ma\u00f1ana, se citar\u00e1 a indagatoria a Ariel Fernando Garc\u00eda Furfaro &#8211; propietario, Carolina Ansaldi &#8211; directora t\u00e9cnica de Laboratorios Ramallo SA, Mar\u00eda Victoria Garc\u00eda y Eduardo Darchuk &#8211; ambos responsables de la cadena de producci\u00f3n.<\/p>\n<p>Asimismo, el lunes 20 de abril, en el mismo horario, los indagados ser\u00e1n Jos\u00e9 Antonio Maiorano, director t\u00e9cnico responsable de la producci\u00f3n y liberaci\u00f3n de los lotes contaminados; Nilda Furfaro, madre de los hermanos Garc\u00eda y directiva de las sociedades; Wilson Daniel Pons, responsable de la cadena de producci\u00f3n; as\u00ed como Adriana Iudica y Roc\u00edo del Cielo Garay.<\/p>\n<p>Por \u00faltimo, el martes 21 ser\u00e1 el turno de Javier Mart\u00edn Tchukran, director de Manufactura de HLB Pharma Group SA, Edgardo Gerardo Antonio Sclafani, de la cadena de producci\u00f3n, al igual que Arzolidys Dayana Astudillo Bol\u00edvar; y Diego Hern\u00e1n Garc\u00eda, hermano de Ariel y directivo en ambas compa\u00f1\u00edas.<\/p>\n<p>En la causa se encuentran 14 empresarios, accionistas y t\u00e9cnicos procesados y, as\u00ed, el desarrollo del caso demostr\u00f3 que todos conoc\u00edan la contaminaci\u00f3n en las ampollas dentro de las empresas; que no hubo control por parte de las autoridades, tampoco seguimiento de las entidades p\u00fablicas, y que el fentanilo fue administrado a varios pacientes que fallecieron tiempo despu\u00e9s.<\/p>\n<p>#AgenciaNA<\/p>\n","protected":false},"excerpt":{"rendered":"<p>Buenos Aires, 10 abril (NA) &#8212; Frente a la megacausa que tiene en el eje<\/p>\n","protected":false},"author":0,"featured_media":19053,"comment_status":"","ping_status":"","sticky":false,"template":"","format":"standard","meta":{"footnotes":""},"categories":[1],"tags":[],"class_list":["post-19052","post","type-post","status-publish","format-standard","has-post-thumbnail","hentry","category-regionales"],"yoast_head":"<!-- This site is optimized with the Yoast SEO plugin v27.4 - https:\/\/yoast.com\/product\/yoast-seo-wordpress\/ -->\n<title>Causa fentanilo contaminado: se realizar\u00e1n las audiencias indagatorias a los acusados - Fm Gente<\/title>\n<meta name=\"robots\" content=\"index, follow, max-snippet:-1, max-image-preview:large, max-video-preview:-1\" \/>\n<link rel=\"canonical\" href=\"https:\/\/fmgente.com.ar\/web\/causa-fentanilo-contaminado-se-realizaran-las-audiencias-indagatorias-a-los-acusados\/\" \/>\n<meta property=\"og:locale\" content=\"es_ES\" \/>\n<meta property=\"og:type\" content=\"article\" \/>\n<meta property=\"og:title\" content=\"Causa fentanilo contaminado: se realizar\u00e1n las audiencias indagatorias a los acusados - Fm Gente\" \/>\n<meta property=\"og:description\" content=\"Buenos Aires, 10 abril (NA) &#8212; Frente a la megacausa que tiene en el eje\" \/>\n<meta property=\"og:url\" content=\"https:\/\/fmgente.com.ar\/web\/causa-fentanilo-contaminado-se-realizaran-las-audiencias-indagatorias-a-los-acusados\/\" \/>\n<meta property=\"og:site_name\" content=\"Fm Gente\" \/>\n<meta property=\"article:published_time\" content=\"2026-04-10T22:06:13+00:00\" \/>\n<meta name=\"twitter:card\" content=\"summary_large_image\" \/>\n<meta name=\"twitter:label1\" content=\"Tiempo de lectura\" \/>\n\t<meta name=\"twitter:data1\" content=\"2 minutos\" \/>\n<script type=\"application\/ld+json\" class=\"yoast-schema-graph\">{\"@context\":\"https:\\\/\\\/schema.org\",\"@graph\":[{\"@type\":\"Article\",\"@id\":\"https:\\\/\\\/fmgente.com.ar\\\/web\\\/causa-fentanilo-contaminado-se-realizaran-las-audiencias-indagatorias-a-los-acusados\\\/#article\",\"isPartOf\":{\"@id\":\"https:\\\/\\\/fmgente.com.ar\\\/web\\\/causa-fentanilo-contaminado-se-realizaran-las-audiencias-indagatorias-a-los-acusados\\\/\"},\"author\":{\"name\":\"\",\"@id\":\"\"},\"headline\":\"Causa fentanilo contaminado: se realizar\u00e1n las audiencias indagatorias a los acusados\",\"datePublished\":\"2026-04-10T22:06:13+00:00\",\"mainEntityOfPage\":{\"@id\":\"https:\\\/\\\/fmgente.com.ar\\\/web\\\/causa-fentanilo-contaminado-se-realizaran-las-audiencias-indagatorias-a-los-acusados\\\/\"},\"wordCount\":344,\"publisher\":{\"@id\":\"https:\\\/\\\/fmgente.com.ar\\\/web\\\/#organization\"},\"image\":{\"@id\":\"https:\\\/\\\/fmgente.com.ar\\\/web\\\/causa-fentanilo-contaminado-se-realizaran-las-audiencias-indagatorias-a-los-acusados\\\/#primaryimage\"},\"thumbnailUrl\":\"https:\\\/\\\/fmgente.com.ar\\\/web\\\/wp-content\\\/uploads\\\/2026\\\/04\\\/720-624.jpeg\",\"articleSection\":[\"REGIONALES\"],\"inLanguage\":\"es\"},{\"@type\":\"WebPage\",\"@id\":\"https:\\\/\\\/fmgente.com.ar\\\/web\\\/causa-fentanilo-contaminado-se-realizaran-las-audiencias-indagatorias-a-los-acusados\\\/\",\"url\":\"https:\\\/\\\/fmgente.com.ar\\\/web\\\/causa-fentanilo-contaminado-se-realizaran-las-audiencias-indagatorias-a-los-acusados\\\/\",\"name\":\"Causa fentanilo contaminado: se realizar\u00e1n las audiencias indagatorias a los acusados - Fm Gente\",\"isPartOf\":{\"@id\":\"https:\\\/\\\/fmgente.com.ar\\\/web\\\/#website\"},\"primaryImageOfPage\":{\"@id\":\"https:\\\/\\\/fmgente.com.ar\\\/web\\\/causa-fentanilo-contaminado-se-realizaran-las-audiencias-indagatorias-a-los-acusados\\\/#primaryimage\"},\"image\":{\"@id\":\"https:\\\/\\\/fmgente.com.ar\\\/web\\\/causa-fentanilo-contaminado-se-realizaran-las-audiencias-indagatorias-a-los-acusados\\\/#primaryimage\"},\"thumbnailUrl\":\"https:\\\/\\\/fmgente.com.ar\\\/web\\\/wp-content\\\/uploads\\\/2026\\\/04\\\/720-624.jpeg\",\"datePublished\":\"2026-04-10T22:06:13+00:00\",\"inLanguage\":\"es\",\"potentialAction\":[{\"@type\":\"ReadAction\",\"target\":[\"https:\\\/\\\/fmgente.com.ar\\\/web\\\/causa-fentanilo-contaminado-se-realizaran-las-audiencias-indagatorias-a-los-acusados\\\/\"]}]},{\"@type\":\"ImageObject\",\"inLanguage\":\"es\",\"@id\":\"https:\\\/\\\/fmgente.com.ar\\\/web\\\/causa-fentanilo-contaminado-se-realizaran-las-audiencias-indagatorias-a-los-acusados\\\/#primaryimage\",\"url\":\"https:\\\/\\\/fmgente.com.ar\\\/web\\\/wp-content\\\/uploads\\\/2026\\\/04\\\/720-624.jpeg\",\"contentUrl\":\"https:\\\/\\\/fmgente.com.ar\\\/web\\\/wp-content\\\/uploads\\\/2026\\\/04\\\/720-624.jpeg\",\"width\":1280,\"height\":720},{\"@type\":\"WebSite\",\"@id\":\"https:\\\/\\\/fmgente.com.ar\\\/web\\\/#website\",\"url\":\"https:\\\/\\\/fmgente.com.ar\\\/web\\\/\",\"name\":\"Fm Gente\",\"description\":\"- Jes\u00fas Mar\u00eda\",\"publisher\":{\"@id\":\"https:\\\/\\\/fmgente.com.ar\\\/web\\\/#organization\"},\"potentialAction\":[{\"@type\":\"SearchAction\",\"target\":{\"@type\":\"EntryPoint\",\"urlTemplate\":\"https:\\\/\\\/fmgente.com.ar\\\/web\\\/?s={search_term_string}\"},\"query-input\":{\"@type\":\"PropertyValueSpecification\",\"valueRequired\":true,\"valueName\":\"search_term_string\"}}],\"inLanguage\":\"es\"},{\"@type\":\"Organization\",\"@id\":\"https:\\\/\\\/fmgente.com.ar\\\/web\\\/#organization\",\"name\":\"Fm Gente\",\"url\":\"https:\\\/\\\/fmgente.com.ar\\\/web\\\/\",\"logo\":{\"@type\":\"ImageObject\",\"inLanguage\":\"es\",\"@id\":\"https:\\\/\\\/fmgente.com.ar\\\/web\\\/#\\\/schema\\\/logo\\\/image\\\/\",\"url\":\"https:\\\/\\\/fmgente.com.ar\\\/web\\\/wp-content\\\/uploads\\\/2023\\\/07\\\/cropped-cropped-logo-sombra2.png\",\"contentUrl\":\"https:\\\/\\\/fmgente.com.ar\\\/web\\\/wp-content\\\/uploads\\\/2023\\\/07\\\/cropped-cropped-logo-sombra2.png\",\"width\":1782,\"height\":1782,\"caption\":\"Fm Gente\"},\"image\":{\"@id\":\"https:\\\/\\\/fmgente.com.ar\\\/web\\\/#\\\/schema\\\/logo\\\/image\\\/\"}}]}<\/script>\n<!-- \/ Yoast SEO plugin. -->","yoast_head_json":{"title":"Causa fentanilo contaminado: se realizar\u00e1n las audiencias indagatorias a los acusados - Fm Gente","robots":{"index":"index","follow":"follow","max-snippet":"max-snippet:-1","max-image-preview":"max-image-preview:large","max-video-preview":"max-video-preview:-1"},"canonical":"https:\/\/fmgente.com.ar\/web\/causa-fentanilo-contaminado-se-realizaran-las-audiencias-indagatorias-a-los-acusados\/","og_locale":"es_ES","og_type":"article","og_title":"Causa fentanilo contaminado: se realizar\u00e1n las audiencias indagatorias a los acusados - Fm Gente","og_description":"Buenos Aires, 10 abril (NA) &#8212; Frente a la megacausa que tiene en el eje","og_url":"https:\/\/fmgente.com.ar\/web\/causa-fentanilo-contaminado-se-realizaran-las-audiencias-indagatorias-a-los-acusados\/","og_site_name":"Fm Gente","article_published_time":"2026-04-10T22:06:13+00:00","twitter_card":"summary_large_image","twitter_misc":{"Tiempo de lectura":"2 minutos"},"schema":{"@context":"https:\/\/schema.org","@graph":[{"@type":"Article","@id":"https:\/\/fmgente.com.ar\/web\/causa-fentanilo-contaminado-se-realizaran-las-audiencias-indagatorias-a-los-acusados\/#article","isPartOf":{"@id":"https:\/\/fmgente.com.ar\/web\/causa-fentanilo-contaminado-se-realizaran-las-audiencias-indagatorias-a-los-acusados\/"},"author":{"name":"","@id":""},"headline":"Causa fentanilo contaminado: se realizar\u00e1n las audiencias indagatorias a los acusados","datePublished":"2026-04-10T22:06:13+00:00","mainEntityOfPage":{"@id":"https:\/\/fmgente.com.ar\/web\/causa-fentanilo-contaminado-se-realizaran-las-audiencias-indagatorias-a-los-acusados\/"},"wordCount":344,"publisher":{"@id":"https:\/\/fmgente.com.ar\/web\/#organization"},"image":{"@id":"https:\/\/fmgente.com.ar\/web\/causa-fentanilo-contaminado-se-realizaran-las-audiencias-indagatorias-a-los-acusados\/#primaryimage"},"thumbnailUrl":"https:\/\/fmgente.com.ar\/web\/wp-content\/uploads\/2026\/04\/720-624.jpeg","articleSection":["REGIONALES"],"inLanguage":"es"},{"@type":"WebPage","@id":"https:\/\/fmgente.com.ar\/web\/causa-fentanilo-contaminado-se-realizaran-las-audiencias-indagatorias-a-los-acusados\/","url":"https:\/\/fmgente.com.ar\/web\/causa-fentanilo-contaminado-se-realizaran-las-audiencias-indagatorias-a-los-acusados\/","name":"Causa fentanilo contaminado: se realizar\u00e1n las audiencias indagatorias a los acusados - Fm Gente","isPartOf":{"@id":"https:\/\/fmgente.com.ar\/web\/#website"},"primaryImageOfPage":{"@id":"https:\/\/fmgente.com.ar\/web\/causa-fentanilo-contaminado-se-realizaran-las-audiencias-indagatorias-a-los-acusados\/#primaryimage"},"image":{"@id":"https:\/\/fmgente.com.ar\/web\/causa-fentanilo-contaminado-se-realizaran-las-audiencias-indagatorias-a-los-acusados\/#primaryimage"},"thumbnailUrl":"https:\/\/fmgente.com.ar\/web\/wp-content\/uploads\/2026\/04\/720-624.jpeg","datePublished":"2026-04-10T22:06:13+00:00","inLanguage":"es","potentialAction":[{"@type":"ReadAction","target":["https:\/\/fmgente.com.ar\/web\/causa-fentanilo-contaminado-se-realizaran-las-audiencias-indagatorias-a-los-acusados\/"]}]},{"@type":"ImageObject","inLanguage":"es","@id":"https:\/\/fmgente.com.ar\/web\/causa-fentanilo-contaminado-se-realizaran-las-audiencias-indagatorias-a-los-acusados\/#primaryimage","url":"https:\/\/fmgente.com.ar\/web\/wp-content\/uploads\/2026\/04\/720-624.jpeg","contentUrl":"https:\/\/fmgente.com.ar\/web\/wp-content\/uploads\/2026\/04\/720-624.jpeg","width":1280,"height":720},{"@type":"WebSite","@id":"https:\/\/fmgente.com.ar\/web\/#website","url":"https:\/\/fmgente.com.ar\/web\/","name":"Fm Gente","description":"- Jes\u00fas Mar\u00eda","publisher":{"@id":"https:\/\/fmgente.com.ar\/web\/#organization"},"potentialAction":[{"@type":"SearchAction","target":{"@type":"EntryPoint","urlTemplate":"https:\/\/fmgente.com.ar\/web\/?s={search_term_string}"},"query-input":{"@type":"PropertyValueSpecification","valueRequired":true,"valueName":"search_term_string"}}],"inLanguage":"es"},{"@type":"Organization","@id":"https:\/\/fmgente.com.ar\/web\/#organization","name":"Fm Gente","url":"https:\/\/fmgente.com.ar\/web\/","logo":{"@type":"ImageObject","inLanguage":"es","@id":"https:\/\/fmgente.com.ar\/web\/#\/schema\/logo\/image\/","url":"https:\/\/fmgente.com.ar\/web\/wp-content\/uploads\/2023\/07\/cropped-cropped-logo-sombra2.png","contentUrl":"https:\/\/fmgente.com.ar\/web\/wp-content\/uploads\/2023\/07\/cropped-cropped-logo-sombra2.png","width":1782,"height":1782,"caption":"Fm Gente"},"image":{"@id":"https:\/\/fmgente.com.ar\/web\/#\/schema\/logo\/image\/"}}]}},"_links":{"self":[{"href":"https:\/\/fmgente.com.ar\/web\/wp-json\/wp\/v2\/posts\/19052","targetHints":{"allow":["GET"]}}],"collection":[{"href":"https:\/\/fmgente.com.ar\/web\/wp-json\/wp\/v2\/posts"}],"about":[{"href":"https:\/\/fmgente.com.ar\/web\/wp-json\/wp\/v2\/types\/post"}],"replies":[{"embeddable":true,"href":"https:\/\/fmgente.com.ar\/web\/wp-json\/wp\/v2\/comments?post=19052"}],"version-history":[{"count":0,"href":"https:\/\/fmgente.com.ar\/web\/wp-json\/wp\/v2\/posts\/19052\/revisions"}],"wp:featuredmedia":[{"embeddable":true,"href":"https:\/\/fmgente.com.ar\/web\/wp-json\/wp\/v2\/media\/19053"}],"wp:attachment":[{"href":"https:\/\/fmgente.com.ar\/web\/wp-json\/wp\/v2\/media?parent=19052"}],"wp:term":[{"taxonomy":"category","embeddable":true,"href":"https:\/\/fmgente.com.ar\/web\/wp-json\/wp\/v2\/categories?post=19052"},{"taxonomy":"post_tag","embeddable":true,"href":"https:\/\/fmgente.com.ar\/web\/wp-json\/wp\/v2\/tags?post=19052"}],"curies":[{"name":"wp","href":"https:\/\/api.w.org\/{rel}","templated":true}]}}