{"id":18517,"date":"2026-04-08T05:07:13","date_gmt":"2026-04-08T08:07:13","guid":{"rendered":"https:\/\/fmgente.com.ar\/web\/cordoba-tenia-antecedentes-penales-vendia-drogas-frente-a-un-merendero-y-fue-detenida-por-la-fpa\/"},"modified":"2026-04-08T05:07:13","modified_gmt":"2026-04-08T08:07:13","slug":"cordoba-tenia-antecedentes-penales-vendia-drogas-frente-a-un-merendero-y-fue-detenida-por-la-fpa","status":"publish","type":"post","link":"https:\/\/fmgente.com.ar\/web\/cordoba-tenia-antecedentes-penales-vendia-drogas-frente-a-un-merendero-y-fue-detenida-por-la-fpa\/","title":{"rendered":"C\u00d3RDOBA: TEN\u00cdA ANTECEDENTES PENALES, VEND\u00cdA DROGAS FRENTE A UN MERENDERO Y FUE DETENIDA POR LA FPA"},"content":{"rendered":"<p>En una investigaci\u00f3n dirigida por el Ministerio P\u00fablico Fiscal, efectivos de la Fuerza Policial Antinarcotr\u00e1fico realizaron tres allanamientos, secuestraron estupefacientes y detuvieron a una narcomenudista en la ciudad de C\u00f3rdoba.<\/p>\n<p>El despliegue operativo tuvo lugar en tres viviendas ubicadas en la calle Belgrano al 1600 y Pasaje s\/n (2) de barrio Villa Richardson. Durante los registros, los investigadores secuestraron varias dosis de coca\u00edna, $ 448.000, psicof\u00e1rmacos, una balanza digital y elementos de fraccionamiento. Adem\u00e1s, se detuvo a una mujer que contaba con antecedentes por venta de sustancias il\u00edcitas.<\/p>\n<p>Para destacar, la investigaci\u00f3n permiti\u00f3 el cierre de un punto de venta de drogas sensible y clave en la zona, ya que el mismo se encontraba en cercan\u00edas del Hospital Misericordia, al Establecimiento Penitenciario N\u00b09 e incluso, frente a un merendero donde asisten j\u00f3venes y ni\u00f1os del barrio.<\/p>\n<p>La Fiscal\u00eda de Lucha contra el Narcotr\u00e1fico del Primer Turno de la ciudad de C\u00f3rdoba supervis\u00f3 el operativo y dispuso el traslado de la detenida y los elementos secuestrados a sede judicial, por infracci\u00f3n a la Ley Nacional de Estupefacientes N\u00b0 23.737.<\/p>\n<p><img loading=\"lazy\" decoding=\"async\" class=\"alignnone wp-image-56416\" src=\"https:\/\/www.mpfcordoba.gob.ar\/wp-content\/uploads\/2026\/04\/WhatsApp-Image-2026-04-06-at-11.06.12-AM-1.jpeg\" alt=\"\" width=\"550\" height=\"488\" \/><\/p>\n<p><img decoding=\"async\" loading=\"lazy\" class=\"alignnone wp-image-56417\" src=\"https:\/\/www.mpfcordoba.gob.ar\/wp-content\/uploads\/2026\/04\/WhatsApp-Image-2026-04-06-at-11.06.12-AM.jpeg\" alt=\"\" width=\"550\" height=\"552\" \/><\/p>\n","protected":false},"excerpt":{"rendered":"<p>En una investigaci\u00f3n dirigida por el Ministerio P\u00fablico Fiscal, efectivos de la Fuerza Policial Antinarcotr\u00e1fico<\/p>\n","protected":false},"author":0,"featured_media":18518,"comment_status":"","ping_status":"","sticky":false,"template":"","format":"standard","meta":{"footnotes":""},"categories":[1794],"tags":[],"class_list":["post-18517","post","type-post","status-publish","format-standard","has-post-thumbnail","hentry","category-policiales"],"yoast_head":"<!-- This site is optimized with the Yoast SEO plugin v27.4 - https:\/\/yoast.com\/product\/yoast-seo-wordpress\/ -->\n<title>C\u00d3RDOBA: TEN\u00cdA ANTECEDENTES PENALES, VEND\u00cdA DROGAS FRENTE A UN MERENDERO Y FUE DETENIDA POR LA FPA - Fm Gente<\/title>\n<meta name=\"robots\" content=\"index, follow, max-snippet:-1, max-image-preview:large, max-video-preview:-1\" \/>\n<link rel=\"canonical\" href=\"https:\/\/fmgente.com.ar\/web\/cordoba-tenia-antecedentes-penales-vendia-drogas-frente-a-un-merendero-y-fue-detenida-por-la-fpa\/\" \/>\n<meta property=\"og:locale\" content=\"es_ES\" \/>\n<meta property=\"og:type\" content=\"article\" \/>\n<meta property=\"og:title\" content=\"C\u00d3RDOBA: TEN\u00cdA ANTECEDENTES PENALES, VEND\u00cdA DROGAS FRENTE A UN MERENDERO Y FUE DETENIDA POR LA FPA - Fm Gente\" \/>\n<meta property=\"og:description\" content=\"En una investigaci\u00f3n dirigida por el Ministerio P\u00fablico Fiscal, efectivos de la Fuerza Policial Antinarcotr\u00e1fico\" \/>\n<meta property=\"og:url\" content=\"https:\/\/fmgente.com.ar\/web\/cordoba-tenia-antecedentes-penales-vendia-drogas-frente-a-un-merendero-y-fue-detenida-por-la-fpa\/\" \/>\n<meta property=\"og:site_name\" content=\"Fm Gente\" \/>\n<meta property=\"article:published_time\" content=\"2026-04-08T08:07:13+00:00\" \/>\n<meta name=\"twitter:card\" content=\"summary_large_image\" \/>\n<meta name=\"twitter:label1\" content=\"Tiempo de lectura\" \/>\n\t<meta name=\"twitter:data1\" content=\"1 minuto\" \/>\n<script type=\"application\/ld+json\" class=\"yoast-schema-graph\">{\"@context\":\"https:\\\/\\\/schema.org\",\"@graph\":[{\"@type\":\"Article\",\"@id\":\"https:\\\/\\\/fmgente.com.ar\\\/web\\\/cordoba-tenia-antecedentes-penales-vendia-drogas-frente-a-un-merendero-y-fue-detenida-por-la-fpa\\\/#article\",\"isPartOf\":{\"@id\":\"https:\\\/\\\/fmgente.com.ar\\\/web\\\/cordoba-tenia-antecedentes-penales-vendia-drogas-frente-a-un-merendero-y-fue-detenida-por-la-fpa\\\/\"},\"author\":{\"name\":\"\",\"@id\":\"\"},\"headline\":\"C\u00d3RDOBA: TEN\u00cdA ANTECEDENTES PENALES, VEND\u00cdA DROGAS FRENTE A UN MERENDERO Y FUE DETENIDA POR LA FPA\",\"datePublished\":\"2026-04-08T08:07:13+00:00\",\"mainEntityOfPage\":{\"@id\":\"https:\\\/\\\/fmgente.com.ar\\\/web\\\/cordoba-tenia-antecedentes-penales-vendia-drogas-frente-a-un-merendero-y-fue-detenida-por-la-fpa\\\/\"},\"wordCount\":209,\"publisher\":{\"@id\":\"https:\\\/\\\/fmgente.com.ar\\\/web\\\/#organization\"},\"image\":{\"@id\":\"https:\\\/\\\/fmgente.com.ar\\\/web\\\/cordoba-tenia-antecedentes-penales-vendia-drogas-frente-a-un-merendero-y-fue-detenida-por-la-fpa\\\/#primaryimage\"},\"thumbnailUrl\":\"https:\\\/\\\/fmgente.com.ar\\\/web\\\/wp-content\\\/uploads\\\/2026\\\/04\\\/WhatsApp-Image-2026-04-06-at-11.06.12-AM-1.jpeg\",\"articleSection\":[\"POLICIALES\"],\"inLanguage\":\"es\"},{\"@type\":\"WebPage\",\"@id\":\"https:\\\/\\\/fmgente.com.ar\\\/web\\\/cordoba-tenia-antecedentes-penales-vendia-drogas-frente-a-un-merendero-y-fue-detenida-por-la-fpa\\\/\",\"url\":\"https:\\\/\\\/fmgente.com.ar\\\/web\\\/cordoba-tenia-antecedentes-penales-vendia-drogas-frente-a-un-merendero-y-fue-detenida-por-la-fpa\\\/\",\"name\":\"C\u00d3RDOBA: TEN\u00cdA ANTECEDENTES PENALES, VEND\u00cdA DROGAS FRENTE A UN MERENDERO Y FUE DETENIDA POR LA FPA - Fm Gente\",\"isPartOf\":{\"@id\":\"https:\\\/\\\/fmgente.com.ar\\\/web\\\/#website\"},\"primaryImageOfPage\":{\"@id\":\"https:\\\/\\\/fmgente.com.ar\\\/web\\\/cordoba-tenia-antecedentes-penales-vendia-drogas-frente-a-un-merendero-y-fue-detenida-por-la-fpa\\\/#primaryimage\"},\"image\":{\"@id\":\"https:\\\/\\\/fmgente.com.ar\\\/web\\\/cordoba-tenia-antecedentes-penales-vendia-drogas-frente-a-un-merendero-y-fue-detenida-por-la-fpa\\\/#primaryimage\"},\"thumbnailUrl\":\"https:\\\/\\\/fmgente.com.ar\\\/web\\\/wp-content\\\/uploads\\\/2026\\\/04\\\/WhatsApp-Image-2026-04-06-at-11.06.12-AM-1.jpeg\",\"datePublished\":\"2026-04-08T08:07:13+00:00\",\"inLanguage\":\"es\",\"potentialAction\":[{\"@type\":\"ReadAction\",\"target\":[\"https:\\\/\\\/fmgente.com.ar\\\/web\\\/cordoba-tenia-antecedentes-penales-vendia-drogas-frente-a-un-merendero-y-fue-detenida-por-la-fpa\\\/\"]}]},{\"@type\":\"ImageObject\",\"inLanguage\":\"es\",\"@id\":\"https:\\\/\\\/fmgente.com.ar\\\/web\\\/cordoba-tenia-antecedentes-penales-vendia-drogas-frente-a-un-merendero-y-fue-detenida-por-la-fpa\\\/#primaryimage\",\"url\":\"https:\\\/\\\/fmgente.com.ar\\\/web\\\/wp-content\\\/uploads\\\/2026\\\/04\\\/WhatsApp-Image-2026-04-06-at-11.06.12-AM-1.jpeg\",\"contentUrl\":\"https:\\\/\\\/fmgente.com.ar\\\/web\\\/wp-content\\\/uploads\\\/2026\\\/04\\\/WhatsApp-Image-2026-04-06-at-11.06.12-AM-1.jpeg\",\"width\":960,\"height\":851},{\"@type\":\"WebSite\",\"@id\":\"https:\\\/\\\/fmgente.com.ar\\\/web\\\/#website\",\"url\":\"https:\\\/\\\/fmgente.com.ar\\\/web\\\/\",\"name\":\"Fm Gente\",\"description\":\"- Jes\u00fas Mar\u00eda\",\"publisher\":{\"@id\":\"https:\\\/\\\/fmgente.com.ar\\\/web\\\/#organization\"},\"potentialAction\":[{\"@type\":\"SearchAction\",\"target\":{\"@type\":\"EntryPoint\",\"urlTemplate\":\"https:\\\/\\\/fmgente.com.ar\\\/web\\\/?s={search_term_string}\"},\"query-input\":{\"@type\":\"PropertyValueSpecification\",\"valueRequired\":true,\"valueName\":\"search_term_string\"}}],\"inLanguage\":\"es\"},{\"@type\":\"Organization\",\"@id\":\"https:\\\/\\\/fmgente.com.ar\\\/web\\\/#organization\",\"name\":\"Fm Gente\",\"url\":\"https:\\\/\\\/fmgente.com.ar\\\/web\\\/\",\"logo\":{\"@type\":\"ImageObject\",\"inLanguage\":\"es\",\"@id\":\"https:\\\/\\\/fmgente.com.ar\\\/web\\\/#\\\/schema\\\/logo\\\/image\\\/\",\"url\":\"https:\\\/\\\/fmgente.com.ar\\\/web\\\/wp-content\\\/uploads\\\/2023\\\/07\\\/cropped-cropped-logo-sombra2.png\",\"contentUrl\":\"https:\\\/\\\/fmgente.com.ar\\\/web\\\/wp-content\\\/uploads\\\/2023\\\/07\\\/cropped-cropped-logo-sombra2.png\",\"width\":1782,\"height\":1782,\"caption\":\"Fm Gente\"},\"image\":{\"@id\":\"https:\\\/\\\/fmgente.com.ar\\\/web\\\/#\\\/schema\\\/logo\\\/image\\\/\"}}]}<\/script>\n<!-- \/ Yoast SEO plugin. -->","yoast_head_json":{"title":"C\u00d3RDOBA: TEN\u00cdA ANTECEDENTES PENALES, VEND\u00cdA DROGAS FRENTE A UN MERENDERO Y FUE DETENIDA POR LA FPA - Fm Gente","robots":{"index":"index","follow":"follow","max-snippet":"max-snippet:-1","max-image-preview":"max-image-preview:large","max-video-preview":"max-video-preview:-1"},"canonical":"https:\/\/fmgente.com.ar\/web\/cordoba-tenia-antecedentes-penales-vendia-drogas-frente-a-un-merendero-y-fue-detenida-por-la-fpa\/","og_locale":"es_ES","og_type":"article","og_title":"C\u00d3RDOBA: TEN\u00cdA ANTECEDENTES PENALES, VEND\u00cdA DROGAS FRENTE A UN MERENDERO Y FUE DETENIDA POR LA FPA - Fm Gente","og_description":"En una investigaci\u00f3n dirigida por el Ministerio P\u00fablico Fiscal, efectivos de la Fuerza Policial Antinarcotr\u00e1fico","og_url":"https:\/\/fmgente.com.ar\/web\/cordoba-tenia-antecedentes-penales-vendia-drogas-frente-a-un-merendero-y-fue-detenida-por-la-fpa\/","og_site_name":"Fm Gente","article_published_time":"2026-04-08T08:07:13+00:00","twitter_card":"summary_large_image","twitter_misc":{"Tiempo de lectura":"1 minuto"},"schema":{"@context":"https:\/\/schema.org","@graph":[{"@type":"Article","@id":"https:\/\/fmgente.com.ar\/web\/cordoba-tenia-antecedentes-penales-vendia-drogas-frente-a-un-merendero-y-fue-detenida-por-la-fpa\/#article","isPartOf":{"@id":"https:\/\/fmgente.com.ar\/web\/cordoba-tenia-antecedentes-penales-vendia-drogas-frente-a-un-merendero-y-fue-detenida-por-la-fpa\/"},"author":{"name":"","@id":""},"headline":"C\u00d3RDOBA: TEN\u00cdA ANTECEDENTES PENALES, VEND\u00cdA DROGAS FRENTE A UN MERENDERO Y FUE DETENIDA POR LA FPA","datePublished":"2026-04-08T08:07:13+00:00","mainEntityOfPage":{"@id":"https:\/\/fmgente.com.ar\/web\/cordoba-tenia-antecedentes-penales-vendia-drogas-frente-a-un-merendero-y-fue-detenida-por-la-fpa\/"},"wordCount":209,"publisher":{"@id":"https:\/\/fmgente.com.ar\/web\/#organization"},"image":{"@id":"https:\/\/fmgente.com.ar\/web\/cordoba-tenia-antecedentes-penales-vendia-drogas-frente-a-un-merendero-y-fue-detenida-por-la-fpa\/#primaryimage"},"thumbnailUrl":"https:\/\/fmgente.com.ar\/web\/wp-content\/uploads\/2026\/04\/WhatsApp-Image-2026-04-06-at-11.06.12-AM-1.jpeg","articleSection":["POLICIALES"],"inLanguage":"es"},{"@type":"WebPage","@id":"https:\/\/fmgente.com.ar\/web\/cordoba-tenia-antecedentes-penales-vendia-drogas-frente-a-un-merendero-y-fue-detenida-por-la-fpa\/","url":"https:\/\/fmgente.com.ar\/web\/cordoba-tenia-antecedentes-penales-vendia-drogas-frente-a-un-merendero-y-fue-detenida-por-la-fpa\/","name":"C\u00d3RDOBA: TEN\u00cdA ANTECEDENTES PENALES, VEND\u00cdA DROGAS FRENTE A UN MERENDERO Y FUE DETENIDA POR LA FPA - Fm Gente","isPartOf":{"@id":"https:\/\/fmgente.com.ar\/web\/#website"},"primaryImageOfPage":{"@id":"https:\/\/fmgente.com.ar\/web\/cordoba-tenia-antecedentes-penales-vendia-drogas-frente-a-un-merendero-y-fue-detenida-por-la-fpa\/#primaryimage"},"image":{"@id":"https:\/\/fmgente.com.ar\/web\/cordoba-tenia-antecedentes-penales-vendia-drogas-frente-a-un-merendero-y-fue-detenida-por-la-fpa\/#primaryimage"},"thumbnailUrl":"https:\/\/fmgente.com.ar\/web\/wp-content\/uploads\/2026\/04\/WhatsApp-Image-2026-04-06-at-11.06.12-AM-1.jpeg","datePublished":"2026-04-08T08:07:13+00:00","inLanguage":"es","potentialAction":[{"@type":"ReadAction","target":["https:\/\/fmgente.com.ar\/web\/cordoba-tenia-antecedentes-penales-vendia-drogas-frente-a-un-merendero-y-fue-detenida-por-la-fpa\/"]}]},{"@type":"ImageObject","inLanguage":"es","@id":"https:\/\/fmgente.com.ar\/web\/cordoba-tenia-antecedentes-penales-vendia-drogas-frente-a-un-merendero-y-fue-detenida-por-la-fpa\/#primaryimage","url":"https:\/\/fmgente.com.ar\/web\/wp-content\/uploads\/2026\/04\/WhatsApp-Image-2026-04-06-at-11.06.12-AM-1.jpeg","contentUrl":"https:\/\/fmgente.com.ar\/web\/wp-content\/uploads\/2026\/04\/WhatsApp-Image-2026-04-06-at-11.06.12-AM-1.jpeg","width":960,"height":851},{"@type":"WebSite","@id":"https:\/\/fmgente.com.ar\/web\/#website","url":"https:\/\/fmgente.com.ar\/web\/","name":"Fm Gente","description":"- Jes\u00fas Mar\u00eda","publisher":{"@id":"https:\/\/fmgente.com.ar\/web\/#organization"},"potentialAction":[{"@type":"SearchAction","target":{"@type":"EntryPoint","urlTemplate":"https:\/\/fmgente.com.ar\/web\/?s={search_term_string}"},"query-input":{"@type":"PropertyValueSpecification","valueRequired":true,"valueName":"search_term_string"}}],"inLanguage":"es"},{"@type":"Organization","@id":"https:\/\/fmgente.com.ar\/web\/#organization","name":"Fm Gente","url":"https:\/\/fmgente.com.ar\/web\/","logo":{"@type":"ImageObject","inLanguage":"es","@id":"https:\/\/fmgente.com.ar\/web\/#\/schema\/logo\/image\/","url":"https:\/\/fmgente.com.ar\/web\/wp-content\/uploads\/2023\/07\/cropped-cropped-logo-sombra2.png","contentUrl":"https:\/\/fmgente.com.ar\/web\/wp-content\/uploads\/2023\/07\/cropped-cropped-logo-sombra2.png","width":1782,"height":1782,"caption":"Fm Gente"},"image":{"@id":"https:\/\/fmgente.com.ar\/web\/#\/schema\/logo\/image\/"}}]}},"_links":{"self":[{"href":"https:\/\/fmgente.com.ar\/web\/wp-json\/wp\/v2\/posts\/18517","targetHints":{"allow":["GET"]}}],"collection":[{"href":"https:\/\/fmgente.com.ar\/web\/wp-json\/wp\/v2\/posts"}],"about":[{"href":"https:\/\/fmgente.com.ar\/web\/wp-json\/wp\/v2\/types\/post"}],"replies":[{"embeddable":true,"href":"https:\/\/fmgente.com.ar\/web\/wp-json\/wp\/v2\/comments?post=18517"}],"version-history":[{"count":0,"href":"https:\/\/fmgente.com.ar\/web\/wp-json\/wp\/v2\/posts\/18517\/revisions"}],"wp:featuredmedia":[{"embeddable":true,"href":"https:\/\/fmgente.com.ar\/web\/wp-json\/wp\/v2\/media\/18518"}],"wp:attachment":[{"href":"https:\/\/fmgente.com.ar\/web\/wp-json\/wp\/v2\/media?parent=18517"}],"wp:term":[{"taxonomy":"category","embeddable":true,"href":"https:\/\/fmgente.com.ar\/web\/wp-json\/wp\/v2\/categories?post=18517"},{"taxonomy":"post_tag","embeddable":true,"href":"https:\/\/fmgente.com.ar\/web\/wp-json\/wp\/v2\/tags?post=18517"}],"curies":[{"name":"wp","href":"https:\/\/api.w.org\/{rel}","templated":true}]}}