{"id":18503,"date":"2026-04-08T00:05:00","date_gmt":"2026-04-08T03:05:00","guid":{"rendered":"https:\/\/fmgente.com.ar\/web\/la-justicia-volvio-a-frenar-la-demolicion-del-luna-park-y-crece-la-disputa-por-su-futuro\/"},"modified":"2026-04-08T00:05:00","modified_gmt":"2026-04-08T03:05:00","slug":"la-justicia-volvio-a-frenar-la-demolicion-del-luna-park-y-crece-la-disputa-por-su-futuro","status":"publish","type":"post","link":"https:\/\/fmgente.com.ar\/web\/la-justicia-volvio-a-frenar-la-demolicion-del-luna-park-y-crece-la-disputa-por-su-futuro\/","title":{"rendered":"La Justicia volvi\u00f3 a frenar la demolici\u00f3n del Luna Park y crece la disputa por su futuro"},"content":{"rendered":"<p>Buenos Aires, 7 de abril (NA) &#8212; La Justicia volvi\u00f3 a suspender de manera preventiva cualquier intento de demolici\u00f3n del estadio Luna Park, en una decisi\u00f3n que reaviva la pol\u00e9mica por el futuro del hist\u00f3rico recinto ubicado en la Ciudad de Buenos Aires.<\/p>\n<p>La medida fue dispuesta por la Sala III de la C\u00e1mara en lo Contencioso Administrativo y Tributario, que orden\u00f3 frenar de inmediato las obras al considerar que una eventual demolici\u00f3n podr\u00eda generar un da\u00f1o irreversible.<\/p>\n<p>Seg\u00fan pudo saber la Agencia Noticias Argentinas, los jueces argumentaron que, en caso de avanzar con la destrucci\u00f3n del edificio, no ser\u00eda posible revertir la situaci\u00f3n aunque posteriormente se falle en contra del proyecto.<\/p>\n<p>El fallo se produjo tras las presentaciones realizadas por el constitucionalista Andr\u00e9s Gil Dom\u00ednguez y organizaciones como Basta de Demoler, Fundaci\u00f3n Ciudad y el Observatorio del Derecho a la Ciudad, que cuestionaron la intervenci\u00f3n sobre el inmueble.<\/p>\n<p>El proyecto en discusi\u00f3n contempla la demolici\u00f3n de una parte significativa del estadio actual para construir uno nuevo, con mayor capacidad y dimensiones, lo que implicar\u00eda intervenir m\u00e1s de 11.600 metros cuadrados y conservar solo una porci\u00f3n menor de la estructura original.<\/p>\n<p>En ese sentido, uno de los puntos centrales del fallo fue la protecci\u00f3n del valor patrimonial del Luna Park, que cuenta con la categor\u00eda de Monumento Hist\u00f3rico Nacional y posee un nivel de protecci\u00f3n estructural que limita modificaciones sustanciales.<\/p>\n<p>Los magistrados remarcaron que la intervenci\u00f3n judicial debe producirse antes de que se concrete el da\u00f1o, al sostener que la demolici\u00f3n \u201ctiene efectos irreversibles\u201d sobre el patrimonio cultural.<\/p>\n<p>El conflicto judicial en torno al estadio se arrastra desde hace meses: en diciembre de 2025 ya se hab\u00eda dictado una primera medida de suspensi\u00f3n, luego en marzo de 2026 se habilitaron avances en otra instancia, y ahora se volvi\u00f3 a frenar el proceso.<\/p>\n<p>Por el momento, la demolici\u00f3n queda suspendida, mientras la Justicia deber\u00e1 resolver el fondo de la causa, lo que podr\u00eda derivar en una modificaci\u00f3n del proyecto o en su cancelaci\u00f3n definitiva.<\/p>\n<p>El caso mantiene en tensi\u00f3n a distintos sectores, ya que el Luna Park no solo es un estadio emblem\u00e1tico, sino tambi\u00e9n un s\u00edmbolo de la historia cultural argentina, escenario de eventos deportivos, recitales y actos pol\u00edticos a lo largo de d\u00e9cadas.<\/p>\n<p>#AgenciaNA<\/p>\n","protected":false},"excerpt":{"rendered":"<p>Buenos Aires, 7 de abril (NA) &#8212; La Justicia volvi\u00f3 a suspender de manera preventiva<\/p>\n","protected":false},"author":0,"featured_media":18504,"comment_status":"","ping_status":"","sticky":false,"template":"","format":"standard","meta":{"footnotes":""},"categories":[1],"tags":[],"class_list":["post-18503","post","type-post","status-publish","format-standard","has-post-thumbnail","hentry","category-regionales"],"yoast_head":"<!-- This site is optimized with the Yoast SEO plugin v27.4 - https:\/\/yoast.com\/product\/yoast-seo-wordpress\/ -->\n<title>La Justicia volvi\u00f3 a frenar la demolici\u00f3n del Luna Park y crece la disputa por su futuro - Fm Gente<\/title>\n<meta name=\"robots\" content=\"index, follow, max-snippet:-1, max-image-preview:large, max-video-preview:-1\" \/>\n<link rel=\"canonical\" href=\"https:\/\/fmgente.com.ar\/web\/la-justicia-volvio-a-frenar-la-demolicion-del-luna-park-y-crece-la-disputa-por-su-futuro\/\" \/>\n<meta property=\"og:locale\" content=\"es_ES\" \/>\n<meta property=\"og:type\" content=\"article\" \/>\n<meta property=\"og:title\" content=\"La Justicia volvi\u00f3 a frenar la demolici\u00f3n del Luna Park y crece la disputa por su futuro - Fm Gente\" \/>\n<meta property=\"og:description\" content=\"Buenos Aires, 7 de abril (NA) &#8212; La Justicia volvi\u00f3 a suspender de manera preventiva\" \/>\n<meta property=\"og:url\" content=\"https:\/\/fmgente.com.ar\/web\/la-justicia-volvio-a-frenar-la-demolicion-del-luna-park-y-crece-la-disputa-por-su-futuro\/\" \/>\n<meta property=\"og:site_name\" content=\"Fm Gente\" \/>\n<meta property=\"article:published_time\" content=\"2026-04-08T03:05:00+00:00\" \/>\n<meta name=\"twitter:card\" content=\"summary_large_image\" \/>\n<meta name=\"twitter:label1\" content=\"Tiempo de lectura\" \/>\n\t<meta name=\"twitter:data1\" content=\"2 minutos\" \/>\n<script type=\"application\/ld+json\" class=\"yoast-schema-graph\">{\"@context\":\"https:\\\/\\\/schema.org\",\"@graph\":[{\"@type\":\"Article\",\"@id\":\"https:\\\/\\\/fmgente.com.ar\\\/web\\\/la-justicia-volvio-a-frenar-la-demolicion-del-luna-park-y-crece-la-disputa-por-su-futuro\\\/#article\",\"isPartOf\":{\"@id\":\"https:\\\/\\\/fmgente.com.ar\\\/web\\\/la-justicia-volvio-a-frenar-la-demolicion-del-luna-park-y-crece-la-disputa-por-su-futuro\\\/\"},\"author\":{\"name\":\"\",\"@id\":\"\"},\"headline\":\"La Justicia volvi\u00f3 a frenar la demolici\u00f3n del Luna Park y crece la disputa por su futuro\",\"datePublished\":\"2026-04-08T03:05:00+00:00\",\"mainEntityOfPage\":{\"@id\":\"https:\\\/\\\/fmgente.com.ar\\\/web\\\/la-justicia-volvio-a-frenar-la-demolicion-del-luna-park-y-crece-la-disputa-por-su-futuro\\\/\"},\"wordCount\":429,\"publisher\":{\"@id\":\"https:\\\/\\\/fmgente.com.ar\\\/web\\\/#organization\"},\"image\":{\"@id\":\"https:\\\/\\\/fmgente.com.ar\\\/web\\\/la-justicia-volvio-a-frenar-la-demolicion-del-luna-park-y-crece-la-disputa-por-su-futuro\\\/#primaryimage\"},\"thumbnailUrl\":\"https:\\\/\\\/fmgente.com.ar\\\/web\\\/wp-content\\\/uploads\\\/2026\\\/04\\\/720-425.jpeg\",\"articleSection\":[\"REGIONALES\"],\"inLanguage\":\"es\"},{\"@type\":\"WebPage\",\"@id\":\"https:\\\/\\\/fmgente.com.ar\\\/web\\\/la-justicia-volvio-a-frenar-la-demolicion-del-luna-park-y-crece-la-disputa-por-su-futuro\\\/\",\"url\":\"https:\\\/\\\/fmgente.com.ar\\\/web\\\/la-justicia-volvio-a-frenar-la-demolicion-del-luna-park-y-crece-la-disputa-por-su-futuro\\\/\",\"name\":\"La Justicia volvi\u00f3 a frenar la demolici\u00f3n del Luna Park y crece la disputa por su futuro - Fm Gente\",\"isPartOf\":{\"@id\":\"https:\\\/\\\/fmgente.com.ar\\\/web\\\/#website\"},\"primaryImageOfPage\":{\"@id\":\"https:\\\/\\\/fmgente.com.ar\\\/web\\\/la-justicia-volvio-a-frenar-la-demolicion-del-luna-park-y-crece-la-disputa-por-su-futuro\\\/#primaryimage\"},\"image\":{\"@id\":\"https:\\\/\\\/fmgente.com.ar\\\/web\\\/la-justicia-volvio-a-frenar-la-demolicion-del-luna-park-y-crece-la-disputa-por-su-futuro\\\/#primaryimage\"},\"thumbnailUrl\":\"https:\\\/\\\/fmgente.com.ar\\\/web\\\/wp-content\\\/uploads\\\/2026\\\/04\\\/720-425.jpeg\",\"datePublished\":\"2026-04-08T03:05:00+00:00\",\"inLanguage\":\"es\",\"potentialAction\":[{\"@type\":\"ReadAction\",\"target\":[\"https:\\\/\\\/fmgente.com.ar\\\/web\\\/la-justicia-volvio-a-frenar-la-demolicion-del-luna-park-y-crece-la-disputa-por-su-futuro\\\/\"]}]},{\"@type\":\"ImageObject\",\"inLanguage\":\"es\",\"@id\":\"https:\\\/\\\/fmgente.com.ar\\\/web\\\/la-justicia-volvio-a-frenar-la-demolicion-del-luna-park-y-crece-la-disputa-por-su-futuro\\\/#primaryimage\",\"url\":\"https:\\\/\\\/fmgente.com.ar\\\/web\\\/wp-content\\\/uploads\\\/2026\\\/04\\\/720-425.jpeg\",\"contentUrl\":\"https:\\\/\\\/fmgente.com.ar\\\/web\\\/wp-content\\\/uploads\\\/2026\\\/04\\\/720-425.jpeg\",\"width\":1280,\"height\":719},{\"@type\":\"WebSite\",\"@id\":\"https:\\\/\\\/fmgente.com.ar\\\/web\\\/#website\",\"url\":\"https:\\\/\\\/fmgente.com.ar\\\/web\\\/\",\"name\":\"Fm Gente\",\"description\":\"- Jes\u00fas Mar\u00eda\",\"publisher\":{\"@id\":\"https:\\\/\\\/fmgente.com.ar\\\/web\\\/#organization\"},\"potentialAction\":[{\"@type\":\"SearchAction\",\"target\":{\"@type\":\"EntryPoint\",\"urlTemplate\":\"https:\\\/\\\/fmgente.com.ar\\\/web\\\/?s={search_term_string}\"},\"query-input\":{\"@type\":\"PropertyValueSpecification\",\"valueRequired\":true,\"valueName\":\"search_term_string\"}}],\"inLanguage\":\"es\"},{\"@type\":\"Organization\",\"@id\":\"https:\\\/\\\/fmgente.com.ar\\\/web\\\/#organization\",\"name\":\"Fm Gente\",\"url\":\"https:\\\/\\\/fmgente.com.ar\\\/web\\\/\",\"logo\":{\"@type\":\"ImageObject\",\"inLanguage\":\"es\",\"@id\":\"https:\\\/\\\/fmgente.com.ar\\\/web\\\/#\\\/schema\\\/logo\\\/image\\\/\",\"url\":\"https:\\\/\\\/fmgente.com.ar\\\/web\\\/wp-content\\\/uploads\\\/2023\\\/07\\\/cropped-cropped-logo-sombra2.png\",\"contentUrl\":\"https:\\\/\\\/fmgente.com.ar\\\/web\\\/wp-content\\\/uploads\\\/2023\\\/07\\\/cropped-cropped-logo-sombra2.png\",\"width\":1782,\"height\":1782,\"caption\":\"Fm Gente\"},\"image\":{\"@id\":\"https:\\\/\\\/fmgente.com.ar\\\/web\\\/#\\\/schema\\\/logo\\\/image\\\/\"}}]}<\/script>\n<!-- \/ Yoast SEO plugin. -->","yoast_head_json":{"title":"La Justicia volvi\u00f3 a frenar la demolici\u00f3n del Luna Park y crece la disputa por su futuro - Fm Gente","robots":{"index":"index","follow":"follow","max-snippet":"max-snippet:-1","max-image-preview":"max-image-preview:large","max-video-preview":"max-video-preview:-1"},"canonical":"https:\/\/fmgente.com.ar\/web\/la-justicia-volvio-a-frenar-la-demolicion-del-luna-park-y-crece-la-disputa-por-su-futuro\/","og_locale":"es_ES","og_type":"article","og_title":"La Justicia volvi\u00f3 a frenar la demolici\u00f3n del Luna Park y crece la disputa por su futuro - Fm Gente","og_description":"Buenos Aires, 7 de abril (NA) &#8212; La Justicia volvi\u00f3 a suspender de manera preventiva","og_url":"https:\/\/fmgente.com.ar\/web\/la-justicia-volvio-a-frenar-la-demolicion-del-luna-park-y-crece-la-disputa-por-su-futuro\/","og_site_name":"Fm Gente","article_published_time":"2026-04-08T03:05:00+00:00","twitter_card":"summary_large_image","twitter_misc":{"Tiempo de lectura":"2 minutos"},"schema":{"@context":"https:\/\/schema.org","@graph":[{"@type":"Article","@id":"https:\/\/fmgente.com.ar\/web\/la-justicia-volvio-a-frenar-la-demolicion-del-luna-park-y-crece-la-disputa-por-su-futuro\/#article","isPartOf":{"@id":"https:\/\/fmgente.com.ar\/web\/la-justicia-volvio-a-frenar-la-demolicion-del-luna-park-y-crece-la-disputa-por-su-futuro\/"},"author":{"name":"","@id":""},"headline":"La Justicia volvi\u00f3 a frenar la demolici\u00f3n del Luna Park y crece la disputa por su futuro","datePublished":"2026-04-08T03:05:00+00:00","mainEntityOfPage":{"@id":"https:\/\/fmgente.com.ar\/web\/la-justicia-volvio-a-frenar-la-demolicion-del-luna-park-y-crece-la-disputa-por-su-futuro\/"},"wordCount":429,"publisher":{"@id":"https:\/\/fmgente.com.ar\/web\/#organization"},"image":{"@id":"https:\/\/fmgente.com.ar\/web\/la-justicia-volvio-a-frenar-la-demolicion-del-luna-park-y-crece-la-disputa-por-su-futuro\/#primaryimage"},"thumbnailUrl":"https:\/\/fmgente.com.ar\/web\/wp-content\/uploads\/2026\/04\/720-425.jpeg","articleSection":["REGIONALES"],"inLanguage":"es"},{"@type":"WebPage","@id":"https:\/\/fmgente.com.ar\/web\/la-justicia-volvio-a-frenar-la-demolicion-del-luna-park-y-crece-la-disputa-por-su-futuro\/","url":"https:\/\/fmgente.com.ar\/web\/la-justicia-volvio-a-frenar-la-demolicion-del-luna-park-y-crece-la-disputa-por-su-futuro\/","name":"La Justicia volvi\u00f3 a frenar la demolici\u00f3n del Luna Park y crece la disputa por su futuro - Fm Gente","isPartOf":{"@id":"https:\/\/fmgente.com.ar\/web\/#website"},"primaryImageOfPage":{"@id":"https:\/\/fmgente.com.ar\/web\/la-justicia-volvio-a-frenar-la-demolicion-del-luna-park-y-crece-la-disputa-por-su-futuro\/#primaryimage"},"image":{"@id":"https:\/\/fmgente.com.ar\/web\/la-justicia-volvio-a-frenar-la-demolicion-del-luna-park-y-crece-la-disputa-por-su-futuro\/#primaryimage"},"thumbnailUrl":"https:\/\/fmgente.com.ar\/web\/wp-content\/uploads\/2026\/04\/720-425.jpeg","datePublished":"2026-04-08T03:05:00+00:00","inLanguage":"es","potentialAction":[{"@type":"ReadAction","target":["https:\/\/fmgente.com.ar\/web\/la-justicia-volvio-a-frenar-la-demolicion-del-luna-park-y-crece-la-disputa-por-su-futuro\/"]}]},{"@type":"ImageObject","inLanguage":"es","@id":"https:\/\/fmgente.com.ar\/web\/la-justicia-volvio-a-frenar-la-demolicion-del-luna-park-y-crece-la-disputa-por-su-futuro\/#primaryimage","url":"https:\/\/fmgente.com.ar\/web\/wp-content\/uploads\/2026\/04\/720-425.jpeg","contentUrl":"https:\/\/fmgente.com.ar\/web\/wp-content\/uploads\/2026\/04\/720-425.jpeg","width":1280,"height":719},{"@type":"WebSite","@id":"https:\/\/fmgente.com.ar\/web\/#website","url":"https:\/\/fmgente.com.ar\/web\/","name":"Fm Gente","description":"- Jes\u00fas Mar\u00eda","publisher":{"@id":"https:\/\/fmgente.com.ar\/web\/#organization"},"potentialAction":[{"@type":"SearchAction","target":{"@type":"EntryPoint","urlTemplate":"https:\/\/fmgente.com.ar\/web\/?s={search_term_string}"},"query-input":{"@type":"PropertyValueSpecification","valueRequired":true,"valueName":"search_term_string"}}],"inLanguage":"es"},{"@type":"Organization","@id":"https:\/\/fmgente.com.ar\/web\/#organization","name":"Fm Gente","url":"https:\/\/fmgente.com.ar\/web\/","logo":{"@type":"ImageObject","inLanguage":"es","@id":"https:\/\/fmgente.com.ar\/web\/#\/schema\/logo\/image\/","url":"https:\/\/fmgente.com.ar\/web\/wp-content\/uploads\/2023\/07\/cropped-cropped-logo-sombra2.png","contentUrl":"https:\/\/fmgente.com.ar\/web\/wp-content\/uploads\/2023\/07\/cropped-cropped-logo-sombra2.png","width":1782,"height":1782,"caption":"Fm Gente"},"image":{"@id":"https:\/\/fmgente.com.ar\/web\/#\/schema\/logo\/image\/"}}]}},"_links":{"self":[{"href":"https:\/\/fmgente.com.ar\/web\/wp-json\/wp\/v2\/posts\/18503","targetHints":{"allow":["GET"]}}],"collection":[{"href":"https:\/\/fmgente.com.ar\/web\/wp-json\/wp\/v2\/posts"}],"about":[{"href":"https:\/\/fmgente.com.ar\/web\/wp-json\/wp\/v2\/types\/post"}],"replies":[{"embeddable":true,"href":"https:\/\/fmgente.com.ar\/web\/wp-json\/wp\/v2\/comments?post=18503"}],"version-history":[{"count":0,"href":"https:\/\/fmgente.com.ar\/web\/wp-json\/wp\/v2\/posts\/18503\/revisions"}],"wp:featuredmedia":[{"embeddable":true,"href":"https:\/\/fmgente.com.ar\/web\/wp-json\/wp\/v2\/media\/18504"}],"wp:attachment":[{"href":"https:\/\/fmgente.com.ar\/web\/wp-json\/wp\/v2\/media?parent=18503"}],"wp:term":[{"taxonomy":"category","embeddable":true,"href":"https:\/\/fmgente.com.ar\/web\/wp-json\/wp\/v2\/categories?post=18503"},{"taxonomy":"post_tag","embeddable":true,"href":"https:\/\/fmgente.com.ar\/web\/wp-json\/wp\/v2\/tags?post=18503"}],"curies":[{"name":"wp","href":"https:\/\/api.w.org\/{rel}","templated":true}]}}