{"id":18497,"date":"2026-04-07T23:05:03","date_gmt":"2026-04-08T02:05:03","guid":{"rendered":"https:\/\/fmgente.com.ar\/web\/iran-confirmo-el-alto-el-fuego-y-abre-el-estrecho-de-ormuz\/"},"modified":"2026-04-07T23:05:03","modified_gmt":"2026-04-08T02:05:03","slug":"iran-confirmo-el-alto-el-fuego-y-abre-el-estrecho-de-ormuz","status":"publish","type":"post","link":"https:\/\/fmgente.com.ar\/web\/iran-confirmo-el-alto-el-fuego-y-abre-el-estrecho-de-ormuz\/","title":{"rendered":"Ir\u00e1n confirm\u00f3 el alto el fuego y abre el estrecho de Ormuz"},"content":{"rendered":"<p>Buenos Aires, 7 de abril (NA) &#8212; El Consejo Supremo de Seguridad Nacional de Ir\u00e1n confirm\u00f3 este martes un acuerdo de alto el fuego con Estados Unidos por un per\u00edodo de dos semanas, en medio de la escalada del conflicto en Medio Oriente.<\/p>\n<p>El comunicado, que fue publicado por la agencia de noticias Mehr, establece una pausa en las hostilidades con el objetivo de avanzar en negociaciones diplom\u00e1ticas para alcanzar un acuerdo de paz m\u00e1s amplio, adem\u00e1s de la reapertura \u201ccompleta, inmediata y segura\u201d del estrecho de Ormuz.<\/p>\n<p>Asimismo, se\u00f1alaron que dicho acuerdo tuvo la aprobaci\u00f3n del nuevo l\u00edder iran\u00ed, Mojtaba Khamenei: \u00abSe decidi\u00f3 al m\u00e1s alto nivel que Ir\u00e1n entablar\u00e1, durante un per\u00edodo de dos semanas negociaciones con la parte estadounidense en Islamabad\u201d, afirm\u00f3 el Consejo Supremo.<\/p>\n<p>\u00abEsto no significa el fin de la guerra, y que Ir\u00e1n solo aceptar\u00e1 el cese de las hostilidades\u00bb cuando las negociaciones hayan concluido con \u00e9xito, seg\u00fan supo la agencia Noticias Argentinas.<\/p>\n<p>Adem\u00e1s, el acuerdo provisorio de alto el fuego que anunci\u00f3 esta noche el presidente de Estados Unidos, Donald Trump, \u00abes una victoria para Ir\u00e1n\u00bb, ya que oblig\u00f3 a Washington a aceptar su plan de diez puntos, que incluye el levantamiento de sanciones y la aceptaci\u00f3n de su plan nuclear.<\/p>\n<p>En tanto el primer ministro de Ir\u00e1n, Seyed Abbas Araghchi, sostuvo en un mensaje en X que \u201cSi cesan los ataques contra Ir\u00e1n, nuestras Poderosas Fuerzas Armadas suspender\u00e1n sus operaciones defensivas\u201d.<\/p>\n<p>\u00abDurante un per\u00edodo de dos semanas, ser\u00e1 posible el paso seguro por el estrecho de Ormuz mediante la coordinaci\u00f3n con las Fuerzas Armadas de Ir\u00e1n y teniendo en cuenta las limitaciones t\u00e9cnicas\u00bb, concluy\u00f3.<\/p>\n<p>#AgenciaNA<\/p>\n","protected":false},"excerpt":{"rendered":"<p>Buenos Aires, 7 de abril (NA) &#8212; El Consejo Supremo de Seguridad Nacional de Ir\u00e1n<\/p>\n","protected":false},"author":0,"featured_media":18498,"comment_status":"","ping_status":"","sticky":false,"template":"","format":"standard","meta":{"footnotes":""},"categories":[1],"tags":[],"class_list":["post-18497","post","type-post","status-publish","format-standard","has-post-thumbnail","hentry","category-regionales"],"yoast_head":"<!-- This site is optimized with the Yoast SEO plugin v27.4 - https:\/\/yoast.com\/product\/yoast-seo-wordpress\/ -->\n<title>Ir\u00e1n confirm\u00f3 el alto el fuego y abre el estrecho de Ormuz - Fm Gente<\/title>\n<meta name=\"robots\" content=\"index, follow, max-snippet:-1, max-image-preview:large, max-video-preview:-1\" \/>\n<link rel=\"canonical\" href=\"https:\/\/fmgente.com.ar\/web\/iran-confirmo-el-alto-el-fuego-y-abre-el-estrecho-de-ormuz\/\" \/>\n<meta property=\"og:locale\" content=\"es_ES\" \/>\n<meta property=\"og:type\" content=\"article\" \/>\n<meta property=\"og:title\" content=\"Ir\u00e1n confirm\u00f3 el alto el fuego y abre el estrecho de Ormuz - Fm Gente\" \/>\n<meta property=\"og:description\" content=\"Buenos Aires, 7 de abril (NA) &#8212; El Consejo Supremo de Seguridad Nacional de Ir\u00e1n\" \/>\n<meta property=\"og:url\" content=\"https:\/\/fmgente.com.ar\/web\/iran-confirmo-el-alto-el-fuego-y-abre-el-estrecho-de-ormuz\/\" \/>\n<meta property=\"og:site_name\" content=\"Fm Gente\" \/>\n<meta property=\"article:published_time\" content=\"2026-04-08T02:05:03+00:00\" \/>\n<meta name=\"twitter:card\" content=\"summary_large_image\" \/>\n<meta name=\"twitter:label1\" content=\"Tiempo de lectura\" \/>\n\t<meta name=\"twitter:data1\" content=\"1 minuto\" \/>\n<script type=\"application\/ld+json\" class=\"yoast-schema-graph\">{\"@context\":\"https:\\\/\\\/schema.org\",\"@graph\":[{\"@type\":\"Article\",\"@id\":\"https:\\\/\\\/fmgente.com.ar\\\/web\\\/iran-confirmo-el-alto-el-fuego-y-abre-el-estrecho-de-ormuz\\\/#article\",\"isPartOf\":{\"@id\":\"https:\\\/\\\/fmgente.com.ar\\\/web\\\/iran-confirmo-el-alto-el-fuego-y-abre-el-estrecho-de-ormuz\\\/\"},\"author\":{\"name\":\"\",\"@id\":\"\"},\"headline\":\"Ir\u00e1n confirm\u00f3 el alto el fuego y abre el estrecho de Ormuz\",\"datePublished\":\"2026-04-08T02:05:03+00:00\",\"mainEntityOfPage\":{\"@id\":\"https:\\\/\\\/fmgente.com.ar\\\/web\\\/iran-confirmo-el-alto-el-fuego-y-abre-el-estrecho-de-ormuz\\\/\"},\"wordCount\":308,\"publisher\":{\"@id\":\"https:\\\/\\\/fmgente.com.ar\\\/web\\\/#organization\"},\"image\":{\"@id\":\"https:\\\/\\\/fmgente.com.ar\\\/web\\\/iran-confirmo-el-alto-el-fuego-y-abre-el-estrecho-de-ormuz\\\/#primaryimage\"},\"thumbnailUrl\":\"https:\\\/\\\/fmgente.com.ar\\\/web\\\/wp-content\\\/uploads\\\/2026\\\/04\\\/720-422.jpeg\",\"articleSection\":[\"REGIONALES\"],\"inLanguage\":\"es\"},{\"@type\":\"WebPage\",\"@id\":\"https:\\\/\\\/fmgente.com.ar\\\/web\\\/iran-confirmo-el-alto-el-fuego-y-abre-el-estrecho-de-ormuz\\\/\",\"url\":\"https:\\\/\\\/fmgente.com.ar\\\/web\\\/iran-confirmo-el-alto-el-fuego-y-abre-el-estrecho-de-ormuz\\\/\",\"name\":\"Ir\u00e1n confirm\u00f3 el alto el fuego y abre el estrecho de Ormuz - Fm Gente\",\"isPartOf\":{\"@id\":\"https:\\\/\\\/fmgente.com.ar\\\/web\\\/#website\"},\"primaryImageOfPage\":{\"@id\":\"https:\\\/\\\/fmgente.com.ar\\\/web\\\/iran-confirmo-el-alto-el-fuego-y-abre-el-estrecho-de-ormuz\\\/#primaryimage\"},\"image\":{\"@id\":\"https:\\\/\\\/fmgente.com.ar\\\/web\\\/iran-confirmo-el-alto-el-fuego-y-abre-el-estrecho-de-ormuz\\\/#primaryimage\"},\"thumbnailUrl\":\"https:\\\/\\\/fmgente.com.ar\\\/web\\\/wp-content\\\/uploads\\\/2026\\\/04\\\/720-422.jpeg\",\"datePublished\":\"2026-04-08T02:05:03+00:00\",\"inLanguage\":\"es\",\"potentialAction\":[{\"@type\":\"ReadAction\",\"target\":[\"https:\\\/\\\/fmgente.com.ar\\\/web\\\/iran-confirmo-el-alto-el-fuego-y-abre-el-estrecho-de-ormuz\\\/\"]}]},{\"@type\":\"ImageObject\",\"inLanguage\":\"es\",\"@id\":\"https:\\\/\\\/fmgente.com.ar\\\/web\\\/iran-confirmo-el-alto-el-fuego-y-abre-el-estrecho-de-ormuz\\\/#primaryimage\",\"url\":\"https:\\\/\\\/fmgente.com.ar\\\/web\\\/wp-content\\\/uploads\\\/2026\\\/04\\\/720-422.jpeg\",\"contentUrl\":\"https:\\\/\\\/fmgente.com.ar\\\/web\\\/wp-content\\\/uploads\\\/2026\\\/04\\\/720-422.jpeg\",\"width\":1080,\"height\":720},{\"@type\":\"WebSite\",\"@id\":\"https:\\\/\\\/fmgente.com.ar\\\/web\\\/#website\",\"url\":\"https:\\\/\\\/fmgente.com.ar\\\/web\\\/\",\"name\":\"Fm Gente\",\"description\":\"- Jes\u00fas Mar\u00eda\",\"publisher\":{\"@id\":\"https:\\\/\\\/fmgente.com.ar\\\/web\\\/#organization\"},\"potentialAction\":[{\"@type\":\"SearchAction\",\"target\":{\"@type\":\"EntryPoint\",\"urlTemplate\":\"https:\\\/\\\/fmgente.com.ar\\\/web\\\/?s={search_term_string}\"},\"query-input\":{\"@type\":\"PropertyValueSpecification\",\"valueRequired\":true,\"valueName\":\"search_term_string\"}}],\"inLanguage\":\"es\"},{\"@type\":\"Organization\",\"@id\":\"https:\\\/\\\/fmgente.com.ar\\\/web\\\/#organization\",\"name\":\"Fm Gente\",\"url\":\"https:\\\/\\\/fmgente.com.ar\\\/web\\\/\",\"logo\":{\"@type\":\"ImageObject\",\"inLanguage\":\"es\",\"@id\":\"https:\\\/\\\/fmgente.com.ar\\\/web\\\/#\\\/schema\\\/logo\\\/image\\\/\",\"url\":\"https:\\\/\\\/fmgente.com.ar\\\/web\\\/wp-content\\\/uploads\\\/2023\\\/07\\\/cropped-cropped-logo-sombra2.png\",\"contentUrl\":\"https:\\\/\\\/fmgente.com.ar\\\/web\\\/wp-content\\\/uploads\\\/2023\\\/07\\\/cropped-cropped-logo-sombra2.png\",\"width\":1782,\"height\":1782,\"caption\":\"Fm Gente\"},\"image\":{\"@id\":\"https:\\\/\\\/fmgente.com.ar\\\/web\\\/#\\\/schema\\\/logo\\\/image\\\/\"}}]}<\/script>\n<!-- \/ Yoast SEO plugin. -->","yoast_head_json":{"title":"Ir\u00e1n confirm\u00f3 el alto el fuego y abre el estrecho de Ormuz - Fm Gente","robots":{"index":"index","follow":"follow","max-snippet":"max-snippet:-1","max-image-preview":"max-image-preview:large","max-video-preview":"max-video-preview:-1"},"canonical":"https:\/\/fmgente.com.ar\/web\/iran-confirmo-el-alto-el-fuego-y-abre-el-estrecho-de-ormuz\/","og_locale":"es_ES","og_type":"article","og_title":"Ir\u00e1n confirm\u00f3 el alto el fuego y abre el estrecho de Ormuz - Fm Gente","og_description":"Buenos Aires, 7 de abril (NA) &#8212; El Consejo Supremo de Seguridad Nacional de Ir\u00e1n","og_url":"https:\/\/fmgente.com.ar\/web\/iran-confirmo-el-alto-el-fuego-y-abre-el-estrecho-de-ormuz\/","og_site_name":"Fm Gente","article_published_time":"2026-04-08T02:05:03+00:00","twitter_card":"summary_large_image","twitter_misc":{"Tiempo de lectura":"1 minuto"},"schema":{"@context":"https:\/\/schema.org","@graph":[{"@type":"Article","@id":"https:\/\/fmgente.com.ar\/web\/iran-confirmo-el-alto-el-fuego-y-abre-el-estrecho-de-ormuz\/#article","isPartOf":{"@id":"https:\/\/fmgente.com.ar\/web\/iran-confirmo-el-alto-el-fuego-y-abre-el-estrecho-de-ormuz\/"},"author":{"name":"","@id":""},"headline":"Ir\u00e1n confirm\u00f3 el alto el fuego y abre el estrecho de Ormuz","datePublished":"2026-04-08T02:05:03+00:00","mainEntityOfPage":{"@id":"https:\/\/fmgente.com.ar\/web\/iran-confirmo-el-alto-el-fuego-y-abre-el-estrecho-de-ormuz\/"},"wordCount":308,"publisher":{"@id":"https:\/\/fmgente.com.ar\/web\/#organization"},"image":{"@id":"https:\/\/fmgente.com.ar\/web\/iran-confirmo-el-alto-el-fuego-y-abre-el-estrecho-de-ormuz\/#primaryimage"},"thumbnailUrl":"https:\/\/fmgente.com.ar\/web\/wp-content\/uploads\/2026\/04\/720-422.jpeg","articleSection":["REGIONALES"],"inLanguage":"es"},{"@type":"WebPage","@id":"https:\/\/fmgente.com.ar\/web\/iran-confirmo-el-alto-el-fuego-y-abre-el-estrecho-de-ormuz\/","url":"https:\/\/fmgente.com.ar\/web\/iran-confirmo-el-alto-el-fuego-y-abre-el-estrecho-de-ormuz\/","name":"Ir\u00e1n confirm\u00f3 el alto el fuego y abre el estrecho de Ormuz - Fm Gente","isPartOf":{"@id":"https:\/\/fmgente.com.ar\/web\/#website"},"primaryImageOfPage":{"@id":"https:\/\/fmgente.com.ar\/web\/iran-confirmo-el-alto-el-fuego-y-abre-el-estrecho-de-ormuz\/#primaryimage"},"image":{"@id":"https:\/\/fmgente.com.ar\/web\/iran-confirmo-el-alto-el-fuego-y-abre-el-estrecho-de-ormuz\/#primaryimage"},"thumbnailUrl":"https:\/\/fmgente.com.ar\/web\/wp-content\/uploads\/2026\/04\/720-422.jpeg","datePublished":"2026-04-08T02:05:03+00:00","inLanguage":"es","potentialAction":[{"@type":"ReadAction","target":["https:\/\/fmgente.com.ar\/web\/iran-confirmo-el-alto-el-fuego-y-abre-el-estrecho-de-ormuz\/"]}]},{"@type":"ImageObject","inLanguage":"es","@id":"https:\/\/fmgente.com.ar\/web\/iran-confirmo-el-alto-el-fuego-y-abre-el-estrecho-de-ormuz\/#primaryimage","url":"https:\/\/fmgente.com.ar\/web\/wp-content\/uploads\/2026\/04\/720-422.jpeg","contentUrl":"https:\/\/fmgente.com.ar\/web\/wp-content\/uploads\/2026\/04\/720-422.jpeg","width":1080,"height":720},{"@type":"WebSite","@id":"https:\/\/fmgente.com.ar\/web\/#website","url":"https:\/\/fmgente.com.ar\/web\/","name":"Fm Gente","description":"- Jes\u00fas Mar\u00eda","publisher":{"@id":"https:\/\/fmgente.com.ar\/web\/#organization"},"potentialAction":[{"@type":"SearchAction","target":{"@type":"EntryPoint","urlTemplate":"https:\/\/fmgente.com.ar\/web\/?s={search_term_string}"},"query-input":{"@type":"PropertyValueSpecification","valueRequired":true,"valueName":"search_term_string"}}],"inLanguage":"es"},{"@type":"Organization","@id":"https:\/\/fmgente.com.ar\/web\/#organization","name":"Fm Gente","url":"https:\/\/fmgente.com.ar\/web\/","logo":{"@type":"ImageObject","inLanguage":"es","@id":"https:\/\/fmgente.com.ar\/web\/#\/schema\/logo\/image\/","url":"https:\/\/fmgente.com.ar\/web\/wp-content\/uploads\/2023\/07\/cropped-cropped-logo-sombra2.png","contentUrl":"https:\/\/fmgente.com.ar\/web\/wp-content\/uploads\/2023\/07\/cropped-cropped-logo-sombra2.png","width":1782,"height":1782,"caption":"Fm Gente"},"image":{"@id":"https:\/\/fmgente.com.ar\/web\/#\/schema\/logo\/image\/"}}]}},"_links":{"self":[{"href":"https:\/\/fmgente.com.ar\/web\/wp-json\/wp\/v2\/posts\/18497","targetHints":{"allow":["GET"]}}],"collection":[{"href":"https:\/\/fmgente.com.ar\/web\/wp-json\/wp\/v2\/posts"}],"about":[{"href":"https:\/\/fmgente.com.ar\/web\/wp-json\/wp\/v2\/types\/post"}],"replies":[{"embeddable":true,"href":"https:\/\/fmgente.com.ar\/web\/wp-json\/wp\/v2\/comments?post=18497"}],"version-history":[{"count":0,"href":"https:\/\/fmgente.com.ar\/web\/wp-json\/wp\/v2\/posts\/18497\/revisions"}],"wp:featuredmedia":[{"embeddable":true,"href":"https:\/\/fmgente.com.ar\/web\/wp-json\/wp\/v2\/media\/18498"}],"wp:attachment":[{"href":"https:\/\/fmgente.com.ar\/web\/wp-json\/wp\/v2\/media?parent=18497"}],"wp:term":[{"taxonomy":"category","embeddable":true,"href":"https:\/\/fmgente.com.ar\/web\/wp-json\/wp\/v2\/categories?post=18497"},{"taxonomy":"post_tag","embeddable":true,"href":"https:\/\/fmgente.com.ar\/web\/wp-json\/wp\/v2\/tags?post=18497"}],"curies":[{"name":"wp","href":"https:\/\/api.w.org\/{rel}","templated":true}]}}