{"id":18491,"date":"2026-04-07T22:06:22","date_gmt":"2026-04-08T01:06:22","guid":{"rendered":"https:\/\/fmgente.com.ar\/web\/historico-fallo-la-justicia-reconoce-a-los-animales-como-seres-sintientes\/"},"modified":"2026-04-07T22:06:22","modified_gmt":"2026-04-08T01:06:22","slug":"historico-fallo-la-justicia-reconoce-a-los-animales-como-seres-sintientes","status":"publish","type":"post","link":"https:\/\/fmgente.com.ar\/web\/historico-fallo-la-justicia-reconoce-a-los-animales-como-seres-sintientes\/","title":{"rendered":"Hist\u00f3rico fallo: la Justicia reconoce a los animales como \u201cseres sintientes\u201d"},"content":{"rendered":"<p>Buenos Aires, 7 abril (NA) \u2013 La Justicia de Mendoza dict\u00f3 un fallo que promete transformar el tablero jur\u00eddico en materia de derechos animales, luego de que el jueves el juez Gabriel Bragagnolo, del Juzgado Penal Colegiado N\u00ba2 de Las Heras, dictara una condena efectiva de dos meses y un d\u00eda de prisi\u00f3n para un agresor de seis perros.<\/p>\n<p>Por primera vez en la provincia, una resoluci\u00f3n judicial ha dejado de considerar a los animales como meros objetos o \u00abbienes muebles\u00bb para reconocerlos formalmente como \u201cseres sintientes\u201d, seg\u00fan supo la Agencia Noticias Argentinas.<\/p>\n<p>La hist\u00f3rica decisi\u00f3n surgi\u00f3 tras una causa por maltrato extremo contra seis perros en la localidad de Las Heras. Los canes se llaman Yuma, Barbucha, Bigotes, Tornadito, Indio y Carmela.<\/p>\n<p>El responsable de los actos de crueldad no solo recibi\u00f3 el repudio social, sino que fue condenado a prisi\u00f3n efectiva, una sanci\u00f3n ejemplar que refuerza la gravedad de los hechos de violencia hacia los animales.<\/p>\n<p>UN CAMBIO DE PARADIGMA JUR\u00cdDICO<\/p>\n<p>M\u00e1s all\u00e1 de la condena de c\u00e1rcel, lo que expertos y proteccionistas celebran es el enfoque antropoc\u00e9ntrico que el tribunal decidi\u00f3 derribar. Al definir a los perros como seres sintientes, el tribunal reconoci\u00f3 legalmente su capacidad de poseer sentimientos, emociones y, fundamentalmente, la capacidad de sufrir.<\/p>\n<p>\u00abEste fallo implica una transformaci\u00f3n profunda en la manera en que la Justicia aborda estos casos. Deja de verse un da\u00f1o a una &#8216;propiedad&#8217; para pasar a castigar el sufrimiento de una vida\u00bb, explicaron especialistas en derecho animal.<\/p>\n<p>IMPACTO EN TODO EL PA\u00cdS<\/p>\n<p>Hasta la fecha, la legislaci\u00f3n argentina manten\u00eda una tendencia a encuadrar a los animales dentro de la categor\u00eda de objetos de pertenencia. Este nuevo criterio sentado en Mendoza abre una puerta crucial para:<\/p>\n<p> * Mayor protecci\u00f3n legal: Los animales ahora cuentan con un estatus que obliga a los jueces a considerar su bienestar propio.<br \/>\n * Sanciones m\u00e1s severas: Facilita la aplicaci\u00f3n de penas de cumplimiento efectivo frente a hechos de crueldad y abandono.<br \/>\n * Jurisprudencia nacional: Se espera que este antecedente influya en futuras resoluciones en otras provincias, unificando un criterio de respeto hacia la vida animal.<\/p>\n<p>REFLEJO DE UN CAMBIO CULTURAL<\/p>\n<p>Este hito judicial no es un hecho aislado, sino que refleja un cambio cultural profundo en la sociedad argentina. El respeto por los animales y la tenencia responsable han dejado de ser temas perif\u00e9ricos para ocupar un lugar central en la agenda p\u00fablica y, ahora, en el coraz\u00f3n del sistema legal.<\/p>\n<p>El fallo de Las Heras no solo castiga un crimen del pasado, sino que establece una hoja de ruta para el futuro: una donde el derecho a no sufrir es reconocido para todos los seres capaces de sentirlo.<\/p>\n<p>#AgenciaNA<\/p>\n","protected":false},"excerpt":{"rendered":"<p>Buenos Aires, 7 abril (NA) \u2013 La Justicia de Mendoza dict\u00f3 un fallo que promete<\/p>\n","protected":false},"author":0,"featured_media":18492,"comment_status":"","ping_status":"","sticky":false,"template":"","format":"standard","meta":{"footnotes":""},"categories":[1],"tags":[],"class_list":["post-18491","post","type-post","status-publish","format-standard","has-post-thumbnail","hentry","category-regionales"],"yoast_head":"<!-- This site is optimized with the Yoast SEO plugin v27.4 - https:\/\/yoast.com\/product\/yoast-seo-wordpress\/ -->\n<title>Hist\u00f3rico fallo: la Justicia reconoce a los animales como \u201cseres sintientes\u201d - Fm Gente<\/title>\n<meta name=\"robots\" content=\"index, follow, max-snippet:-1, max-image-preview:large, max-video-preview:-1\" \/>\n<link rel=\"canonical\" href=\"https:\/\/fmgente.com.ar\/web\/historico-fallo-la-justicia-reconoce-a-los-animales-como-seres-sintientes\/\" \/>\n<meta property=\"og:locale\" content=\"es_ES\" \/>\n<meta property=\"og:type\" content=\"article\" \/>\n<meta property=\"og:title\" content=\"Hist\u00f3rico fallo: la Justicia reconoce a los animales como \u201cseres sintientes\u201d - Fm Gente\" \/>\n<meta property=\"og:description\" content=\"Buenos Aires, 7 abril (NA) \u2013 La Justicia de Mendoza dict\u00f3 un fallo que promete\" \/>\n<meta property=\"og:url\" content=\"https:\/\/fmgente.com.ar\/web\/historico-fallo-la-justicia-reconoce-a-los-animales-como-seres-sintientes\/\" \/>\n<meta property=\"og:site_name\" content=\"Fm Gente\" \/>\n<meta property=\"article:published_time\" content=\"2026-04-08T01:06:22+00:00\" \/>\n<meta name=\"twitter:card\" content=\"summary_large_image\" \/>\n<meta name=\"twitter:label1\" content=\"Tiempo de lectura\" \/>\n\t<meta name=\"twitter:data1\" content=\"2 minutos\" \/>\n<script type=\"application\/ld+json\" class=\"yoast-schema-graph\">{\"@context\":\"https:\\\/\\\/schema.org\",\"@graph\":[{\"@type\":\"Article\",\"@id\":\"https:\\\/\\\/fmgente.com.ar\\\/web\\\/historico-fallo-la-justicia-reconoce-a-los-animales-como-seres-sintientes\\\/#article\",\"isPartOf\":{\"@id\":\"https:\\\/\\\/fmgente.com.ar\\\/web\\\/historico-fallo-la-justicia-reconoce-a-los-animales-como-seres-sintientes\\\/\"},\"author\":{\"name\":\"\",\"@id\":\"\"},\"headline\":\"Hist\u00f3rico fallo: la Justicia reconoce a los animales como \u201cseres sintientes\u201d\",\"datePublished\":\"2026-04-08T01:06:22+00:00\",\"mainEntityOfPage\":{\"@id\":\"https:\\\/\\\/fmgente.com.ar\\\/web\\\/historico-fallo-la-justicia-reconoce-a-los-animales-como-seres-sintientes\\\/\"},\"wordCount\":476,\"publisher\":{\"@id\":\"https:\\\/\\\/fmgente.com.ar\\\/web\\\/#organization\"},\"image\":{\"@id\":\"https:\\\/\\\/fmgente.com.ar\\\/web\\\/historico-fallo-la-justicia-reconoce-a-los-animales-como-seres-sintientes\\\/#primaryimage\"},\"thumbnailUrl\":\"https:\\\/\\\/fmgente.com.ar\\\/web\\\/wp-content\\\/uploads\\\/2026\\\/04\\\/720-419.jpeg\",\"articleSection\":[\"REGIONALES\"],\"inLanguage\":\"es\"},{\"@type\":\"WebPage\",\"@id\":\"https:\\\/\\\/fmgente.com.ar\\\/web\\\/historico-fallo-la-justicia-reconoce-a-los-animales-como-seres-sintientes\\\/\",\"url\":\"https:\\\/\\\/fmgente.com.ar\\\/web\\\/historico-fallo-la-justicia-reconoce-a-los-animales-como-seres-sintientes\\\/\",\"name\":\"Hist\u00f3rico fallo: la Justicia reconoce a los animales como \u201cseres sintientes\u201d - Fm Gente\",\"isPartOf\":{\"@id\":\"https:\\\/\\\/fmgente.com.ar\\\/web\\\/#website\"},\"primaryImageOfPage\":{\"@id\":\"https:\\\/\\\/fmgente.com.ar\\\/web\\\/historico-fallo-la-justicia-reconoce-a-los-animales-como-seres-sintientes\\\/#primaryimage\"},\"image\":{\"@id\":\"https:\\\/\\\/fmgente.com.ar\\\/web\\\/historico-fallo-la-justicia-reconoce-a-los-animales-como-seres-sintientes\\\/#primaryimage\"},\"thumbnailUrl\":\"https:\\\/\\\/fmgente.com.ar\\\/web\\\/wp-content\\\/uploads\\\/2026\\\/04\\\/720-419.jpeg\",\"datePublished\":\"2026-04-08T01:06:22+00:00\",\"inLanguage\":\"es\",\"potentialAction\":[{\"@type\":\"ReadAction\",\"target\":[\"https:\\\/\\\/fmgente.com.ar\\\/web\\\/historico-fallo-la-justicia-reconoce-a-los-animales-como-seres-sintientes\\\/\"]}]},{\"@type\":\"ImageObject\",\"inLanguage\":\"es\",\"@id\":\"https:\\\/\\\/fmgente.com.ar\\\/web\\\/historico-fallo-la-justicia-reconoce-a-los-animales-como-seres-sintientes\\\/#primaryimage\",\"url\":\"https:\\\/\\\/fmgente.com.ar\\\/web\\\/wp-content\\\/uploads\\\/2026\\\/04\\\/720-419.jpeg\",\"contentUrl\":\"https:\\\/\\\/fmgente.com.ar\\\/web\\\/wp-content\\\/uploads\\\/2026\\\/04\\\/720-419.jpeg\",\"width\":985,\"height\":720},{\"@type\":\"WebSite\",\"@id\":\"https:\\\/\\\/fmgente.com.ar\\\/web\\\/#website\",\"url\":\"https:\\\/\\\/fmgente.com.ar\\\/web\\\/\",\"name\":\"Fm Gente\",\"description\":\"- Jes\u00fas Mar\u00eda\",\"publisher\":{\"@id\":\"https:\\\/\\\/fmgente.com.ar\\\/web\\\/#organization\"},\"potentialAction\":[{\"@type\":\"SearchAction\",\"target\":{\"@type\":\"EntryPoint\",\"urlTemplate\":\"https:\\\/\\\/fmgente.com.ar\\\/web\\\/?s={search_term_string}\"},\"query-input\":{\"@type\":\"PropertyValueSpecification\",\"valueRequired\":true,\"valueName\":\"search_term_string\"}}],\"inLanguage\":\"es\"},{\"@type\":\"Organization\",\"@id\":\"https:\\\/\\\/fmgente.com.ar\\\/web\\\/#organization\",\"name\":\"Fm Gente\",\"url\":\"https:\\\/\\\/fmgente.com.ar\\\/web\\\/\",\"logo\":{\"@type\":\"ImageObject\",\"inLanguage\":\"es\",\"@id\":\"https:\\\/\\\/fmgente.com.ar\\\/web\\\/#\\\/schema\\\/logo\\\/image\\\/\",\"url\":\"https:\\\/\\\/fmgente.com.ar\\\/web\\\/wp-content\\\/uploads\\\/2023\\\/07\\\/cropped-cropped-logo-sombra2.png\",\"contentUrl\":\"https:\\\/\\\/fmgente.com.ar\\\/web\\\/wp-content\\\/uploads\\\/2023\\\/07\\\/cropped-cropped-logo-sombra2.png\",\"width\":1782,\"height\":1782,\"caption\":\"Fm Gente\"},\"image\":{\"@id\":\"https:\\\/\\\/fmgente.com.ar\\\/web\\\/#\\\/schema\\\/logo\\\/image\\\/\"}}]}<\/script>\n<!-- \/ Yoast SEO plugin. -->","yoast_head_json":{"title":"Hist\u00f3rico fallo: la Justicia reconoce a los animales como \u201cseres sintientes\u201d - Fm Gente","robots":{"index":"index","follow":"follow","max-snippet":"max-snippet:-1","max-image-preview":"max-image-preview:large","max-video-preview":"max-video-preview:-1"},"canonical":"https:\/\/fmgente.com.ar\/web\/historico-fallo-la-justicia-reconoce-a-los-animales-como-seres-sintientes\/","og_locale":"es_ES","og_type":"article","og_title":"Hist\u00f3rico fallo: la Justicia reconoce a los animales como \u201cseres sintientes\u201d - Fm Gente","og_description":"Buenos Aires, 7 abril (NA) \u2013 La Justicia de Mendoza dict\u00f3 un fallo que promete","og_url":"https:\/\/fmgente.com.ar\/web\/historico-fallo-la-justicia-reconoce-a-los-animales-como-seres-sintientes\/","og_site_name":"Fm Gente","article_published_time":"2026-04-08T01:06:22+00:00","twitter_card":"summary_large_image","twitter_misc":{"Tiempo de lectura":"2 minutos"},"schema":{"@context":"https:\/\/schema.org","@graph":[{"@type":"Article","@id":"https:\/\/fmgente.com.ar\/web\/historico-fallo-la-justicia-reconoce-a-los-animales-como-seres-sintientes\/#article","isPartOf":{"@id":"https:\/\/fmgente.com.ar\/web\/historico-fallo-la-justicia-reconoce-a-los-animales-como-seres-sintientes\/"},"author":{"name":"","@id":""},"headline":"Hist\u00f3rico fallo: la Justicia reconoce a los animales como \u201cseres sintientes\u201d","datePublished":"2026-04-08T01:06:22+00:00","mainEntityOfPage":{"@id":"https:\/\/fmgente.com.ar\/web\/historico-fallo-la-justicia-reconoce-a-los-animales-como-seres-sintientes\/"},"wordCount":476,"publisher":{"@id":"https:\/\/fmgente.com.ar\/web\/#organization"},"image":{"@id":"https:\/\/fmgente.com.ar\/web\/historico-fallo-la-justicia-reconoce-a-los-animales-como-seres-sintientes\/#primaryimage"},"thumbnailUrl":"https:\/\/fmgente.com.ar\/web\/wp-content\/uploads\/2026\/04\/720-419.jpeg","articleSection":["REGIONALES"],"inLanguage":"es"},{"@type":"WebPage","@id":"https:\/\/fmgente.com.ar\/web\/historico-fallo-la-justicia-reconoce-a-los-animales-como-seres-sintientes\/","url":"https:\/\/fmgente.com.ar\/web\/historico-fallo-la-justicia-reconoce-a-los-animales-como-seres-sintientes\/","name":"Hist\u00f3rico fallo: la Justicia reconoce a los animales como \u201cseres sintientes\u201d - Fm Gente","isPartOf":{"@id":"https:\/\/fmgente.com.ar\/web\/#website"},"primaryImageOfPage":{"@id":"https:\/\/fmgente.com.ar\/web\/historico-fallo-la-justicia-reconoce-a-los-animales-como-seres-sintientes\/#primaryimage"},"image":{"@id":"https:\/\/fmgente.com.ar\/web\/historico-fallo-la-justicia-reconoce-a-los-animales-como-seres-sintientes\/#primaryimage"},"thumbnailUrl":"https:\/\/fmgente.com.ar\/web\/wp-content\/uploads\/2026\/04\/720-419.jpeg","datePublished":"2026-04-08T01:06:22+00:00","inLanguage":"es","potentialAction":[{"@type":"ReadAction","target":["https:\/\/fmgente.com.ar\/web\/historico-fallo-la-justicia-reconoce-a-los-animales-como-seres-sintientes\/"]}]},{"@type":"ImageObject","inLanguage":"es","@id":"https:\/\/fmgente.com.ar\/web\/historico-fallo-la-justicia-reconoce-a-los-animales-como-seres-sintientes\/#primaryimage","url":"https:\/\/fmgente.com.ar\/web\/wp-content\/uploads\/2026\/04\/720-419.jpeg","contentUrl":"https:\/\/fmgente.com.ar\/web\/wp-content\/uploads\/2026\/04\/720-419.jpeg","width":985,"height":720},{"@type":"WebSite","@id":"https:\/\/fmgente.com.ar\/web\/#website","url":"https:\/\/fmgente.com.ar\/web\/","name":"Fm Gente","description":"- Jes\u00fas Mar\u00eda","publisher":{"@id":"https:\/\/fmgente.com.ar\/web\/#organization"},"potentialAction":[{"@type":"SearchAction","target":{"@type":"EntryPoint","urlTemplate":"https:\/\/fmgente.com.ar\/web\/?s={search_term_string}"},"query-input":{"@type":"PropertyValueSpecification","valueRequired":true,"valueName":"search_term_string"}}],"inLanguage":"es"},{"@type":"Organization","@id":"https:\/\/fmgente.com.ar\/web\/#organization","name":"Fm Gente","url":"https:\/\/fmgente.com.ar\/web\/","logo":{"@type":"ImageObject","inLanguage":"es","@id":"https:\/\/fmgente.com.ar\/web\/#\/schema\/logo\/image\/","url":"https:\/\/fmgente.com.ar\/web\/wp-content\/uploads\/2023\/07\/cropped-cropped-logo-sombra2.png","contentUrl":"https:\/\/fmgente.com.ar\/web\/wp-content\/uploads\/2023\/07\/cropped-cropped-logo-sombra2.png","width":1782,"height":1782,"caption":"Fm Gente"},"image":{"@id":"https:\/\/fmgente.com.ar\/web\/#\/schema\/logo\/image\/"}}]}},"_links":{"self":[{"href":"https:\/\/fmgente.com.ar\/web\/wp-json\/wp\/v2\/posts\/18491","targetHints":{"allow":["GET"]}}],"collection":[{"href":"https:\/\/fmgente.com.ar\/web\/wp-json\/wp\/v2\/posts"}],"about":[{"href":"https:\/\/fmgente.com.ar\/web\/wp-json\/wp\/v2\/types\/post"}],"replies":[{"embeddable":true,"href":"https:\/\/fmgente.com.ar\/web\/wp-json\/wp\/v2\/comments?post=18491"}],"version-history":[{"count":0,"href":"https:\/\/fmgente.com.ar\/web\/wp-json\/wp\/v2\/posts\/18491\/revisions"}],"wp:featuredmedia":[{"embeddable":true,"href":"https:\/\/fmgente.com.ar\/web\/wp-json\/wp\/v2\/media\/18492"}],"wp:attachment":[{"href":"https:\/\/fmgente.com.ar\/web\/wp-json\/wp\/v2\/media?parent=18491"}],"wp:term":[{"taxonomy":"category","embeddable":true,"href":"https:\/\/fmgente.com.ar\/web\/wp-json\/wp\/v2\/categories?post=18491"},{"taxonomy":"post_tag","embeddable":true,"href":"https:\/\/fmgente.com.ar\/web\/wp-json\/wp\/v2\/tags?post=18491"}],"curies":[{"name":"wp","href":"https:\/\/api.w.org\/{rel}","templated":true}]}}