{"id":18489,"date":"2026-04-07T22:06:21","date_gmt":"2026-04-08T01:06:21","guid":{"rendered":"https:\/\/fmgente.com.ar\/web\/iran-confirmo-un-alto-el-fuego-con-ee-uu-por-dos-semanas-y-abrio-la-puerta-al-estrecho-de-ormuz\/"},"modified":"2026-04-07T22:06:21","modified_gmt":"2026-04-08T01:06:21","slug":"iran-confirmo-un-alto-el-fuego-con-ee-uu-por-dos-semanas-y-abrio-la-puerta-al-estrecho-de-ormuz","status":"publish","type":"post","link":"https:\/\/fmgente.com.ar\/web\/iran-confirmo-un-alto-el-fuego-con-ee-uu-por-dos-semanas-y-abrio-la-puerta-al-estrecho-de-ormuz\/","title":{"rendered":"Ir\u00e1n confirm\u00f3 un alto el fuego con EE.UU. por dos semanas y abri\u00f3 la puerta al estrecho de Ormuz"},"content":{"rendered":"<p>Buenos Aires, 7 de abril (NA) &#8212; El Consejo Supremo de Seguridad Nacional de Ir\u00e1n confirm\u00f3 este martes un acuerdo de alto el fuego con Estados Unidos por un per\u00edodo de dos semanas, en medio de la escalada del conflicto en Medio Oriente.<\/p>\n<p>El comunicado, que fue publicado por la agencia de noticias Mehr, establece una pausa en las hostilidades con el objetivo de avanzar en negociaciones diplom\u00e1ticas para alcanzar un acuerdo de paz m\u00e1s amplio, adem\u00e1s de la reapertura \u201ccompleta, inmediata y segura\u201d del estrecho de Ormuz.<\/p>\n<p>Noticia en desarrollo\u2026<\/p>\n","protected":false},"excerpt":{"rendered":"<p>Buenos Aires, 7 de abril (NA) &#8212; El Consejo Supremo de Seguridad Nacional de Ir\u00e1n<\/p>\n","protected":false},"author":0,"featured_media":18490,"comment_status":"","ping_status":"","sticky":false,"template":"","format":"standard","meta":{"footnotes":""},"categories":[1],"tags":[],"class_list":["post-18489","post","type-post","status-publish","format-standard","has-post-thumbnail","hentry","category-regionales"],"yoast_head":"<!-- This site is optimized with the Yoast SEO plugin v27.4 - https:\/\/yoast.com\/product\/yoast-seo-wordpress\/ -->\n<title>Ir\u00e1n confirm\u00f3 un alto el fuego con EE.UU. por dos semanas y abri\u00f3 la puerta al estrecho de Ormuz - Fm Gente<\/title>\n<meta name=\"robots\" content=\"index, follow, max-snippet:-1, max-image-preview:large, max-video-preview:-1\" \/>\n<link rel=\"canonical\" href=\"https:\/\/fmgente.com.ar\/web\/iran-confirmo-un-alto-el-fuego-con-ee-uu-por-dos-semanas-y-abrio-la-puerta-al-estrecho-de-ormuz\/\" \/>\n<meta property=\"og:locale\" content=\"es_ES\" \/>\n<meta property=\"og:type\" content=\"article\" \/>\n<meta property=\"og:title\" content=\"Ir\u00e1n confirm\u00f3 un alto el fuego con EE.UU. por dos semanas y abri\u00f3 la puerta al estrecho de Ormuz - Fm Gente\" \/>\n<meta property=\"og:description\" content=\"Buenos Aires, 7 de abril (NA) &#8212; El Consejo Supremo de Seguridad Nacional de Ir\u00e1n\" \/>\n<meta property=\"og:url\" content=\"https:\/\/fmgente.com.ar\/web\/iran-confirmo-un-alto-el-fuego-con-ee-uu-por-dos-semanas-y-abrio-la-puerta-al-estrecho-de-ormuz\/\" \/>\n<meta property=\"og:site_name\" content=\"Fm Gente\" \/>\n<meta property=\"article:published_time\" content=\"2026-04-08T01:06:21+00:00\" \/>\n<meta name=\"twitter:card\" content=\"summary_large_image\" \/>\n<script type=\"application\/ld+json\" class=\"yoast-schema-graph\">{\"@context\":\"https:\\\/\\\/schema.org\",\"@graph\":[{\"@type\":\"Article\",\"@id\":\"https:\\\/\\\/fmgente.com.ar\\\/web\\\/iran-confirmo-un-alto-el-fuego-con-ee-uu-por-dos-semanas-y-abrio-la-puerta-al-estrecho-de-ormuz\\\/#article\",\"isPartOf\":{\"@id\":\"https:\\\/\\\/fmgente.com.ar\\\/web\\\/iran-confirmo-un-alto-el-fuego-con-ee-uu-por-dos-semanas-y-abrio-la-puerta-al-estrecho-de-ormuz\\\/\"},\"author\":{\"name\":\"\",\"@id\":\"\"},\"headline\":\"Ir\u00e1n confirm\u00f3 un alto el fuego con EE.UU. por dos semanas y abri\u00f3 la puerta al estrecho de Ormuz\",\"datePublished\":\"2026-04-08T01:06:21+00:00\",\"mainEntityOfPage\":{\"@id\":\"https:\\\/\\\/fmgente.com.ar\\\/web\\\/iran-confirmo-un-alto-el-fuego-con-ee-uu-por-dos-semanas-y-abrio-la-puerta-al-estrecho-de-ormuz\\\/\"},\"wordCount\":116,\"publisher\":{\"@id\":\"https:\\\/\\\/fmgente.com.ar\\\/web\\\/#organization\"},\"image\":{\"@id\":\"https:\\\/\\\/fmgente.com.ar\\\/web\\\/iran-confirmo-un-alto-el-fuego-con-ee-uu-por-dos-semanas-y-abrio-la-puerta-al-estrecho-de-ormuz\\\/#primaryimage\"},\"thumbnailUrl\":\"https:\\\/\\\/fmgente.com.ar\\\/web\\\/wp-content\\\/uploads\\\/2026\\\/04\\\/720-418.jpeg\",\"articleSection\":[\"REGIONALES\"],\"inLanguage\":\"es\"},{\"@type\":\"WebPage\",\"@id\":\"https:\\\/\\\/fmgente.com.ar\\\/web\\\/iran-confirmo-un-alto-el-fuego-con-ee-uu-por-dos-semanas-y-abrio-la-puerta-al-estrecho-de-ormuz\\\/\",\"url\":\"https:\\\/\\\/fmgente.com.ar\\\/web\\\/iran-confirmo-un-alto-el-fuego-con-ee-uu-por-dos-semanas-y-abrio-la-puerta-al-estrecho-de-ormuz\\\/\",\"name\":\"Ir\u00e1n confirm\u00f3 un alto el fuego con EE.UU. por dos semanas y abri\u00f3 la puerta al estrecho de Ormuz - Fm Gente\",\"isPartOf\":{\"@id\":\"https:\\\/\\\/fmgente.com.ar\\\/web\\\/#website\"},\"primaryImageOfPage\":{\"@id\":\"https:\\\/\\\/fmgente.com.ar\\\/web\\\/iran-confirmo-un-alto-el-fuego-con-ee-uu-por-dos-semanas-y-abrio-la-puerta-al-estrecho-de-ormuz\\\/#primaryimage\"},\"image\":{\"@id\":\"https:\\\/\\\/fmgente.com.ar\\\/web\\\/iran-confirmo-un-alto-el-fuego-con-ee-uu-por-dos-semanas-y-abrio-la-puerta-al-estrecho-de-ormuz\\\/#primaryimage\"},\"thumbnailUrl\":\"https:\\\/\\\/fmgente.com.ar\\\/web\\\/wp-content\\\/uploads\\\/2026\\\/04\\\/720-418.jpeg\",\"datePublished\":\"2026-04-08T01:06:21+00:00\",\"inLanguage\":\"es\",\"potentialAction\":[{\"@type\":\"ReadAction\",\"target\":[\"https:\\\/\\\/fmgente.com.ar\\\/web\\\/iran-confirmo-un-alto-el-fuego-con-ee-uu-por-dos-semanas-y-abrio-la-puerta-al-estrecho-de-ormuz\\\/\"]}]},{\"@type\":\"ImageObject\",\"inLanguage\":\"es\",\"@id\":\"https:\\\/\\\/fmgente.com.ar\\\/web\\\/iran-confirmo-un-alto-el-fuego-con-ee-uu-por-dos-semanas-y-abrio-la-puerta-al-estrecho-de-ormuz\\\/#primaryimage\",\"url\":\"https:\\\/\\\/fmgente.com.ar\\\/web\\\/wp-content\\\/uploads\\\/2026\\\/04\\\/720-418.jpeg\",\"contentUrl\":\"https:\\\/\\\/fmgente.com.ar\\\/web\\\/wp-content\\\/uploads\\\/2026\\\/04\\\/720-418.jpeg\",\"width\":1080,\"height\":720},{\"@type\":\"WebSite\",\"@id\":\"https:\\\/\\\/fmgente.com.ar\\\/web\\\/#website\",\"url\":\"https:\\\/\\\/fmgente.com.ar\\\/web\\\/\",\"name\":\"Fm Gente\",\"description\":\"- Jes\u00fas Mar\u00eda\",\"publisher\":{\"@id\":\"https:\\\/\\\/fmgente.com.ar\\\/web\\\/#organization\"},\"potentialAction\":[{\"@type\":\"SearchAction\",\"target\":{\"@type\":\"EntryPoint\",\"urlTemplate\":\"https:\\\/\\\/fmgente.com.ar\\\/web\\\/?s={search_term_string}\"},\"query-input\":{\"@type\":\"PropertyValueSpecification\",\"valueRequired\":true,\"valueName\":\"search_term_string\"}}],\"inLanguage\":\"es\"},{\"@type\":\"Organization\",\"@id\":\"https:\\\/\\\/fmgente.com.ar\\\/web\\\/#organization\",\"name\":\"Fm Gente\",\"url\":\"https:\\\/\\\/fmgente.com.ar\\\/web\\\/\",\"logo\":{\"@type\":\"ImageObject\",\"inLanguage\":\"es\",\"@id\":\"https:\\\/\\\/fmgente.com.ar\\\/web\\\/#\\\/schema\\\/logo\\\/image\\\/\",\"url\":\"https:\\\/\\\/fmgente.com.ar\\\/web\\\/wp-content\\\/uploads\\\/2023\\\/07\\\/cropped-cropped-logo-sombra2.png\",\"contentUrl\":\"https:\\\/\\\/fmgente.com.ar\\\/web\\\/wp-content\\\/uploads\\\/2023\\\/07\\\/cropped-cropped-logo-sombra2.png\",\"width\":1782,\"height\":1782,\"caption\":\"Fm Gente\"},\"image\":{\"@id\":\"https:\\\/\\\/fmgente.com.ar\\\/web\\\/#\\\/schema\\\/logo\\\/image\\\/\"}}]}<\/script>\n<!-- \/ Yoast SEO plugin. -->","yoast_head_json":{"title":"Ir\u00e1n confirm\u00f3 un alto el fuego con EE.UU. por dos semanas y abri\u00f3 la puerta al estrecho de Ormuz - Fm Gente","robots":{"index":"index","follow":"follow","max-snippet":"max-snippet:-1","max-image-preview":"max-image-preview:large","max-video-preview":"max-video-preview:-1"},"canonical":"https:\/\/fmgente.com.ar\/web\/iran-confirmo-un-alto-el-fuego-con-ee-uu-por-dos-semanas-y-abrio-la-puerta-al-estrecho-de-ormuz\/","og_locale":"es_ES","og_type":"article","og_title":"Ir\u00e1n confirm\u00f3 un alto el fuego con EE.UU. por dos semanas y abri\u00f3 la puerta al estrecho de Ormuz - Fm Gente","og_description":"Buenos Aires, 7 de abril (NA) &#8212; El Consejo Supremo de Seguridad Nacional de Ir\u00e1n","og_url":"https:\/\/fmgente.com.ar\/web\/iran-confirmo-un-alto-el-fuego-con-ee-uu-por-dos-semanas-y-abrio-la-puerta-al-estrecho-de-ormuz\/","og_site_name":"Fm Gente","article_published_time":"2026-04-08T01:06:21+00:00","twitter_card":"summary_large_image","schema":{"@context":"https:\/\/schema.org","@graph":[{"@type":"Article","@id":"https:\/\/fmgente.com.ar\/web\/iran-confirmo-un-alto-el-fuego-con-ee-uu-por-dos-semanas-y-abrio-la-puerta-al-estrecho-de-ormuz\/#article","isPartOf":{"@id":"https:\/\/fmgente.com.ar\/web\/iran-confirmo-un-alto-el-fuego-con-ee-uu-por-dos-semanas-y-abrio-la-puerta-al-estrecho-de-ormuz\/"},"author":{"name":"","@id":""},"headline":"Ir\u00e1n confirm\u00f3 un alto el fuego con EE.UU. por dos semanas y abri\u00f3 la puerta al estrecho de Ormuz","datePublished":"2026-04-08T01:06:21+00:00","mainEntityOfPage":{"@id":"https:\/\/fmgente.com.ar\/web\/iran-confirmo-un-alto-el-fuego-con-ee-uu-por-dos-semanas-y-abrio-la-puerta-al-estrecho-de-ormuz\/"},"wordCount":116,"publisher":{"@id":"https:\/\/fmgente.com.ar\/web\/#organization"},"image":{"@id":"https:\/\/fmgente.com.ar\/web\/iran-confirmo-un-alto-el-fuego-con-ee-uu-por-dos-semanas-y-abrio-la-puerta-al-estrecho-de-ormuz\/#primaryimage"},"thumbnailUrl":"https:\/\/fmgente.com.ar\/web\/wp-content\/uploads\/2026\/04\/720-418.jpeg","articleSection":["REGIONALES"],"inLanguage":"es"},{"@type":"WebPage","@id":"https:\/\/fmgente.com.ar\/web\/iran-confirmo-un-alto-el-fuego-con-ee-uu-por-dos-semanas-y-abrio-la-puerta-al-estrecho-de-ormuz\/","url":"https:\/\/fmgente.com.ar\/web\/iran-confirmo-un-alto-el-fuego-con-ee-uu-por-dos-semanas-y-abrio-la-puerta-al-estrecho-de-ormuz\/","name":"Ir\u00e1n confirm\u00f3 un alto el fuego con EE.UU. por dos semanas y abri\u00f3 la puerta al estrecho de Ormuz - Fm Gente","isPartOf":{"@id":"https:\/\/fmgente.com.ar\/web\/#website"},"primaryImageOfPage":{"@id":"https:\/\/fmgente.com.ar\/web\/iran-confirmo-un-alto-el-fuego-con-ee-uu-por-dos-semanas-y-abrio-la-puerta-al-estrecho-de-ormuz\/#primaryimage"},"image":{"@id":"https:\/\/fmgente.com.ar\/web\/iran-confirmo-un-alto-el-fuego-con-ee-uu-por-dos-semanas-y-abrio-la-puerta-al-estrecho-de-ormuz\/#primaryimage"},"thumbnailUrl":"https:\/\/fmgente.com.ar\/web\/wp-content\/uploads\/2026\/04\/720-418.jpeg","datePublished":"2026-04-08T01:06:21+00:00","inLanguage":"es","potentialAction":[{"@type":"ReadAction","target":["https:\/\/fmgente.com.ar\/web\/iran-confirmo-un-alto-el-fuego-con-ee-uu-por-dos-semanas-y-abrio-la-puerta-al-estrecho-de-ormuz\/"]}]},{"@type":"ImageObject","inLanguage":"es","@id":"https:\/\/fmgente.com.ar\/web\/iran-confirmo-un-alto-el-fuego-con-ee-uu-por-dos-semanas-y-abrio-la-puerta-al-estrecho-de-ormuz\/#primaryimage","url":"https:\/\/fmgente.com.ar\/web\/wp-content\/uploads\/2026\/04\/720-418.jpeg","contentUrl":"https:\/\/fmgente.com.ar\/web\/wp-content\/uploads\/2026\/04\/720-418.jpeg","width":1080,"height":720},{"@type":"WebSite","@id":"https:\/\/fmgente.com.ar\/web\/#website","url":"https:\/\/fmgente.com.ar\/web\/","name":"Fm Gente","description":"- Jes\u00fas Mar\u00eda","publisher":{"@id":"https:\/\/fmgente.com.ar\/web\/#organization"},"potentialAction":[{"@type":"SearchAction","target":{"@type":"EntryPoint","urlTemplate":"https:\/\/fmgente.com.ar\/web\/?s={search_term_string}"},"query-input":{"@type":"PropertyValueSpecification","valueRequired":true,"valueName":"search_term_string"}}],"inLanguage":"es"},{"@type":"Organization","@id":"https:\/\/fmgente.com.ar\/web\/#organization","name":"Fm Gente","url":"https:\/\/fmgente.com.ar\/web\/","logo":{"@type":"ImageObject","inLanguage":"es","@id":"https:\/\/fmgente.com.ar\/web\/#\/schema\/logo\/image\/","url":"https:\/\/fmgente.com.ar\/web\/wp-content\/uploads\/2023\/07\/cropped-cropped-logo-sombra2.png","contentUrl":"https:\/\/fmgente.com.ar\/web\/wp-content\/uploads\/2023\/07\/cropped-cropped-logo-sombra2.png","width":1782,"height":1782,"caption":"Fm Gente"},"image":{"@id":"https:\/\/fmgente.com.ar\/web\/#\/schema\/logo\/image\/"}}]}},"_links":{"self":[{"href":"https:\/\/fmgente.com.ar\/web\/wp-json\/wp\/v2\/posts\/18489","targetHints":{"allow":["GET"]}}],"collection":[{"href":"https:\/\/fmgente.com.ar\/web\/wp-json\/wp\/v2\/posts"}],"about":[{"href":"https:\/\/fmgente.com.ar\/web\/wp-json\/wp\/v2\/types\/post"}],"replies":[{"embeddable":true,"href":"https:\/\/fmgente.com.ar\/web\/wp-json\/wp\/v2\/comments?post=18489"}],"version-history":[{"count":0,"href":"https:\/\/fmgente.com.ar\/web\/wp-json\/wp\/v2\/posts\/18489\/revisions"}],"wp:featuredmedia":[{"embeddable":true,"href":"https:\/\/fmgente.com.ar\/web\/wp-json\/wp\/v2\/media\/18490"}],"wp:attachment":[{"href":"https:\/\/fmgente.com.ar\/web\/wp-json\/wp\/v2\/media?parent=18489"}],"wp:term":[{"taxonomy":"category","embeddable":true,"href":"https:\/\/fmgente.com.ar\/web\/wp-json\/wp\/v2\/categories?post=18489"},{"taxonomy":"post_tag","embeddable":true,"href":"https:\/\/fmgente.com.ar\/web\/wp-json\/wp\/v2\/tags?post=18489"}],"curies":[{"name":"wp","href":"https:\/\/api.w.org\/{rel}","templated":true}]}}