{"id":18487,"date":"2026-04-07T22:06:20","date_gmt":"2026-04-08T01:06:20","guid":{"rendered":"https:\/\/fmgente.com.ar\/web\/contra-la-reforma-a-la-ley-de-glaciares-la-izquierda-convoca-a-una-movilizacion-frente-al-congreso\/"},"modified":"2026-04-07T22:06:20","modified_gmt":"2026-04-08T01:06:20","slug":"contra-la-reforma-a-la-ley-de-glaciares-la-izquierda-convoca-a-una-movilizacion-frente-al-congreso","status":"publish","type":"post","link":"https:\/\/fmgente.com.ar\/web\/contra-la-reforma-a-la-ley-de-glaciares-la-izquierda-convoca-a-una-movilizacion-frente-al-congreso\/","title":{"rendered":"Contra la reforma a la Ley de Glaciares: la izquierda convoca a una movilizaci\u00f3n frente al Congreso"},"content":{"rendered":"<p>Buenos Aires, 7 abril (NA) \u2013 Los distintos partidos pol\u00edticos del Frente de Izquierda preparan una movilizaci\u00f3n en rechazo a la reforma a la Ley de Glaciares para este mi\u00e9rcoles en las inmediaciones del Congreso, que incluye una vigilia hasta el momento de la votaci\u00f3n en la C\u00e1mara de Diputados.<\/p>\n<p>Seg\u00fan supo la Agencia Noticias Argentinas, se convoc\u00f3 a una primera concentraci\u00f3n para las 13 hs frente al Palacio Legislativo, en tanto que a las 17 hs est\u00e1 prevista una marcha desde Avenida de Mayo y 9 de Julio hacia el Congreso, con permanencia en la calle hasta que se realice la votaci\u00f3n.<\/p>\n<p>Durante la vigilia se realizar\u00e1 un festival art\u00edstico con m\u00fasicos comprometidos con la causa en contra del avance contra la Ley de Glaciares.<\/p>\n<p>El ex diputado nacional Juan Carlos Giordano, referente de Izquierda Socialista, denunci\u00f3 que \u201cel gobierno de Javier Milei pretende entregar por 30 a\u00f1os los glaciares a las mineras, modificando la ley vigente y articul\u00e1ndose junto al RIGI, con la complicidad de diferentes bloques patronales\u201d <\/p>\n<p>\u00ab\u00a1No puede ser que se especule con la vida y los ecosistemas de nuestro pa\u00eds! Llamamos a garantizar una gran movilizaci\u00f3n para que no s\u00e9 modifique la ley\u00bb, apunt\u00f3.<\/p>\n<p>Por su parte, el diputado nacional del Frente de Izquierda Nicol\u00e1s del Ca\u00f1o advirti\u00f3 que \u201cgobernadores y mineras, con coimas y lobby, quieren tirar abajo la ley que protege el agua de todo el pa\u00eds\u201d. <\/p>\n<p>\u201cSu plan: saqueo, contaminaci\u00f3n y destrucci\u00f3n. No lo podemos permitir. Ma\u00f1ana hay movilizaci\u00f3n. Hay que estar en la calle\u201d, exhort\u00f3 el dirigente del PTS.<\/p>\n<p>En tanto, su compa\u00f1ero de bancada en el FIT N\u00e9stor Pitrola sostuvo que como \u201cdiputado obrero y socialista\u201d llevar\u00e1 al recinto de la C\u00e1mara baja \u201cla voz de los pueblos que luchan contra esta depredadora y colonial reforma de la Ley de Glaciares\u201d. <\/p>\n<p>\u201cNi con la audiencia trucha ni con este plenario de comisiones van a poder callar la voz de los luchadores. Ma\u00f1ana todos al congreso a defender el agua y los glaciares\u201d, inst\u00f3.<\/p>\n<p>#AgenciaNA<\/p>\n","protected":false},"excerpt":{"rendered":"<p>Buenos Aires, 7 abril (NA) \u2013 Los distintos partidos pol\u00edticos del Frente de Izquierda preparan<\/p>\n","protected":false},"author":0,"featured_media":18488,"comment_status":"","ping_status":"","sticky":false,"template":"","format":"standard","meta":{"footnotes":""},"categories":[1],"tags":[],"class_list":["post-18487","post","type-post","status-publish","format-standard","has-post-thumbnail","hentry","category-regionales"],"yoast_head":"<!-- This site is optimized with the Yoast SEO plugin v27.4 - https:\/\/yoast.com\/product\/yoast-seo-wordpress\/ -->\n<title>Contra la reforma a la Ley de Glaciares: la izquierda convoca a una movilizaci\u00f3n frente al Congreso - Fm Gente<\/title>\n<meta name=\"robots\" content=\"index, follow, max-snippet:-1, max-image-preview:large, max-video-preview:-1\" \/>\n<link rel=\"canonical\" href=\"https:\/\/fmgente.com.ar\/web\/contra-la-reforma-a-la-ley-de-glaciares-la-izquierda-convoca-a-una-movilizacion-frente-al-congreso\/\" \/>\n<meta property=\"og:locale\" content=\"es_ES\" \/>\n<meta property=\"og:type\" content=\"article\" \/>\n<meta property=\"og:title\" content=\"Contra la reforma a la Ley de Glaciares: la izquierda convoca a una movilizaci\u00f3n frente al Congreso - Fm Gente\" \/>\n<meta property=\"og:description\" content=\"Buenos Aires, 7 abril (NA) \u2013 Los distintos partidos pol\u00edticos del Frente de Izquierda preparan\" \/>\n<meta property=\"og:url\" content=\"https:\/\/fmgente.com.ar\/web\/contra-la-reforma-a-la-ley-de-glaciares-la-izquierda-convoca-a-una-movilizacion-frente-al-congreso\/\" \/>\n<meta property=\"og:site_name\" content=\"Fm Gente\" \/>\n<meta property=\"article:published_time\" content=\"2026-04-08T01:06:20+00:00\" \/>\n<meta name=\"twitter:card\" content=\"summary_large_image\" \/>\n<meta name=\"twitter:label1\" content=\"Tiempo de lectura\" \/>\n\t<meta name=\"twitter:data1\" content=\"2 minutos\" \/>\n<script type=\"application\/ld+json\" class=\"yoast-schema-graph\">{\"@context\":\"https:\\\/\\\/schema.org\",\"@graph\":[{\"@type\":\"Article\",\"@id\":\"https:\\\/\\\/fmgente.com.ar\\\/web\\\/contra-la-reforma-a-la-ley-de-glaciares-la-izquierda-convoca-a-una-movilizacion-frente-al-congreso\\\/#article\",\"isPartOf\":{\"@id\":\"https:\\\/\\\/fmgente.com.ar\\\/web\\\/contra-la-reforma-a-la-ley-de-glaciares-la-izquierda-convoca-a-una-movilizacion-frente-al-congreso\\\/\"},\"author\":{\"name\":\"\",\"@id\":\"\"},\"headline\":\"Contra la reforma a la Ley de Glaciares: la izquierda convoca a una movilizaci\u00f3n frente al Congreso\",\"datePublished\":\"2026-04-08T01:06:20+00:00\",\"mainEntityOfPage\":{\"@id\":\"https:\\\/\\\/fmgente.com.ar\\\/web\\\/contra-la-reforma-a-la-ley-de-glaciares-la-izquierda-convoca-a-una-movilizacion-frente-al-congreso\\\/\"},\"wordCount\":371,\"publisher\":{\"@id\":\"https:\\\/\\\/fmgente.com.ar\\\/web\\\/#organization\"},\"image\":{\"@id\":\"https:\\\/\\\/fmgente.com.ar\\\/web\\\/contra-la-reforma-a-la-ley-de-glaciares-la-izquierda-convoca-a-una-movilizacion-frente-al-congreso\\\/#primaryimage\"},\"thumbnailUrl\":\"https:\\\/\\\/fmgente.com.ar\\\/web\\\/wp-content\\\/uploads\\\/2026\\\/04\\\/720-417.jpeg\",\"articleSection\":[\"REGIONALES\"],\"inLanguage\":\"es\"},{\"@type\":\"WebPage\",\"@id\":\"https:\\\/\\\/fmgente.com.ar\\\/web\\\/contra-la-reforma-a-la-ley-de-glaciares-la-izquierda-convoca-a-una-movilizacion-frente-al-congreso\\\/\",\"url\":\"https:\\\/\\\/fmgente.com.ar\\\/web\\\/contra-la-reforma-a-la-ley-de-glaciares-la-izquierda-convoca-a-una-movilizacion-frente-al-congreso\\\/\",\"name\":\"Contra la reforma a la Ley de Glaciares: la izquierda convoca a una movilizaci\u00f3n frente al Congreso - Fm Gente\",\"isPartOf\":{\"@id\":\"https:\\\/\\\/fmgente.com.ar\\\/web\\\/#website\"},\"primaryImageOfPage\":{\"@id\":\"https:\\\/\\\/fmgente.com.ar\\\/web\\\/contra-la-reforma-a-la-ley-de-glaciares-la-izquierda-convoca-a-una-movilizacion-frente-al-congreso\\\/#primaryimage\"},\"image\":{\"@id\":\"https:\\\/\\\/fmgente.com.ar\\\/web\\\/contra-la-reforma-a-la-ley-de-glaciares-la-izquierda-convoca-a-una-movilizacion-frente-al-congreso\\\/#primaryimage\"},\"thumbnailUrl\":\"https:\\\/\\\/fmgente.com.ar\\\/web\\\/wp-content\\\/uploads\\\/2026\\\/04\\\/720-417.jpeg\",\"datePublished\":\"2026-04-08T01:06:20+00:00\",\"inLanguage\":\"es\",\"potentialAction\":[{\"@type\":\"ReadAction\",\"target\":[\"https:\\\/\\\/fmgente.com.ar\\\/web\\\/contra-la-reforma-a-la-ley-de-glaciares-la-izquierda-convoca-a-una-movilizacion-frente-al-congreso\\\/\"]}]},{\"@type\":\"ImageObject\",\"inLanguage\":\"es\",\"@id\":\"https:\\\/\\\/fmgente.com.ar\\\/web\\\/contra-la-reforma-a-la-ley-de-glaciares-la-izquierda-convoca-a-una-movilizacion-frente-al-congreso\\\/#primaryimage\",\"url\":\"https:\\\/\\\/fmgente.com.ar\\\/web\\\/wp-content\\\/uploads\\\/2026\\\/04\\\/720-417.jpeg\",\"contentUrl\":\"https:\\\/\\\/fmgente.com.ar\\\/web\\\/wp-content\\\/uploads\\\/2026\\\/04\\\/720-417.jpeg\",\"width\":1080,\"height\":720},{\"@type\":\"WebSite\",\"@id\":\"https:\\\/\\\/fmgente.com.ar\\\/web\\\/#website\",\"url\":\"https:\\\/\\\/fmgente.com.ar\\\/web\\\/\",\"name\":\"Fm Gente\",\"description\":\"- Jes\u00fas Mar\u00eda\",\"publisher\":{\"@id\":\"https:\\\/\\\/fmgente.com.ar\\\/web\\\/#organization\"},\"potentialAction\":[{\"@type\":\"SearchAction\",\"target\":{\"@type\":\"EntryPoint\",\"urlTemplate\":\"https:\\\/\\\/fmgente.com.ar\\\/web\\\/?s={search_term_string}\"},\"query-input\":{\"@type\":\"PropertyValueSpecification\",\"valueRequired\":true,\"valueName\":\"search_term_string\"}}],\"inLanguage\":\"es\"},{\"@type\":\"Organization\",\"@id\":\"https:\\\/\\\/fmgente.com.ar\\\/web\\\/#organization\",\"name\":\"Fm Gente\",\"url\":\"https:\\\/\\\/fmgente.com.ar\\\/web\\\/\",\"logo\":{\"@type\":\"ImageObject\",\"inLanguage\":\"es\",\"@id\":\"https:\\\/\\\/fmgente.com.ar\\\/web\\\/#\\\/schema\\\/logo\\\/image\\\/\",\"url\":\"https:\\\/\\\/fmgente.com.ar\\\/web\\\/wp-content\\\/uploads\\\/2023\\\/07\\\/cropped-cropped-logo-sombra2.png\",\"contentUrl\":\"https:\\\/\\\/fmgente.com.ar\\\/web\\\/wp-content\\\/uploads\\\/2023\\\/07\\\/cropped-cropped-logo-sombra2.png\",\"width\":1782,\"height\":1782,\"caption\":\"Fm Gente\"},\"image\":{\"@id\":\"https:\\\/\\\/fmgente.com.ar\\\/web\\\/#\\\/schema\\\/logo\\\/image\\\/\"}}]}<\/script>\n<!-- \/ Yoast SEO plugin. -->","yoast_head_json":{"title":"Contra la reforma a la Ley de Glaciares: la izquierda convoca a una movilizaci\u00f3n frente al Congreso - Fm Gente","robots":{"index":"index","follow":"follow","max-snippet":"max-snippet:-1","max-image-preview":"max-image-preview:large","max-video-preview":"max-video-preview:-1"},"canonical":"https:\/\/fmgente.com.ar\/web\/contra-la-reforma-a-la-ley-de-glaciares-la-izquierda-convoca-a-una-movilizacion-frente-al-congreso\/","og_locale":"es_ES","og_type":"article","og_title":"Contra la reforma a la Ley de Glaciares: la izquierda convoca a una movilizaci\u00f3n frente al Congreso - Fm Gente","og_description":"Buenos Aires, 7 abril (NA) \u2013 Los distintos partidos pol\u00edticos del Frente de Izquierda preparan","og_url":"https:\/\/fmgente.com.ar\/web\/contra-la-reforma-a-la-ley-de-glaciares-la-izquierda-convoca-a-una-movilizacion-frente-al-congreso\/","og_site_name":"Fm Gente","article_published_time":"2026-04-08T01:06:20+00:00","twitter_card":"summary_large_image","twitter_misc":{"Tiempo de lectura":"2 minutos"},"schema":{"@context":"https:\/\/schema.org","@graph":[{"@type":"Article","@id":"https:\/\/fmgente.com.ar\/web\/contra-la-reforma-a-la-ley-de-glaciares-la-izquierda-convoca-a-una-movilizacion-frente-al-congreso\/#article","isPartOf":{"@id":"https:\/\/fmgente.com.ar\/web\/contra-la-reforma-a-la-ley-de-glaciares-la-izquierda-convoca-a-una-movilizacion-frente-al-congreso\/"},"author":{"name":"","@id":""},"headline":"Contra la reforma a la Ley de Glaciares: la izquierda convoca a una movilizaci\u00f3n frente al Congreso","datePublished":"2026-04-08T01:06:20+00:00","mainEntityOfPage":{"@id":"https:\/\/fmgente.com.ar\/web\/contra-la-reforma-a-la-ley-de-glaciares-la-izquierda-convoca-a-una-movilizacion-frente-al-congreso\/"},"wordCount":371,"publisher":{"@id":"https:\/\/fmgente.com.ar\/web\/#organization"},"image":{"@id":"https:\/\/fmgente.com.ar\/web\/contra-la-reforma-a-la-ley-de-glaciares-la-izquierda-convoca-a-una-movilizacion-frente-al-congreso\/#primaryimage"},"thumbnailUrl":"https:\/\/fmgente.com.ar\/web\/wp-content\/uploads\/2026\/04\/720-417.jpeg","articleSection":["REGIONALES"],"inLanguage":"es"},{"@type":"WebPage","@id":"https:\/\/fmgente.com.ar\/web\/contra-la-reforma-a-la-ley-de-glaciares-la-izquierda-convoca-a-una-movilizacion-frente-al-congreso\/","url":"https:\/\/fmgente.com.ar\/web\/contra-la-reforma-a-la-ley-de-glaciares-la-izquierda-convoca-a-una-movilizacion-frente-al-congreso\/","name":"Contra la reforma a la Ley de Glaciares: la izquierda convoca a una movilizaci\u00f3n frente al Congreso - Fm Gente","isPartOf":{"@id":"https:\/\/fmgente.com.ar\/web\/#website"},"primaryImageOfPage":{"@id":"https:\/\/fmgente.com.ar\/web\/contra-la-reforma-a-la-ley-de-glaciares-la-izquierda-convoca-a-una-movilizacion-frente-al-congreso\/#primaryimage"},"image":{"@id":"https:\/\/fmgente.com.ar\/web\/contra-la-reforma-a-la-ley-de-glaciares-la-izquierda-convoca-a-una-movilizacion-frente-al-congreso\/#primaryimage"},"thumbnailUrl":"https:\/\/fmgente.com.ar\/web\/wp-content\/uploads\/2026\/04\/720-417.jpeg","datePublished":"2026-04-08T01:06:20+00:00","inLanguage":"es","potentialAction":[{"@type":"ReadAction","target":["https:\/\/fmgente.com.ar\/web\/contra-la-reforma-a-la-ley-de-glaciares-la-izquierda-convoca-a-una-movilizacion-frente-al-congreso\/"]}]},{"@type":"ImageObject","inLanguage":"es","@id":"https:\/\/fmgente.com.ar\/web\/contra-la-reforma-a-la-ley-de-glaciares-la-izquierda-convoca-a-una-movilizacion-frente-al-congreso\/#primaryimage","url":"https:\/\/fmgente.com.ar\/web\/wp-content\/uploads\/2026\/04\/720-417.jpeg","contentUrl":"https:\/\/fmgente.com.ar\/web\/wp-content\/uploads\/2026\/04\/720-417.jpeg","width":1080,"height":720},{"@type":"WebSite","@id":"https:\/\/fmgente.com.ar\/web\/#website","url":"https:\/\/fmgente.com.ar\/web\/","name":"Fm Gente","description":"- Jes\u00fas Mar\u00eda","publisher":{"@id":"https:\/\/fmgente.com.ar\/web\/#organization"},"potentialAction":[{"@type":"SearchAction","target":{"@type":"EntryPoint","urlTemplate":"https:\/\/fmgente.com.ar\/web\/?s={search_term_string}"},"query-input":{"@type":"PropertyValueSpecification","valueRequired":true,"valueName":"search_term_string"}}],"inLanguage":"es"},{"@type":"Organization","@id":"https:\/\/fmgente.com.ar\/web\/#organization","name":"Fm Gente","url":"https:\/\/fmgente.com.ar\/web\/","logo":{"@type":"ImageObject","inLanguage":"es","@id":"https:\/\/fmgente.com.ar\/web\/#\/schema\/logo\/image\/","url":"https:\/\/fmgente.com.ar\/web\/wp-content\/uploads\/2023\/07\/cropped-cropped-logo-sombra2.png","contentUrl":"https:\/\/fmgente.com.ar\/web\/wp-content\/uploads\/2023\/07\/cropped-cropped-logo-sombra2.png","width":1782,"height":1782,"caption":"Fm Gente"},"image":{"@id":"https:\/\/fmgente.com.ar\/web\/#\/schema\/logo\/image\/"}}]}},"_links":{"self":[{"href":"https:\/\/fmgente.com.ar\/web\/wp-json\/wp\/v2\/posts\/18487","targetHints":{"allow":["GET"]}}],"collection":[{"href":"https:\/\/fmgente.com.ar\/web\/wp-json\/wp\/v2\/posts"}],"about":[{"href":"https:\/\/fmgente.com.ar\/web\/wp-json\/wp\/v2\/types\/post"}],"replies":[{"embeddable":true,"href":"https:\/\/fmgente.com.ar\/web\/wp-json\/wp\/v2\/comments?post=18487"}],"version-history":[{"count":0,"href":"https:\/\/fmgente.com.ar\/web\/wp-json\/wp\/v2\/posts\/18487\/revisions"}],"wp:featuredmedia":[{"embeddable":true,"href":"https:\/\/fmgente.com.ar\/web\/wp-json\/wp\/v2\/media\/18488"}],"wp:attachment":[{"href":"https:\/\/fmgente.com.ar\/web\/wp-json\/wp\/v2\/media?parent=18487"}],"wp:term":[{"taxonomy":"category","embeddable":true,"href":"https:\/\/fmgente.com.ar\/web\/wp-json\/wp\/v2\/categories?post=18487"},{"taxonomy":"post_tag","embeddable":true,"href":"https:\/\/fmgente.com.ar\/web\/wp-json\/wp\/v2\/tags?post=18487"}],"curies":[{"name":"wp","href":"https:\/\/api.w.org\/{rel}","templated":true}]}}