{"id":18481,"date":"2026-04-07T21:04:53","date_gmt":"2026-04-08T00:04:53","guid":{"rendered":"https:\/\/fmgente.com.ar\/web\/gran-hermano-cambia-de-horario-a-que-hora-se-podra-ver-la-casa-en-vivo-este-martes-en-telefe\/"},"modified":"2026-04-07T21:04:53","modified_gmt":"2026-04-08T00:04:53","slug":"gran-hermano-cambia-de-horario-a-que-hora-se-podra-ver-la-casa-en-vivo-este-martes-en-telefe","status":"publish","type":"post","link":"https:\/\/fmgente.com.ar\/web\/gran-hermano-cambia-de-horario-a-que-hora-se-podra-ver-la-casa-en-vivo-este-martes-en-telefe\/","title":{"rendered":"Gran Hermano cambia de horario: a qu\u00e9 hora se podr\u00e1 ver la casa en vivo este martes en Telefe"},"content":{"rendered":"<p>Buenos Aires, 7 abril (NA) \u2013 La casa de Gran Hermano Generaci\u00f3n Dorada atraviesa d\u00edas de alta tensi\u00f3n, pero este martes habr\u00e1 un cambio importante en la programaci\u00f3n que sorprender\u00e1 a los fan\u00e1ticos del reality.<\/p>\n<p>Luego de la eliminaci\u00f3n de Cinzia Francischiello por decisi\u00f3n del p\u00fablico y el inesperado abandono de Andrea del Boca por cuestiones de salud, el programa atraviesa un momento cargado de emociones. Sin embargo, la noticia que sacudi\u00f3 a la audiencia no tiene que ver con el juego, sino con la pantalla.<\/p>\n<p>POR QU\u00c9 NO HAY GALA ESTE MARTES<\/p>\n<p>El conductor Santiago del Moro confirm\u00f3 en las \u00faltimas horas que este martes no se emitir\u00e1 la gala habitual del reality en Telefe.<\/p>\n<p>La decisi\u00f3n responde a un evento deportivo de gran relevancia: Boca Juniors debuta en la Copa Libertadores frente a Universidad Cat\u00f3lica, en lo que marca su regreso al certamen tras dos a\u00f1os de ausencia.<\/p>\n<p>Como ocurre en estas ocasiones, el canal prioriza la transmisi\u00f3n del f\u00fatbol, por lo que el reality cede su espacio en la grilla.<\/p>\n<p>QU\u00c9 SE VER\u00c1 IGUAL EN VIVO HOY EN TELEFE<\/p>\n<p>A pesar de la suspensi\u00f3n de la gala principal, no todo ser\u00e1 ausencia para los seguidores del programa. Una vez finalizado el partido de Boca, se emitir\u00e1 en vivo la prueba de liderazgo, uno de los momentos clave de la semana dentro de la casa.<\/p>\n<p>D\u00d3NDE SEGUIR EL CONTENIDO DE GRAN HERMANO<\/p>\n<p>Aunque no haya programa completo en la TV abierta, el universo del reality sigue activo en otras plataformas:<\/p>\n<p> * Streaming de Telefe: en Twitch y YouTube, con contenidos y reacciones a cargo de figuras como La Tora y Fefe Bongiorno, adem\u00e1s de ciclos especiales como La Jugada o The After.<br \/>\n * DGO \/ HBO Max: contin\u00faa la transmisi\u00f3n en vivo las 24 horas, permitiendo seguir todo lo que sucede dentro de la casa en tiempo real.<br \/>\n * Redes sociales: las cuentas oficiales seguir\u00e1n publicando clips y momentos destacados de la jornada.<\/p>\n<p>De esta manera, aunque la gala se tome una pausa, los fan\u00e1ticos podr\u00e1n seguir conectados con el reality y no perderse ning\u00fan detalle de lo que ocurre en la casa m\u00e1s famosa del pa\u00eds.<\/p>\n<p>#AgenciaNA<\/p>\n","protected":false},"excerpt":{"rendered":"<p>Buenos Aires, 7 abril (NA) \u2013 La casa de Gran Hermano Generaci\u00f3n Dorada atraviesa d\u00edas<\/p>\n","protected":false},"author":0,"featured_media":18482,"comment_status":"","ping_status":"","sticky":false,"template":"","format":"standard","meta":{"footnotes":""},"categories":[1],"tags":[],"class_list":["post-18481","post","type-post","status-publish","format-standard","has-post-thumbnail","hentry","category-regionales"],"yoast_head":"<!-- This site is optimized with the Yoast SEO plugin v27.4 - https:\/\/yoast.com\/product\/yoast-seo-wordpress\/ -->\n<title>Gran Hermano cambia de horario: a qu\u00e9 hora se podr\u00e1 ver la casa en vivo este martes en Telefe - Fm Gente<\/title>\n<meta name=\"robots\" content=\"index, follow, max-snippet:-1, max-image-preview:large, max-video-preview:-1\" \/>\n<link rel=\"canonical\" href=\"https:\/\/fmgente.com.ar\/web\/gran-hermano-cambia-de-horario-a-que-hora-se-podra-ver-la-casa-en-vivo-este-martes-en-telefe\/\" \/>\n<meta property=\"og:locale\" content=\"es_ES\" \/>\n<meta property=\"og:type\" content=\"article\" \/>\n<meta property=\"og:title\" content=\"Gran Hermano cambia de horario: a qu\u00e9 hora se podr\u00e1 ver la casa en vivo este martes en Telefe - Fm Gente\" \/>\n<meta property=\"og:description\" content=\"Buenos Aires, 7 abril (NA) \u2013 La casa de Gran Hermano Generaci\u00f3n Dorada atraviesa d\u00edas\" \/>\n<meta property=\"og:url\" content=\"https:\/\/fmgente.com.ar\/web\/gran-hermano-cambia-de-horario-a-que-hora-se-podra-ver-la-casa-en-vivo-este-martes-en-telefe\/\" \/>\n<meta property=\"og:site_name\" content=\"Fm Gente\" \/>\n<meta property=\"article:published_time\" content=\"2026-04-08T00:04:53+00:00\" \/>\n<meta name=\"twitter:card\" content=\"summary_large_image\" \/>\n<meta name=\"twitter:label1\" content=\"Tiempo de lectura\" \/>\n\t<meta name=\"twitter:data1\" content=\"2 minutos\" \/>\n<script type=\"application\/ld+json\" class=\"yoast-schema-graph\">{\"@context\":\"https:\\\/\\\/schema.org\",\"@graph\":[{\"@type\":\"Article\",\"@id\":\"https:\\\/\\\/fmgente.com.ar\\\/web\\\/gran-hermano-cambia-de-horario-a-que-hora-se-podra-ver-la-casa-en-vivo-este-martes-en-telefe\\\/#article\",\"isPartOf\":{\"@id\":\"https:\\\/\\\/fmgente.com.ar\\\/web\\\/gran-hermano-cambia-de-horario-a-que-hora-se-podra-ver-la-casa-en-vivo-este-martes-en-telefe\\\/\"},\"author\":{\"name\":\"\",\"@id\":\"\"},\"headline\":\"Gran Hermano cambia de horario: a qu\u00e9 hora se podr\u00e1 ver la casa en vivo este martes en Telefe\",\"datePublished\":\"2026-04-08T00:04:53+00:00\",\"mainEntityOfPage\":{\"@id\":\"https:\\\/\\\/fmgente.com.ar\\\/web\\\/gran-hermano-cambia-de-horario-a-que-hora-se-podra-ver-la-casa-en-vivo-este-martes-en-telefe\\\/\"},\"wordCount\":396,\"publisher\":{\"@id\":\"https:\\\/\\\/fmgente.com.ar\\\/web\\\/#organization\"},\"image\":{\"@id\":\"https:\\\/\\\/fmgente.com.ar\\\/web\\\/gran-hermano-cambia-de-horario-a-que-hora-se-podra-ver-la-casa-en-vivo-este-martes-en-telefe\\\/#primaryimage\"},\"thumbnailUrl\":\"https:\\\/\\\/fmgente.com.ar\\\/web\\\/wp-content\\\/uploads\\\/2026\\\/04\\\/720-414.jpeg\",\"articleSection\":[\"REGIONALES\"],\"inLanguage\":\"es\"},{\"@type\":\"WebPage\",\"@id\":\"https:\\\/\\\/fmgente.com.ar\\\/web\\\/gran-hermano-cambia-de-horario-a-que-hora-se-podra-ver-la-casa-en-vivo-este-martes-en-telefe\\\/\",\"url\":\"https:\\\/\\\/fmgente.com.ar\\\/web\\\/gran-hermano-cambia-de-horario-a-que-hora-se-podra-ver-la-casa-en-vivo-este-martes-en-telefe\\\/\",\"name\":\"Gran Hermano cambia de horario: a qu\u00e9 hora se podr\u00e1 ver la casa en vivo este martes en Telefe - Fm Gente\",\"isPartOf\":{\"@id\":\"https:\\\/\\\/fmgente.com.ar\\\/web\\\/#website\"},\"primaryImageOfPage\":{\"@id\":\"https:\\\/\\\/fmgente.com.ar\\\/web\\\/gran-hermano-cambia-de-horario-a-que-hora-se-podra-ver-la-casa-en-vivo-este-martes-en-telefe\\\/#primaryimage\"},\"image\":{\"@id\":\"https:\\\/\\\/fmgente.com.ar\\\/web\\\/gran-hermano-cambia-de-horario-a-que-hora-se-podra-ver-la-casa-en-vivo-este-martes-en-telefe\\\/#primaryimage\"},\"thumbnailUrl\":\"https:\\\/\\\/fmgente.com.ar\\\/web\\\/wp-content\\\/uploads\\\/2026\\\/04\\\/720-414.jpeg\",\"datePublished\":\"2026-04-08T00:04:53+00:00\",\"inLanguage\":\"es\",\"potentialAction\":[{\"@type\":\"ReadAction\",\"target\":[\"https:\\\/\\\/fmgente.com.ar\\\/web\\\/gran-hermano-cambia-de-horario-a-que-hora-se-podra-ver-la-casa-en-vivo-este-martes-en-telefe\\\/\"]}]},{\"@type\":\"ImageObject\",\"inLanguage\":\"es\",\"@id\":\"https:\\\/\\\/fmgente.com.ar\\\/web\\\/gran-hermano-cambia-de-horario-a-que-hora-se-podra-ver-la-casa-en-vivo-este-martes-en-telefe\\\/#primaryimage\",\"url\":\"https:\\\/\\\/fmgente.com.ar\\\/web\\\/wp-content\\\/uploads\\\/2026\\\/04\\\/720-414.jpeg\",\"contentUrl\":\"https:\\\/\\\/fmgente.com.ar\\\/web\\\/wp-content\\\/uploads\\\/2026\\\/04\\\/720-414.jpeg\",\"width\":1080,\"height\":720},{\"@type\":\"WebSite\",\"@id\":\"https:\\\/\\\/fmgente.com.ar\\\/web\\\/#website\",\"url\":\"https:\\\/\\\/fmgente.com.ar\\\/web\\\/\",\"name\":\"Fm Gente\",\"description\":\"- Jes\u00fas Mar\u00eda\",\"publisher\":{\"@id\":\"https:\\\/\\\/fmgente.com.ar\\\/web\\\/#organization\"},\"potentialAction\":[{\"@type\":\"SearchAction\",\"target\":{\"@type\":\"EntryPoint\",\"urlTemplate\":\"https:\\\/\\\/fmgente.com.ar\\\/web\\\/?s={search_term_string}\"},\"query-input\":{\"@type\":\"PropertyValueSpecification\",\"valueRequired\":true,\"valueName\":\"search_term_string\"}}],\"inLanguage\":\"es\"},{\"@type\":\"Organization\",\"@id\":\"https:\\\/\\\/fmgente.com.ar\\\/web\\\/#organization\",\"name\":\"Fm Gente\",\"url\":\"https:\\\/\\\/fmgente.com.ar\\\/web\\\/\",\"logo\":{\"@type\":\"ImageObject\",\"inLanguage\":\"es\",\"@id\":\"https:\\\/\\\/fmgente.com.ar\\\/web\\\/#\\\/schema\\\/logo\\\/image\\\/\",\"url\":\"https:\\\/\\\/fmgente.com.ar\\\/web\\\/wp-content\\\/uploads\\\/2023\\\/07\\\/cropped-cropped-logo-sombra2.png\",\"contentUrl\":\"https:\\\/\\\/fmgente.com.ar\\\/web\\\/wp-content\\\/uploads\\\/2023\\\/07\\\/cropped-cropped-logo-sombra2.png\",\"width\":1782,\"height\":1782,\"caption\":\"Fm Gente\"},\"image\":{\"@id\":\"https:\\\/\\\/fmgente.com.ar\\\/web\\\/#\\\/schema\\\/logo\\\/image\\\/\"}}]}<\/script>\n<!-- \/ Yoast SEO plugin. -->","yoast_head_json":{"title":"Gran Hermano cambia de horario: a qu\u00e9 hora se podr\u00e1 ver la casa en vivo este martes en Telefe - Fm Gente","robots":{"index":"index","follow":"follow","max-snippet":"max-snippet:-1","max-image-preview":"max-image-preview:large","max-video-preview":"max-video-preview:-1"},"canonical":"https:\/\/fmgente.com.ar\/web\/gran-hermano-cambia-de-horario-a-que-hora-se-podra-ver-la-casa-en-vivo-este-martes-en-telefe\/","og_locale":"es_ES","og_type":"article","og_title":"Gran Hermano cambia de horario: a qu\u00e9 hora se podr\u00e1 ver la casa en vivo este martes en Telefe - Fm Gente","og_description":"Buenos Aires, 7 abril (NA) \u2013 La casa de Gran Hermano Generaci\u00f3n Dorada atraviesa d\u00edas","og_url":"https:\/\/fmgente.com.ar\/web\/gran-hermano-cambia-de-horario-a-que-hora-se-podra-ver-la-casa-en-vivo-este-martes-en-telefe\/","og_site_name":"Fm Gente","article_published_time":"2026-04-08T00:04:53+00:00","twitter_card":"summary_large_image","twitter_misc":{"Tiempo de lectura":"2 minutos"},"schema":{"@context":"https:\/\/schema.org","@graph":[{"@type":"Article","@id":"https:\/\/fmgente.com.ar\/web\/gran-hermano-cambia-de-horario-a-que-hora-se-podra-ver-la-casa-en-vivo-este-martes-en-telefe\/#article","isPartOf":{"@id":"https:\/\/fmgente.com.ar\/web\/gran-hermano-cambia-de-horario-a-que-hora-se-podra-ver-la-casa-en-vivo-este-martes-en-telefe\/"},"author":{"name":"","@id":""},"headline":"Gran Hermano cambia de horario: a qu\u00e9 hora se podr\u00e1 ver la casa en vivo este martes en Telefe","datePublished":"2026-04-08T00:04:53+00:00","mainEntityOfPage":{"@id":"https:\/\/fmgente.com.ar\/web\/gran-hermano-cambia-de-horario-a-que-hora-se-podra-ver-la-casa-en-vivo-este-martes-en-telefe\/"},"wordCount":396,"publisher":{"@id":"https:\/\/fmgente.com.ar\/web\/#organization"},"image":{"@id":"https:\/\/fmgente.com.ar\/web\/gran-hermano-cambia-de-horario-a-que-hora-se-podra-ver-la-casa-en-vivo-este-martes-en-telefe\/#primaryimage"},"thumbnailUrl":"https:\/\/fmgente.com.ar\/web\/wp-content\/uploads\/2026\/04\/720-414.jpeg","articleSection":["REGIONALES"],"inLanguage":"es"},{"@type":"WebPage","@id":"https:\/\/fmgente.com.ar\/web\/gran-hermano-cambia-de-horario-a-que-hora-se-podra-ver-la-casa-en-vivo-este-martes-en-telefe\/","url":"https:\/\/fmgente.com.ar\/web\/gran-hermano-cambia-de-horario-a-que-hora-se-podra-ver-la-casa-en-vivo-este-martes-en-telefe\/","name":"Gran Hermano cambia de horario: a qu\u00e9 hora se podr\u00e1 ver la casa en vivo este martes en Telefe - Fm Gente","isPartOf":{"@id":"https:\/\/fmgente.com.ar\/web\/#website"},"primaryImageOfPage":{"@id":"https:\/\/fmgente.com.ar\/web\/gran-hermano-cambia-de-horario-a-que-hora-se-podra-ver-la-casa-en-vivo-este-martes-en-telefe\/#primaryimage"},"image":{"@id":"https:\/\/fmgente.com.ar\/web\/gran-hermano-cambia-de-horario-a-que-hora-se-podra-ver-la-casa-en-vivo-este-martes-en-telefe\/#primaryimage"},"thumbnailUrl":"https:\/\/fmgente.com.ar\/web\/wp-content\/uploads\/2026\/04\/720-414.jpeg","datePublished":"2026-04-08T00:04:53+00:00","inLanguage":"es","potentialAction":[{"@type":"ReadAction","target":["https:\/\/fmgente.com.ar\/web\/gran-hermano-cambia-de-horario-a-que-hora-se-podra-ver-la-casa-en-vivo-este-martes-en-telefe\/"]}]},{"@type":"ImageObject","inLanguage":"es","@id":"https:\/\/fmgente.com.ar\/web\/gran-hermano-cambia-de-horario-a-que-hora-se-podra-ver-la-casa-en-vivo-este-martes-en-telefe\/#primaryimage","url":"https:\/\/fmgente.com.ar\/web\/wp-content\/uploads\/2026\/04\/720-414.jpeg","contentUrl":"https:\/\/fmgente.com.ar\/web\/wp-content\/uploads\/2026\/04\/720-414.jpeg","width":1080,"height":720},{"@type":"WebSite","@id":"https:\/\/fmgente.com.ar\/web\/#website","url":"https:\/\/fmgente.com.ar\/web\/","name":"Fm Gente","description":"- Jes\u00fas Mar\u00eda","publisher":{"@id":"https:\/\/fmgente.com.ar\/web\/#organization"},"potentialAction":[{"@type":"SearchAction","target":{"@type":"EntryPoint","urlTemplate":"https:\/\/fmgente.com.ar\/web\/?s={search_term_string}"},"query-input":{"@type":"PropertyValueSpecification","valueRequired":true,"valueName":"search_term_string"}}],"inLanguage":"es"},{"@type":"Organization","@id":"https:\/\/fmgente.com.ar\/web\/#organization","name":"Fm Gente","url":"https:\/\/fmgente.com.ar\/web\/","logo":{"@type":"ImageObject","inLanguage":"es","@id":"https:\/\/fmgente.com.ar\/web\/#\/schema\/logo\/image\/","url":"https:\/\/fmgente.com.ar\/web\/wp-content\/uploads\/2023\/07\/cropped-cropped-logo-sombra2.png","contentUrl":"https:\/\/fmgente.com.ar\/web\/wp-content\/uploads\/2023\/07\/cropped-cropped-logo-sombra2.png","width":1782,"height":1782,"caption":"Fm Gente"},"image":{"@id":"https:\/\/fmgente.com.ar\/web\/#\/schema\/logo\/image\/"}}]}},"_links":{"self":[{"href":"https:\/\/fmgente.com.ar\/web\/wp-json\/wp\/v2\/posts\/18481","targetHints":{"allow":["GET"]}}],"collection":[{"href":"https:\/\/fmgente.com.ar\/web\/wp-json\/wp\/v2\/posts"}],"about":[{"href":"https:\/\/fmgente.com.ar\/web\/wp-json\/wp\/v2\/types\/post"}],"replies":[{"embeddable":true,"href":"https:\/\/fmgente.com.ar\/web\/wp-json\/wp\/v2\/comments?post=18481"}],"version-history":[{"count":0,"href":"https:\/\/fmgente.com.ar\/web\/wp-json\/wp\/v2\/posts\/18481\/revisions"}],"wp:featuredmedia":[{"embeddable":true,"href":"https:\/\/fmgente.com.ar\/web\/wp-json\/wp\/v2\/media\/18482"}],"wp:attachment":[{"href":"https:\/\/fmgente.com.ar\/web\/wp-json\/wp\/v2\/media?parent=18481"}],"wp:term":[{"taxonomy":"category","embeddable":true,"href":"https:\/\/fmgente.com.ar\/web\/wp-json\/wp\/v2\/categories?post=18481"},{"taxonomy":"post_tag","embeddable":true,"href":"https:\/\/fmgente.com.ar\/web\/wp-json\/wp\/v2\/tags?post=18481"}],"curies":[{"name":"wp","href":"https:\/\/api.w.org\/{rel}","templated":true}]}}