{"id":18465,"date":"2026-04-07T20:04:50","date_gmt":"2026-04-07T23:04:50","guid":{"rendered":"https:\/\/fmgente.com.ar\/web\/gobierno-brasileno-presento-un-protocolo-para-investigar-crimenes-contra-periodistas\/"},"modified":"2026-04-07T20:04:50","modified_gmt":"2026-04-07T23:04:50","slug":"gobierno-brasileno-presento-un-protocolo-para-investigar-crimenes-contra-periodistas","status":"publish","type":"post","link":"https:\/\/fmgente.com.ar\/web\/gobierno-brasileno-presento-un-protocolo-para-investigar-crimenes-contra-periodistas\/","title":{"rendered":"Gobierno brasile\u00f1o present\u00f3 un protocolo para investigar cr\u00edmenes contra periodistas"},"content":{"rendered":"<p>Buenos Aires, 7 abrill (NA) \u2013 El gobierno brasile\u00f1o, encabezado por Luiz Inacio Lula Da Silva, formaliz\u00f3 este martes un protocolo nacional para investigar cr\u00edmenes contra periodistas y comunicadores, en un paso considerado in\u00e9dito en el pa\u00eds y orientado a fortalecer la protecci\u00f3n de la libertad de prensa y la democracia.<\/p>\n<p>El documento fue firmado por el Ministerio de Justicia y Seguridad P\u00fablica durante un acto realizado en el Palacio del Planalto en Brasilia, sede del Poder Ejecutivo, en el marco del D\u00eda del Periodista, celebrado este 7 de abril en la naci\u00f3n sudamericana.<\/p>\n<p>El nuevo protocolo establece directrices para la prevenci\u00f3n, investigaci\u00f3n y sanci\u00f3n de delitos cometidos contra profesionales de la comunicaci\u00f3n, adem\u00e1s de garantizar medidas de protecci\u00f3n inmediata para las v\u00edctimas y sus familiares.<\/p>\n<p>El ministro de Justicia y Seguridad P\u00fablica, Wellington C\u00e9sar, dijo que la iniciativa busca reconocer la gravedad de la violencia contra periodistas y su impacto en el sistema democr\u00e1tico. \u00abProteger a quienes informan es, en \u00faltima instancia, proteger el coraz\u00f3n de la democracia\u00bb, afirm\u00f3.<\/p>\n<p>Seg\u00fan supo la agencia Noticias Argentinas, la normativa se estructura en cuatro ejes principales: la protecci\u00f3n inmediata de las v\u00edctimas, la mejora de los procesos de investigaci\u00f3n, la producci\u00f3n y preservaci\u00f3n de pruebas, y la atenci\u00f3n especializada a los afectados. Tambi\u00e9n incluye procedimientos espec\u00edficos para casos complejos, como desapariciones.<\/p>\n<p>De acuerdo con Reporteros Sin Fronteras, Brasil ocupa el puesto 63 entre 180 pa\u00edses en el \u00edndice de libertad de prensa de 2025, en un contexto marcado por desaf\u00edos persistentes relacionados con la seguridad de los periodistas.<\/p>\n<p>Durante el evento, el Gobierno tambi\u00e9n anunci\u00f3 el lanzamiento del Concurso Dom Phillips y Bruno Pereira de Periodismo y Comunicaci\u00f3n, destinado a incentivar producciones enfocadas en medio ambiente, pueblos ind\u00edgenas y comunidades tradicionales.<\/p>\n<p>El caso de Dom Phillips, periodista brit\u00e1nico, y del indigenista brasile\u00f1o Bruno Pereira, ambos asesinados en 2022 en la Amazonia, tuvo amplia repercusi\u00f3n internacional y evidenci\u00f3 los riesgos que enfrentan los comunicadores en determinadas regiones.<\/p>\n<p>#AgenciaNA<\/p>\n","protected":false},"excerpt":{"rendered":"<p>Buenos Aires, 7 abrill (NA) \u2013 El gobierno brasile\u00f1o, encabezado por Luiz Inacio Lula Da<\/p>\n","protected":false},"author":0,"featured_media":18466,"comment_status":"","ping_status":"","sticky":false,"template":"","format":"standard","meta":{"footnotes":""},"categories":[1],"tags":[],"class_list":["post-18465","post","type-post","status-publish","format-standard","has-post-thumbnail","hentry","category-regionales"],"yoast_head":"<!-- This site is optimized with the Yoast SEO plugin v27.4 - https:\/\/yoast.com\/product\/yoast-seo-wordpress\/ -->\n<title>Gobierno brasile\u00f1o present\u00f3 un protocolo para investigar cr\u00edmenes contra periodistas - Fm Gente<\/title>\n<meta name=\"robots\" content=\"index, follow, max-snippet:-1, max-image-preview:large, max-video-preview:-1\" \/>\n<link rel=\"canonical\" href=\"https:\/\/fmgente.com.ar\/web\/gobierno-brasileno-presento-un-protocolo-para-investigar-crimenes-contra-periodistas\/\" \/>\n<meta property=\"og:locale\" content=\"es_ES\" \/>\n<meta property=\"og:type\" content=\"article\" \/>\n<meta property=\"og:title\" content=\"Gobierno brasile\u00f1o present\u00f3 un protocolo para investigar cr\u00edmenes contra periodistas - Fm Gente\" \/>\n<meta property=\"og:description\" content=\"Buenos Aires, 7 abrill (NA) \u2013 El gobierno brasile\u00f1o, encabezado por Luiz Inacio Lula Da\" \/>\n<meta property=\"og:url\" content=\"https:\/\/fmgente.com.ar\/web\/gobierno-brasileno-presento-un-protocolo-para-investigar-crimenes-contra-periodistas\/\" \/>\n<meta property=\"og:site_name\" content=\"Fm Gente\" \/>\n<meta property=\"article:published_time\" content=\"2026-04-07T23:04:50+00:00\" \/>\n<meta name=\"twitter:card\" content=\"summary_large_image\" \/>\n<meta name=\"twitter:label1\" content=\"Tiempo de lectura\" \/>\n\t<meta name=\"twitter:data1\" content=\"2 minutos\" \/>\n<script type=\"application\/ld+json\" class=\"yoast-schema-graph\">{\"@context\":\"https:\\\/\\\/schema.org\",\"@graph\":[{\"@type\":\"Article\",\"@id\":\"https:\\\/\\\/fmgente.com.ar\\\/web\\\/gobierno-brasileno-presento-un-protocolo-para-investigar-crimenes-contra-periodistas\\\/#article\",\"isPartOf\":{\"@id\":\"https:\\\/\\\/fmgente.com.ar\\\/web\\\/gobierno-brasileno-presento-un-protocolo-para-investigar-crimenes-contra-periodistas\\\/\"},\"author\":{\"name\":\"\",\"@id\":\"\"},\"headline\":\"Gobierno brasile\u00f1o present\u00f3 un protocolo para investigar cr\u00edmenes contra periodistas\",\"datePublished\":\"2026-04-07T23:04:50+00:00\",\"mainEntityOfPage\":{\"@id\":\"https:\\\/\\\/fmgente.com.ar\\\/web\\\/gobierno-brasileno-presento-un-protocolo-para-investigar-crimenes-contra-periodistas\\\/\"},\"wordCount\":366,\"publisher\":{\"@id\":\"https:\\\/\\\/fmgente.com.ar\\\/web\\\/#organization\"},\"image\":{\"@id\":\"https:\\\/\\\/fmgente.com.ar\\\/web\\\/gobierno-brasileno-presento-un-protocolo-para-investigar-crimenes-contra-periodistas\\\/#primaryimage\"},\"thumbnailUrl\":\"https:\\\/\\\/fmgente.com.ar\\\/web\\\/wp-content\\\/uploads\\\/2026\\\/04\\\/720-406.jpeg\",\"articleSection\":[\"REGIONALES\"],\"inLanguage\":\"es\"},{\"@type\":\"WebPage\",\"@id\":\"https:\\\/\\\/fmgente.com.ar\\\/web\\\/gobierno-brasileno-presento-un-protocolo-para-investigar-crimenes-contra-periodistas\\\/\",\"url\":\"https:\\\/\\\/fmgente.com.ar\\\/web\\\/gobierno-brasileno-presento-un-protocolo-para-investigar-crimenes-contra-periodistas\\\/\",\"name\":\"Gobierno brasile\u00f1o present\u00f3 un protocolo para investigar cr\u00edmenes contra periodistas - Fm Gente\",\"isPartOf\":{\"@id\":\"https:\\\/\\\/fmgente.com.ar\\\/web\\\/#website\"},\"primaryImageOfPage\":{\"@id\":\"https:\\\/\\\/fmgente.com.ar\\\/web\\\/gobierno-brasileno-presento-un-protocolo-para-investigar-crimenes-contra-periodistas\\\/#primaryimage\"},\"image\":{\"@id\":\"https:\\\/\\\/fmgente.com.ar\\\/web\\\/gobierno-brasileno-presento-un-protocolo-para-investigar-crimenes-contra-periodistas\\\/#primaryimage\"},\"thumbnailUrl\":\"https:\\\/\\\/fmgente.com.ar\\\/web\\\/wp-content\\\/uploads\\\/2026\\\/04\\\/720-406.jpeg\",\"datePublished\":\"2026-04-07T23:04:50+00:00\",\"inLanguage\":\"es\",\"potentialAction\":[{\"@type\":\"ReadAction\",\"target\":[\"https:\\\/\\\/fmgente.com.ar\\\/web\\\/gobierno-brasileno-presento-un-protocolo-para-investigar-crimenes-contra-periodistas\\\/\"]}]},{\"@type\":\"ImageObject\",\"inLanguage\":\"es\",\"@id\":\"https:\\\/\\\/fmgente.com.ar\\\/web\\\/gobierno-brasileno-presento-un-protocolo-para-investigar-crimenes-contra-periodistas\\\/#primaryimage\",\"url\":\"https:\\\/\\\/fmgente.com.ar\\\/web\\\/wp-content\\\/uploads\\\/2026\\\/04\\\/720-406.jpeg\",\"contentUrl\":\"https:\\\/\\\/fmgente.com.ar\\\/web\\\/wp-content\\\/uploads\\\/2026\\\/04\\\/720-406.jpeg\",\"width\":1280,\"height\":716},{\"@type\":\"WebSite\",\"@id\":\"https:\\\/\\\/fmgente.com.ar\\\/web\\\/#website\",\"url\":\"https:\\\/\\\/fmgente.com.ar\\\/web\\\/\",\"name\":\"Fm Gente\",\"description\":\"- Jes\u00fas Mar\u00eda\",\"publisher\":{\"@id\":\"https:\\\/\\\/fmgente.com.ar\\\/web\\\/#organization\"},\"potentialAction\":[{\"@type\":\"SearchAction\",\"target\":{\"@type\":\"EntryPoint\",\"urlTemplate\":\"https:\\\/\\\/fmgente.com.ar\\\/web\\\/?s={search_term_string}\"},\"query-input\":{\"@type\":\"PropertyValueSpecification\",\"valueRequired\":true,\"valueName\":\"search_term_string\"}}],\"inLanguage\":\"es\"},{\"@type\":\"Organization\",\"@id\":\"https:\\\/\\\/fmgente.com.ar\\\/web\\\/#organization\",\"name\":\"Fm Gente\",\"url\":\"https:\\\/\\\/fmgente.com.ar\\\/web\\\/\",\"logo\":{\"@type\":\"ImageObject\",\"inLanguage\":\"es\",\"@id\":\"https:\\\/\\\/fmgente.com.ar\\\/web\\\/#\\\/schema\\\/logo\\\/image\\\/\",\"url\":\"https:\\\/\\\/fmgente.com.ar\\\/web\\\/wp-content\\\/uploads\\\/2023\\\/07\\\/cropped-cropped-logo-sombra2.png\",\"contentUrl\":\"https:\\\/\\\/fmgente.com.ar\\\/web\\\/wp-content\\\/uploads\\\/2023\\\/07\\\/cropped-cropped-logo-sombra2.png\",\"width\":1782,\"height\":1782,\"caption\":\"Fm Gente\"},\"image\":{\"@id\":\"https:\\\/\\\/fmgente.com.ar\\\/web\\\/#\\\/schema\\\/logo\\\/image\\\/\"}}]}<\/script>\n<!-- \/ Yoast SEO plugin. -->","yoast_head_json":{"title":"Gobierno brasile\u00f1o present\u00f3 un protocolo para investigar cr\u00edmenes contra periodistas - Fm Gente","robots":{"index":"index","follow":"follow","max-snippet":"max-snippet:-1","max-image-preview":"max-image-preview:large","max-video-preview":"max-video-preview:-1"},"canonical":"https:\/\/fmgente.com.ar\/web\/gobierno-brasileno-presento-un-protocolo-para-investigar-crimenes-contra-periodistas\/","og_locale":"es_ES","og_type":"article","og_title":"Gobierno brasile\u00f1o present\u00f3 un protocolo para investigar cr\u00edmenes contra periodistas - Fm Gente","og_description":"Buenos Aires, 7 abrill (NA) \u2013 El gobierno brasile\u00f1o, encabezado por Luiz Inacio Lula Da","og_url":"https:\/\/fmgente.com.ar\/web\/gobierno-brasileno-presento-un-protocolo-para-investigar-crimenes-contra-periodistas\/","og_site_name":"Fm Gente","article_published_time":"2026-04-07T23:04:50+00:00","twitter_card":"summary_large_image","twitter_misc":{"Tiempo de lectura":"2 minutos"},"schema":{"@context":"https:\/\/schema.org","@graph":[{"@type":"Article","@id":"https:\/\/fmgente.com.ar\/web\/gobierno-brasileno-presento-un-protocolo-para-investigar-crimenes-contra-periodistas\/#article","isPartOf":{"@id":"https:\/\/fmgente.com.ar\/web\/gobierno-brasileno-presento-un-protocolo-para-investigar-crimenes-contra-periodistas\/"},"author":{"name":"","@id":""},"headline":"Gobierno brasile\u00f1o present\u00f3 un protocolo para investigar cr\u00edmenes contra periodistas","datePublished":"2026-04-07T23:04:50+00:00","mainEntityOfPage":{"@id":"https:\/\/fmgente.com.ar\/web\/gobierno-brasileno-presento-un-protocolo-para-investigar-crimenes-contra-periodistas\/"},"wordCount":366,"publisher":{"@id":"https:\/\/fmgente.com.ar\/web\/#organization"},"image":{"@id":"https:\/\/fmgente.com.ar\/web\/gobierno-brasileno-presento-un-protocolo-para-investigar-crimenes-contra-periodistas\/#primaryimage"},"thumbnailUrl":"https:\/\/fmgente.com.ar\/web\/wp-content\/uploads\/2026\/04\/720-406.jpeg","articleSection":["REGIONALES"],"inLanguage":"es"},{"@type":"WebPage","@id":"https:\/\/fmgente.com.ar\/web\/gobierno-brasileno-presento-un-protocolo-para-investigar-crimenes-contra-periodistas\/","url":"https:\/\/fmgente.com.ar\/web\/gobierno-brasileno-presento-un-protocolo-para-investigar-crimenes-contra-periodistas\/","name":"Gobierno brasile\u00f1o present\u00f3 un protocolo para investigar cr\u00edmenes contra periodistas - Fm Gente","isPartOf":{"@id":"https:\/\/fmgente.com.ar\/web\/#website"},"primaryImageOfPage":{"@id":"https:\/\/fmgente.com.ar\/web\/gobierno-brasileno-presento-un-protocolo-para-investigar-crimenes-contra-periodistas\/#primaryimage"},"image":{"@id":"https:\/\/fmgente.com.ar\/web\/gobierno-brasileno-presento-un-protocolo-para-investigar-crimenes-contra-periodistas\/#primaryimage"},"thumbnailUrl":"https:\/\/fmgente.com.ar\/web\/wp-content\/uploads\/2026\/04\/720-406.jpeg","datePublished":"2026-04-07T23:04:50+00:00","inLanguage":"es","potentialAction":[{"@type":"ReadAction","target":["https:\/\/fmgente.com.ar\/web\/gobierno-brasileno-presento-un-protocolo-para-investigar-crimenes-contra-periodistas\/"]}]},{"@type":"ImageObject","inLanguage":"es","@id":"https:\/\/fmgente.com.ar\/web\/gobierno-brasileno-presento-un-protocolo-para-investigar-crimenes-contra-periodistas\/#primaryimage","url":"https:\/\/fmgente.com.ar\/web\/wp-content\/uploads\/2026\/04\/720-406.jpeg","contentUrl":"https:\/\/fmgente.com.ar\/web\/wp-content\/uploads\/2026\/04\/720-406.jpeg","width":1280,"height":716},{"@type":"WebSite","@id":"https:\/\/fmgente.com.ar\/web\/#website","url":"https:\/\/fmgente.com.ar\/web\/","name":"Fm Gente","description":"- Jes\u00fas Mar\u00eda","publisher":{"@id":"https:\/\/fmgente.com.ar\/web\/#organization"},"potentialAction":[{"@type":"SearchAction","target":{"@type":"EntryPoint","urlTemplate":"https:\/\/fmgente.com.ar\/web\/?s={search_term_string}"},"query-input":{"@type":"PropertyValueSpecification","valueRequired":true,"valueName":"search_term_string"}}],"inLanguage":"es"},{"@type":"Organization","@id":"https:\/\/fmgente.com.ar\/web\/#organization","name":"Fm Gente","url":"https:\/\/fmgente.com.ar\/web\/","logo":{"@type":"ImageObject","inLanguage":"es","@id":"https:\/\/fmgente.com.ar\/web\/#\/schema\/logo\/image\/","url":"https:\/\/fmgente.com.ar\/web\/wp-content\/uploads\/2023\/07\/cropped-cropped-logo-sombra2.png","contentUrl":"https:\/\/fmgente.com.ar\/web\/wp-content\/uploads\/2023\/07\/cropped-cropped-logo-sombra2.png","width":1782,"height":1782,"caption":"Fm Gente"},"image":{"@id":"https:\/\/fmgente.com.ar\/web\/#\/schema\/logo\/image\/"}}]}},"_links":{"self":[{"href":"https:\/\/fmgente.com.ar\/web\/wp-json\/wp\/v2\/posts\/18465","targetHints":{"allow":["GET"]}}],"collection":[{"href":"https:\/\/fmgente.com.ar\/web\/wp-json\/wp\/v2\/posts"}],"about":[{"href":"https:\/\/fmgente.com.ar\/web\/wp-json\/wp\/v2\/types\/post"}],"replies":[{"embeddable":true,"href":"https:\/\/fmgente.com.ar\/web\/wp-json\/wp\/v2\/comments?post=18465"}],"version-history":[{"count":0,"href":"https:\/\/fmgente.com.ar\/web\/wp-json\/wp\/v2\/posts\/18465\/revisions"}],"wp:featuredmedia":[{"embeddable":true,"href":"https:\/\/fmgente.com.ar\/web\/wp-json\/wp\/v2\/media\/18466"}],"wp:attachment":[{"href":"https:\/\/fmgente.com.ar\/web\/wp-json\/wp\/v2\/media?parent=18465"}],"wp:term":[{"taxonomy":"category","embeddable":true,"href":"https:\/\/fmgente.com.ar\/web\/wp-json\/wp\/v2\/categories?post=18465"},{"taxonomy":"post_tag","embeddable":true,"href":"https:\/\/fmgente.com.ar\/web\/wp-json\/wp\/v2\/tags?post=18465"}],"curies":[{"name":"wp","href":"https:\/\/api.w.org\/{rel}","templated":true}]}}