{"id":18461,"date":"2026-04-07T19:08:41","date_gmt":"2026-04-07T22:08:41","guid":{"rendered":"https:\/\/fmgente.com.ar\/web\/bill-gates-comparecera-en-el-congreso-de-estados-unidos-por-caso-epstein\/"},"modified":"2026-04-07T19:08:41","modified_gmt":"2026-04-07T22:08:41","slug":"bill-gates-comparecera-en-el-congreso-de-estados-unidos-por-caso-epstein","status":"publish","type":"post","link":"https:\/\/fmgente.com.ar\/web\/bill-gates-comparecera-en-el-congreso-de-estados-unidos-por-caso-epstein\/","title":{"rendered":"Bill Gates comparecer\u00e1 en el Congreso de Estados Unidos por caso Epstein"},"content":{"rendered":"<p>Buenos Aires, 7 abril (NA) \u2014 El fundador de Microsoft, Bill Gates, comparecer\u00e1 el pr\u00f3ximo 10 de junio en la C\u00e1mara de Representantes de Estados Unidos en el marco de la investigaci\u00f3n sobre el caso del fallecido delincuente sexual Jeffrey Epstein.<\/p>\n<p>Gates responder\u00e1 a preguntas del Comit\u00e9 de Supervisi\u00f3n, que solicit\u00f3 su testimonio a trav\u00e9s de una carta el pasado 3 de marzo, para explicar los detalles de su relaci\u00f3n con Epstein, seg\u00fan publican medios estadounidenses este martes, report\u00f3 el sitio DW y supo la Agencia Noticias Argentinas.<\/p>\n<p>Un portavoz del magnate asegur\u00f3 que \u00e9ste \u201cacoge con satisfacci\u00f3n\u201d la oportunidad de comparecer ante el comit\u00e9.<\/p>\n<p>Gates ya se pronunci\u00f3 el pasado 4 de febrero, despu\u00e9s de que el Departamento de Justicia hiciera p\u00fablicos tres millones de p\u00e1ginas adicionales relacionadas con Epstein.<\/p>\n<p>GATES NIEGA HABER COMETIDO IRREGULARIDADES<\/p>\n<p>El multimillonario neg\u00f3 haber cometido ninguna irregularidad y asegur\u00f3 que lamentaba \u201ccada minuto\u201d que pas\u00f3 con Epstein e insisti\u00f3 en que fue una \u201cinsensatez\u201d haber pasado tiempo con el agresor sexual y que las afirmaciones que este hizo sobre \u00e9l en los documentos eran \u201cfalsas\u201d.<\/p>\n<p>En 2013, Epstein se habr\u00eda enviado a s\u00ed mismo unos correos electr\u00f3nicos en los que daba a entender que Gates estaba teniendo una aventura extramatrimonial y buscando antibi\u00f3ticos para tratarse una enfermedad de transmisi\u00f3n sexual y a\u00f1adirle esos medicamentos a su entonces esposa, Melinda, sin que se diera cuenta.<\/p>\n<p>Gates neg\u00f3 todas las acusaciones. \u201cAl parecer, Jeffrey se envi\u00f3 un correo electr\u00f3nico a s\u00ed mismo. Ese correo nunca se envi\u00f3, es falso. As\u00ed que no s\u00e9 qu\u00e9 estaba pensando. \u00bfIntentaba atacarme de alguna manera?\u201d, dijo.<\/p>\n<p>El cofundador de Microsoft declar\u00f3 entonces que conoci\u00f3 a Epstein en 2011 y que cenaron juntos en varias ocasiones, pero neg\u00f3 haber visitado su isla privada en las Islas V\u00edrgenes.<\/p>\n<p>DECLARACIONES DE EXESPOSA DE GATES<\/p>\n<p>Las declaraciones de Gates se produjeron despu\u00e9s de que su exesposa Melinda French Gates dijera que su exmarido ten\u00eda \u201ccuestiones que explicar sobre sus v\u00ednculos\u201d con Epstein.<\/p>\n<p>Sobre esta cuesti\u00f3n, entre otras, tendr\u00e1 que responder Gates ante los representantes en la C\u00e1mara Baja.<\/p>\n<p>Ante este comit\u00e9 ya han comparecido, entre otros, el expresidente de Estados Unidos Bill Clinton y la exsecretaria de Estado Hillary Clinton.<\/p>\n<p>#AgenciaNA<\/p>\n","protected":false},"excerpt":{"rendered":"<p>Buenos Aires, 7 abril (NA) \u2014 El fundador de Microsoft, Bill Gates, comparecer\u00e1 el pr\u00f3ximo<\/p>\n","protected":false},"author":0,"featured_media":18462,"comment_status":"","ping_status":"","sticky":false,"template":"","format":"standard","meta":{"footnotes":""},"categories":[1],"tags":[],"class_list":["post-18461","post","type-post","status-publish","format-standard","has-post-thumbnail","hentry","category-regionales"],"yoast_head":"<!-- This site is optimized with the Yoast SEO plugin v27.4 - https:\/\/yoast.com\/product\/yoast-seo-wordpress\/ -->\n<title>Bill Gates comparecer\u00e1 en el Congreso de Estados Unidos por caso Epstein - Fm Gente<\/title>\n<meta name=\"robots\" content=\"index, follow, max-snippet:-1, max-image-preview:large, max-video-preview:-1\" \/>\n<link rel=\"canonical\" href=\"https:\/\/fmgente.com.ar\/web\/bill-gates-comparecera-en-el-congreso-de-estados-unidos-por-caso-epstein\/\" \/>\n<meta property=\"og:locale\" content=\"es_ES\" \/>\n<meta property=\"og:type\" content=\"article\" \/>\n<meta property=\"og:title\" content=\"Bill Gates comparecer\u00e1 en el Congreso de Estados Unidos por caso Epstein - Fm Gente\" \/>\n<meta property=\"og:description\" content=\"Buenos Aires, 7 abril (NA) \u2014 El fundador de Microsoft, Bill Gates, comparecer\u00e1 el pr\u00f3ximo\" \/>\n<meta property=\"og:url\" content=\"https:\/\/fmgente.com.ar\/web\/bill-gates-comparecera-en-el-congreso-de-estados-unidos-por-caso-epstein\/\" \/>\n<meta property=\"og:site_name\" content=\"Fm Gente\" \/>\n<meta property=\"article:published_time\" content=\"2026-04-07T22:08:41+00:00\" \/>\n<meta name=\"twitter:card\" content=\"summary_large_image\" \/>\n<meta name=\"twitter:label1\" content=\"Tiempo de lectura\" \/>\n\t<meta name=\"twitter:data1\" content=\"2 minutos\" \/>\n<script type=\"application\/ld+json\" class=\"yoast-schema-graph\">{\"@context\":\"https:\\\/\\\/schema.org\",\"@graph\":[{\"@type\":\"Article\",\"@id\":\"https:\\\/\\\/fmgente.com.ar\\\/web\\\/bill-gates-comparecera-en-el-congreso-de-estados-unidos-por-caso-epstein\\\/#article\",\"isPartOf\":{\"@id\":\"https:\\\/\\\/fmgente.com.ar\\\/web\\\/bill-gates-comparecera-en-el-congreso-de-estados-unidos-por-caso-epstein\\\/\"},\"author\":{\"name\":\"\",\"@id\":\"\"},\"headline\":\"Bill Gates comparecer\u00e1 en el Congreso de Estados Unidos por caso Epstein\",\"datePublished\":\"2026-04-07T22:08:41+00:00\",\"mainEntityOfPage\":{\"@id\":\"https:\\\/\\\/fmgente.com.ar\\\/web\\\/bill-gates-comparecera-en-el-congreso-de-estados-unidos-por-caso-epstein\\\/\"},\"wordCount\":395,\"publisher\":{\"@id\":\"https:\\\/\\\/fmgente.com.ar\\\/web\\\/#organization\"},\"image\":{\"@id\":\"https:\\\/\\\/fmgente.com.ar\\\/web\\\/bill-gates-comparecera-en-el-congreso-de-estados-unidos-por-caso-epstein\\\/#primaryimage\"},\"thumbnailUrl\":\"https:\\\/\\\/fmgente.com.ar\\\/web\\\/wp-content\\\/uploads\\\/2026\\\/04\\\/720-404.jpeg\",\"articleSection\":[\"REGIONALES\"],\"inLanguage\":\"es\"},{\"@type\":\"WebPage\",\"@id\":\"https:\\\/\\\/fmgente.com.ar\\\/web\\\/bill-gates-comparecera-en-el-congreso-de-estados-unidos-por-caso-epstein\\\/\",\"url\":\"https:\\\/\\\/fmgente.com.ar\\\/web\\\/bill-gates-comparecera-en-el-congreso-de-estados-unidos-por-caso-epstein\\\/\",\"name\":\"Bill Gates comparecer\u00e1 en el Congreso de Estados Unidos por caso Epstein - Fm Gente\",\"isPartOf\":{\"@id\":\"https:\\\/\\\/fmgente.com.ar\\\/web\\\/#website\"},\"primaryImageOfPage\":{\"@id\":\"https:\\\/\\\/fmgente.com.ar\\\/web\\\/bill-gates-comparecera-en-el-congreso-de-estados-unidos-por-caso-epstein\\\/#primaryimage\"},\"image\":{\"@id\":\"https:\\\/\\\/fmgente.com.ar\\\/web\\\/bill-gates-comparecera-en-el-congreso-de-estados-unidos-por-caso-epstein\\\/#primaryimage\"},\"thumbnailUrl\":\"https:\\\/\\\/fmgente.com.ar\\\/web\\\/wp-content\\\/uploads\\\/2026\\\/04\\\/720-404.jpeg\",\"datePublished\":\"2026-04-07T22:08:41+00:00\",\"inLanguage\":\"es\",\"potentialAction\":[{\"@type\":\"ReadAction\",\"target\":[\"https:\\\/\\\/fmgente.com.ar\\\/web\\\/bill-gates-comparecera-en-el-congreso-de-estados-unidos-por-caso-epstein\\\/\"]}]},{\"@type\":\"ImageObject\",\"inLanguage\":\"es\",\"@id\":\"https:\\\/\\\/fmgente.com.ar\\\/web\\\/bill-gates-comparecera-en-el-congreso-de-estados-unidos-por-caso-epstein\\\/#primaryimage\",\"url\":\"https:\\\/\\\/fmgente.com.ar\\\/web\\\/wp-content\\\/uploads\\\/2026\\\/04\\\/720-404.jpeg\",\"contentUrl\":\"https:\\\/\\\/fmgente.com.ar\\\/web\\\/wp-content\\\/uploads\\\/2026\\\/04\\\/720-404.jpeg\",\"width\":1280,\"height\":719},{\"@type\":\"WebSite\",\"@id\":\"https:\\\/\\\/fmgente.com.ar\\\/web\\\/#website\",\"url\":\"https:\\\/\\\/fmgente.com.ar\\\/web\\\/\",\"name\":\"Fm Gente\",\"description\":\"- Jes\u00fas Mar\u00eda\",\"publisher\":{\"@id\":\"https:\\\/\\\/fmgente.com.ar\\\/web\\\/#organization\"},\"potentialAction\":[{\"@type\":\"SearchAction\",\"target\":{\"@type\":\"EntryPoint\",\"urlTemplate\":\"https:\\\/\\\/fmgente.com.ar\\\/web\\\/?s={search_term_string}\"},\"query-input\":{\"@type\":\"PropertyValueSpecification\",\"valueRequired\":true,\"valueName\":\"search_term_string\"}}],\"inLanguage\":\"es\"},{\"@type\":\"Organization\",\"@id\":\"https:\\\/\\\/fmgente.com.ar\\\/web\\\/#organization\",\"name\":\"Fm Gente\",\"url\":\"https:\\\/\\\/fmgente.com.ar\\\/web\\\/\",\"logo\":{\"@type\":\"ImageObject\",\"inLanguage\":\"es\",\"@id\":\"https:\\\/\\\/fmgente.com.ar\\\/web\\\/#\\\/schema\\\/logo\\\/image\\\/\",\"url\":\"https:\\\/\\\/fmgente.com.ar\\\/web\\\/wp-content\\\/uploads\\\/2023\\\/07\\\/cropped-cropped-logo-sombra2.png\",\"contentUrl\":\"https:\\\/\\\/fmgente.com.ar\\\/web\\\/wp-content\\\/uploads\\\/2023\\\/07\\\/cropped-cropped-logo-sombra2.png\",\"width\":1782,\"height\":1782,\"caption\":\"Fm Gente\"},\"image\":{\"@id\":\"https:\\\/\\\/fmgente.com.ar\\\/web\\\/#\\\/schema\\\/logo\\\/image\\\/\"}}]}<\/script>\n<!-- \/ Yoast SEO plugin. -->","yoast_head_json":{"title":"Bill Gates comparecer\u00e1 en el Congreso de Estados Unidos por caso Epstein - Fm Gente","robots":{"index":"index","follow":"follow","max-snippet":"max-snippet:-1","max-image-preview":"max-image-preview:large","max-video-preview":"max-video-preview:-1"},"canonical":"https:\/\/fmgente.com.ar\/web\/bill-gates-comparecera-en-el-congreso-de-estados-unidos-por-caso-epstein\/","og_locale":"es_ES","og_type":"article","og_title":"Bill Gates comparecer\u00e1 en el Congreso de Estados Unidos por caso Epstein - Fm Gente","og_description":"Buenos Aires, 7 abril (NA) \u2014 El fundador de Microsoft, Bill Gates, comparecer\u00e1 el pr\u00f3ximo","og_url":"https:\/\/fmgente.com.ar\/web\/bill-gates-comparecera-en-el-congreso-de-estados-unidos-por-caso-epstein\/","og_site_name":"Fm Gente","article_published_time":"2026-04-07T22:08:41+00:00","twitter_card":"summary_large_image","twitter_misc":{"Tiempo de lectura":"2 minutos"},"schema":{"@context":"https:\/\/schema.org","@graph":[{"@type":"Article","@id":"https:\/\/fmgente.com.ar\/web\/bill-gates-comparecera-en-el-congreso-de-estados-unidos-por-caso-epstein\/#article","isPartOf":{"@id":"https:\/\/fmgente.com.ar\/web\/bill-gates-comparecera-en-el-congreso-de-estados-unidos-por-caso-epstein\/"},"author":{"name":"","@id":""},"headline":"Bill Gates comparecer\u00e1 en el Congreso de Estados Unidos por caso Epstein","datePublished":"2026-04-07T22:08:41+00:00","mainEntityOfPage":{"@id":"https:\/\/fmgente.com.ar\/web\/bill-gates-comparecera-en-el-congreso-de-estados-unidos-por-caso-epstein\/"},"wordCount":395,"publisher":{"@id":"https:\/\/fmgente.com.ar\/web\/#organization"},"image":{"@id":"https:\/\/fmgente.com.ar\/web\/bill-gates-comparecera-en-el-congreso-de-estados-unidos-por-caso-epstein\/#primaryimage"},"thumbnailUrl":"https:\/\/fmgente.com.ar\/web\/wp-content\/uploads\/2026\/04\/720-404.jpeg","articleSection":["REGIONALES"],"inLanguage":"es"},{"@type":"WebPage","@id":"https:\/\/fmgente.com.ar\/web\/bill-gates-comparecera-en-el-congreso-de-estados-unidos-por-caso-epstein\/","url":"https:\/\/fmgente.com.ar\/web\/bill-gates-comparecera-en-el-congreso-de-estados-unidos-por-caso-epstein\/","name":"Bill Gates comparecer\u00e1 en el Congreso de Estados Unidos por caso Epstein - Fm Gente","isPartOf":{"@id":"https:\/\/fmgente.com.ar\/web\/#website"},"primaryImageOfPage":{"@id":"https:\/\/fmgente.com.ar\/web\/bill-gates-comparecera-en-el-congreso-de-estados-unidos-por-caso-epstein\/#primaryimage"},"image":{"@id":"https:\/\/fmgente.com.ar\/web\/bill-gates-comparecera-en-el-congreso-de-estados-unidos-por-caso-epstein\/#primaryimage"},"thumbnailUrl":"https:\/\/fmgente.com.ar\/web\/wp-content\/uploads\/2026\/04\/720-404.jpeg","datePublished":"2026-04-07T22:08:41+00:00","inLanguage":"es","potentialAction":[{"@type":"ReadAction","target":["https:\/\/fmgente.com.ar\/web\/bill-gates-comparecera-en-el-congreso-de-estados-unidos-por-caso-epstein\/"]}]},{"@type":"ImageObject","inLanguage":"es","@id":"https:\/\/fmgente.com.ar\/web\/bill-gates-comparecera-en-el-congreso-de-estados-unidos-por-caso-epstein\/#primaryimage","url":"https:\/\/fmgente.com.ar\/web\/wp-content\/uploads\/2026\/04\/720-404.jpeg","contentUrl":"https:\/\/fmgente.com.ar\/web\/wp-content\/uploads\/2026\/04\/720-404.jpeg","width":1280,"height":719},{"@type":"WebSite","@id":"https:\/\/fmgente.com.ar\/web\/#website","url":"https:\/\/fmgente.com.ar\/web\/","name":"Fm Gente","description":"- Jes\u00fas Mar\u00eda","publisher":{"@id":"https:\/\/fmgente.com.ar\/web\/#organization"},"potentialAction":[{"@type":"SearchAction","target":{"@type":"EntryPoint","urlTemplate":"https:\/\/fmgente.com.ar\/web\/?s={search_term_string}"},"query-input":{"@type":"PropertyValueSpecification","valueRequired":true,"valueName":"search_term_string"}}],"inLanguage":"es"},{"@type":"Organization","@id":"https:\/\/fmgente.com.ar\/web\/#organization","name":"Fm Gente","url":"https:\/\/fmgente.com.ar\/web\/","logo":{"@type":"ImageObject","inLanguage":"es","@id":"https:\/\/fmgente.com.ar\/web\/#\/schema\/logo\/image\/","url":"https:\/\/fmgente.com.ar\/web\/wp-content\/uploads\/2023\/07\/cropped-cropped-logo-sombra2.png","contentUrl":"https:\/\/fmgente.com.ar\/web\/wp-content\/uploads\/2023\/07\/cropped-cropped-logo-sombra2.png","width":1782,"height":1782,"caption":"Fm Gente"},"image":{"@id":"https:\/\/fmgente.com.ar\/web\/#\/schema\/logo\/image\/"}}]}},"_links":{"self":[{"href":"https:\/\/fmgente.com.ar\/web\/wp-json\/wp\/v2\/posts\/18461","targetHints":{"allow":["GET"]}}],"collection":[{"href":"https:\/\/fmgente.com.ar\/web\/wp-json\/wp\/v2\/posts"}],"about":[{"href":"https:\/\/fmgente.com.ar\/web\/wp-json\/wp\/v2\/types\/post"}],"replies":[{"embeddable":true,"href":"https:\/\/fmgente.com.ar\/web\/wp-json\/wp\/v2\/comments?post=18461"}],"version-history":[{"count":0,"href":"https:\/\/fmgente.com.ar\/web\/wp-json\/wp\/v2\/posts\/18461\/revisions"}],"wp:featuredmedia":[{"embeddable":true,"href":"https:\/\/fmgente.com.ar\/web\/wp-json\/wp\/v2\/media\/18462"}],"wp:attachment":[{"href":"https:\/\/fmgente.com.ar\/web\/wp-json\/wp\/v2\/media?parent=18461"}],"wp:term":[{"taxonomy":"category","embeddable":true,"href":"https:\/\/fmgente.com.ar\/web\/wp-json\/wp\/v2\/categories?post=18461"},{"taxonomy":"post_tag","embeddable":true,"href":"https:\/\/fmgente.com.ar\/web\/wp-json\/wp\/v2\/tags?post=18461"}],"curies":[{"name":"wp","href":"https:\/\/api.w.org\/{rel}","templated":true}]}}