{"id":18459,"date":"2026-04-07T19:08:40","date_gmt":"2026-04-07T22:08:40","guid":{"rendered":"https:\/\/fmgente.com.ar\/web\/un-adolescente-de-17-anos-llevo-un-arma-a-la-escuela-secundaria-y-quedo-detenido\/"},"modified":"2026-04-07T19:08:40","modified_gmt":"2026-04-07T22:08:40","slug":"un-adolescente-de-17-anos-llevo-un-arma-a-la-escuela-secundaria-y-quedo-detenido","status":"publish","type":"post","link":"https:\/\/fmgente.com.ar\/web\/un-adolescente-de-17-anos-llevo-un-arma-a-la-escuela-secundaria-y-quedo-detenido\/","title":{"rendered":"Un adolescente de 17 a\u00f1os llev\u00f3 un arma a la escuela secundaria y qued\u00f3 detenido"},"content":{"rendered":"<p>Buenos Aires, 7 abril (NA) &#8212; Un adolescente de 17 a\u00f1os qued\u00f3 detenido por haber llevado un arma al colegio El Salvador, ubicado en la capital tucumana, donde alba\u00f1iles que trabajaban en la realizaci\u00f3n de una pileta alertaron a las autoridades de la instituci\u00f3n.<\/p>\n<p>Seg\u00fan indicaron fuentes cercanas a la investigaci\u00f3n, el dispositivo contaba con seis balas y se encontraba entre las pertenencias del joven que asist\u00eda al cuarto a\u00f1o, divisi\u00f3n B, de la escuela ubicada en la intersecci\u00f3n de Am\u00e9rico Vespucio y avenida de Circunvalaci\u00f3n, tal como pudo saber la Agencia Noticias Argentinas.<\/p>\n<p>Asimismo, los encargados de la seguridad de los menores aplicaron el protocolo para estos casos y brindaron contenci\u00f3n a los compa\u00f1eros que se encontraban en el aula, a quienes retiraron del sal\u00f3n y s\u00f3lo qued\u00f3 all\u00ed el joven se\u00f1alado.<\/p>\n<p>A continuaci\u00f3n, efectivos policiales ingresaron al lugar tras el llamado del personal de la instituci\u00f3n,  redujeron al menor y encontraron el arma en la mochila. Frente al hallazgo, se comunicaron con el padre, mismo que ayer hab\u00eda asistido para dialogar por acciones de indisciplina del alumno.  <\/p>\n<p>El hombre manifest\u00f3 que el arma hab\u00eda sido entregada a su hijo por el hermano, aunque a\u00fan se desconoce el motivo y el fin. El adolescente fue retirado por la polic\u00eda y el padre. <\/p>\n<p>#AgenciaNA<\/p>\n","protected":false},"excerpt":{"rendered":"<p>Buenos Aires, 7 abril (NA) &#8212; Un adolescente de 17 a\u00f1os qued\u00f3 detenido por haber<\/p>\n","protected":false},"author":0,"featured_media":18460,"comment_status":"","ping_status":"","sticky":false,"template":"","format":"standard","meta":{"footnotes":""},"categories":[1],"tags":[],"class_list":["post-18459","post","type-post","status-publish","format-standard","has-post-thumbnail","hentry","category-regionales"],"yoast_head":"<!-- This site is optimized with the Yoast SEO plugin v27.4 - https:\/\/yoast.com\/product\/yoast-seo-wordpress\/ -->\n<title>Un adolescente de 17 a\u00f1os llev\u00f3 un arma a la escuela secundaria y qued\u00f3 detenido - Fm Gente<\/title>\n<meta name=\"robots\" content=\"index, follow, max-snippet:-1, max-image-preview:large, max-video-preview:-1\" \/>\n<link rel=\"canonical\" href=\"https:\/\/fmgente.com.ar\/web\/un-adolescente-de-17-anos-llevo-un-arma-a-la-escuela-secundaria-y-quedo-detenido\/\" \/>\n<meta property=\"og:locale\" content=\"es_ES\" \/>\n<meta property=\"og:type\" content=\"article\" \/>\n<meta property=\"og:title\" content=\"Un adolescente de 17 a\u00f1os llev\u00f3 un arma a la escuela secundaria y qued\u00f3 detenido - Fm Gente\" \/>\n<meta property=\"og:description\" content=\"Buenos Aires, 7 abril (NA) &#8212; Un adolescente de 17 a\u00f1os qued\u00f3 detenido por haber\" \/>\n<meta property=\"og:url\" content=\"https:\/\/fmgente.com.ar\/web\/un-adolescente-de-17-anos-llevo-un-arma-a-la-escuela-secundaria-y-quedo-detenido\/\" \/>\n<meta property=\"og:site_name\" content=\"Fm Gente\" \/>\n<meta property=\"article:published_time\" content=\"2026-04-07T22:08:40+00:00\" \/>\n<meta name=\"twitter:card\" content=\"summary_large_image\" \/>\n<meta name=\"twitter:label1\" content=\"Tiempo de lectura\" \/>\n\t<meta name=\"twitter:data1\" content=\"1 minuto\" \/>\n<script type=\"application\/ld+json\" class=\"yoast-schema-graph\">{\"@context\":\"https:\\\/\\\/schema.org\",\"@graph\":[{\"@type\":\"Article\",\"@id\":\"https:\\\/\\\/fmgente.com.ar\\\/web\\\/un-adolescente-de-17-anos-llevo-un-arma-a-la-escuela-secundaria-y-quedo-detenido\\\/#article\",\"isPartOf\":{\"@id\":\"https:\\\/\\\/fmgente.com.ar\\\/web\\\/un-adolescente-de-17-anos-llevo-un-arma-a-la-escuela-secundaria-y-quedo-detenido\\\/\"},\"author\":{\"name\":\"\",\"@id\":\"\"},\"headline\":\"Un adolescente de 17 a\u00f1os llev\u00f3 un arma a la escuela secundaria y qued\u00f3 detenido\",\"datePublished\":\"2026-04-07T22:08:40+00:00\",\"mainEntityOfPage\":{\"@id\":\"https:\\\/\\\/fmgente.com.ar\\\/web\\\/un-adolescente-de-17-anos-llevo-un-arma-a-la-escuela-secundaria-y-quedo-detenido\\\/\"},\"wordCount\":250,\"publisher\":{\"@id\":\"https:\\\/\\\/fmgente.com.ar\\\/web\\\/#organization\"},\"image\":{\"@id\":\"https:\\\/\\\/fmgente.com.ar\\\/web\\\/un-adolescente-de-17-anos-llevo-un-arma-a-la-escuela-secundaria-y-quedo-detenido\\\/#primaryimage\"},\"thumbnailUrl\":\"https:\\\/\\\/fmgente.com.ar\\\/web\\\/wp-content\\\/uploads\\\/2026\\\/04\\\/720-403.jpeg\",\"articleSection\":[\"REGIONALES\"],\"inLanguage\":\"es\"},{\"@type\":\"WebPage\",\"@id\":\"https:\\\/\\\/fmgente.com.ar\\\/web\\\/un-adolescente-de-17-anos-llevo-un-arma-a-la-escuela-secundaria-y-quedo-detenido\\\/\",\"url\":\"https:\\\/\\\/fmgente.com.ar\\\/web\\\/un-adolescente-de-17-anos-llevo-un-arma-a-la-escuela-secundaria-y-quedo-detenido\\\/\",\"name\":\"Un adolescente de 17 a\u00f1os llev\u00f3 un arma a la escuela secundaria y qued\u00f3 detenido - Fm Gente\",\"isPartOf\":{\"@id\":\"https:\\\/\\\/fmgente.com.ar\\\/web\\\/#website\"},\"primaryImageOfPage\":{\"@id\":\"https:\\\/\\\/fmgente.com.ar\\\/web\\\/un-adolescente-de-17-anos-llevo-un-arma-a-la-escuela-secundaria-y-quedo-detenido\\\/#primaryimage\"},\"image\":{\"@id\":\"https:\\\/\\\/fmgente.com.ar\\\/web\\\/un-adolescente-de-17-anos-llevo-un-arma-a-la-escuela-secundaria-y-quedo-detenido\\\/#primaryimage\"},\"thumbnailUrl\":\"https:\\\/\\\/fmgente.com.ar\\\/web\\\/wp-content\\\/uploads\\\/2026\\\/04\\\/720-403.jpeg\",\"datePublished\":\"2026-04-07T22:08:40+00:00\",\"inLanguage\":\"es\",\"potentialAction\":[{\"@type\":\"ReadAction\",\"target\":[\"https:\\\/\\\/fmgente.com.ar\\\/web\\\/un-adolescente-de-17-anos-llevo-un-arma-a-la-escuela-secundaria-y-quedo-detenido\\\/\"]}]},{\"@type\":\"ImageObject\",\"inLanguage\":\"es\",\"@id\":\"https:\\\/\\\/fmgente.com.ar\\\/web\\\/un-adolescente-de-17-anos-llevo-un-arma-a-la-escuela-secundaria-y-quedo-detenido\\\/#primaryimage\",\"url\":\"https:\\\/\\\/fmgente.com.ar\\\/web\\\/wp-content\\\/uploads\\\/2026\\\/04\\\/720-403.jpeg\",\"contentUrl\":\"https:\\\/\\\/fmgente.com.ar\\\/web\\\/wp-content\\\/uploads\\\/2026\\\/04\\\/720-403.jpeg\",\"width\":1280,\"height\":720},{\"@type\":\"WebSite\",\"@id\":\"https:\\\/\\\/fmgente.com.ar\\\/web\\\/#website\",\"url\":\"https:\\\/\\\/fmgente.com.ar\\\/web\\\/\",\"name\":\"Fm Gente\",\"description\":\"- Jes\u00fas Mar\u00eda\",\"publisher\":{\"@id\":\"https:\\\/\\\/fmgente.com.ar\\\/web\\\/#organization\"},\"potentialAction\":[{\"@type\":\"SearchAction\",\"target\":{\"@type\":\"EntryPoint\",\"urlTemplate\":\"https:\\\/\\\/fmgente.com.ar\\\/web\\\/?s={search_term_string}\"},\"query-input\":{\"@type\":\"PropertyValueSpecification\",\"valueRequired\":true,\"valueName\":\"search_term_string\"}}],\"inLanguage\":\"es\"},{\"@type\":\"Organization\",\"@id\":\"https:\\\/\\\/fmgente.com.ar\\\/web\\\/#organization\",\"name\":\"Fm Gente\",\"url\":\"https:\\\/\\\/fmgente.com.ar\\\/web\\\/\",\"logo\":{\"@type\":\"ImageObject\",\"inLanguage\":\"es\",\"@id\":\"https:\\\/\\\/fmgente.com.ar\\\/web\\\/#\\\/schema\\\/logo\\\/image\\\/\",\"url\":\"https:\\\/\\\/fmgente.com.ar\\\/web\\\/wp-content\\\/uploads\\\/2023\\\/07\\\/cropped-cropped-logo-sombra2.png\",\"contentUrl\":\"https:\\\/\\\/fmgente.com.ar\\\/web\\\/wp-content\\\/uploads\\\/2023\\\/07\\\/cropped-cropped-logo-sombra2.png\",\"width\":1782,\"height\":1782,\"caption\":\"Fm Gente\"},\"image\":{\"@id\":\"https:\\\/\\\/fmgente.com.ar\\\/web\\\/#\\\/schema\\\/logo\\\/image\\\/\"}}]}<\/script>\n<!-- \/ Yoast SEO plugin. -->","yoast_head_json":{"title":"Un adolescente de 17 a\u00f1os llev\u00f3 un arma a la escuela secundaria y qued\u00f3 detenido - Fm Gente","robots":{"index":"index","follow":"follow","max-snippet":"max-snippet:-1","max-image-preview":"max-image-preview:large","max-video-preview":"max-video-preview:-1"},"canonical":"https:\/\/fmgente.com.ar\/web\/un-adolescente-de-17-anos-llevo-un-arma-a-la-escuela-secundaria-y-quedo-detenido\/","og_locale":"es_ES","og_type":"article","og_title":"Un adolescente de 17 a\u00f1os llev\u00f3 un arma a la escuela secundaria y qued\u00f3 detenido - Fm Gente","og_description":"Buenos Aires, 7 abril (NA) &#8212; Un adolescente de 17 a\u00f1os qued\u00f3 detenido por haber","og_url":"https:\/\/fmgente.com.ar\/web\/un-adolescente-de-17-anos-llevo-un-arma-a-la-escuela-secundaria-y-quedo-detenido\/","og_site_name":"Fm Gente","article_published_time":"2026-04-07T22:08:40+00:00","twitter_card":"summary_large_image","twitter_misc":{"Tiempo de lectura":"1 minuto"},"schema":{"@context":"https:\/\/schema.org","@graph":[{"@type":"Article","@id":"https:\/\/fmgente.com.ar\/web\/un-adolescente-de-17-anos-llevo-un-arma-a-la-escuela-secundaria-y-quedo-detenido\/#article","isPartOf":{"@id":"https:\/\/fmgente.com.ar\/web\/un-adolescente-de-17-anos-llevo-un-arma-a-la-escuela-secundaria-y-quedo-detenido\/"},"author":{"name":"","@id":""},"headline":"Un adolescente de 17 a\u00f1os llev\u00f3 un arma a la escuela secundaria y qued\u00f3 detenido","datePublished":"2026-04-07T22:08:40+00:00","mainEntityOfPage":{"@id":"https:\/\/fmgente.com.ar\/web\/un-adolescente-de-17-anos-llevo-un-arma-a-la-escuela-secundaria-y-quedo-detenido\/"},"wordCount":250,"publisher":{"@id":"https:\/\/fmgente.com.ar\/web\/#organization"},"image":{"@id":"https:\/\/fmgente.com.ar\/web\/un-adolescente-de-17-anos-llevo-un-arma-a-la-escuela-secundaria-y-quedo-detenido\/#primaryimage"},"thumbnailUrl":"https:\/\/fmgente.com.ar\/web\/wp-content\/uploads\/2026\/04\/720-403.jpeg","articleSection":["REGIONALES"],"inLanguage":"es"},{"@type":"WebPage","@id":"https:\/\/fmgente.com.ar\/web\/un-adolescente-de-17-anos-llevo-un-arma-a-la-escuela-secundaria-y-quedo-detenido\/","url":"https:\/\/fmgente.com.ar\/web\/un-adolescente-de-17-anos-llevo-un-arma-a-la-escuela-secundaria-y-quedo-detenido\/","name":"Un adolescente de 17 a\u00f1os llev\u00f3 un arma a la escuela secundaria y qued\u00f3 detenido - Fm Gente","isPartOf":{"@id":"https:\/\/fmgente.com.ar\/web\/#website"},"primaryImageOfPage":{"@id":"https:\/\/fmgente.com.ar\/web\/un-adolescente-de-17-anos-llevo-un-arma-a-la-escuela-secundaria-y-quedo-detenido\/#primaryimage"},"image":{"@id":"https:\/\/fmgente.com.ar\/web\/un-adolescente-de-17-anos-llevo-un-arma-a-la-escuela-secundaria-y-quedo-detenido\/#primaryimage"},"thumbnailUrl":"https:\/\/fmgente.com.ar\/web\/wp-content\/uploads\/2026\/04\/720-403.jpeg","datePublished":"2026-04-07T22:08:40+00:00","inLanguage":"es","potentialAction":[{"@type":"ReadAction","target":["https:\/\/fmgente.com.ar\/web\/un-adolescente-de-17-anos-llevo-un-arma-a-la-escuela-secundaria-y-quedo-detenido\/"]}]},{"@type":"ImageObject","inLanguage":"es","@id":"https:\/\/fmgente.com.ar\/web\/un-adolescente-de-17-anos-llevo-un-arma-a-la-escuela-secundaria-y-quedo-detenido\/#primaryimage","url":"https:\/\/fmgente.com.ar\/web\/wp-content\/uploads\/2026\/04\/720-403.jpeg","contentUrl":"https:\/\/fmgente.com.ar\/web\/wp-content\/uploads\/2026\/04\/720-403.jpeg","width":1280,"height":720},{"@type":"WebSite","@id":"https:\/\/fmgente.com.ar\/web\/#website","url":"https:\/\/fmgente.com.ar\/web\/","name":"Fm Gente","description":"- Jes\u00fas Mar\u00eda","publisher":{"@id":"https:\/\/fmgente.com.ar\/web\/#organization"},"potentialAction":[{"@type":"SearchAction","target":{"@type":"EntryPoint","urlTemplate":"https:\/\/fmgente.com.ar\/web\/?s={search_term_string}"},"query-input":{"@type":"PropertyValueSpecification","valueRequired":true,"valueName":"search_term_string"}}],"inLanguage":"es"},{"@type":"Organization","@id":"https:\/\/fmgente.com.ar\/web\/#organization","name":"Fm Gente","url":"https:\/\/fmgente.com.ar\/web\/","logo":{"@type":"ImageObject","inLanguage":"es","@id":"https:\/\/fmgente.com.ar\/web\/#\/schema\/logo\/image\/","url":"https:\/\/fmgente.com.ar\/web\/wp-content\/uploads\/2023\/07\/cropped-cropped-logo-sombra2.png","contentUrl":"https:\/\/fmgente.com.ar\/web\/wp-content\/uploads\/2023\/07\/cropped-cropped-logo-sombra2.png","width":1782,"height":1782,"caption":"Fm Gente"},"image":{"@id":"https:\/\/fmgente.com.ar\/web\/#\/schema\/logo\/image\/"}}]}},"_links":{"self":[{"href":"https:\/\/fmgente.com.ar\/web\/wp-json\/wp\/v2\/posts\/18459","targetHints":{"allow":["GET"]}}],"collection":[{"href":"https:\/\/fmgente.com.ar\/web\/wp-json\/wp\/v2\/posts"}],"about":[{"href":"https:\/\/fmgente.com.ar\/web\/wp-json\/wp\/v2\/types\/post"}],"replies":[{"embeddable":true,"href":"https:\/\/fmgente.com.ar\/web\/wp-json\/wp\/v2\/comments?post=18459"}],"version-history":[{"count":0,"href":"https:\/\/fmgente.com.ar\/web\/wp-json\/wp\/v2\/posts\/18459\/revisions"}],"wp:featuredmedia":[{"embeddable":true,"href":"https:\/\/fmgente.com.ar\/web\/wp-json\/wp\/v2\/media\/18460"}],"wp:attachment":[{"href":"https:\/\/fmgente.com.ar\/web\/wp-json\/wp\/v2\/media?parent=18459"}],"wp:term":[{"taxonomy":"category","embeddable":true,"href":"https:\/\/fmgente.com.ar\/web\/wp-json\/wp\/v2\/categories?post=18459"},{"taxonomy":"post_tag","embeddable":true,"href":"https:\/\/fmgente.com.ar\/web\/wp-json\/wp\/v2\/tags?post=18459"}],"curies":[{"name":"wp","href":"https:\/\/api.w.org\/{rel}","templated":true}]}}