{"id":18427,"date":"2026-04-07T17:06:00","date_gmt":"2026-04-07T20:06:00","guid":{"rendered":"https:\/\/fmgente.com.ar\/web\/enanos-ahogados-y-pymes-en-crisis-con-una-metafora-fulminante-lacunza-desarmo-el-relato-de-milei-sobre-la-macro\/"},"modified":"2026-04-07T17:06:00","modified_gmt":"2026-04-07T20:06:00","slug":"enanos-ahogados-y-pymes-en-crisis-con-una-metafora-fulminante-lacunza-desarmo-el-relato-de-milei-sobre-la-macro","status":"publish","type":"post","link":"https:\/\/fmgente.com.ar\/web\/enanos-ahogados-y-pymes-en-crisis-con-una-metafora-fulminante-lacunza-desarmo-el-relato-de-milei-sobre-la-macro\/","title":{"rendered":"Enanos ahogados y Pymes en crisis: con una metaf\u00f3ra fulminante, Lacunza desarm\u00f3 el relato de Milei sobre la macro"},"content":{"rendered":"<p>El economista del PRO y exministro de Econom\u00eda, Hern\u00e1n Lacunza, cuestion\u00f3 el plan econ\u00f3mico del Gobierno de Javier Milei  y puso en duda la efectividad de la pol\u00edtica cambiaria como herramienta para desacelerar la inflaci\u00f3n.<\/p>\n<p>En declaraciones a Radio Rivadavia, advirti\u00f3 que el ancla del tipo de cambio no alcanza para reducir una inflaci\u00f3n que se mantiene en torno al 3% mensual.<\/p>\n<p>\u201cSi el tipo de cambio hace que se ahoguen los enanos, no lo voy a poner tan bajo (al peso) para que se salven los enanos. Pero si el nivel del peso hace que se ahoguen tambi\u00e9n los medianos, entonces vale preguntarse por el nivel del peso (agua)\u201d, explic\u00f3.<\/p>\n<p>En esa l\u00ednea, agreg\u00f3: \u201cYa no es un problema micro de los dos enanos que no estaban entrenados y no era competitivo, sino que ya es un problema macro\u201d.<\/p>\n","protected":false},"excerpt":{"rendered":"<p>El economista del PRO y exministro de Econom\u00eda, Hern\u00e1n Lacunza, cuestion\u00f3 el plan econ\u00f3mico del<\/p>\n","protected":false},"author":0,"featured_media":18428,"comment_status":"","ping_status":"","sticky":false,"template":"","format":"standard","meta":{"footnotes":""},"categories":[11],"tags":[],"class_list":["post-18427","post","type-post","status-publish","format-standard","has-post-thumbnail","hentry","category-destacadas"],"yoast_head":"<!-- This site is optimized with the Yoast SEO plugin v27.4 - https:\/\/yoast.com\/product\/yoast-seo-wordpress\/ -->\n<title>Enanos ahogados y Pymes en crisis: con una metaf\u00f3ra fulminante, Lacunza desarm\u00f3 el relato de Milei sobre la macro - Fm Gente<\/title>\n<meta name=\"robots\" content=\"index, follow, max-snippet:-1, max-image-preview:large, max-video-preview:-1\" \/>\n<link rel=\"canonical\" href=\"https:\/\/fmgente.com.ar\/web\/enanos-ahogados-y-pymes-en-crisis-con-una-metafora-fulminante-lacunza-desarmo-el-relato-de-milei-sobre-la-macro\/\" \/>\n<meta property=\"og:locale\" content=\"es_ES\" \/>\n<meta property=\"og:type\" content=\"article\" \/>\n<meta property=\"og:title\" content=\"Enanos ahogados y Pymes en crisis: con una metaf\u00f3ra fulminante, Lacunza desarm\u00f3 el relato de Milei sobre la macro - Fm Gente\" \/>\n<meta property=\"og:description\" content=\"El economista del PRO y exministro de Econom\u00eda, Hern\u00e1n Lacunza, cuestion\u00f3 el plan econ\u00f3mico del\" \/>\n<meta property=\"og:url\" content=\"https:\/\/fmgente.com.ar\/web\/enanos-ahogados-y-pymes-en-crisis-con-una-metafora-fulminante-lacunza-desarmo-el-relato-de-milei-sobre-la-macro\/\" \/>\n<meta property=\"og:site_name\" content=\"Fm Gente\" \/>\n<meta property=\"article:published_time\" content=\"2026-04-07T20:06:00+00:00\" \/>\n<meta name=\"twitter:card\" content=\"summary_large_image\" \/>\n<meta name=\"twitter:label1\" content=\"Tiempo de lectura\" \/>\n\t<meta name=\"twitter:data1\" content=\"1 minuto\" \/>\n<script type=\"application\/ld+json\" class=\"yoast-schema-graph\">{\"@context\":\"https:\\\/\\\/schema.org\",\"@graph\":[{\"@type\":\"Article\",\"@id\":\"https:\\\/\\\/fmgente.com.ar\\\/web\\\/enanos-ahogados-y-pymes-en-crisis-con-una-metafora-fulminante-lacunza-desarmo-el-relato-de-milei-sobre-la-macro\\\/#article\",\"isPartOf\":{\"@id\":\"https:\\\/\\\/fmgente.com.ar\\\/web\\\/enanos-ahogados-y-pymes-en-crisis-con-una-metafora-fulminante-lacunza-desarmo-el-relato-de-milei-sobre-la-macro\\\/\"},\"author\":{\"name\":\"\",\"@id\":\"\"},\"headline\":\"Enanos ahogados y Pymes en crisis: con una metaf\u00f3ra fulminante, Lacunza desarm\u00f3 el relato de Milei sobre la macro\",\"datePublished\":\"2026-04-07T20:06:00+00:00\",\"mainEntityOfPage\":{\"@id\":\"https:\\\/\\\/fmgente.com.ar\\\/web\\\/enanos-ahogados-y-pymes-en-crisis-con-una-metafora-fulminante-lacunza-desarmo-el-relato-de-milei-sobre-la-macro\\\/\"},\"wordCount\":167,\"publisher\":{\"@id\":\"https:\\\/\\\/fmgente.com.ar\\\/web\\\/#organization\"},\"image\":{\"@id\":\"https:\\\/\\\/fmgente.com.ar\\\/web\\\/enanos-ahogados-y-pymes-en-crisis-con-una-metafora-fulminante-lacunza-desarmo-el-relato-de-milei-sobre-la-macro\\\/#primaryimage\"},\"thumbnailUrl\":\"https:\\\/\\\/fmgente.com.ar\\\/web\\\/wp-content\\\/uploads\\\/2026\\\/04\\\/720-392.jpeg\",\"articleSection\":[\"DESTACADAS\"],\"inLanguage\":\"es\"},{\"@type\":\"WebPage\",\"@id\":\"https:\\\/\\\/fmgente.com.ar\\\/web\\\/enanos-ahogados-y-pymes-en-crisis-con-una-metafora-fulminante-lacunza-desarmo-el-relato-de-milei-sobre-la-macro\\\/\",\"url\":\"https:\\\/\\\/fmgente.com.ar\\\/web\\\/enanos-ahogados-y-pymes-en-crisis-con-una-metafora-fulminante-lacunza-desarmo-el-relato-de-milei-sobre-la-macro\\\/\",\"name\":\"Enanos ahogados y Pymes en crisis: con una metaf\u00f3ra fulminante, Lacunza desarm\u00f3 el relato de Milei sobre la macro - Fm Gente\",\"isPartOf\":{\"@id\":\"https:\\\/\\\/fmgente.com.ar\\\/web\\\/#website\"},\"primaryImageOfPage\":{\"@id\":\"https:\\\/\\\/fmgente.com.ar\\\/web\\\/enanos-ahogados-y-pymes-en-crisis-con-una-metafora-fulminante-lacunza-desarmo-el-relato-de-milei-sobre-la-macro\\\/#primaryimage\"},\"image\":{\"@id\":\"https:\\\/\\\/fmgente.com.ar\\\/web\\\/enanos-ahogados-y-pymes-en-crisis-con-una-metafora-fulminante-lacunza-desarmo-el-relato-de-milei-sobre-la-macro\\\/#primaryimage\"},\"thumbnailUrl\":\"https:\\\/\\\/fmgente.com.ar\\\/web\\\/wp-content\\\/uploads\\\/2026\\\/04\\\/720-392.jpeg\",\"datePublished\":\"2026-04-07T20:06:00+00:00\",\"inLanguage\":\"es\",\"potentialAction\":[{\"@type\":\"ReadAction\",\"target\":[\"https:\\\/\\\/fmgente.com.ar\\\/web\\\/enanos-ahogados-y-pymes-en-crisis-con-una-metafora-fulminante-lacunza-desarmo-el-relato-de-milei-sobre-la-macro\\\/\"]}]},{\"@type\":\"ImageObject\",\"inLanguage\":\"es\",\"@id\":\"https:\\\/\\\/fmgente.com.ar\\\/web\\\/enanos-ahogados-y-pymes-en-crisis-con-una-metafora-fulminante-lacunza-desarmo-el-relato-de-milei-sobre-la-macro\\\/#primaryimage\",\"url\":\"https:\\\/\\\/fmgente.com.ar\\\/web\\\/wp-content\\\/uploads\\\/2026\\\/04\\\/720-392.jpeg\",\"contentUrl\":\"https:\\\/\\\/fmgente.com.ar\\\/web\\\/wp-content\\\/uploads\\\/2026\\\/04\\\/720-392.jpeg\",\"width\":1274,\"height\":720},{\"@type\":\"WebSite\",\"@id\":\"https:\\\/\\\/fmgente.com.ar\\\/web\\\/#website\",\"url\":\"https:\\\/\\\/fmgente.com.ar\\\/web\\\/\",\"name\":\"Fm Gente\",\"description\":\"- Jes\u00fas Mar\u00eda\",\"publisher\":{\"@id\":\"https:\\\/\\\/fmgente.com.ar\\\/web\\\/#organization\"},\"potentialAction\":[{\"@type\":\"SearchAction\",\"target\":{\"@type\":\"EntryPoint\",\"urlTemplate\":\"https:\\\/\\\/fmgente.com.ar\\\/web\\\/?s={search_term_string}\"},\"query-input\":{\"@type\":\"PropertyValueSpecification\",\"valueRequired\":true,\"valueName\":\"search_term_string\"}}],\"inLanguage\":\"es\"},{\"@type\":\"Organization\",\"@id\":\"https:\\\/\\\/fmgente.com.ar\\\/web\\\/#organization\",\"name\":\"Fm Gente\",\"url\":\"https:\\\/\\\/fmgente.com.ar\\\/web\\\/\",\"logo\":{\"@type\":\"ImageObject\",\"inLanguage\":\"es\",\"@id\":\"https:\\\/\\\/fmgente.com.ar\\\/web\\\/#\\\/schema\\\/logo\\\/image\\\/\",\"url\":\"https:\\\/\\\/fmgente.com.ar\\\/web\\\/wp-content\\\/uploads\\\/2023\\\/07\\\/cropped-cropped-logo-sombra2.png\",\"contentUrl\":\"https:\\\/\\\/fmgente.com.ar\\\/web\\\/wp-content\\\/uploads\\\/2023\\\/07\\\/cropped-cropped-logo-sombra2.png\",\"width\":1782,\"height\":1782,\"caption\":\"Fm Gente\"},\"image\":{\"@id\":\"https:\\\/\\\/fmgente.com.ar\\\/web\\\/#\\\/schema\\\/logo\\\/image\\\/\"}}]}<\/script>\n<!-- \/ Yoast SEO plugin. -->","yoast_head_json":{"title":"Enanos ahogados y Pymes en crisis: con una metaf\u00f3ra fulminante, Lacunza desarm\u00f3 el relato de Milei sobre la macro - Fm Gente","robots":{"index":"index","follow":"follow","max-snippet":"max-snippet:-1","max-image-preview":"max-image-preview:large","max-video-preview":"max-video-preview:-1"},"canonical":"https:\/\/fmgente.com.ar\/web\/enanos-ahogados-y-pymes-en-crisis-con-una-metafora-fulminante-lacunza-desarmo-el-relato-de-milei-sobre-la-macro\/","og_locale":"es_ES","og_type":"article","og_title":"Enanos ahogados y Pymes en crisis: con una metaf\u00f3ra fulminante, Lacunza desarm\u00f3 el relato de Milei sobre la macro - Fm Gente","og_description":"El economista del PRO y exministro de Econom\u00eda, Hern\u00e1n Lacunza, cuestion\u00f3 el plan econ\u00f3mico del","og_url":"https:\/\/fmgente.com.ar\/web\/enanos-ahogados-y-pymes-en-crisis-con-una-metafora-fulminante-lacunza-desarmo-el-relato-de-milei-sobre-la-macro\/","og_site_name":"Fm Gente","article_published_time":"2026-04-07T20:06:00+00:00","twitter_card":"summary_large_image","twitter_misc":{"Tiempo de lectura":"1 minuto"},"schema":{"@context":"https:\/\/schema.org","@graph":[{"@type":"Article","@id":"https:\/\/fmgente.com.ar\/web\/enanos-ahogados-y-pymes-en-crisis-con-una-metafora-fulminante-lacunza-desarmo-el-relato-de-milei-sobre-la-macro\/#article","isPartOf":{"@id":"https:\/\/fmgente.com.ar\/web\/enanos-ahogados-y-pymes-en-crisis-con-una-metafora-fulminante-lacunza-desarmo-el-relato-de-milei-sobre-la-macro\/"},"author":{"name":"","@id":""},"headline":"Enanos ahogados y Pymes en crisis: con una metaf\u00f3ra fulminante, Lacunza desarm\u00f3 el relato de Milei sobre la macro","datePublished":"2026-04-07T20:06:00+00:00","mainEntityOfPage":{"@id":"https:\/\/fmgente.com.ar\/web\/enanos-ahogados-y-pymes-en-crisis-con-una-metafora-fulminante-lacunza-desarmo-el-relato-de-milei-sobre-la-macro\/"},"wordCount":167,"publisher":{"@id":"https:\/\/fmgente.com.ar\/web\/#organization"},"image":{"@id":"https:\/\/fmgente.com.ar\/web\/enanos-ahogados-y-pymes-en-crisis-con-una-metafora-fulminante-lacunza-desarmo-el-relato-de-milei-sobre-la-macro\/#primaryimage"},"thumbnailUrl":"https:\/\/fmgente.com.ar\/web\/wp-content\/uploads\/2026\/04\/720-392.jpeg","articleSection":["DESTACADAS"],"inLanguage":"es"},{"@type":"WebPage","@id":"https:\/\/fmgente.com.ar\/web\/enanos-ahogados-y-pymes-en-crisis-con-una-metafora-fulminante-lacunza-desarmo-el-relato-de-milei-sobre-la-macro\/","url":"https:\/\/fmgente.com.ar\/web\/enanos-ahogados-y-pymes-en-crisis-con-una-metafora-fulminante-lacunza-desarmo-el-relato-de-milei-sobre-la-macro\/","name":"Enanos ahogados y Pymes en crisis: con una metaf\u00f3ra fulminante, Lacunza desarm\u00f3 el relato de Milei sobre la macro - Fm Gente","isPartOf":{"@id":"https:\/\/fmgente.com.ar\/web\/#website"},"primaryImageOfPage":{"@id":"https:\/\/fmgente.com.ar\/web\/enanos-ahogados-y-pymes-en-crisis-con-una-metafora-fulminante-lacunza-desarmo-el-relato-de-milei-sobre-la-macro\/#primaryimage"},"image":{"@id":"https:\/\/fmgente.com.ar\/web\/enanos-ahogados-y-pymes-en-crisis-con-una-metafora-fulminante-lacunza-desarmo-el-relato-de-milei-sobre-la-macro\/#primaryimage"},"thumbnailUrl":"https:\/\/fmgente.com.ar\/web\/wp-content\/uploads\/2026\/04\/720-392.jpeg","datePublished":"2026-04-07T20:06:00+00:00","inLanguage":"es","potentialAction":[{"@type":"ReadAction","target":["https:\/\/fmgente.com.ar\/web\/enanos-ahogados-y-pymes-en-crisis-con-una-metafora-fulminante-lacunza-desarmo-el-relato-de-milei-sobre-la-macro\/"]}]},{"@type":"ImageObject","inLanguage":"es","@id":"https:\/\/fmgente.com.ar\/web\/enanos-ahogados-y-pymes-en-crisis-con-una-metafora-fulminante-lacunza-desarmo-el-relato-de-milei-sobre-la-macro\/#primaryimage","url":"https:\/\/fmgente.com.ar\/web\/wp-content\/uploads\/2026\/04\/720-392.jpeg","contentUrl":"https:\/\/fmgente.com.ar\/web\/wp-content\/uploads\/2026\/04\/720-392.jpeg","width":1274,"height":720},{"@type":"WebSite","@id":"https:\/\/fmgente.com.ar\/web\/#website","url":"https:\/\/fmgente.com.ar\/web\/","name":"Fm Gente","description":"- Jes\u00fas Mar\u00eda","publisher":{"@id":"https:\/\/fmgente.com.ar\/web\/#organization"},"potentialAction":[{"@type":"SearchAction","target":{"@type":"EntryPoint","urlTemplate":"https:\/\/fmgente.com.ar\/web\/?s={search_term_string}"},"query-input":{"@type":"PropertyValueSpecification","valueRequired":true,"valueName":"search_term_string"}}],"inLanguage":"es"},{"@type":"Organization","@id":"https:\/\/fmgente.com.ar\/web\/#organization","name":"Fm Gente","url":"https:\/\/fmgente.com.ar\/web\/","logo":{"@type":"ImageObject","inLanguage":"es","@id":"https:\/\/fmgente.com.ar\/web\/#\/schema\/logo\/image\/","url":"https:\/\/fmgente.com.ar\/web\/wp-content\/uploads\/2023\/07\/cropped-cropped-logo-sombra2.png","contentUrl":"https:\/\/fmgente.com.ar\/web\/wp-content\/uploads\/2023\/07\/cropped-cropped-logo-sombra2.png","width":1782,"height":1782,"caption":"Fm Gente"},"image":{"@id":"https:\/\/fmgente.com.ar\/web\/#\/schema\/logo\/image\/"}}]}},"_links":{"self":[{"href":"https:\/\/fmgente.com.ar\/web\/wp-json\/wp\/v2\/posts\/18427","targetHints":{"allow":["GET"]}}],"collection":[{"href":"https:\/\/fmgente.com.ar\/web\/wp-json\/wp\/v2\/posts"}],"about":[{"href":"https:\/\/fmgente.com.ar\/web\/wp-json\/wp\/v2\/types\/post"}],"replies":[{"embeddable":true,"href":"https:\/\/fmgente.com.ar\/web\/wp-json\/wp\/v2\/comments?post=18427"}],"version-history":[{"count":0,"href":"https:\/\/fmgente.com.ar\/web\/wp-json\/wp\/v2\/posts\/18427\/revisions"}],"wp:featuredmedia":[{"embeddable":true,"href":"https:\/\/fmgente.com.ar\/web\/wp-json\/wp\/v2\/media\/18428"}],"wp:attachment":[{"href":"https:\/\/fmgente.com.ar\/web\/wp-json\/wp\/v2\/media?parent=18427"}],"wp:term":[{"taxonomy":"category","embeddable":true,"href":"https:\/\/fmgente.com.ar\/web\/wp-json\/wp\/v2\/categories?post=18427"},{"taxonomy":"post_tag","embeddable":true,"href":"https:\/\/fmgente.com.ar\/web\/wp-json\/wp\/v2\/tags?post=18427"}],"curies":[{"name":"wp","href":"https:\/\/api.w.org\/{rel}","templated":true}]}}