{"id":18425,"date":"2026-04-07T17:05:59","date_gmt":"2026-04-07T20:05:59","guid":{"rendered":"https:\/\/fmgente.com.ar\/web\/no-hay-derrame-sehinkman-dejo-en-evidencia-a-los-libertarios-y-los-cruzo-desde-tn\/"},"modified":"2026-04-07T17:05:59","modified_gmt":"2026-04-07T20:05:59","slug":"no-hay-derrame-sehinkman-dejo-en-evidencia-a-los-libertarios-y-los-cruzo-desde-tn","status":"publish","type":"post","link":"https:\/\/fmgente.com.ar\/web\/no-hay-derrame-sehinkman-dejo-en-evidencia-a-los-libertarios-y-los-cruzo-desde-tn\/","title":{"rendered":"\u201cNo hay derrame\u201d: Sehinkman dej\u00f3 en evidencia a los libertarios y los cruz\u00f3 desde TN"},"content":{"rendered":"<p>En la pantalla de TN, el periodista y psic\u00f3logo Diego Sehinkman cuestion\u00f3 el relato econ\u00f3mico del gobierno de Javier Milei y advirti\u00f3 sobre una brecha cada vez m\u00e1s marcada entre los n\u00fameros oficiales y la realidad social. <\/p>\n<p>\u201cEl gobierno te dice: \u2018mir\u00e1, estamos creciendo 3,5%, 4,5%, y esa ponderaci\u00f3n tiene que ver con los sectores que est\u00e1n din\u00e1micos y que traccionan hacia arriba\u00bb, se\u00f1al\u00f3.<\/p>\n<p>\u00abPero estos dos mundos, el de arriba y el de abajo, solo se cruzan en una planilla te\u00f3rica. No en una econom\u00eda real\u201d, expres\u00f3, marcando la distancia entre los sectores que se benefician del modelo y el resto.<\/p>\n<p>Sehinkman reforz\u00f3 su mirada cr\u00edtica al se\u00f1alar la ausencia de un efecto expansivo en la econom\u00eda: \u201cTodav\u00eda no hay, voy a utilizar una palabra antigua: derrame\u201d.<\/p>\n","protected":false},"excerpt":{"rendered":"<p>En la pantalla de TN, el periodista y psic\u00f3logo Diego Sehinkman cuestion\u00f3 el relato econ\u00f3mico<\/p>\n","protected":false},"author":0,"featured_media":18426,"comment_status":"","ping_status":"","sticky":false,"template":"","format":"standard","meta":{"footnotes":""},"categories":[11],"tags":[],"class_list":["post-18425","post","type-post","status-publish","format-standard","has-post-thumbnail","hentry","category-destacadas"],"yoast_head":"<!-- This site is optimized with the Yoast SEO plugin v27.4 - https:\/\/yoast.com\/product\/yoast-seo-wordpress\/ -->\n<title>\u201cNo hay derrame\u201d: Sehinkman dej\u00f3 en evidencia a los libertarios y los cruz\u00f3 desde TN - Fm Gente<\/title>\n<meta name=\"robots\" content=\"index, follow, max-snippet:-1, max-image-preview:large, max-video-preview:-1\" \/>\n<link rel=\"canonical\" href=\"https:\/\/fmgente.com.ar\/web\/no-hay-derrame-sehinkman-dejo-en-evidencia-a-los-libertarios-y-los-cruzo-desde-tn\/\" \/>\n<meta property=\"og:locale\" content=\"es_ES\" \/>\n<meta property=\"og:type\" content=\"article\" \/>\n<meta property=\"og:title\" content=\"\u201cNo hay derrame\u201d: Sehinkman dej\u00f3 en evidencia a los libertarios y los cruz\u00f3 desde TN - Fm Gente\" \/>\n<meta property=\"og:description\" content=\"En la pantalla de TN, el periodista y psic\u00f3logo Diego Sehinkman cuestion\u00f3 el relato econ\u00f3mico\" \/>\n<meta property=\"og:url\" content=\"https:\/\/fmgente.com.ar\/web\/no-hay-derrame-sehinkman-dejo-en-evidencia-a-los-libertarios-y-los-cruzo-desde-tn\/\" \/>\n<meta property=\"og:site_name\" content=\"Fm Gente\" \/>\n<meta property=\"article:published_time\" content=\"2026-04-07T20:05:59+00:00\" \/>\n<meta name=\"twitter:card\" content=\"summary_large_image\" \/>\n<meta name=\"twitter:label1\" content=\"Tiempo de lectura\" \/>\n\t<meta name=\"twitter:data1\" content=\"1 minuto\" \/>\n<script type=\"application\/ld+json\" class=\"yoast-schema-graph\">{\"@context\":\"https:\\\/\\\/schema.org\",\"@graph\":[{\"@type\":\"Article\",\"@id\":\"https:\\\/\\\/fmgente.com.ar\\\/web\\\/no-hay-derrame-sehinkman-dejo-en-evidencia-a-los-libertarios-y-los-cruzo-desde-tn\\\/#article\",\"isPartOf\":{\"@id\":\"https:\\\/\\\/fmgente.com.ar\\\/web\\\/no-hay-derrame-sehinkman-dejo-en-evidencia-a-los-libertarios-y-los-cruzo-desde-tn\\\/\"},\"author\":{\"name\":\"\",\"@id\":\"\"},\"headline\":\"\u201cNo hay derrame\u201d: Sehinkman dej\u00f3 en evidencia a los libertarios y los cruz\u00f3 desde TN\",\"datePublished\":\"2026-04-07T20:05:59+00:00\",\"mainEntityOfPage\":{\"@id\":\"https:\\\/\\\/fmgente.com.ar\\\/web\\\/no-hay-derrame-sehinkman-dejo-en-evidencia-a-los-libertarios-y-los-cruzo-desde-tn\\\/\"},\"wordCount\":155,\"publisher\":{\"@id\":\"https:\\\/\\\/fmgente.com.ar\\\/web\\\/#organization\"},\"image\":{\"@id\":\"https:\\\/\\\/fmgente.com.ar\\\/web\\\/no-hay-derrame-sehinkman-dejo-en-evidencia-a-los-libertarios-y-los-cruzo-desde-tn\\\/#primaryimage\"},\"thumbnailUrl\":\"https:\\\/\\\/fmgente.com.ar\\\/web\\\/wp-content\\\/uploads\\\/2026\\\/04\\\/720-391.jpeg\",\"articleSection\":[\"DESTACADAS\"],\"inLanguage\":\"es\"},{\"@type\":\"WebPage\",\"@id\":\"https:\\\/\\\/fmgente.com.ar\\\/web\\\/no-hay-derrame-sehinkman-dejo-en-evidencia-a-los-libertarios-y-los-cruzo-desde-tn\\\/\",\"url\":\"https:\\\/\\\/fmgente.com.ar\\\/web\\\/no-hay-derrame-sehinkman-dejo-en-evidencia-a-los-libertarios-y-los-cruzo-desde-tn\\\/\",\"name\":\"\u201cNo hay derrame\u201d: Sehinkman dej\u00f3 en evidencia a los libertarios y los cruz\u00f3 desde TN - Fm Gente\",\"isPartOf\":{\"@id\":\"https:\\\/\\\/fmgente.com.ar\\\/web\\\/#website\"},\"primaryImageOfPage\":{\"@id\":\"https:\\\/\\\/fmgente.com.ar\\\/web\\\/no-hay-derrame-sehinkman-dejo-en-evidencia-a-los-libertarios-y-los-cruzo-desde-tn\\\/#primaryimage\"},\"image\":{\"@id\":\"https:\\\/\\\/fmgente.com.ar\\\/web\\\/no-hay-derrame-sehinkman-dejo-en-evidencia-a-los-libertarios-y-los-cruzo-desde-tn\\\/#primaryimage\"},\"thumbnailUrl\":\"https:\\\/\\\/fmgente.com.ar\\\/web\\\/wp-content\\\/uploads\\\/2026\\\/04\\\/720-391.jpeg\",\"datePublished\":\"2026-04-07T20:05:59+00:00\",\"inLanguage\":\"es\",\"potentialAction\":[{\"@type\":\"ReadAction\",\"target\":[\"https:\\\/\\\/fmgente.com.ar\\\/web\\\/no-hay-derrame-sehinkman-dejo-en-evidencia-a-los-libertarios-y-los-cruzo-desde-tn\\\/\"]}]},{\"@type\":\"ImageObject\",\"inLanguage\":\"es\",\"@id\":\"https:\\\/\\\/fmgente.com.ar\\\/web\\\/no-hay-derrame-sehinkman-dejo-en-evidencia-a-los-libertarios-y-los-cruzo-desde-tn\\\/#primaryimage\",\"url\":\"https:\\\/\\\/fmgente.com.ar\\\/web\\\/wp-content\\\/uploads\\\/2026\\\/04\\\/720-391.jpeg\",\"contentUrl\":\"https:\\\/\\\/fmgente.com.ar\\\/web\\\/wp-content\\\/uploads\\\/2026\\\/04\\\/720-391.jpeg\",\"width\":1280,\"height\":693},{\"@type\":\"WebSite\",\"@id\":\"https:\\\/\\\/fmgente.com.ar\\\/web\\\/#website\",\"url\":\"https:\\\/\\\/fmgente.com.ar\\\/web\\\/\",\"name\":\"Fm Gente\",\"description\":\"- Jes\u00fas Mar\u00eda\",\"publisher\":{\"@id\":\"https:\\\/\\\/fmgente.com.ar\\\/web\\\/#organization\"},\"potentialAction\":[{\"@type\":\"SearchAction\",\"target\":{\"@type\":\"EntryPoint\",\"urlTemplate\":\"https:\\\/\\\/fmgente.com.ar\\\/web\\\/?s={search_term_string}\"},\"query-input\":{\"@type\":\"PropertyValueSpecification\",\"valueRequired\":true,\"valueName\":\"search_term_string\"}}],\"inLanguage\":\"es\"},{\"@type\":\"Organization\",\"@id\":\"https:\\\/\\\/fmgente.com.ar\\\/web\\\/#organization\",\"name\":\"Fm Gente\",\"url\":\"https:\\\/\\\/fmgente.com.ar\\\/web\\\/\",\"logo\":{\"@type\":\"ImageObject\",\"inLanguage\":\"es\",\"@id\":\"https:\\\/\\\/fmgente.com.ar\\\/web\\\/#\\\/schema\\\/logo\\\/image\\\/\",\"url\":\"https:\\\/\\\/fmgente.com.ar\\\/web\\\/wp-content\\\/uploads\\\/2023\\\/07\\\/cropped-cropped-logo-sombra2.png\",\"contentUrl\":\"https:\\\/\\\/fmgente.com.ar\\\/web\\\/wp-content\\\/uploads\\\/2023\\\/07\\\/cropped-cropped-logo-sombra2.png\",\"width\":1782,\"height\":1782,\"caption\":\"Fm Gente\"},\"image\":{\"@id\":\"https:\\\/\\\/fmgente.com.ar\\\/web\\\/#\\\/schema\\\/logo\\\/image\\\/\"}}]}<\/script>\n<!-- \/ Yoast SEO plugin. -->","yoast_head_json":{"title":"\u201cNo hay derrame\u201d: Sehinkman dej\u00f3 en evidencia a los libertarios y los cruz\u00f3 desde TN - Fm Gente","robots":{"index":"index","follow":"follow","max-snippet":"max-snippet:-1","max-image-preview":"max-image-preview:large","max-video-preview":"max-video-preview:-1"},"canonical":"https:\/\/fmgente.com.ar\/web\/no-hay-derrame-sehinkman-dejo-en-evidencia-a-los-libertarios-y-los-cruzo-desde-tn\/","og_locale":"es_ES","og_type":"article","og_title":"\u201cNo hay derrame\u201d: Sehinkman dej\u00f3 en evidencia a los libertarios y los cruz\u00f3 desde TN - Fm Gente","og_description":"En la pantalla de TN, el periodista y psic\u00f3logo Diego Sehinkman cuestion\u00f3 el relato econ\u00f3mico","og_url":"https:\/\/fmgente.com.ar\/web\/no-hay-derrame-sehinkman-dejo-en-evidencia-a-los-libertarios-y-los-cruzo-desde-tn\/","og_site_name":"Fm Gente","article_published_time":"2026-04-07T20:05:59+00:00","twitter_card":"summary_large_image","twitter_misc":{"Tiempo de lectura":"1 minuto"},"schema":{"@context":"https:\/\/schema.org","@graph":[{"@type":"Article","@id":"https:\/\/fmgente.com.ar\/web\/no-hay-derrame-sehinkman-dejo-en-evidencia-a-los-libertarios-y-los-cruzo-desde-tn\/#article","isPartOf":{"@id":"https:\/\/fmgente.com.ar\/web\/no-hay-derrame-sehinkman-dejo-en-evidencia-a-los-libertarios-y-los-cruzo-desde-tn\/"},"author":{"name":"","@id":""},"headline":"\u201cNo hay derrame\u201d: Sehinkman dej\u00f3 en evidencia a los libertarios y los cruz\u00f3 desde TN","datePublished":"2026-04-07T20:05:59+00:00","mainEntityOfPage":{"@id":"https:\/\/fmgente.com.ar\/web\/no-hay-derrame-sehinkman-dejo-en-evidencia-a-los-libertarios-y-los-cruzo-desde-tn\/"},"wordCount":155,"publisher":{"@id":"https:\/\/fmgente.com.ar\/web\/#organization"},"image":{"@id":"https:\/\/fmgente.com.ar\/web\/no-hay-derrame-sehinkman-dejo-en-evidencia-a-los-libertarios-y-los-cruzo-desde-tn\/#primaryimage"},"thumbnailUrl":"https:\/\/fmgente.com.ar\/web\/wp-content\/uploads\/2026\/04\/720-391.jpeg","articleSection":["DESTACADAS"],"inLanguage":"es"},{"@type":"WebPage","@id":"https:\/\/fmgente.com.ar\/web\/no-hay-derrame-sehinkman-dejo-en-evidencia-a-los-libertarios-y-los-cruzo-desde-tn\/","url":"https:\/\/fmgente.com.ar\/web\/no-hay-derrame-sehinkman-dejo-en-evidencia-a-los-libertarios-y-los-cruzo-desde-tn\/","name":"\u201cNo hay derrame\u201d: Sehinkman dej\u00f3 en evidencia a los libertarios y los cruz\u00f3 desde TN - Fm Gente","isPartOf":{"@id":"https:\/\/fmgente.com.ar\/web\/#website"},"primaryImageOfPage":{"@id":"https:\/\/fmgente.com.ar\/web\/no-hay-derrame-sehinkman-dejo-en-evidencia-a-los-libertarios-y-los-cruzo-desde-tn\/#primaryimage"},"image":{"@id":"https:\/\/fmgente.com.ar\/web\/no-hay-derrame-sehinkman-dejo-en-evidencia-a-los-libertarios-y-los-cruzo-desde-tn\/#primaryimage"},"thumbnailUrl":"https:\/\/fmgente.com.ar\/web\/wp-content\/uploads\/2026\/04\/720-391.jpeg","datePublished":"2026-04-07T20:05:59+00:00","inLanguage":"es","potentialAction":[{"@type":"ReadAction","target":["https:\/\/fmgente.com.ar\/web\/no-hay-derrame-sehinkman-dejo-en-evidencia-a-los-libertarios-y-los-cruzo-desde-tn\/"]}]},{"@type":"ImageObject","inLanguage":"es","@id":"https:\/\/fmgente.com.ar\/web\/no-hay-derrame-sehinkman-dejo-en-evidencia-a-los-libertarios-y-los-cruzo-desde-tn\/#primaryimage","url":"https:\/\/fmgente.com.ar\/web\/wp-content\/uploads\/2026\/04\/720-391.jpeg","contentUrl":"https:\/\/fmgente.com.ar\/web\/wp-content\/uploads\/2026\/04\/720-391.jpeg","width":1280,"height":693},{"@type":"WebSite","@id":"https:\/\/fmgente.com.ar\/web\/#website","url":"https:\/\/fmgente.com.ar\/web\/","name":"Fm Gente","description":"- Jes\u00fas Mar\u00eda","publisher":{"@id":"https:\/\/fmgente.com.ar\/web\/#organization"},"potentialAction":[{"@type":"SearchAction","target":{"@type":"EntryPoint","urlTemplate":"https:\/\/fmgente.com.ar\/web\/?s={search_term_string}"},"query-input":{"@type":"PropertyValueSpecification","valueRequired":true,"valueName":"search_term_string"}}],"inLanguage":"es"},{"@type":"Organization","@id":"https:\/\/fmgente.com.ar\/web\/#organization","name":"Fm Gente","url":"https:\/\/fmgente.com.ar\/web\/","logo":{"@type":"ImageObject","inLanguage":"es","@id":"https:\/\/fmgente.com.ar\/web\/#\/schema\/logo\/image\/","url":"https:\/\/fmgente.com.ar\/web\/wp-content\/uploads\/2023\/07\/cropped-cropped-logo-sombra2.png","contentUrl":"https:\/\/fmgente.com.ar\/web\/wp-content\/uploads\/2023\/07\/cropped-cropped-logo-sombra2.png","width":1782,"height":1782,"caption":"Fm Gente"},"image":{"@id":"https:\/\/fmgente.com.ar\/web\/#\/schema\/logo\/image\/"}}]}},"_links":{"self":[{"href":"https:\/\/fmgente.com.ar\/web\/wp-json\/wp\/v2\/posts\/18425","targetHints":{"allow":["GET"]}}],"collection":[{"href":"https:\/\/fmgente.com.ar\/web\/wp-json\/wp\/v2\/posts"}],"about":[{"href":"https:\/\/fmgente.com.ar\/web\/wp-json\/wp\/v2\/types\/post"}],"replies":[{"embeddable":true,"href":"https:\/\/fmgente.com.ar\/web\/wp-json\/wp\/v2\/comments?post=18425"}],"version-history":[{"count":0,"href":"https:\/\/fmgente.com.ar\/web\/wp-json\/wp\/v2\/posts\/18425\/revisions"}],"wp:featuredmedia":[{"embeddable":true,"href":"https:\/\/fmgente.com.ar\/web\/wp-json\/wp\/v2\/media\/18426"}],"wp:attachment":[{"href":"https:\/\/fmgente.com.ar\/web\/wp-json\/wp\/v2\/media?parent=18425"}],"wp:term":[{"taxonomy":"category","embeddable":true,"href":"https:\/\/fmgente.com.ar\/web\/wp-json\/wp\/v2\/categories?post=18425"},{"taxonomy":"post_tag","embeddable":true,"href":"https:\/\/fmgente.com.ar\/web\/wp-json\/wp\/v2\/tags?post=18425"}],"curies":[{"name":"wp","href":"https:\/\/api.w.org\/{rel}","templated":true}]}}