{"id":18237,"date":"2026-04-06T20:08:33","date_gmt":"2026-04-06T23:08:33","guid":{"rendered":"https:\/\/fmgente.com.ar\/web\/caso-maradona-recusaron-a-la-jueza-coelho-por-temor-certero-de-parcialidad\/"},"modified":"2026-04-06T20:08:33","modified_gmt":"2026-04-06T23:08:33","slug":"caso-maradona-recusaron-a-la-jueza-coelho-por-temor-certero-de-parcialidad","status":"publish","type":"post","link":"https:\/\/fmgente.com.ar\/web\/caso-maradona-recusaron-a-la-jueza-coelho-por-temor-certero-de-parcialidad\/","title":{"rendered":"Caso Maradona: recusaron a la jueza Coelho por \u201ctemor certero de parcialidad&quot;"},"content":{"rendered":"<p>Buenos Aires, 6 abril (NA) \u2013 La defensa de la enfermera Dahiana Madrid, una de los ocho acusados por la muerte de Diego Armando Maradona, recus\u00f3 este lunes a la jueza Mar\u00eda Coelho por demorar el comienzo del juicio por jurados populares y la presunta adulteraci\u00f3n de las im\u00e1genes de la v\u00edctima en la escena del crimen.<\/p>\n<p>Fuentes consultadas por la Agencia Noticias Argentinas informaron que los abogados de la imputada solicitaron el apartamiento de la magistrada por \u201ccertero temor de parcialidad\u201d durante la novena audiencia preliminar realizada en los Tribunales de San Isidro.<\/p>\n<p>A su vez, denunciaron que posee un \u201caf\u00e1n desmesurado\u201d por \u201casemejarse\u201d o tener \u201cactitudes emparentadas\u201d con la ex jueza Julieta Makintach, destituida por protagonizar el documental Justicia Divina que deriv\u00f3 en la nulidad del primer debate oral y p\u00fablico por el presunto homicidio simple con dolo eventual del astro argentino.<\/p>\n<p>\u201cEst\u00e1 desequilibrada emocional y psicol\u00f3gicamente. Al principio no usaba la toga y despu\u00e9s ven\u00eda a las audiencias con la toga. Es un disparate\u201d, se\u00f1alaron los voceros de la investigaci\u00f3n.<\/p>\n<p>Coelho deber\u00e1 presentar un descargo ante el TOC N\u00b07 y los jueces Pablo Rol\u00f3n y Alberto Gaig deber\u00e1n tomar una decisi\u00f3n tras el pedido de la defensa.<\/p>\n<p>Adem\u00e1s, la querella y la fiscal\u00eda \u201cintentaron forjar un acuerdo probatorio\u201d con fotograf\u00edas de la habitaci\u00f3n del ex jugador en la habitaci\u00f3n del country San Andr\u00e9s, en el partido bonaerense de Tigre, pero los letrados de Madrid alegaron que esas im\u00e1genes fueron \u201cadulteradas\u201d.<\/p>\n<p>El 14 de abril iniciar\u00e1 el segundo juicio que tiene como sindicados al neurocirujano Leopoldo Luque; la psiquiatra Agustina Cosachov; el psic\u00f3logo Carlos D\u00edaz; el enfermero Ricardo Omar Almir\u00f3n; el coordinador Mariano Perroni; el m\u00e9dico cl\u00ednico Pedro Di Spagna y la jefa de la internaci\u00f3n domiciliaria de Diego, Nancy Edith Forlini.<\/p>\n<p>#AgenciaNA<\/p>\n","protected":false},"excerpt":{"rendered":"<p>Buenos Aires, 6 abril (NA) \u2013 La defensa de la enfermera Dahiana Madrid, una de<\/p>\n","protected":false},"author":0,"featured_media":18238,"comment_status":"","ping_status":"","sticky":false,"template":"","format":"standard","meta":{"footnotes":""},"categories":[1],"tags":[],"class_list":["post-18237","post","type-post","status-publish","format-standard","has-post-thumbnail","hentry","category-regionales"],"yoast_head":"<!-- This site is optimized with the Yoast SEO plugin v27.4 - https:\/\/yoast.com\/product\/yoast-seo-wordpress\/ -->\n<title>Caso Maradona: recusaron a la jueza Coelho por \u201ctemor certero de parcialidad&quot; - Fm Gente<\/title>\n<meta name=\"robots\" content=\"index, follow, max-snippet:-1, max-image-preview:large, max-video-preview:-1\" \/>\n<link rel=\"canonical\" href=\"https:\/\/fmgente.com.ar\/web\/caso-maradona-recusaron-a-la-jueza-coelho-por-temor-certero-de-parcialidad\/\" \/>\n<meta property=\"og:locale\" content=\"es_ES\" \/>\n<meta property=\"og:type\" content=\"article\" \/>\n<meta property=\"og:title\" content=\"Caso Maradona: recusaron a la jueza Coelho por \u201ctemor certero de parcialidad&quot; - Fm Gente\" \/>\n<meta property=\"og:description\" content=\"Buenos Aires, 6 abril (NA) \u2013 La defensa de la enfermera Dahiana Madrid, una de\" \/>\n<meta property=\"og:url\" content=\"https:\/\/fmgente.com.ar\/web\/caso-maradona-recusaron-a-la-jueza-coelho-por-temor-certero-de-parcialidad\/\" \/>\n<meta property=\"og:site_name\" content=\"Fm Gente\" \/>\n<meta property=\"article:published_time\" content=\"2026-04-06T23:08:33+00:00\" \/>\n<meta name=\"twitter:card\" content=\"summary_large_image\" \/>\n<meta name=\"twitter:label1\" content=\"Tiempo de lectura\" \/>\n\t<meta name=\"twitter:data1\" content=\"2 minutos\" \/>\n<script type=\"application\/ld+json\" class=\"yoast-schema-graph\">{\"@context\":\"https:\\\/\\\/schema.org\",\"@graph\":[{\"@type\":\"Article\",\"@id\":\"https:\\\/\\\/fmgente.com.ar\\\/web\\\/caso-maradona-recusaron-a-la-jueza-coelho-por-temor-certero-de-parcialidad\\\/#article\",\"isPartOf\":{\"@id\":\"https:\\\/\\\/fmgente.com.ar\\\/web\\\/caso-maradona-recusaron-a-la-jueza-coelho-por-temor-certero-de-parcialidad\\\/\"},\"author\":{\"name\":\"\",\"@id\":\"\"},\"headline\":\"Caso Maradona: recusaron a la jueza Coelho por \u201ctemor certero de parcialidad&quot;\",\"datePublished\":\"2026-04-06T23:08:33+00:00\",\"mainEntityOfPage\":{\"@id\":\"https:\\\/\\\/fmgente.com.ar\\\/web\\\/caso-maradona-recusaron-a-la-jueza-coelho-por-temor-certero-de-parcialidad\\\/\"},\"wordCount\":332,\"publisher\":{\"@id\":\"https:\\\/\\\/fmgente.com.ar\\\/web\\\/#organization\"},\"image\":{\"@id\":\"https:\\\/\\\/fmgente.com.ar\\\/web\\\/caso-maradona-recusaron-a-la-jueza-coelho-por-temor-certero-de-parcialidad\\\/#primaryimage\"},\"thumbnailUrl\":\"https:\\\/\\\/fmgente.com.ar\\\/web\\\/wp-content\\\/uploads\\\/2026\\\/04\\\/720-310.jpeg\",\"articleSection\":[\"REGIONALES\"],\"inLanguage\":\"es\"},{\"@type\":\"WebPage\",\"@id\":\"https:\\\/\\\/fmgente.com.ar\\\/web\\\/caso-maradona-recusaron-a-la-jueza-coelho-por-temor-certero-de-parcialidad\\\/\",\"url\":\"https:\\\/\\\/fmgente.com.ar\\\/web\\\/caso-maradona-recusaron-a-la-jueza-coelho-por-temor-certero-de-parcialidad\\\/\",\"name\":\"Caso Maradona: recusaron a la jueza Coelho por \u201ctemor certero de parcialidad&quot; - Fm Gente\",\"isPartOf\":{\"@id\":\"https:\\\/\\\/fmgente.com.ar\\\/web\\\/#website\"},\"primaryImageOfPage\":{\"@id\":\"https:\\\/\\\/fmgente.com.ar\\\/web\\\/caso-maradona-recusaron-a-la-jueza-coelho-por-temor-certero-de-parcialidad\\\/#primaryimage\"},\"image\":{\"@id\":\"https:\\\/\\\/fmgente.com.ar\\\/web\\\/caso-maradona-recusaron-a-la-jueza-coelho-por-temor-certero-de-parcialidad\\\/#primaryimage\"},\"thumbnailUrl\":\"https:\\\/\\\/fmgente.com.ar\\\/web\\\/wp-content\\\/uploads\\\/2026\\\/04\\\/720-310.jpeg\",\"datePublished\":\"2026-04-06T23:08:33+00:00\",\"inLanguage\":\"es\",\"potentialAction\":[{\"@type\":\"ReadAction\",\"target\":[\"https:\\\/\\\/fmgente.com.ar\\\/web\\\/caso-maradona-recusaron-a-la-jueza-coelho-por-temor-certero-de-parcialidad\\\/\"]}]},{\"@type\":\"ImageObject\",\"inLanguage\":\"es\",\"@id\":\"https:\\\/\\\/fmgente.com.ar\\\/web\\\/caso-maradona-recusaron-a-la-jueza-coelho-por-temor-certero-de-parcialidad\\\/#primaryimage\",\"url\":\"https:\\\/\\\/fmgente.com.ar\\\/web\\\/wp-content\\\/uploads\\\/2026\\\/04\\\/720-310.jpeg\",\"contentUrl\":\"https:\\\/\\\/fmgente.com.ar\\\/web\\\/wp-content\\\/uploads\\\/2026\\\/04\\\/720-310.jpeg\",\"width\":1021,\"height\":720},{\"@type\":\"WebSite\",\"@id\":\"https:\\\/\\\/fmgente.com.ar\\\/web\\\/#website\",\"url\":\"https:\\\/\\\/fmgente.com.ar\\\/web\\\/\",\"name\":\"Fm Gente\",\"description\":\"- Jes\u00fas Mar\u00eda\",\"publisher\":{\"@id\":\"https:\\\/\\\/fmgente.com.ar\\\/web\\\/#organization\"},\"potentialAction\":[{\"@type\":\"SearchAction\",\"target\":{\"@type\":\"EntryPoint\",\"urlTemplate\":\"https:\\\/\\\/fmgente.com.ar\\\/web\\\/?s={search_term_string}\"},\"query-input\":{\"@type\":\"PropertyValueSpecification\",\"valueRequired\":true,\"valueName\":\"search_term_string\"}}],\"inLanguage\":\"es\"},{\"@type\":\"Organization\",\"@id\":\"https:\\\/\\\/fmgente.com.ar\\\/web\\\/#organization\",\"name\":\"Fm Gente\",\"url\":\"https:\\\/\\\/fmgente.com.ar\\\/web\\\/\",\"logo\":{\"@type\":\"ImageObject\",\"inLanguage\":\"es\",\"@id\":\"https:\\\/\\\/fmgente.com.ar\\\/web\\\/#\\\/schema\\\/logo\\\/image\\\/\",\"url\":\"https:\\\/\\\/fmgente.com.ar\\\/web\\\/wp-content\\\/uploads\\\/2023\\\/07\\\/cropped-cropped-logo-sombra2.png\",\"contentUrl\":\"https:\\\/\\\/fmgente.com.ar\\\/web\\\/wp-content\\\/uploads\\\/2023\\\/07\\\/cropped-cropped-logo-sombra2.png\",\"width\":1782,\"height\":1782,\"caption\":\"Fm Gente\"},\"image\":{\"@id\":\"https:\\\/\\\/fmgente.com.ar\\\/web\\\/#\\\/schema\\\/logo\\\/image\\\/\"}}]}<\/script>\n<!-- \/ Yoast SEO plugin. -->","yoast_head_json":{"title":"Caso Maradona: recusaron a la jueza Coelho por \u201ctemor certero de parcialidad&quot; - Fm Gente","robots":{"index":"index","follow":"follow","max-snippet":"max-snippet:-1","max-image-preview":"max-image-preview:large","max-video-preview":"max-video-preview:-1"},"canonical":"https:\/\/fmgente.com.ar\/web\/caso-maradona-recusaron-a-la-jueza-coelho-por-temor-certero-de-parcialidad\/","og_locale":"es_ES","og_type":"article","og_title":"Caso Maradona: recusaron a la jueza Coelho por \u201ctemor certero de parcialidad&quot; - Fm Gente","og_description":"Buenos Aires, 6 abril (NA) \u2013 La defensa de la enfermera Dahiana Madrid, una de","og_url":"https:\/\/fmgente.com.ar\/web\/caso-maradona-recusaron-a-la-jueza-coelho-por-temor-certero-de-parcialidad\/","og_site_name":"Fm Gente","article_published_time":"2026-04-06T23:08:33+00:00","twitter_card":"summary_large_image","twitter_misc":{"Tiempo de lectura":"2 minutos"},"schema":{"@context":"https:\/\/schema.org","@graph":[{"@type":"Article","@id":"https:\/\/fmgente.com.ar\/web\/caso-maradona-recusaron-a-la-jueza-coelho-por-temor-certero-de-parcialidad\/#article","isPartOf":{"@id":"https:\/\/fmgente.com.ar\/web\/caso-maradona-recusaron-a-la-jueza-coelho-por-temor-certero-de-parcialidad\/"},"author":{"name":"","@id":""},"headline":"Caso Maradona: recusaron a la jueza Coelho por \u201ctemor certero de parcialidad&quot;","datePublished":"2026-04-06T23:08:33+00:00","mainEntityOfPage":{"@id":"https:\/\/fmgente.com.ar\/web\/caso-maradona-recusaron-a-la-jueza-coelho-por-temor-certero-de-parcialidad\/"},"wordCount":332,"publisher":{"@id":"https:\/\/fmgente.com.ar\/web\/#organization"},"image":{"@id":"https:\/\/fmgente.com.ar\/web\/caso-maradona-recusaron-a-la-jueza-coelho-por-temor-certero-de-parcialidad\/#primaryimage"},"thumbnailUrl":"https:\/\/fmgente.com.ar\/web\/wp-content\/uploads\/2026\/04\/720-310.jpeg","articleSection":["REGIONALES"],"inLanguage":"es"},{"@type":"WebPage","@id":"https:\/\/fmgente.com.ar\/web\/caso-maradona-recusaron-a-la-jueza-coelho-por-temor-certero-de-parcialidad\/","url":"https:\/\/fmgente.com.ar\/web\/caso-maradona-recusaron-a-la-jueza-coelho-por-temor-certero-de-parcialidad\/","name":"Caso Maradona: recusaron a la jueza Coelho por \u201ctemor certero de parcialidad&quot; - Fm Gente","isPartOf":{"@id":"https:\/\/fmgente.com.ar\/web\/#website"},"primaryImageOfPage":{"@id":"https:\/\/fmgente.com.ar\/web\/caso-maradona-recusaron-a-la-jueza-coelho-por-temor-certero-de-parcialidad\/#primaryimage"},"image":{"@id":"https:\/\/fmgente.com.ar\/web\/caso-maradona-recusaron-a-la-jueza-coelho-por-temor-certero-de-parcialidad\/#primaryimage"},"thumbnailUrl":"https:\/\/fmgente.com.ar\/web\/wp-content\/uploads\/2026\/04\/720-310.jpeg","datePublished":"2026-04-06T23:08:33+00:00","inLanguage":"es","potentialAction":[{"@type":"ReadAction","target":["https:\/\/fmgente.com.ar\/web\/caso-maradona-recusaron-a-la-jueza-coelho-por-temor-certero-de-parcialidad\/"]}]},{"@type":"ImageObject","inLanguage":"es","@id":"https:\/\/fmgente.com.ar\/web\/caso-maradona-recusaron-a-la-jueza-coelho-por-temor-certero-de-parcialidad\/#primaryimage","url":"https:\/\/fmgente.com.ar\/web\/wp-content\/uploads\/2026\/04\/720-310.jpeg","contentUrl":"https:\/\/fmgente.com.ar\/web\/wp-content\/uploads\/2026\/04\/720-310.jpeg","width":1021,"height":720},{"@type":"WebSite","@id":"https:\/\/fmgente.com.ar\/web\/#website","url":"https:\/\/fmgente.com.ar\/web\/","name":"Fm Gente","description":"- Jes\u00fas Mar\u00eda","publisher":{"@id":"https:\/\/fmgente.com.ar\/web\/#organization"},"potentialAction":[{"@type":"SearchAction","target":{"@type":"EntryPoint","urlTemplate":"https:\/\/fmgente.com.ar\/web\/?s={search_term_string}"},"query-input":{"@type":"PropertyValueSpecification","valueRequired":true,"valueName":"search_term_string"}}],"inLanguage":"es"},{"@type":"Organization","@id":"https:\/\/fmgente.com.ar\/web\/#organization","name":"Fm Gente","url":"https:\/\/fmgente.com.ar\/web\/","logo":{"@type":"ImageObject","inLanguage":"es","@id":"https:\/\/fmgente.com.ar\/web\/#\/schema\/logo\/image\/","url":"https:\/\/fmgente.com.ar\/web\/wp-content\/uploads\/2023\/07\/cropped-cropped-logo-sombra2.png","contentUrl":"https:\/\/fmgente.com.ar\/web\/wp-content\/uploads\/2023\/07\/cropped-cropped-logo-sombra2.png","width":1782,"height":1782,"caption":"Fm Gente"},"image":{"@id":"https:\/\/fmgente.com.ar\/web\/#\/schema\/logo\/image\/"}}]}},"_links":{"self":[{"href":"https:\/\/fmgente.com.ar\/web\/wp-json\/wp\/v2\/posts\/18237","targetHints":{"allow":["GET"]}}],"collection":[{"href":"https:\/\/fmgente.com.ar\/web\/wp-json\/wp\/v2\/posts"}],"about":[{"href":"https:\/\/fmgente.com.ar\/web\/wp-json\/wp\/v2\/types\/post"}],"replies":[{"embeddable":true,"href":"https:\/\/fmgente.com.ar\/web\/wp-json\/wp\/v2\/comments?post=18237"}],"version-history":[{"count":0,"href":"https:\/\/fmgente.com.ar\/web\/wp-json\/wp\/v2\/posts\/18237\/revisions"}],"wp:featuredmedia":[{"embeddable":true,"href":"https:\/\/fmgente.com.ar\/web\/wp-json\/wp\/v2\/media\/18238"}],"wp:attachment":[{"href":"https:\/\/fmgente.com.ar\/web\/wp-json\/wp\/v2\/media?parent=18237"}],"wp:term":[{"taxonomy":"category","embeddable":true,"href":"https:\/\/fmgente.com.ar\/web\/wp-json\/wp\/v2\/categories?post=18237"},{"taxonomy":"post_tag","embeddable":true,"href":"https:\/\/fmgente.com.ar\/web\/wp-json\/wp\/v2\/tags?post=18237"}],"curies":[{"name":"wp","href":"https:\/\/api.w.org\/{rel}","templated":true}]}}