{"id":18233,"date":"2026-04-06T20:08:31","date_gmt":"2026-04-06T23:08:31","guid":{"rendered":"https:\/\/fmgente.com.ar\/web\/anses-cuanto-cobraran-los-jubilados-pensionados-auh-y-otras-asignaciones-en-abril-con-el-aumento-y-el-bono\/"},"modified":"2026-04-06T20:08:31","modified_gmt":"2026-04-06T23:08:31","slug":"anses-cuanto-cobraran-los-jubilados-pensionados-auh-y-otras-asignaciones-en-abril-con-el-aumento-y-el-bono","status":"publish","type":"post","link":"https:\/\/fmgente.com.ar\/web\/anses-cuanto-cobraran-los-jubilados-pensionados-auh-y-otras-asignaciones-en-abril-con-el-aumento-y-el-bono\/","title":{"rendered":"ANSES: cu\u00e1nto cobrar\u00e1n los jubilados, pensionados, AUH y otras asignaciones en abril con el aumento y el bono"},"content":{"rendered":"<p>Buenos Aires, 6 abril (NA) \u2013 La Administraci\u00f3n Nacional de la Seguridad Social (ANSES) pagar\u00e1 en abril de 2026 todas sus prestaciones con aumentos ya definidos, como la continuidad del bono de 70 mil pesos.<\/p>\n<p>Los aumentos de abril, seg\u00fan pudo confirmar la Agencia Noticias Argentinas, impacta tanto en los haberes previsionales como en prestaciones clave como la AUH, la AUE y las asignaciones familiares.<\/p>\n<p>AUMENTO Y NUEVOS MONTOS<\/p>\n<p>Con el ajuste del 2,9%, la jubilaci\u00f3n m\u00ednima pasa a $380.319,31. En tanto, quienes perciben el haber m\u00ednimo recibir\u00e1n adem\u00e1s el bono de $70.000, lo que eleva el ingreso total a $450.319,31.<\/p>\n<p>Tambi\u00e9n se actualizan otras prestaciones:<\/p>\n<p> * La PUAM asciende a $304.255,44<br \/>\n * Las Pensiones No Contributivas por invalidez y vejez llegan a $266.223,52<br \/>\n * La AUH se incrementa a $136.664<br \/>\n * La AUH por hijo con discapacidad alcanza los $445.002<br \/>\n * La Asignaci\u00f3n por Embarazo se equipara al valor general de la AUH<\/p>\n<p>Este aumento se aplica bajo el esquema de movilidad mensual vigente, que ajusta los valores de forma peri\u00f3dica seg\u00fan la evoluci\u00f3n de distintas variables econ\u00f3micas.<\/p>\n<p>TARJETA ALIMENTAR SIN CAMBIOS<\/p>\n<p>En paralelo, la Tarjeta Alimentar mantiene sus valores sin modificaciones en abril:<\/p>\n<p> * $52.250 para familias con un hijo<br \/>\n * $81.936 para quienes tienen dos hijos<br \/>\n * $108.062 para familias con tres o m\u00e1s hijos<\/p>\n<p>De esta manera, el mes combina una suba en las prestaciones principales con la continuidad de algunos refuerzos sin actualizaci\u00f3n, en un contexto donde cada modificaci\u00f3n en los ingresos sigue siendo clave para el d\u00eda a d\u00eda de los beneficiarios.<\/p>\n<p>PAGOS DE ANSES DE ABRIL DE 2026<\/p>\n<p>JUBILACIONES Y PENSIONES QUE NO SUPERAN EL HABER M\u00cdNIMO<\/p>\n<p> * DNI terminado en 0: 10 de abril de 2026<br \/>\n * DNI terminado en 1: 13 de abril de 2026<br \/>\n * DNI terminado en 2: 14 de abril de 2026<br \/>\n * DNI terminado en 3: 15 de abril de 2026<br \/>\n * DNI terminado en 4: 16 de abril de 2026<br \/>\n * DNI terminado en 5: 17 de abril de 2026<br \/>\n * DNI terminado en 6: 20 de abril de 2026<br \/>\n * DNI terminado en 7: 21 de abril de 2026<br \/>\n * DNI terminado en 8: 22 de abril de 2026<br \/>\n * DNI terminado en 9: 23 de abril de 2026<\/p>\n<p>JUBILACIONES Y PENSIONES QUE SUPERAN EL HABER M\u00cdNIMO<\/p>\n<p> * DNI terminados en 0 y 1: 24 de abril de 2026<br \/>\n * DNI terminados en 2 y 3: 27 de abril de 2026<br \/>\n * DNI terminados en 4 y 5: 28 de abril de 2026<br \/>\n * DNI terminados en 6 y 7: 29 de abril de 2026<br \/>\n * DNI terminados en 8 y 9: 30 de abril de 2026<\/p>\n<p>PENSIONES NO CONTRIBUTIVAS (PNC)<\/p>\n<p> * DNI terminados en 0 y 1: 10 de abril de 2026<br \/>\n * DNI terminados en 2 y 3: 13 de abril de 2026<br \/>\n * DNI terminados en 4 y 5: 14 de abril de 2026<br \/>\n * DNI terminados en 6 y 7: 15 de abril de 2026<br \/>\n * DNI terminados en 8 y 9: 16 de abril de 2026<\/p>\n<p>ASIGNACI\u00d3N UNIVERSAL POR HIJO (AUH) Y ASIGNACI\u00d3N FAMILIAR POR HIJO<\/p>\n<p> * DNI terminado en 0: 10 de abril de 2026<br \/>\n * DNI terminado en 1: 13 de abril de 2026<br \/>\n * DNI terminado en 2: 14 de abril de 2026<br \/>\n * DNI terminado en 3: 15 de abril de 2026<br \/>\n * DNI terminado en 4: 16 de abril de 2026<br \/>\n * DNI terminado en 5: 17 de abril de 2026<br \/>\n * DNI terminado en 6: 20 de abril de 2026<br \/>\n * DNI terminado en 7: 21 de abril de 2026<br \/>\n * DNI terminado en 8: 22 de abril de 2026<br \/>\n * DNI terminado en 9: 23 de abril de 2026<\/p>\n<p>ASIGNACI\u00d3N POR EMBARAZO (AUE)<\/p>\n<p> * DNI terminado en 0: 10 de abril de 2026<br \/>\n * DNI terminado en 1: 13 de abril de 2026<br \/>\n * DNI terminado en 2: 14 de abril de 2026<br \/>\n * DNI terminado en 3: 15 de abril de 2026<br \/>\n * DNI terminado en 4: 16 de abril de 2026<br \/>\n * DNI terminado en 5: 17 de abril de 2026<br \/>\n * DNI terminado en 6: 20 de abril de 2026<br \/>\n * DNI terminado en 7: 21 de abril de 2026<br \/>\n * DNI terminado en 8: 22 de abril de 2026<br \/>\n * DNI terminado en 9: 23 de abril de 2026<\/p>\n<p>ASIGNACI\u00d3N POR PRENATAL Y MATERNIDAD<\/p>\n<p> * DNI terminados en 0 y 1: 13 de abril de 2026<br \/>\n * DNI terminados en 2 y 3: 14 de abril de 2026<br \/>\n * DNI terminados en 4 y 5: 15 de abril de 2026<br \/>\n * DNI terminados en 6 y 7: 16 de abril de 2026<br \/>\n * DNI terminados en 8 y 9: 17 de abril de 2026<\/p>\n<p>PRESTACI\u00d3N POR DESEMPLEO (PLAN 1)<\/p>\n<p> * DNI terminados en 0 y 1: 24 de abril de 2026<br \/>\n * DNI terminados en 2 y 3: 27 de abril de 2026<br \/>\n * DNI terminados en 4 y 5: 28 de abril de 2026<br \/>\n * DNI terminados en 6 y 7: 29 de abril de 2026<br \/>\n * DNI terminados en 8 y 9: 30 de abril de 2026<\/p>\n<p>ASIGNACIONES PAGO \u00daNICO (MATRIMONIO + NACIMIENTO + ADOPCI\u00d3N)<\/p>\n<p>Todas las terminaciones de DNI: del 10 de abril al 12 de mayo de 2026<\/p>\n<p>ASIGNACIONES FAMILIARES DE PENSIONES NO CONTRIBUTIVAS<\/p>\n<p>Todas las terminaciones de DNI: del 10 de abril al 12 de mayo de 2026<\/p>\n<p>#AgenciaNA<\/p>\n","protected":false},"excerpt":{"rendered":"<p>Buenos Aires, 6 abril (NA) \u2013 La Administraci\u00f3n Nacional de la Seguridad Social (ANSES) pagar\u00e1<\/p>\n","protected":false},"author":0,"featured_media":18234,"comment_status":"","ping_status":"","sticky":false,"template":"","format":"standard","meta":{"footnotes":""},"categories":[1],"tags":[],"class_list":["post-18233","post","type-post","status-publish","format-standard","has-post-thumbnail","hentry","category-regionales"],"yoast_head":"<!-- This site is optimized with the Yoast SEO plugin v27.4 - https:\/\/yoast.com\/product\/yoast-seo-wordpress\/ -->\n<title>ANSES: cu\u00e1nto cobrar\u00e1n los jubilados, pensionados, AUH y otras asignaciones en abril con el aumento y el bono - Fm Gente<\/title>\n<meta name=\"robots\" content=\"index, follow, max-snippet:-1, max-image-preview:large, max-video-preview:-1\" \/>\n<link rel=\"canonical\" href=\"https:\/\/fmgente.com.ar\/web\/anses-cuanto-cobraran-los-jubilados-pensionados-auh-y-otras-asignaciones-en-abril-con-el-aumento-y-el-bono\/\" \/>\n<meta property=\"og:locale\" content=\"es_ES\" \/>\n<meta property=\"og:type\" content=\"article\" \/>\n<meta property=\"og:title\" content=\"ANSES: cu\u00e1nto cobrar\u00e1n los jubilados, pensionados, AUH y otras asignaciones en abril con el aumento y el bono - Fm Gente\" \/>\n<meta property=\"og:description\" content=\"Buenos Aires, 6 abril (NA) \u2013 La Administraci\u00f3n Nacional de la Seguridad Social (ANSES) pagar\u00e1\" \/>\n<meta property=\"og:url\" content=\"https:\/\/fmgente.com.ar\/web\/anses-cuanto-cobraran-los-jubilados-pensionados-auh-y-otras-asignaciones-en-abril-con-el-aumento-y-el-bono\/\" \/>\n<meta property=\"og:site_name\" content=\"Fm Gente\" \/>\n<meta property=\"article:published_time\" content=\"2026-04-06T23:08:31+00:00\" \/>\n<meta name=\"twitter:card\" content=\"summary_large_image\" \/>\n<meta name=\"twitter:label1\" content=\"Tiempo de lectura\" \/>\n\t<meta name=\"twitter:data1\" content=\"3 minutos\" \/>\n<script type=\"application\/ld+json\" class=\"yoast-schema-graph\">{\"@context\":\"https:\\\/\\\/schema.org\",\"@graph\":[{\"@type\":\"Article\",\"@id\":\"https:\\\/\\\/fmgente.com.ar\\\/web\\\/anses-cuanto-cobraran-los-jubilados-pensionados-auh-y-otras-asignaciones-en-abril-con-el-aumento-y-el-bono\\\/#article\",\"isPartOf\":{\"@id\":\"https:\\\/\\\/fmgente.com.ar\\\/web\\\/anses-cuanto-cobraran-los-jubilados-pensionados-auh-y-otras-asignaciones-en-abril-con-el-aumento-y-el-bono\\\/\"},\"author\":{\"name\":\"\",\"@id\":\"\"},\"headline\":\"ANSES: cu\u00e1nto cobrar\u00e1n los jubilados, pensionados, AUH y otras asignaciones en abril con el aumento y el bono\",\"datePublished\":\"2026-04-06T23:08:31+00:00\",\"mainEntityOfPage\":{\"@id\":\"https:\\\/\\\/fmgente.com.ar\\\/web\\\/anses-cuanto-cobraran-los-jubilados-pensionados-auh-y-otras-asignaciones-en-abril-con-el-aumento-y-el-bono\\\/\"},\"wordCount\":688,\"publisher\":{\"@id\":\"https:\\\/\\\/fmgente.com.ar\\\/web\\\/#organization\"},\"image\":{\"@id\":\"https:\\\/\\\/fmgente.com.ar\\\/web\\\/anses-cuanto-cobraran-los-jubilados-pensionados-auh-y-otras-asignaciones-en-abril-con-el-aumento-y-el-bono\\\/#primaryimage\"},\"thumbnailUrl\":\"https:\\\/\\\/fmgente.com.ar\\\/web\\\/wp-content\\\/uploads\\\/2026\\\/04\\\/720-308.jpeg\",\"articleSection\":[\"REGIONALES\"],\"inLanguage\":\"es\"},{\"@type\":\"WebPage\",\"@id\":\"https:\\\/\\\/fmgente.com.ar\\\/web\\\/anses-cuanto-cobraran-los-jubilados-pensionados-auh-y-otras-asignaciones-en-abril-con-el-aumento-y-el-bono\\\/\",\"url\":\"https:\\\/\\\/fmgente.com.ar\\\/web\\\/anses-cuanto-cobraran-los-jubilados-pensionados-auh-y-otras-asignaciones-en-abril-con-el-aumento-y-el-bono\\\/\",\"name\":\"ANSES: cu\u00e1nto cobrar\u00e1n los jubilados, pensionados, AUH y otras asignaciones en abril con el aumento y el bono - Fm Gente\",\"isPartOf\":{\"@id\":\"https:\\\/\\\/fmgente.com.ar\\\/web\\\/#website\"},\"primaryImageOfPage\":{\"@id\":\"https:\\\/\\\/fmgente.com.ar\\\/web\\\/anses-cuanto-cobraran-los-jubilados-pensionados-auh-y-otras-asignaciones-en-abril-con-el-aumento-y-el-bono\\\/#primaryimage\"},\"image\":{\"@id\":\"https:\\\/\\\/fmgente.com.ar\\\/web\\\/anses-cuanto-cobraran-los-jubilados-pensionados-auh-y-otras-asignaciones-en-abril-con-el-aumento-y-el-bono\\\/#primaryimage\"},\"thumbnailUrl\":\"https:\\\/\\\/fmgente.com.ar\\\/web\\\/wp-content\\\/uploads\\\/2026\\\/04\\\/720-308.jpeg\",\"datePublished\":\"2026-04-06T23:08:31+00:00\",\"inLanguage\":\"es\",\"potentialAction\":[{\"@type\":\"ReadAction\",\"target\":[\"https:\\\/\\\/fmgente.com.ar\\\/web\\\/anses-cuanto-cobraran-los-jubilados-pensionados-auh-y-otras-asignaciones-en-abril-con-el-aumento-y-el-bono\\\/\"]}]},{\"@type\":\"ImageObject\",\"inLanguage\":\"es\",\"@id\":\"https:\\\/\\\/fmgente.com.ar\\\/web\\\/anses-cuanto-cobraran-los-jubilados-pensionados-auh-y-otras-asignaciones-en-abril-con-el-aumento-y-el-bono\\\/#primaryimage\",\"url\":\"https:\\\/\\\/fmgente.com.ar\\\/web\\\/wp-content\\\/uploads\\\/2026\\\/04\\\/720-308.jpeg\",\"contentUrl\":\"https:\\\/\\\/fmgente.com.ar\\\/web\\\/wp-content\\\/uploads\\\/2026\\\/04\\\/720-308.jpeg\",\"width\":1079,\"height\":720},{\"@type\":\"WebSite\",\"@id\":\"https:\\\/\\\/fmgente.com.ar\\\/web\\\/#website\",\"url\":\"https:\\\/\\\/fmgente.com.ar\\\/web\\\/\",\"name\":\"Fm Gente\",\"description\":\"- Jes\u00fas Mar\u00eda\",\"publisher\":{\"@id\":\"https:\\\/\\\/fmgente.com.ar\\\/web\\\/#organization\"},\"potentialAction\":[{\"@type\":\"SearchAction\",\"target\":{\"@type\":\"EntryPoint\",\"urlTemplate\":\"https:\\\/\\\/fmgente.com.ar\\\/web\\\/?s={search_term_string}\"},\"query-input\":{\"@type\":\"PropertyValueSpecification\",\"valueRequired\":true,\"valueName\":\"search_term_string\"}}],\"inLanguage\":\"es\"},{\"@type\":\"Organization\",\"@id\":\"https:\\\/\\\/fmgente.com.ar\\\/web\\\/#organization\",\"name\":\"Fm Gente\",\"url\":\"https:\\\/\\\/fmgente.com.ar\\\/web\\\/\",\"logo\":{\"@type\":\"ImageObject\",\"inLanguage\":\"es\",\"@id\":\"https:\\\/\\\/fmgente.com.ar\\\/web\\\/#\\\/schema\\\/logo\\\/image\\\/\",\"url\":\"https:\\\/\\\/fmgente.com.ar\\\/web\\\/wp-content\\\/uploads\\\/2023\\\/07\\\/cropped-cropped-logo-sombra2.png\",\"contentUrl\":\"https:\\\/\\\/fmgente.com.ar\\\/web\\\/wp-content\\\/uploads\\\/2023\\\/07\\\/cropped-cropped-logo-sombra2.png\",\"width\":1782,\"height\":1782,\"caption\":\"Fm Gente\"},\"image\":{\"@id\":\"https:\\\/\\\/fmgente.com.ar\\\/web\\\/#\\\/schema\\\/logo\\\/image\\\/\"}}]}<\/script>\n<!-- \/ Yoast SEO plugin. -->","yoast_head_json":{"title":"ANSES: cu\u00e1nto cobrar\u00e1n los jubilados, pensionados, AUH y otras asignaciones en abril con el aumento y el bono - Fm Gente","robots":{"index":"index","follow":"follow","max-snippet":"max-snippet:-1","max-image-preview":"max-image-preview:large","max-video-preview":"max-video-preview:-1"},"canonical":"https:\/\/fmgente.com.ar\/web\/anses-cuanto-cobraran-los-jubilados-pensionados-auh-y-otras-asignaciones-en-abril-con-el-aumento-y-el-bono\/","og_locale":"es_ES","og_type":"article","og_title":"ANSES: cu\u00e1nto cobrar\u00e1n los jubilados, pensionados, AUH y otras asignaciones en abril con el aumento y el bono - Fm Gente","og_description":"Buenos Aires, 6 abril (NA) \u2013 La Administraci\u00f3n Nacional de la Seguridad Social (ANSES) pagar\u00e1","og_url":"https:\/\/fmgente.com.ar\/web\/anses-cuanto-cobraran-los-jubilados-pensionados-auh-y-otras-asignaciones-en-abril-con-el-aumento-y-el-bono\/","og_site_name":"Fm Gente","article_published_time":"2026-04-06T23:08:31+00:00","twitter_card":"summary_large_image","twitter_misc":{"Tiempo de lectura":"3 minutos"},"schema":{"@context":"https:\/\/schema.org","@graph":[{"@type":"Article","@id":"https:\/\/fmgente.com.ar\/web\/anses-cuanto-cobraran-los-jubilados-pensionados-auh-y-otras-asignaciones-en-abril-con-el-aumento-y-el-bono\/#article","isPartOf":{"@id":"https:\/\/fmgente.com.ar\/web\/anses-cuanto-cobraran-los-jubilados-pensionados-auh-y-otras-asignaciones-en-abril-con-el-aumento-y-el-bono\/"},"author":{"name":"","@id":""},"headline":"ANSES: cu\u00e1nto cobrar\u00e1n los jubilados, pensionados, AUH y otras asignaciones en abril con el aumento y el bono","datePublished":"2026-04-06T23:08:31+00:00","mainEntityOfPage":{"@id":"https:\/\/fmgente.com.ar\/web\/anses-cuanto-cobraran-los-jubilados-pensionados-auh-y-otras-asignaciones-en-abril-con-el-aumento-y-el-bono\/"},"wordCount":688,"publisher":{"@id":"https:\/\/fmgente.com.ar\/web\/#organization"},"image":{"@id":"https:\/\/fmgente.com.ar\/web\/anses-cuanto-cobraran-los-jubilados-pensionados-auh-y-otras-asignaciones-en-abril-con-el-aumento-y-el-bono\/#primaryimage"},"thumbnailUrl":"https:\/\/fmgente.com.ar\/web\/wp-content\/uploads\/2026\/04\/720-308.jpeg","articleSection":["REGIONALES"],"inLanguage":"es"},{"@type":"WebPage","@id":"https:\/\/fmgente.com.ar\/web\/anses-cuanto-cobraran-los-jubilados-pensionados-auh-y-otras-asignaciones-en-abril-con-el-aumento-y-el-bono\/","url":"https:\/\/fmgente.com.ar\/web\/anses-cuanto-cobraran-los-jubilados-pensionados-auh-y-otras-asignaciones-en-abril-con-el-aumento-y-el-bono\/","name":"ANSES: cu\u00e1nto cobrar\u00e1n los jubilados, pensionados, AUH y otras asignaciones en abril con el aumento y el bono - Fm Gente","isPartOf":{"@id":"https:\/\/fmgente.com.ar\/web\/#website"},"primaryImageOfPage":{"@id":"https:\/\/fmgente.com.ar\/web\/anses-cuanto-cobraran-los-jubilados-pensionados-auh-y-otras-asignaciones-en-abril-con-el-aumento-y-el-bono\/#primaryimage"},"image":{"@id":"https:\/\/fmgente.com.ar\/web\/anses-cuanto-cobraran-los-jubilados-pensionados-auh-y-otras-asignaciones-en-abril-con-el-aumento-y-el-bono\/#primaryimage"},"thumbnailUrl":"https:\/\/fmgente.com.ar\/web\/wp-content\/uploads\/2026\/04\/720-308.jpeg","datePublished":"2026-04-06T23:08:31+00:00","inLanguage":"es","potentialAction":[{"@type":"ReadAction","target":["https:\/\/fmgente.com.ar\/web\/anses-cuanto-cobraran-los-jubilados-pensionados-auh-y-otras-asignaciones-en-abril-con-el-aumento-y-el-bono\/"]}]},{"@type":"ImageObject","inLanguage":"es","@id":"https:\/\/fmgente.com.ar\/web\/anses-cuanto-cobraran-los-jubilados-pensionados-auh-y-otras-asignaciones-en-abril-con-el-aumento-y-el-bono\/#primaryimage","url":"https:\/\/fmgente.com.ar\/web\/wp-content\/uploads\/2026\/04\/720-308.jpeg","contentUrl":"https:\/\/fmgente.com.ar\/web\/wp-content\/uploads\/2026\/04\/720-308.jpeg","width":1079,"height":720},{"@type":"WebSite","@id":"https:\/\/fmgente.com.ar\/web\/#website","url":"https:\/\/fmgente.com.ar\/web\/","name":"Fm Gente","description":"- Jes\u00fas Mar\u00eda","publisher":{"@id":"https:\/\/fmgente.com.ar\/web\/#organization"},"potentialAction":[{"@type":"SearchAction","target":{"@type":"EntryPoint","urlTemplate":"https:\/\/fmgente.com.ar\/web\/?s={search_term_string}"},"query-input":{"@type":"PropertyValueSpecification","valueRequired":true,"valueName":"search_term_string"}}],"inLanguage":"es"},{"@type":"Organization","@id":"https:\/\/fmgente.com.ar\/web\/#organization","name":"Fm Gente","url":"https:\/\/fmgente.com.ar\/web\/","logo":{"@type":"ImageObject","inLanguage":"es","@id":"https:\/\/fmgente.com.ar\/web\/#\/schema\/logo\/image\/","url":"https:\/\/fmgente.com.ar\/web\/wp-content\/uploads\/2023\/07\/cropped-cropped-logo-sombra2.png","contentUrl":"https:\/\/fmgente.com.ar\/web\/wp-content\/uploads\/2023\/07\/cropped-cropped-logo-sombra2.png","width":1782,"height":1782,"caption":"Fm Gente"},"image":{"@id":"https:\/\/fmgente.com.ar\/web\/#\/schema\/logo\/image\/"}}]}},"_links":{"self":[{"href":"https:\/\/fmgente.com.ar\/web\/wp-json\/wp\/v2\/posts\/18233","targetHints":{"allow":["GET"]}}],"collection":[{"href":"https:\/\/fmgente.com.ar\/web\/wp-json\/wp\/v2\/posts"}],"about":[{"href":"https:\/\/fmgente.com.ar\/web\/wp-json\/wp\/v2\/types\/post"}],"replies":[{"embeddable":true,"href":"https:\/\/fmgente.com.ar\/web\/wp-json\/wp\/v2\/comments?post=18233"}],"version-history":[{"count":0,"href":"https:\/\/fmgente.com.ar\/web\/wp-json\/wp\/v2\/posts\/18233\/revisions"}],"wp:featuredmedia":[{"embeddable":true,"href":"https:\/\/fmgente.com.ar\/web\/wp-json\/wp\/v2\/media\/18234"}],"wp:attachment":[{"href":"https:\/\/fmgente.com.ar\/web\/wp-json\/wp\/v2\/media?parent=18233"}],"wp:term":[{"taxonomy":"category","embeddable":true,"href":"https:\/\/fmgente.com.ar\/web\/wp-json\/wp\/v2\/categories?post=18233"},{"taxonomy":"post_tag","embeddable":true,"href":"https:\/\/fmgente.com.ar\/web\/wp-json\/wp\/v2\/tags?post=18233"}],"curies":[{"name":"wp","href":"https:\/\/api.w.org\/{rel}","templated":true}]}}