{"id":18207,"date":"2026-04-06T17:05:11","date_gmt":"2026-04-06T20:05:11","guid":{"rendered":"https:\/\/fmgente.com.ar\/web\/alerta-en-el-tren-roca-un-hombre-armado-tomo-de-rehen-a-una-pasajera-y-el-servicio-estuvo-interrumpido\/"},"modified":"2026-04-06T17:05:11","modified_gmt":"2026-04-06T20:05:11","slug":"alerta-en-el-tren-roca-un-hombre-armado-tomo-de-rehen-a-una-pasajera-y-el-servicio-estuvo-interrumpido","status":"publish","type":"post","link":"https:\/\/fmgente.com.ar\/web\/alerta-en-el-tren-roca-un-hombre-armado-tomo-de-rehen-a-una-pasajera-y-el-servicio-estuvo-interrumpido\/","title":{"rendered":"Alerta en el tren Roca: un hombre armado tom\u00f3 de reh\u00e9n a una pasajera y el servicio estuvo interrumpido"},"content":{"rendered":"<p>Buenos Aires, 6 abril (NA) \u2013 Un hombre armado se subi\u00f3 a una formaci\u00f3n del tren Roca en la estaci\u00f3n Temperley, tom\u00f3 de reh\u00e9n a una pasajera y los ramales de Alejandro Korn, Ezeiza y Bosques v\u00eda Temperley estuvieron interrumpidos<\/p>\n<p>Fuentes de Trenes Argentinos informaron a la Agencia Noticias Argentinas que el hecho se registr\u00f3 a las 15:11 en el tren 3210 que circulaba por el anden 2, donde el implicado se neg\u00f3 a ser identificado por personal de la Polic\u00eda Federal, se atrincher\u00f3 en el \u00faltimo vag\u00f3n y amenaz\u00f3 a la v\u00edctima.<\/p>\n<p>Los federales y agentes de la Bonaerense rodearon la zona, evacuaron a los usuarios y rescataron a la mujer que permaneci\u00f3 retenida.<\/p>\n<p>A las 16:20, el agresor ces\u00f3 en su actitud, se entreg\u00f3 a las autoridades y qued\u00f3 detenido, al tiempo que los ramales Ezeiza, Alejandro Korn y Bosques v\u00eda Temperley volvieron a funcionar con normalidad.<\/p>\n<p>Una foto muestra el momento en el que el involucrado agarr\u00f3 del cuello a la damnificada y le apunta con la pistola mientras se acerca un efectivo de la Polic\u00eda Federal.<\/p>\n<p>#AgenciaNA<\/p>\n","protected":false},"excerpt":{"rendered":"<p>Buenos Aires, 6 abril (NA) \u2013 Un hombre armado se subi\u00f3 a una formaci\u00f3n del<\/p>\n","protected":false},"author":0,"featured_media":18208,"comment_status":"","ping_status":"","sticky":false,"template":"","format":"standard","meta":{"footnotes":""},"categories":[1],"tags":[],"class_list":["post-18207","post","type-post","status-publish","format-standard","has-post-thumbnail","hentry","category-regionales"],"yoast_head":"<!-- This site is optimized with the Yoast SEO plugin v27.4 - https:\/\/yoast.com\/product\/yoast-seo-wordpress\/ -->\n<title>Alerta en el tren Roca: un hombre armado tom\u00f3 de reh\u00e9n a una pasajera y el servicio estuvo interrumpido - Fm Gente<\/title>\n<meta name=\"robots\" content=\"index, follow, max-snippet:-1, max-image-preview:large, max-video-preview:-1\" \/>\n<link rel=\"canonical\" href=\"https:\/\/fmgente.com.ar\/web\/alerta-en-el-tren-roca-un-hombre-armado-tomo-de-rehen-a-una-pasajera-y-el-servicio-estuvo-interrumpido\/\" \/>\n<meta property=\"og:locale\" content=\"es_ES\" \/>\n<meta property=\"og:type\" content=\"article\" \/>\n<meta property=\"og:title\" content=\"Alerta en el tren Roca: un hombre armado tom\u00f3 de reh\u00e9n a una pasajera y el servicio estuvo interrumpido - Fm Gente\" \/>\n<meta property=\"og:description\" content=\"Buenos Aires, 6 abril (NA) \u2013 Un hombre armado se subi\u00f3 a una formaci\u00f3n del\" \/>\n<meta property=\"og:url\" content=\"https:\/\/fmgente.com.ar\/web\/alerta-en-el-tren-roca-un-hombre-armado-tomo-de-rehen-a-una-pasajera-y-el-servicio-estuvo-interrumpido\/\" \/>\n<meta property=\"og:site_name\" content=\"Fm Gente\" \/>\n<meta property=\"article:published_time\" content=\"2026-04-06T20:05:11+00:00\" \/>\n<meta name=\"twitter:card\" content=\"summary_large_image\" \/>\n<meta name=\"twitter:label1\" content=\"Tiempo de lectura\" \/>\n\t<meta name=\"twitter:data1\" content=\"1 minuto\" \/>\n<script type=\"application\/ld+json\" class=\"yoast-schema-graph\">{\"@context\":\"https:\\\/\\\/schema.org\",\"@graph\":[{\"@type\":\"Article\",\"@id\":\"https:\\\/\\\/fmgente.com.ar\\\/web\\\/alerta-en-el-tren-roca-un-hombre-armado-tomo-de-rehen-a-una-pasajera-y-el-servicio-estuvo-interrumpido\\\/#article\",\"isPartOf\":{\"@id\":\"https:\\\/\\\/fmgente.com.ar\\\/web\\\/alerta-en-el-tren-roca-un-hombre-armado-tomo-de-rehen-a-una-pasajera-y-el-servicio-estuvo-interrumpido\\\/\"},\"author\":{\"name\":\"\",\"@id\":\"\"},\"headline\":\"Alerta en el tren Roca: un hombre armado tom\u00f3 de reh\u00e9n a una pasajera y el servicio estuvo interrumpido\",\"datePublished\":\"2026-04-06T20:05:11+00:00\",\"mainEntityOfPage\":{\"@id\":\"https:\\\/\\\/fmgente.com.ar\\\/web\\\/alerta-en-el-tren-roca-un-hombre-armado-tomo-de-rehen-a-una-pasajera-y-el-servicio-estuvo-interrumpido\\\/\"},\"wordCount\":204,\"publisher\":{\"@id\":\"https:\\\/\\\/fmgente.com.ar\\\/web\\\/#organization\"},\"image\":{\"@id\":\"https:\\\/\\\/fmgente.com.ar\\\/web\\\/alerta-en-el-tren-roca-un-hombre-armado-tomo-de-rehen-a-una-pasajera-y-el-servicio-estuvo-interrumpido\\\/#primaryimage\"},\"thumbnailUrl\":\"https:\\\/\\\/fmgente.com.ar\\\/web\\\/wp-content\\\/uploads\\\/2026\\\/04\\\/720-295.jpeg\",\"articleSection\":[\"REGIONALES\"],\"inLanguage\":\"es\"},{\"@type\":\"WebPage\",\"@id\":\"https:\\\/\\\/fmgente.com.ar\\\/web\\\/alerta-en-el-tren-roca-un-hombre-armado-tomo-de-rehen-a-una-pasajera-y-el-servicio-estuvo-interrumpido\\\/\",\"url\":\"https:\\\/\\\/fmgente.com.ar\\\/web\\\/alerta-en-el-tren-roca-un-hombre-armado-tomo-de-rehen-a-una-pasajera-y-el-servicio-estuvo-interrumpido\\\/\",\"name\":\"Alerta en el tren Roca: un hombre armado tom\u00f3 de reh\u00e9n a una pasajera y el servicio estuvo interrumpido - Fm Gente\",\"isPartOf\":{\"@id\":\"https:\\\/\\\/fmgente.com.ar\\\/web\\\/#website\"},\"primaryImageOfPage\":{\"@id\":\"https:\\\/\\\/fmgente.com.ar\\\/web\\\/alerta-en-el-tren-roca-un-hombre-armado-tomo-de-rehen-a-una-pasajera-y-el-servicio-estuvo-interrumpido\\\/#primaryimage\"},\"image\":{\"@id\":\"https:\\\/\\\/fmgente.com.ar\\\/web\\\/alerta-en-el-tren-roca-un-hombre-armado-tomo-de-rehen-a-una-pasajera-y-el-servicio-estuvo-interrumpido\\\/#primaryimage\"},\"thumbnailUrl\":\"https:\\\/\\\/fmgente.com.ar\\\/web\\\/wp-content\\\/uploads\\\/2026\\\/04\\\/720-295.jpeg\",\"datePublished\":\"2026-04-06T20:05:11+00:00\",\"inLanguage\":\"es\",\"potentialAction\":[{\"@type\":\"ReadAction\",\"target\":[\"https:\\\/\\\/fmgente.com.ar\\\/web\\\/alerta-en-el-tren-roca-un-hombre-armado-tomo-de-rehen-a-una-pasajera-y-el-servicio-estuvo-interrumpido\\\/\"]}]},{\"@type\":\"ImageObject\",\"inLanguage\":\"es\",\"@id\":\"https:\\\/\\\/fmgente.com.ar\\\/web\\\/alerta-en-el-tren-roca-un-hombre-armado-tomo-de-rehen-a-una-pasajera-y-el-servicio-estuvo-interrumpido\\\/#primaryimage\",\"url\":\"https:\\\/\\\/fmgente.com.ar\\\/web\\\/wp-content\\\/uploads\\\/2026\\\/04\\\/720-295.jpeg\",\"contentUrl\":\"https:\\\/\\\/fmgente.com.ar\\\/web\\\/wp-content\\\/uploads\\\/2026\\\/04\\\/720-295.jpeg\",\"width\":1234,\"height\":720},{\"@type\":\"WebSite\",\"@id\":\"https:\\\/\\\/fmgente.com.ar\\\/web\\\/#website\",\"url\":\"https:\\\/\\\/fmgente.com.ar\\\/web\\\/\",\"name\":\"Fm Gente\",\"description\":\"- Jes\u00fas Mar\u00eda\",\"publisher\":{\"@id\":\"https:\\\/\\\/fmgente.com.ar\\\/web\\\/#organization\"},\"potentialAction\":[{\"@type\":\"SearchAction\",\"target\":{\"@type\":\"EntryPoint\",\"urlTemplate\":\"https:\\\/\\\/fmgente.com.ar\\\/web\\\/?s={search_term_string}\"},\"query-input\":{\"@type\":\"PropertyValueSpecification\",\"valueRequired\":true,\"valueName\":\"search_term_string\"}}],\"inLanguage\":\"es\"},{\"@type\":\"Organization\",\"@id\":\"https:\\\/\\\/fmgente.com.ar\\\/web\\\/#organization\",\"name\":\"Fm Gente\",\"url\":\"https:\\\/\\\/fmgente.com.ar\\\/web\\\/\",\"logo\":{\"@type\":\"ImageObject\",\"inLanguage\":\"es\",\"@id\":\"https:\\\/\\\/fmgente.com.ar\\\/web\\\/#\\\/schema\\\/logo\\\/image\\\/\",\"url\":\"https:\\\/\\\/fmgente.com.ar\\\/web\\\/wp-content\\\/uploads\\\/2023\\\/07\\\/cropped-cropped-logo-sombra2.png\",\"contentUrl\":\"https:\\\/\\\/fmgente.com.ar\\\/web\\\/wp-content\\\/uploads\\\/2023\\\/07\\\/cropped-cropped-logo-sombra2.png\",\"width\":1782,\"height\":1782,\"caption\":\"Fm Gente\"},\"image\":{\"@id\":\"https:\\\/\\\/fmgente.com.ar\\\/web\\\/#\\\/schema\\\/logo\\\/image\\\/\"}}]}<\/script>\n<!-- \/ Yoast SEO plugin. -->","yoast_head_json":{"title":"Alerta en el tren Roca: un hombre armado tom\u00f3 de reh\u00e9n a una pasajera y el servicio estuvo interrumpido - Fm Gente","robots":{"index":"index","follow":"follow","max-snippet":"max-snippet:-1","max-image-preview":"max-image-preview:large","max-video-preview":"max-video-preview:-1"},"canonical":"https:\/\/fmgente.com.ar\/web\/alerta-en-el-tren-roca-un-hombre-armado-tomo-de-rehen-a-una-pasajera-y-el-servicio-estuvo-interrumpido\/","og_locale":"es_ES","og_type":"article","og_title":"Alerta en el tren Roca: un hombre armado tom\u00f3 de reh\u00e9n a una pasajera y el servicio estuvo interrumpido - Fm Gente","og_description":"Buenos Aires, 6 abril (NA) \u2013 Un hombre armado se subi\u00f3 a una formaci\u00f3n del","og_url":"https:\/\/fmgente.com.ar\/web\/alerta-en-el-tren-roca-un-hombre-armado-tomo-de-rehen-a-una-pasajera-y-el-servicio-estuvo-interrumpido\/","og_site_name":"Fm Gente","article_published_time":"2026-04-06T20:05:11+00:00","twitter_card":"summary_large_image","twitter_misc":{"Tiempo de lectura":"1 minuto"},"schema":{"@context":"https:\/\/schema.org","@graph":[{"@type":"Article","@id":"https:\/\/fmgente.com.ar\/web\/alerta-en-el-tren-roca-un-hombre-armado-tomo-de-rehen-a-una-pasajera-y-el-servicio-estuvo-interrumpido\/#article","isPartOf":{"@id":"https:\/\/fmgente.com.ar\/web\/alerta-en-el-tren-roca-un-hombre-armado-tomo-de-rehen-a-una-pasajera-y-el-servicio-estuvo-interrumpido\/"},"author":{"name":"","@id":""},"headline":"Alerta en el tren Roca: un hombre armado tom\u00f3 de reh\u00e9n a una pasajera y el servicio estuvo interrumpido","datePublished":"2026-04-06T20:05:11+00:00","mainEntityOfPage":{"@id":"https:\/\/fmgente.com.ar\/web\/alerta-en-el-tren-roca-un-hombre-armado-tomo-de-rehen-a-una-pasajera-y-el-servicio-estuvo-interrumpido\/"},"wordCount":204,"publisher":{"@id":"https:\/\/fmgente.com.ar\/web\/#organization"},"image":{"@id":"https:\/\/fmgente.com.ar\/web\/alerta-en-el-tren-roca-un-hombre-armado-tomo-de-rehen-a-una-pasajera-y-el-servicio-estuvo-interrumpido\/#primaryimage"},"thumbnailUrl":"https:\/\/fmgente.com.ar\/web\/wp-content\/uploads\/2026\/04\/720-295.jpeg","articleSection":["REGIONALES"],"inLanguage":"es"},{"@type":"WebPage","@id":"https:\/\/fmgente.com.ar\/web\/alerta-en-el-tren-roca-un-hombre-armado-tomo-de-rehen-a-una-pasajera-y-el-servicio-estuvo-interrumpido\/","url":"https:\/\/fmgente.com.ar\/web\/alerta-en-el-tren-roca-un-hombre-armado-tomo-de-rehen-a-una-pasajera-y-el-servicio-estuvo-interrumpido\/","name":"Alerta en el tren Roca: un hombre armado tom\u00f3 de reh\u00e9n a una pasajera y el servicio estuvo interrumpido - Fm Gente","isPartOf":{"@id":"https:\/\/fmgente.com.ar\/web\/#website"},"primaryImageOfPage":{"@id":"https:\/\/fmgente.com.ar\/web\/alerta-en-el-tren-roca-un-hombre-armado-tomo-de-rehen-a-una-pasajera-y-el-servicio-estuvo-interrumpido\/#primaryimage"},"image":{"@id":"https:\/\/fmgente.com.ar\/web\/alerta-en-el-tren-roca-un-hombre-armado-tomo-de-rehen-a-una-pasajera-y-el-servicio-estuvo-interrumpido\/#primaryimage"},"thumbnailUrl":"https:\/\/fmgente.com.ar\/web\/wp-content\/uploads\/2026\/04\/720-295.jpeg","datePublished":"2026-04-06T20:05:11+00:00","inLanguage":"es","potentialAction":[{"@type":"ReadAction","target":["https:\/\/fmgente.com.ar\/web\/alerta-en-el-tren-roca-un-hombre-armado-tomo-de-rehen-a-una-pasajera-y-el-servicio-estuvo-interrumpido\/"]}]},{"@type":"ImageObject","inLanguage":"es","@id":"https:\/\/fmgente.com.ar\/web\/alerta-en-el-tren-roca-un-hombre-armado-tomo-de-rehen-a-una-pasajera-y-el-servicio-estuvo-interrumpido\/#primaryimage","url":"https:\/\/fmgente.com.ar\/web\/wp-content\/uploads\/2026\/04\/720-295.jpeg","contentUrl":"https:\/\/fmgente.com.ar\/web\/wp-content\/uploads\/2026\/04\/720-295.jpeg","width":1234,"height":720},{"@type":"WebSite","@id":"https:\/\/fmgente.com.ar\/web\/#website","url":"https:\/\/fmgente.com.ar\/web\/","name":"Fm Gente","description":"- Jes\u00fas Mar\u00eda","publisher":{"@id":"https:\/\/fmgente.com.ar\/web\/#organization"},"potentialAction":[{"@type":"SearchAction","target":{"@type":"EntryPoint","urlTemplate":"https:\/\/fmgente.com.ar\/web\/?s={search_term_string}"},"query-input":{"@type":"PropertyValueSpecification","valueRequired":true,"valueName":"search_term_string"}}],"inLanguage":"es"},{"@type":"Organization","@id":"https:\/\/fmgente.com.ar\/web\/#organization","name":"Fm Gente","url":"https:\/\/fmgente.com.ar\/web\/","logo":{"@type":"ImageObject","inLanguage":"es","@id":"https:\/\/fmgente.com.ar\/web\/#\/schema\/logo\/image\/","url":"https:\/\/fmgente.com.ar\/web\/wp-content\/uploads\/2023\/07\/cropped-cropped-logo-sombra2.png","contentUrl":"https:\/\/fmgente.com.ar\/web\/wp-content\/uploads\/2023\/07\/cropped-cropped-logo-sombra2.png","width":1782,"height":1782,"caption":"Fm Gente"},"image":{"@id":"https:\/\/fmgente.com.ar\/web\/#\/schema\/logo\/image\/"}}]}},"_links":{"self":[{"href":"https:\/\/fmgente.com.ar\/web\/wp-json\/wp\/v2\/posts\/18207","targetHints":{"allow":["GET"]}}],"collection":[{"href":"https:\/\/fmgente.com.ar\/web\/wp-json\/wp\/v2\/posts"}],"about":[{"href":"https:\/\/fmgente.com.ar\/web\/wp-json\/wp\/v2\/types\/post"}],"replies":[{"embeddable":true,"href":"https:\/\/fmgente.com.ar\/web\/wp-json\/wp\/v2\/comments?post=18207"}],"version-history":[{"count":0,"href":"https:\/\/fmgente.com.ar\/web\/wp-json\/wp\/v2\/posts\/18207\/revisions"}],"wp:featuredmedia":[{"embeddable":true,"href":"https:\/\/fmgente.com.ar\/web\/wp-json\/wp\/v2\/media\/18208"}],"wp:attachment":[{"href":"https:\/\/fmgente.com.ar\/web\/wp-json\/wp\/v2\/media?parent=18207"}],"wp:term":[{"taxonomy":"category","embeddable":true,"href":"https:\/\/fmgente.com.ar\/web\/wp-json\/wp\/v2\/categories?post=18207"},{"taxonomy":"post_tag","embeddable":true,"href":"https:\/\/fmgente.com.ar\/web\/wp-json\/wp\/v2\/tags?post=18207"}],"curies":[{"name":"wp","href":"https:\/\/api.w.org\/{rel}","templated":true}]}}