{"id":18205,"date":"2026-04-06T17:05:10","date_gmt":"2026-04-06T20:05:10","guid":{"rendered":"https:\/\/fmgente.com.ar\/web\/en-el-banco-nacion-insisten-en-defender-los-creditos-otorgados-a-funcionarios-oficialistas\/"},"modified":"2026-04-06T17:05:10","modified_gmt":"2026-04-06T20:05:10","slug":"en-el-banco-nacion-insisten-en-defender-los-creditos-otorgados-a-funcionarios-oficialistas","status":"publish","type":"post","link":"https:\/\/fmgente.com.ar\/web\/en-el-banco-nacion-insisten-en-defender-los-creditos-otorgados-a-funcionarios-oficialistas\/","title":{"rendered":"En el Banco Naci\u00f3n insisten en defender los cr\u00e9ditos otorgados a funcionarios oficialistas"},"content":{"rendered":"<p>Buenos Aires, 6 abril (NA) \u2013  Uno de los altos ejecutivos del Banco de la Naci\u00f3n Argentina (BNA), que actualmente se desempe\u00f1a como gerente zonal y responsable de Banca Personas, Mario Zagaglia defendi\u00f3 \u201cla transparencia y accesibilidad\u201d de los cr\u00e9ditos que otorga la entidad, especialmente, ante los recientes cuestionamientos sobre supuestos beneficios a funcionarios oficialistas y allegados a La Libertad Avanza (LLA). <\/p>\n<p>En sus declaraciones, ratific\u00f3 la postura oficial del Banco Naci\u00f3n y neg\u00f3 \u00abcualquier trato preferencial o acomodo\u00bb para empleados p\u00fablicos libertarios sobre el acceso a los pr\u00e9stamos hipotecarios. En la misma l\u00ednea, afirm\u00f3 que todos los cr\u00e9ditos est\u00e1n sujetos a \u00abprocesos de aprobaci\u00f3n estandarizados\u00bb y \u201ccumplen con los requisitos de solvencia exigidos a cualquier cliente\u201d.<\/p>\n<p>La defensa por parte de Zagaglia se basa en las condiciones de la l\u00ednea +Hogares, que ofrece \u201ctasas preferenciales del 4,5% para usuarios que perciban haberes en el banco\u201d y plazos extendidos, con una opci\u00f3n de financiamiento \u201chasta 30 a\u00f1os\u201d.<\/p>\n<p>Asimismo, sostuvo que el monto m\u00e1ximo de los pr\u00e9stamos es de hasta aproximadamente \u201c$390 millones, cubriendo hasta el 75% del valor de la propiedad\u201d. Tambi\u00e9n, se\u00f1al\u00f3 que existen l\u00edneas de cr\u00e9dito de hasta $50 millones para monotributistas y trabajadores que est\u00e1n abiertas al p\u00fablico general bajo las condiciones del mercado.<\/p>\n<p>EL TITULAR DEL BANCO NACI\u00d3N TAMBI\u00c9N RESPALD\u00d3 LOS CR\u00c9DITOS<\/p>\n<p>El presidente del BNA, Dar\u00edo Wasserman, tambi\u00e9n defendi\u00f3 el otorgamiento de cr\u00e9ditos hipotecarios a funcionarios del Gobierno Nacional: asegur\u00f3 que \u201cno hubo irregularidades ni tratos preferenciales\u201d y que cumplieron con los requisitos de \u201cevaluaci\u00f3n crediticia y el scoring habitual\u201d.<\/p>\n<p>En la misma l\u00ednea, sostuvo que los pr\u00e9stamos se ajustaron a las condiciones habituales y explic\u00f3 que el BNA \u201cgestiona cuentas sueldo del sector p\u00fablico\u201d, lo que eleva el n\u00famero de empleados estatales elegibles. Al igual que Zagaglia, se refiri\u00f3 al programa +Hogares, que permite financiar hasta el 90% del valor, con tasas \u201ccompetitivas\u201d. <\/p>\n<p>La pol\u00e9mica sobre el otorgamiento de los cr\u00e9ditos hipotecarios surgi\u00f3 cuando se hicieron p\u00fablicos las adjudicaciones a empleados como Juan Pedro Inchauspe, del Banco Central (BCRA); a Felipe N\u00fa\u00f1ez, asesor del ministro de Econom\u00eda Luis Caputo; y Federico Furiase, secretario de Finanzas; entre otros.<\/p>\n<p>Por el momento, sectores de la oposici\u00f3n impulsaron pedidos de informes en el Congreso Nacional sobre las condiciones de estos cr\u00e9ditos, al mismo tiempo en que se reportaron denuncias penales. AgenciaNA<\/p>\n","protected":false},"excerpt":{"rendered":"<p>Buenos Aires, 6 abril (NA) \u2013 Uno de los altos ejecutivos del Banco de la<\/p>\n","protected":false},"author":0,"featured_media":18206,"comment_status":"","ping_status":"","sticky":false,"template":"","format":"standard","meta":{"footnotes":""},"categories":[1],"tags":[],"class_list":["post-18205","post","type-post","status-publish","format-standard","has-post-thumbnail","hentry","category-regionales"],"yoast_head":"<!-- This site is optimized with the Yoast SEO plugin v27.4 - https:\/\/yoast.com\/product\/yoast-seo-wordpress\/ -->\n<title>En el Banco Naci\u00f3n insisten en defender los cr\u00e9ditos otorgados a funcionarios oficialistas - Fm Gente<\/title>\n<meta name=\"robots\" content=\"index, follow, max-snippet:-1, max-image-preview:large, max-video-preview:-1\" \/>\n<link rel=\"canonical\" href=\"https:\/\/fmgente.com.ar\/web\/en-el-banco-nacion-insisten-en-defender-los-creditos-otorgados-a-funcionarios-oficialistas\/\" \/>\n<meta property=\"og:locale\" content=\"es_ES\" \/>\n<meta property=\"og:type\" content=\"article\" \/>\n<meta property=\"og:title\" content=\"En el Banco Naci\u00f3n insisten en defender los cr\u00e9ditos otorgados a funcionarios oficialistas - Fm Gente\" \/>\n<meta property=\"og:description\" content=\"Buenos Aires, 6 abril (NA) \u2013 Uno de los altos ejecutivos del Banco de la\" \/>\n<meta property=\"og:url\" content=\"https:\/\/fmgente.com.ar\/web\/en-el-banco-nacion-insisten-en-defender-los-creditos-otorgados-a-funcionarios-oficialistas\/\" \/>\n<meta property=\"og:site_name\" content=\"Fm Gente\" \/>\n<meta property=\"article:published_time\" content=\"2026-04-06T20:05:10+00:00\" \/>\n<meta name=\"twitter:card\" content=\"summary_large_image\" \/>\n<meta name=\"twitter:label1\" content=\"Tiempo de lectura\" \/>\n\t<meta name=\"twitter:data1\" content=\"2 minutos\" \/>\n<script type=\"application\/ld+json\" class=\"yoast-schema-graph\">{\"@context\":\"https:\\\/\\\/schema.org\",\"@graph\":[{\"@type\":\"Article\",\"@id\":\"https:\\\/\\\/fmgente.com.ar\\\/web\\\/en-el-banco-nacion-insisten-en-defender-los-creditos-otorgados-a-funcionarios-oficialistas\\\/#article\",\"isPartOf\":{\"@id\":\"https:\\\/\\\/fmgente.com.ar\\\/web\\\/en-el-banco-nacion-insisten-en-defender-los-creditos-otorgados-a-funcionarios-oficialistas\\\/\"},\"author\":{\"name\":\"\",\"@id\":\"\"},\"headline\":\"En el Banco Naci\u00f3n insisten en defender los cr\u00e9ditos otorgados a funcionarios oficialistas\",\"datePublished\":\"2026-04-06T20:05:10+00:00\",\"mainEntityOfPage\":{\"@id\":\"https:\\\/\\\/fmgente.com.ar\\\/web\\\/en-el-banco-nacion-insisten-en-defender-los-creditos-otorgados-a-funcionarios-oficialistas\\\/\"},\"wordCount\":430,\"publisher\":{\"@id\":\"https:\\\/\\\/fmgente.com.ar\\\/web\\\/#organization\"},\"image\":{\"@id\":\"https:\\\/\\\/fmgente.com.ar\\\/web\\\/en-el-banco-nacion-insisten-en-defender-los-creditos-otorgados-a-funcionarios-oficialistas\\\/#primaryimage\"},\"thumbnailUrl\":\"https:\\\/\\\/fmgente.com.ar\\\/web\\\/wp-content\\\/uploads\\\/2026\\\/04\\\/720-294.jpeg\",\"articleSection\":[\"REGIONALES\"],\"inLanguage\":\"es\"},{\"@type\":\"WebPage\",\"@id\":\"https:\\\/\\\/fmgente.com.ar\\\/web\\\/en-el-banco-nacion-insisten-en-defender-los-creditos-otorgados-a-funcionarios-oficialistas\\\/\",\"url\":\"https:\\\/\\\/fmgente.com.ar\\\/web\\\/en-el-banco-nacion-insisten-en-defender-los-creditos-otorgados-a-funcionarios-oficialistas\\\/\",\"name\":\"En el Banco Naci\u00f3n insisten en defender los cr\u00e9ditos otorgados a funcionarios oficialistas - Fm Gente\",\"isPartOf\":{\"@id\":\"https:\\\/\\\/fmgente.com.ar\\\/web\\\/#website\"},\"primaryImageOfPage\":{\"@id\":\"https:\\\/\\\/fmgente.com.ar\\\/web\\\/en-el-banco-nacion-insisten-en-defender-los-creditos-otorgados-a-funcionarios-oficialistas\\\/#primaryimage\"},\"image\":{\"@id\":\"https:\\\/\\\/fmgente.com.ar\\\/web\\\/en-el-banco-nacion-insisten-en-defender-los-creditos-otorgados-a-funcionarios-oficialistas\\\/#primaryimage\"},\"thumbnailUrl\":\"https:\\\/\\\/fmgente.com.ar\\\/web\\\/wp-content\\\/uploads\\\/2026\\\/04\\\/720-294.jpeg\",\"datePublished\":\"2026-04-06T20:05:10+00:00\",\"inLanguage\":\"es\",\"potentialAction\":[{\"@type\":\"ReadAction\",\"target\":[\"https:\\\/\\\/fmgente.com.ar\\\/web\\\/en-el-banco-nacion-insisten-en-defender-los-creditos-otorgados-a-funcionarios-oficialistas\\\/\"]}]},{\"@type\":\"ImageObject\",\"inLanguage\":\"es\",\"@id\":\"https:\\\/\\\/fmgente.com.ar\\\/web\\\/en-el-banco-nacion-insisten-en-defender-los-creditos-otorgados-a-funcionarios-oficialistas\\\/#primaryimage\",\"url\":\"https:\\\/\\\/fmgente.com.ar\\\/web\\\/wp-content\\\/uploads\\\/2026\\\/04\\\/720-294.jpeg\",\"contentUrl\":\"https:\\\/\\\/fmgente.com.ar\\\/web\\\/wp-content\\\/uploads\\\/2026\\\/04\\\/720-294.jpeg\",\"width\":575,\"height\":720},{\"@type\":\"WebSite\",\"@id\":\"https:\\\/\\\/fmgente.com.ar\\\/web\\\/#website\",\"url\":\"https:\\\/\\\/fmgente.com.ar\\\/web\\\/\",\"name\":\"Fm Gente\",\"description\":\"- Jes\u00fas Mar\u00eda\",\"publisher\":{\"@id\":\"https:\\\/\\\/fmgente.com.ar\\\/web\\\/#organization\"},\"potentialAction\":[{\"@type\":\"SearchAction\",\"target\":{\"@type\":\"EntryPoint\",\"urlTemplate\":\"https:\\\/\\\/fmgente.com.ar\\\/web\\\/?s={search_term_string}\"},\"query-input\":{\"@type\":\"PropertyValueSpecification\",\"valueRequired\":true,\"valueName\":\"search_term_string\"}}],\"inLanguage\":\"es\"},{\"@type\":\"Organization\",\"@id\":\"https:\\\/\\\/fmgente.com.ar\\\/web\\\/#organization\",\"name\":\"Fm Gente\",\"url\":\"https:\\\/\\\/fmgente.com.ar\\\/web\\\/\",\"logo\":{\"@type\":\"ImageObject\",\"inLanguage\":\"es\",\"@id\":\"https:\\\/\\\/fmgente.com.ar\\\/web\\\/#\\\/schema\\\/logo\\\/image\\\/\",\"url\":\"https:\\\/\\\/fmgente.com.ar\\\/web\\\/wp-content\\\/uploads\\\/2023\\\/07\\\/cropped-cropped-logo-sombra2.png\",\"contentUrl\":\"https:\\\/\\\/fmgente.com.ar\\\/web\\\/wp-content\\\/uploads\\\/2023\\\/07\\\/cropped-cropped-logo-sombra2.png\",\"width\":1782,\"height\":1782,\"caption\":\"Fm Gente\"},\"image\":{\"@id\":\"https:\\\/\\\/fmgente.com.ar\\\/web\\\/#\\\/schema\\\/logo\\\/image\\\/\"}}]}<\/script>\n<!-- \/ Yoast SEO plugin. -->","yoast_head_json":{"title":"En el Banco Naci\u00f3n insisten en defender los cr\u00e9ditos otorgados a funcionarios oficialistas - Fm Gente","robots":{"index":"index","follow":"follow","max-snippet":"max-snippet:-1","max-image-preview":"max-image-preview:large","max-video-preview":"max-video-preview:-1"},"canonical":"https:\/\/fmgente.com.ar\/web\/en-el-banco-nacion-insisten-en-defender-los-creditos-otorgados-a-funcionarios-oficialistas\/","og_locale":"es_ES","og_type":"article","og_title":"En el Banco Naci\u00f3n insisten en defender los cr\u00e9ditos otorgados a funcionarios oficialistas - Fm Gente","og_description":"Buenos Aires, 6 abril (NA) \u2013 Uno de los altos ejecutivos del Banco de la","og_url":"https:\/\/fmgente.com.ar\/web\/en-el-banco-nacion-insisten-en-defender-los-creditos-otorgados-a-funcionarios-oficialistas\/","og_site_name":"Fm Gente","article_published_time":"2026-04-06T20:05:10+00:00","twitter_card":"summary_large_image","twitter_misc":{"Tiempo de lectura":"2 minutos"},"schema":{"@context":"https:\/\/schema.org","@graph":[{"@type":"Article","@id":"https:\/\/fmgente.com.ar\/web\/en-el-banco-nacion-insisten-en-defender-los-creditos-otorgados-a-funcionarios-oficialistas\/#article","isPartOf":{"@id":"https:\/\/fmgente.com.ar\/web\/en-el-banco-nacion-insisten-en-defender-los-creditos-otorgados-a-funcionarios-oficialistas\/"},"author":{"name":"","@id":""},"headline":"En el Banco Naci\u00f3n insisten en defender los cr\u00e9ditos otorgados a funcionarios oficialistas","datePublished":"2026-04-06T20:05:10+00:00","mainEntityOfPage":{"@id":"https:\/\/fmgente.com.ar\/web\/en-el-banco-nacion-insisten-en-defender-los-creditos-otorgados-a-funcionarios-oficialistas\/"},"wordCount":430,"publisher":{"@id":"https:\/\/fmgente.com.ar\/web\/#organization"},"image":{"@id":"https:\/\/fmgente.com.ar\/web\/en-el-banco-nacion-insisten-en-defender-los-creditos-otorgados-a-funcionarios-oficialistas\/#primaryimage"},"thumbnailUrl":"https:\/\/fmgente.com.ar\/web\/wp-content\/uploads\/2026\/04\/720-294.jpeg","articleSection":["REGIONALES"],"inLanguage":"es"},{"@type":"WebPage","@id":"https:\/\/fmgente.com.ar\/web\/en-el-banco-nacion-insisten-en-defender-los-creditos-otorgados-a-funcionarios-oficialistas\/","url":"https:\/\/fmgente.com.ar\/web\/en-el-banco-nacion-insisten-en-defender-los-creditos-otorgados-a-funcionarios-oficialistas\/","name":"En el Banco Naci\u00f3n insisten en defender los cr\u00e9ditos otorgados a funcionarios oficialistas - Fm Gente","isPartOf":{"@id":"https:\/\/fmgente.com.ar\/web\/#website"},"primaryImageOfPage":{"@id":"https:\/\/fmgente.com.ar\/web\/en-el-banco-nacion-insisten-en-defender-los-creditos-otorgados-a-funcionarios-oficialistas\/#primaryimage"},"image":{"@id":"https:\/\/fmgente.com.ar\/web\/en-el-banco-nacion-insisten-en-defender-los-creditos-otorgados-a-funcionarios-oficialistas\/#primaryimage"},"thumbnailUrl":"https:\/\/fmgente.com.ar\/web\/wp-content\/uploads\/2026\/04\/720-294.jpeg","datePublished":"2026-04-06T20:05:10+00:00","inLanguage":"es","potentialAction":[{"@type":"ReadAction","target":["https:\/\/fmgente.com.ar\/web\/en-el-banco-nacion-insisten-en-defender-los-creditos-otorgados-a-funcionarios-oficialistas\/"]}]},{"@type":"ImageObject","inLanguage":"es","@id":"https:\/\/fmgente.com.ar\/web\/en-el-banco-nacion-insisten-en-defender-los-creditos-otorgados-a-funcionarios-oficialistas\/#primaryimage","url":"https:\/\/fmgente.com.ar\/web\/wp-content\/uploads\/2026\/04\/720-294.jpeg","contentUrl":"https:\/\/fmgente.com.ar\/web\/wp-content\/uploads\/2026\/04\/720-294.jpeg","width":575,"height":720},{"@type":"WebSite","@id":"https:\/\/fmgente.com.ar\/web\/#website","url":"https:\/\/fmgente.com.ar\/web\/","name":"Fm Gente","description":"- Jes\u00fas Mar\u00eda","publisher":{"@id":"https:\/\/fmgente.com.ar\/web\/#organization"},"potentialAction":[{"@type":"SearchAction","target":{"@type":"EntryPoint","urlTemplate":"https:\/\/fmgente.com.ar\/web\/?s={search_term_string}"},"query-input":{"@type":"PropertyValueSpecification","valueRequired":true,"valueName":"search_term_string"}}],"inLanguage":"es"},{"@type":"Organization","@id":"https:\/\/fmgente.com.ar\/web\/#organization","name":"Fm Gente","url":"https:\/\/fmgente.com.ar\/web\/","logo":{"@type":"ImageObject","inLanguage":"es","@id":"https:\/\/fmgente.com.ar\/web\/#\/schema\/logo\/image\/","url":"https:\/\/fmgente.com.ar\/web\/wp-content\/uploads\/2023\/07\/cropped-cropped-logo-sombra2.png","contentUrl":"https:\/\/fmgente.com.ar\/web\/wp-content\/uploads\/2023\/07\/cropped-cropped-logo-sombra2.png","width":1782,"height":1782,"caption":"Fm Gente"},"image":{"@id":"https:\/\/fmgente.com.ar\/web\/#\/schema\/logo\/image\/"}}]}},"_links":{"self":[{"href":"https:\/\/fmgente.com.ar\/web\/wp-json\/wp\/v2\/posts\/18205","targetHints":{"allow":["GET"]}}],"collection":[{"href":"https:\/\/fmgente.com.ar\/web\/wp-json\/wp\/v2\/posts"}],"about":[{"href":"https:\/\/fmgente.com.ar\/web\/wp-json\/wp\/v2\/types\/post"}],"replies":[{"embeddable":true,"href":"https:\/\/fmgente.com.ar\/web\/wp-json\/wp\/v2\/comments?post=18205"}],"version-history":[{"count":0,"href":"https:\/\/fmgente.com.ar\/web\/wp-json\/wp\/v2\/posts\/18205\/revisions"}],"wp:featuredmedia":[{"embeddable":true,"href":"https:\/\/fmgente.com.ar\/web\/wp-json\/wp\/v2\/media\/18206"}],"wp:attachment":[{"href":"https:\/\/fmgente.com.ar\/web\/wp-json\/wp\/v2\/media?parent=18205"}],"wp:term":[{"taxonomy":"category","embeddable":true,"href":"https:\/\/fmgente.com.ar\/web\/wp-json\/wp\/v2\/categories?post=18205"},{"taxonomy":"post_tag","embeddable":true,"href":"https:\/\/fmgente.com.ar\/web\/wp-json\/wp\/v2\/tags?post=18205"}],"curies":[{"name":"wp","href":"https:\/\/api.w.org\/{rel}","templated":true}]}}