{"id":18203,"date":"2026-04-06T17:05:09","date_gmt":"2026-04-06T20:05:09","guid":{"rendered":"https:\/\/fmgente.com.ar\/web\/hegseth-amenaza-con-lanzar-los-mayores-ataques-contra-iran-desde-el-comienzo-de-la-guerra\/"},"modified":"2026-04-06T17:05:09","modified_gmt":"2026-04-06T20:05:09","slug":"hegseth-amenaza-con-lanzar-los-mayores-ataques-contra-iran-desde-el-comienzo-de-la-guerra","status":"publish","type":"post","link":"https:\/\/fmgente.com.ar\/web\/hegseth-amenaza-con-lanzar-los-mayores-ataques-contra-iran-desde-el-comienzo-de-la-guerra\/","title":{"rendered":"Hegseth amenaza con lanzar los mayores ataques contra Ir\u00e1n desde el comienzo de la guerra"},"content":{"rendered":"<p>Buenos Aires, 6 abril (NA) \u2014 El secretario de Defensa de Estados Unidos, Pete Hegseth, dijo hoy lunes que las fuerzas estadounidenses lanzar\u00e1n los mayores ataques contra Ir\u00e1n desde que Estados Unidos e Israel comenzaron con las operaciones contra Ir\u00e1n el 28 de febrero.<\/p>\n<p>\u201cPor orden del presidente (Donald Trump) , hoy habr\u00e1 el mayor volumen de ataques desde el D\u00eda Uno de esta operaci\u00f3n. Ma\u00f1ana habr\u00e1 incluso m\u00e1s que hoy. Entonces, Ir\u00e1n tiene que elegir\u201d, dijo Hegseth en una conferencia de prensa en la Casa Blanca junto al mandatario norteamericano.<\/p>\n<p>Trump dijo que Ir\u00e1n podr\u00eda ser \u201celiminado\u201d en una sola noche y que esa noche \u201cpodr\u00eda\u201d ser la del martes, plazo establecido por Trump para llegar a un acuerdo y reabrir el estrecho de Ormuz.<\/p>\n<p>#AgenciaNA<\/p>\n","protected":false},"excerpt":{"rendered":"<p>Buenos Aires, 6 abril (NA) \u2014 El secretario de Defensa de Estados Unidos, Pete Hegseth,<\/p>\n","protected":false},"author":0,"featured_media":18204,"comment_status":"","ping_status":"","sticky":false,"template":"","format":"standard","meta":{"footnotes":""},"categories":[1],"tags":[],"class_list":["post-18203","post","type-post","status-publish","format-standard","has-post-thumbnail","hentry","category-regionales"],"yoast_head":"<!-- This site is optimized with the Yoast SEO plugin v27.4 - https:\/\/yoast.com\/product\/yoast-seo-wordpress\/ -->\n<title>Hegseth amenaza con lanzar los mayores ataques contra Ir\u00e1n desde el comienzo de la guerra - Fm Gente<\/title>\n<meta name=\"robots\" content=\"index, follow, max-snippet:-1, max-image-preview:large, max-video-preview:-1\" \/>\n<link rel=\"canonical\" href=\"https:\/\/fmgente.com.ar\/web\/hegseth-amenaza-con-lanzar-los-mayores-ataques-contra-iran-desde-el-comienzo-de-la-guerra\/\" \/>\n<meta property=\"og:locale\" content=\"es_ES\" \/>\n<meta property=\"og:type\" content=\"article\" \/>\n<meta property=\"og:title\" content=\"Hegseth amenaza con lanzar los mayores ataques contra Ir\u00e1n desde el comienzo de la guerra - Fm Gente\" \/>\n<meta property=\"og:description\" content=\"Buenos Aires, 6 abril (NA) \u2014 El secretario de Defensa de Estados Unidos, Pete Hegseth,\" \/>\n<meta property=\"og:url\" content=\"https:\/\/fmgente.com.ar\/web\/hegseth-amenaza-con-lanzar-los-mayores-ataques-contra-iran-desde-el-comienzo-de-la-guerra\/\" \/>\n<meta property=\"og:site_name\" content=\"Fm Gente\" \/>\n<meta property=\"article:published_time\" content=\"2026-04-06T20:05:09+00:00\" \/>\n<meta name=\"twitter:card\" content=\"summary_large_image\" \/>\n<meta name=\"twitter:label1\" content=\"Tiempo de lectura\" \/>\n\t<meta name=\"twitter:data1\" content=\"1 minuto\" \/>\n<script type=\"application\/ld+json\" class=\"yoast-schema-graph\">{\"@context\":\"https:\\\/\\\/schema.org\",\"@graph\":[{\"@type\":\"Article\",\"@id\":\"https:\\\/\\\/fmgente.com.ar\\\/web\\\/hegseth-amenaza-con-lanzar-los-mayores-ataques-contra-iran-desde-el-comienzo-de-la-guerra\\\/#article\",\"isPartOf\":{\"@id\":\"https:\\\/\\\/fmgente.com.ar\\\/web\\\/hegseth-amenaza-con-lanzar-los-mayores-ataques-contra-iran-desde-el-comienzo-de-la-guerra\\\/\"},\"author\":{\"name\":\"\",\"@id\":\"\"},\"headline\":\"Hegseth amenaza con lanzar los mayores ataques contra Ir\u00e1n desde el comienzo de la guerra\",\"datePublished\":\"2026-04-06T20:05:09+00:00\",\"mainEntityOfPage\":{\"@id\":\"https:\\\/\\\/fmgente.com.ar\\\/web\\\/hegseth-amenaza-con-lanzar-los-mayores-ataques-contra-iran-desde-el-comienzo-de-la-guerra\\\/\"},\"wordCount\":150,\"publisher\":{\"@id\":\"https:\\\/\\\/fmgente.com.ar\\\/web\\\/#organization\"},\"image\":{\"@id\":\"https:\\\/\\\/fmgente.com.ar\\\/web\\\/hegseth-amenaza-con-lanzar-los-mayores-ataques-contra-iran-desde-el-comienzo-de-la-guerra\\\/#primaryimage\"},\"thumbnailUrl\":\"https:\\\/\\\/fmgente.com.ar\\\/web\\\/wp-content\\\/uploads\\\/2026\\\/04\\\/720-293.jpeg\",\"articleSection\":[\"REGIONALES\"],\"inLanguage\":\"es\"},{\"@type\":\"WebPage\",\"@id\":\"https:\\\/\\\/fmgente.com.ar\\\/web\\\/hegseth-amenaza-con-lanzar-los-mayores-ataques-contra-iran-desde-el-comienzo-de-la-guerra\\\/\",\"url\":\"https:\\\/\\\/fmgente.com.ar\\\/web\\\/hegseth-amenaza-con-lanzar-los-mayores-ataques-contra-iran-desde-el-comienzo-de-la-guerra\\\/\",\"name\":\"Hegseth amenaza con lanzar los mayores ataques contra Ir\u00e1n desde el comienzo de la guerra - Fm Gente\",\"isPartOf\":{\"@id\":\"https:\\\/\\\/fmgente.com.ar\\\/web\\\/#website\"},\"primaryImageOfPage\":{\"@id\":\"https:\\\/\\\/fmgente.com.ar\\\/web\\\/hegseth-amenaza-con-lanzar-los-mayores-ataques-contra-iran-desde-el-comienzo-de-la-guerra\\\/#primaryimage\"},\"image\":{\"@id\":\"https:\\\/\\\/fmgente.com.ar\\\/web\\\/hegseth-amenaza-con-lanzar-los-mayores-ataques-contra-iran-desde-el-comienzo-de-la-guerra\\\/#primaryimage\"},\"thumbnailUrl\":\"https:\\\/\\\/fmgente.com.ar\\\/web\\\/wp-content\\\/uploads\\\/2026\\\/04\\\/720-293.jpeg\",\"datePublished\":\"2026-04-06T20:05:09+00:00\",\"inLanguage\":\"es\",\"potentialAction\":[{\"@type\":\"ReadAction\",\"target\":[\"https:\\\/\\\/fmgente.com.ar\\\/web\\\/hegseth-amenaza-con-lanzar-los-mayores-ataques-contra-iran-desde-el-comienzo-de-la-guerra\\\/\"]}]},{\"@type\":\"ImageObject\",\"inLanguage\":\"es\",\"@id\":\"https:\\\/\\\/fmgente.com.ar\\\/web\\\/hegseth-amenaza-con-lanzar-los-mayores-ataques-contra-iran-desde-el-comienzo-de-la-guerra\\\/#primaryimage\",\"url\":\"https:\\\/\\\/fmgente.com.ar\\\/web\\\/wp-content\\\/uploads\\\/2026\\\/04\\\/720-293.jpeg\",\"contentUrl\":\"https:\\\/\\\/fmgente.com.ar\\\/web\\\/wp-content\\\/uploads\\\/2026\\\/04\\\/720-293.jpeg\",\"width\":1107,\"height\":720},{\"@type\":\"WebSite\",\"@id\":\"https:\\\/\\\/fmgente.com.ar\\\/web\\\/#website\",\"url\":\"https:\\\/\\\/fmgente.com.ar\\\/web\\\/\",\"name\":\"Fm Gente\",\"description\":\"- Jes\u00fas Mar\u00eda\",\"publisher\":{\"@id\":\"https:\\\/\\\/fmgente.com.ar\\\/web\\\/#organization\"},\"potentialAction\":[{\"@type\":\"SearchAction\",\"target\":{\"@type\":\"EntryPoint\",\"urlTemplate\":\"https:\\\/\\\/fmgente.com.ar\\\/web\\\/?s={search_term_string}\"},\"query-input\":{\"@type\":\"PropertyValueSpecification\",\"valueRequired\":true,\"valueName\":\"search_term_string\"}}],\"inLanguage\":\"es\"},{\"@type\":\"Organization\",\"@id\":\"https:\\\/\\\/fmgente.com.ar\\\/web\\\/#organization\",\"name\":\"Fm Gente\",\"url\":\"https:\\\/\\\/fmgente.com.ar\\\/web\\\/\",\"logo\":{\"@type\":\"ImageObject\",\"inLanguage\":\"es\",\"@id\":\"https:\\\/\\\/fmgente.com.ar\\\/web\\\/#\\\/schema\\\/logo\\\/image\\\/\",\"url\":\"https:\\\/\\\/fmgente.com.ar\\\/web\\\/wp-content\\\/uploads\\\/2023\\\/07\\\/cropped-cropped-logo-sombra2.png\",\"contentUrl\":\"https:\\\/\\\/fmgente.com.ar\\\/web\\\/wp-content\\\/uploads\\\/2023\\\/07\\\/cropped-cropped-logo-sombra2.png\",\"width\":1782,\"height\":1782,\"caption\":\"Fm Gente\"},\"image\":{\"@id\":\"https:\\\/\\\/fmgente.com.ar\\\/web\\\/#\\\/schema\\\/logo\\\/image\\\/\"}}]}<\/script>\n<!-- \/ Yoast SEO plugin. -->","yoast_head_json":{"title":"Hegseth amenaza con lanzar los mayores ataques contra Ir\u00e1n desde el comienzo de la guerra - Fm Gente","robots":{"index":"index","follow":"follow","max-snippet":"max-snippet:-1","max-image-preview":"max-image-preview:large","max-video-preview":"max-video-preview:-1"},"canonical":"https:\/\/fmgente.com.ar\/web\/hegseth-amenaza-con-lanzar-los-mayores-ataques-contra-iran-desde-el-comienzo-de-la-guerra\/","og_locale":"es_ES","og_type":"article","og_title":"Hegseth amenaza con lanzar los mayores ataques contra Ir\u00e1n desde el comienzo de la guerra - Fm Gente","og_description":"Buenos Aires, 6 abril (NA) \u2014 El secretario de Defensa de Estados Unidos, Pete Hegseth,","og_url":"https:\/\/fmgente.com.ar\/web\/hegseth-amenaza-con-lanzar-los-mayores-ataques-contra-iran-desde-el-comienzo-de-la-guerra\/","og_site_name":"Fm Gente","article_published_time":"2026-04-06T20:05:09+00:00","twitter_card":"summary_large_image","twitter_misc":{"Tiempo de lectura":"1 minuto"},"schema":{"@context":"https:\/\/schema.org","@graph":[{"@type":"Article","@id":"https:\/\/fmgente.com.ar\/web\/hegseth-amenaza-con-lanzar-los-mayores-ataques-contra-iran-desde-el-comienzo-de-la-guerra\/#article","isPartOf":{"@id":"https:\/\/fmgente.com.ar\/web\/hegseth-amenaza-con-lanzar-los-mayores-ataques-contra-iran-desde-el-comienzo-de-la-guerra\/"},"author":{"name":"","@id":""},"headline":"Hegseth amenaza con lanzar los mayores ataques contra Ir\u00e1n desde el comienzo de la guerra","datePublished":"2026-04-06T20:05:09+00:00","mainEntityOfPage":{"@id":"https:\/\/fmgente.com.ar\/web\/hegseth-amenaza-con-lanzar-los-mayores-ataques-contra-iran-desde-el-comienzo-de-la-guerra\/"},"wordCount":150,"publisher":{"@id":"https:\/\/fmgente.com.ar\/web\/#organization"},"image":{"@id":"https:\/\/fmgente.com.ar\/web\/hegseth-amenaza-con-lanzar-los-mayores-ataques-contra-iran-desde-el-comienzo-de-la-guerra\/#primaryimage"},"thumbnailUrl":"https:\/\/fmgente.com.ar\/web\/wp-content\/uploads\/2026\/04\/720-293.jpeg","articleSection":["REGIONALES"],"inLanguage":"es"},{"@type":"WebPage","@id":"https:\/\/fmgente.com.ar\/web\/hegseth-amenaza-con-lanzar-los-mayores-ataques-contra-iran-desde-el-comienzo-de-la-guerra\/","url":"https:\/\/fmgente.com.ar\/web\/hegseth-amenaza-con-lanzar-los-mayores-ataques-contra-iran-desde-el-comienzo-de-la-guerra\/","name":"Hegseth amenaza con lanzar los mayores ataques contra Ir\u00e1n desde el comienzo de la guerra - Fm Gente","isPartOf":{"@id":"https:\/\/fmgente.com.ar\/web\/#website"},"primaryImageOfPage":{"@id":"https:\/\/fmgente.com.ar\/web\/hegseth-amenaza-con-lanzar-los-mayores-ataques-contra-iran-desde-el-comienzo-de-la-guerra\/#primaryimage"},"image":{"@id":"https:\/\/fmgente.com.ar\/web\/hegseth-amenaza-con-lanzar-los-mayores-ataques-contra-iran-desde-el-comienzo-de-la-guerra\/#primaryimage"},"thumbnailUrl":"https:\/\/fmgente.com.ar\/web\/wp-content\/uploads\/2026\/04\/720-293.jpeg","datePublished":"2026-04-06T20:05:09+00:00","inLanguage":"es","potentialAction":[{"@type":"ReadAction","target":["https:\/\/fmgente.com.ar\/web\/hegseth-amenaza-con-lanzar-los-mayores-ataques-contra-iran-desde-el-comienzo-de-la-guerra\/"]}]},{"@type":"ImageObject","inLanguage":"es","@id":"https:\/\/fmgente.com.ar\/web\/hegseth-amenaza-con-lanzar-los-mayores-ataques-contra-iran-desde-el-comienzo-de-la-guerra\/#primaryimage","url":"https:\/\/fmgente.com.ar\/web\/wp-content\/uploads\/2026\/04\/720-293.jpeg","contentUrl":"https:\/\/fmgente.com.ar\/web\/wp-content\/uploads\/2026\/04\/720-293.jpeg","width":1107,"height":720},{"@type":"WebSite","@id":"https:\/\/fmgente.com.ar\/web\/#website","url":"https:\/\/fmgente.com.ar\/web\/","name":"Fm Gente","description":"- Jes\u00fas Mar\u00eda","publisher":{"@id":"https:\/\/fmgente.com.ar\/web\/#organization"},"potentialAction":[{"@type":"SearchAction","target":{"@type":"EntryPoint","urlTemplate":"https:\/\/fmgente.com.ar\/web\/?s={search_term_string}"},"query-input":{"@type":"PropertyValueSpecification","valueRequired":true,"valueName":"search_term_string"}}],"inLanguage":"es"},{"@type":"Organization","@id":"https:\/\/fmgente.com.ar\/web\/#organization","name":"Fm Gente","url":"https:\/\/fmgente.com.ar\/web\/","logo":{"@type":"ImageObject","inLanguage":"es","@id":"https:\/\/fmgente.com.ar\/web\/#\/schema\/logo\/image\/","url":"https:\/\/fmgente.com.ar\/web\/wp-content\/uploads\/2023\/07\/cropped-cropped-logo-sombra2.png","contentUrl":"https:\/\/fmgente.com.ar\/web\/wp-content\/uploads\/2023\/07\/cropped-cropped-logo-sombra2.png","width":1782,"height":1782,"caption":"Fm Gente"},"image":{"@id":"https:\/\/fmgente.com.ar\/web\/#\/schema\/logo\/image\/"}}]}},"_links":{"self":[{"href":"https:\/\/fmgente.com.ar\/web\/wp-json\/wp\/v2\/posts\/18203","targetHints":{"allow":["GET"]}}],"collection":[{"href":"https:\/\/fmgente.com.ar\/web\/wp-json\/wp\/v2\/posts"}],"about":[{"href":"https:\/\/fmgente.com.ar\/web\/wp-json\/wp\/v2\/types\/post"}],"replies":[{"embeddable":true,"href":"https:\/\/fmgente.com.ar\/web\/wp-json\/wp\/v2\/comments?post=18203"}],"version-history":[{"count":0,"href":"https:\/\/fmgente.com.ar\/web\/wp-json\/wp\/v2\/posts\/18203\/revisions"}],"wp:featuredmedia":[{"embeddable":true,"href":"https:\/\/fmgente.com.ar\/web\/wp-json\/wp\/v2\/media\/18204"}],"wp:attachment":[{"href":"https:\/\/fmgente.com.ar\/web\/wp-json\/wp\/v2\/media?parent=18203"}],"wp:term":[{"taxonomy":"category","embeddable":true,"href":"https:\/\/fmgente.com.ar\/web\/wp-json\/wp\/v2\/categories?post=18203"},{"taxonomy":"post_tag","embeddable":true,"href":"https:\/\/fmgente.com.ar\/web\/wp-json\/wp\/v2\/tags?post=18203"}],"curies":[{"name":"wp","href":"https:\/\/api.w.org\/{rel}","templated":true}]}}