{"id":18199,"date":"2026-04-06T16:10:34","date_gmt":"2026-04-06T19:10:34","guid":{"rendered":"https:\/\/fmgente.com.ar\/web\/videos-infanteria-desalojo-y-detuvo-a-vecinos-que-reclamaban-por-la-muerte-del-nino-atropellado-en-la-merced\/"},"modified":"2026-04-06T16:10:34","modified_gmt":"2026-04-06T19:10:34","slug":"videos-infanteria-desalojo-y-detuvo-a-vecinos-que-reclamaban-por-la-muerte-del-nino-atropellado-en-la-merced","status":"publish","type":"post","link":"https:\/\/fmgente.com.ar\/web\/videos-infanteria-desalojo-y-detuvo-a-vecinos-que-reclamaban-por-la-muerte-del-nino-atropellado-en-la-merced\/","title":{"rendered":"VIDEOS: Infanter\u00eda desaloj\u00f3 y detuvo a vecinos que reclamaban por la muerte del ni\u00f1o atropellado en La Merced"},"content":{"rendered":"<p>La llegada de los efectivos de Infanter\u00eda y la detenci\u00f3n de algunos vecinos generaron fuertes reacciones en La Merced. Pasado el mediod\u00eda, Infanter\u00eda se hizo presente para despejar la zona en una protesta que hab\u00eda comenzado en horas de la ma\u00f1ana, cuando vecinos se convocaron frente a la Municipalidad para reclamar la renuncia del intendente, tras la muerte de un ni\u00f1o de 5 a\u00f1os en un siniestro vial, y cortaron la Ruta Nacional 68.<\/p>\n<p><img decoding=\"async\" src=\"https:\/\/uscdn.eltribuno.com\/042026\/1775494386512.jpg\" \/><\/p>\n<p>Con la orden de no permitir el corte de una ruta nacional, se avanz\u00f3 sobre los vecinos que reclamaban por la muerte del peque\u00f1o. La intervenci\u00f3n incluy\u00f3 el despeje de la calzada y la detenci\u00f3n de algunos de ellos, lo que deriv\u00f3 en momentos de tensi\u00f3n en la zona.<\/p>\n<p><img decoding=\"async\" src=\"https:\/\/uscdn.eltribuno.com\/042026\/1775494388361.jpg\" \/><\/p>\n<p>Los efectivos avanzaron sobre los vecinos y se logr\u00f3 la detenci\u00f3n de varios de ellos, mientras que la tensi\u00f3n y los reclamos se mantienen por estas horas en la localidad del valle de Lerma. <strong>Se espera que pasadas las 14<\/strong> se recibir\u00e1 el cuerpo de la v\u00edctima del siniestro para su velorio y posterior sepultura.<\/p>\n<div><\/div>\n<\/p>\n<\/p>\n<p>  El malestar, sin embargo, no es reciente: la situaci\u00f3n de los vecinos con la gesti\u00f3n municipal viene de larga data, en un contexto de reclamos por un pueblo que denuncian como pr\u00e1cticamente abandonado y que durante el verano fue noticia por reiteradas inundaciones ante la falta de obras. Ahora, la muerte del ni\u00f1o termin\u00f3 por desatar la bronca acumulada y fue el detonante que moviliz\u00f3 a los vecinos a salir a la calle en busca de respuestas.<\/p>\n<\/p>\n<div><\/div><\/p>\n","protected":false},"excerpt":{"rendered":"<p>La llegada de los efectivos de Infanter\u00eda y la detenci\u00f3n de algunos vecinos generaron fuertes<\/p>\n","protected":false},"author":0,"featured_media":18200,"comment_status":"","ping_status":"","sticky":false,"template":"","format":"standard","meta":{"footnotes":""},"categories":[11],"tags":[],"class_list":["post-18199","post","type-post","status-publish","format-standard","has-post-thumbnail","hentry","category-destacadas"],"yoast_head":"<!-- This site is optimized with the Yoast SEO plugin v27.4 - https:\/\/yoast.com\/product\/yoast-seo-wordpress\/ -->\n<title>VIDEOS: Infanter\u00eda desaloj\u00f3 y detuvo a vecinos que reclamaban por la muerte del ni\u00f1o atropellado en La Merced - Fm Gente<\/title>\n<meta name=\"robots\" content=\"index, follow, max-snippet:-1, max-image-preview:large, max-video-preview:-1\" \/>\n<link rel=\"canonical\" href=\"https:\/\/fmgente.com.ar\/web\/videos-infanteria-desalojo-y-detuvo-a-vecinos-que-reclamaban-por-la-muerte-del-nino-atropellado-en-la-merced\/\" \/>\n<meta property=\"og:locale\" content=\"es_ES\" \/>\n<meta property=\"og:type\" content=\"article\" \/>\n<meta property=\"og:title\" content=\"VIDEOS: Infanter\u00eda desaloj\u00f3 y detuvo a vecinos que reclamaban por la muerte del ni\u00f1o atropellado en La Merced - Fm Gente\" \/>\n<meta property=\"og:description\" content=\"La llegada de los efectivos de Infanter\u00eda y la detenci\u00f3n de algunos vecinos generaron fuertes\" \/>\n<meta property=\"og:url\" content=\"https:\/\/fmgente.com.ar\/web\/videos-infanteria-desalojo-y-detuvo-a-vecinos-que-reclamaban-por-la-muerte-del-nino-atropellado-en-la-merced\/\" \/>\n<meta property=\"og:site_name\" content=\"Fm Gente\" \/>\n<meta property=\"article:published_time\" content=\"2026-04-06T19:10:34+00:00\" \/>\n<meta property=\"og:image\" content=\"https:\/\/uscdn.eltribuno.com\/042026\/1775494386512.jpg\" \/>\n<meta name=\"twitter:card\" content=\"summary_large_image\" \/>\n<meta name=\"twitter:label1\" content=\"Tiempo de lectura\" \/>\n\t<meta name=\"twitter:data1\" content=\"1 minuto\" \/>\n<script type=\"application\/ld+json\" class=\"yoast-schema-graph\">{\"@context\":\"https:\\\/\\\/schema.org\",\"@graph\":[{\"@type\":\"Article\",\"@id\":\"https:\\\/\\\/fmgente.com.ar\\\/web\\\/videos-infanteria-desalojo-y-detuvo-a-vecinos-que-reclamaban-por-la-muerte-del-nino-atropellado-en-la-merced\\\/#article\",\"isPartOf\":{\"@id\":\"https:\\\/\\\/fmgente.com.ar\\\/web\\\/videos-infanteria-desalojo-y-detuvo-a-vecinos-que-reclamaban-por-la-muerte-del-nino-atropellado-en-la-merced\\\/\"},\"author\":{\"name\":\"\",\"@id\":\"\"},\"headline\":\"VIDEOS: Infanter\u00eda desaloj\u00f3 y detuvo a vecinos que reclamaban por la muerte del ni\u00f1o atropellado en La Merced\",\"datePublished\":\"2026-04-06T19:10:34+00:00\",\"mainEntityOfPage\":{\"@id\":\"https:\\\/\\\/fmgente.com.ar\\\/web\\\/videos-infanteria-desalojo-y-detuvo-a-vecinos-que-reclamaban-por-la-muerte-del-nino-atropellado-en-la-merced\\\/\"},\"wordCount\":291,\"publisher\":{\"@id\":\"https:\\\/\\\/fmgente.com.ar\\\/web\\\/#organization\"},\"image\":{\"@id\":\"https:\\\/\\\/fmgente.com.ar\\\/web\\\/videos-infanteria-desalojo-y-detuvo-a-vecinos-que-reclamaban-por-la-muerte-del-nino-atropellado-en-la-merced\\\/#primaryimage\"},\"thumbnailUrl\":\"https:\\\/\\\/fmgente.com.ar\\\/web\\\/wp-content\\\/uploads\\\/2026\\\/04\\\/1775494386512.jpg\",\"articleSection\":[\"DESTACADAS\"],\"inLanguage\":\"es\"},{\"@type\":\"WebPage\",\"@id\":\"https:\\\/\\\/fmgente.com.ar\\\/web\\\/videos-infanteria-desalojo-y-detuvo-a-vecinos-que-reclamaban-por-la-muerte-del-nino-atropellado-en-la-merced\\\/\",\"url\":\"https:\\\/\\\/fmgente.com.ar\\\/web\\\/videos-infanteria-desalojo-y-detuvo-a-vecinos-que-reclamaban-por-la-muerte-del-nino-atropellado-en-la-merced\\\/\",\"name\":\"VIDEOS: Infanter\u00eda desaloj\u00f3 y detuvo a vecinos que reclamaban por la muerte del ni\u00f1o atropellado en La Merced - Fm Gente\",\"isPartOf\":{\"@id\":\"https:\\\/\\\/fmgente.com.ar\\\/web\\\/#website\"},\"primaryImageOfPage\":{\"@id\":\"https:\\\/\\\/fmgente.com.ar\\\/web\\\/videos-infanteria-desalojo-y-detuvo-a-vecinos-que-reclamaban-por-la-muerte-del-nino-atropellado-en-la-merced\\\/#primaryimage\"},\"image\":{\"@id\":\"https:\\\/\\\/fmgente.com.ar\\\/web\\\/videos-infanteria-desalojo-y-detuvo-a-vecinos-que-reclamaban-por-la-muerte-del-nino-atropellado-en-la-merced\\\/#primaryimage\"},\"thumbnailUrl\":\"https:\\\/\\\/fmgente.com.ar\\\/web\\\/wp-content\\\/uploads\\\/2026\\\/04\\\/1775494386512.jpg\",\"datePublished\":\"2026-04-06T19:10:34+00:00\",\"inLanguage\":\"es\",\"potentialAction\":[{\"@type\":\"ReadAction\",\"target\":[\"https:\\\/\\\/fmgente.com.ar\\\/web\\\/videos-infanteria-desalojo-y-detuvo-a-vecinos-que-reclamaban-por-la-muerte-del-nino-atropellado-en-la-merced\\\/\"]}]},{\"@type\":\"ImageObject\",\"inLanguage\":\"es\",\"@id\":\"https:\\\/\\\/fmgente.com.ar\\\/web\\\/videos-infanteria-desalojo-y-detuvo-a-vecinos-que-reclamaban-por-la-muerte-del-nino-atropellado-en-la-merced\\\/#primaryimage\",\"url\":\"https:\\\/\\\/fmgente.com.ar\\\/web\\\/wp-content\\\/uploads\\\/2026\\\/04\\\/1775494386512.jpg\",\"contentUrl\":\"https:\\\/\\\/fmgente.com.ar\\\/web\\\/wp-content\\\/uploads\\\/2026\\\/04\\\/1775494386512.jpg\",\"width\":1500,\"height\":1000},{\"@type\":\"WebSite\",\"@id\":\"https:\\\/\\\/fmgente.com.ar\\\/web\\\/#website\",\"url\":\"https:\\\/\\\/fmgente.com.ar\\\/web\\\/\",\"name\":\"Fm Gente\",\"description\":\"- Jes\u00fas Mar\u00eda\",\"publisher\":{\"@id\":\"https:\\\/\\\/fmgente.com.ar\\\/web\\\/#organization\"},\"potentialAction\":[{\"@type\":\"SearchAction\",\"target\":{\"@type\":\"EntryPoint\",\"urlTemplate\":\"https:\\\/\\\/fmgente.com.ar\\\/web\\\/?s={search_term_string}\"},\"query-input\":{\"@type\":\"PropertyValueSpecification\",\"valueRequired\":true,\"valueName\":\"search_term_string\"}}],\"inLanguage\":\"es\"},{\"@type\":\"Organization\",\"@id\":\"https:\\\/\\\/fmgente.com.ar\\\/web\\\/#organization\",\"name\":\"Fm Gente\",\"url\":\"https:\\\/\\\/fmgente.com.ar\\\/web\\\/\",\"logo\":{\"@type\":\"ImageObject\",\"inLanguage\":\"es\",\"@id\":\"https:\\\/\\\/fmgente.com.ar\\\/web\\\/#\\\/schema\\\/logo\\\/image\\\/\",\"url\":\"https:\\\/\\\/fmgente.com.ar\\\/web\\\/wp-content\\\/uploads\\\/2023\\\/07\\\/cropped-cropped-logo-sombra2.png\",\"contentUrl\":\"https:\\\/\\\/fmgente.com.ar\\\/web\\\/wp-content\\\/uploads\\\/2023\\\/07\\\/cropped-cropped-logo-sombra2.png\",\"width\":1782,\"height\":1782,\"caption\":\"Fm Gente\"},\"image\":{\"@id\":\"https:\\\/\\\/fmgente.com.ar\\\/web\\\/#\\\/schema\\\/logo\\\/image\\\/\"}}]}<\/script>\n<!-- \/ Yoast SEO plugin. -->","yoast_head_json":{"title":"VIDEOS: Infanter\u00eda desaloj\u00f3 y detuvo a vecinos que reclamaban por la muerte del ni\u00f1o atropellado en La Merced - Fm Gente","robots":{"index":"index","follow":"follow","max-snippet":"max-snippet:-1","max-image-preview":"max-image-preview:large","max-video-preview":"max-video-preview:-1"},"canonical":"https:\/\/fmgente.com.ar\/web\/videos-infanteria-desalojo-y-detuvo-a-vecinos-que-reclamaban-por-la-muerte-del-nino-atropellado-en-la-merced\/","og_locale":"es_ES","og_type":"article","og_title":"VIDEOS: Infanter\u00eda desaloj\u00f3 y detuvo a vecinos que reclamaban por la muerte del ni\u00f1o atropellado en La Merced - Fm Gente","og_description":"La llegada de los efectivos de Infanter\u00eda y la detenci\u00f3n de algunos vecinos generaron fuertes","og_url":"https:\/\/fmgente.com.ar\/web\/videos-infanteria-desalojo-y-detuvo-a-vecinos-que-reclamaban-por-la-muerte-del-nino-atropellado-en-la-merced\/","og_site_name":"Fm Gente","article_published_time":"2026-04-06T19:10:34+00:00","og_image":[{"url":"https:\/\/uscdn.eltribuno.com\/042026\/1775494386512.jpg","type":"","width":"","height":""}],"twitter_card":"summary_large_image","twitter_misc":{"Tiempo de lectura":"1 minuto"},"schema":{"@context":"https:\/\/schema.org","@graph":[{"@type":"Article","@id":"https:\/\/fmgente.com.ar\/web\/videos-infanteria-desalojo-y-detuvo-a-vecinos-que-reclamaban-por-la-muerte-del-nino-atropellado-en-la-merced\/#article","isPartOf":{"@id":"https:\/\/fmgente.com.ar\/web\/videos-infanteria-desalojo-y-detuvo-a-vecinos-que-reclamaban-por-la-muerte-del-nino-atropellado-en-la-merced\/"},"author":{"name":"","@id":""},"headline":"VIDEOS: Infanter\u00eda desaloj\u00f3 y detuvo a vecinos que reclamaban por la muerte del ni\u00f1o atropellado en La Merced","datePublished":"2026-04-06T19:10:34+00:00","mainEntityOfPage":{"@id":"https:\/\/fmgente.com.ar\/web\/videos-infanteria-desalojo-y-detuvo-a-vecinos-que-reclamaban-por-la-muerte-del-nino-atropellado-en-la-merced\/"},"wordCount":291,"publisher":{"@id":"https:\/\/fmgente.com.ar\/web\/#organization"},"image":{"@id":"https:\/\/fmgente.com.ar\/web\/videos-infanteria-desalojo-y-detuvo-a-vecinos-que-reclamaban-por-la-muerte-del-nino-atropellado-en-la-merced\/#primaryimage"},"thumbnailUrl":"https:\/\/fmgente.com.ar\/web\/wp-content\/uploads\/2026\/04\/1775494386512.jpg","articleSection":["DESTACADAS"],"inLanguage":"es"},{"@type":"WebPage","@id":"https:\/\/fmgente.com.ar\/web\/videos-infanteria-desalojo-y-detuvo-a-vecinos-que-reclamaban-por-la-muerte-del-nino-atropellado-en-la-merced\/","url":"https:\/\/fmgente.com.ar\/web\/videos-infanteria-desalojo-y-detuvo-a-vecinos-que-reclamaban-por-la-muerte-del-nino-atropellado-en-la-merced\/","name":"VIDEOS: Infanter\u00eda desaloj\u00f3 y detuvo a vecinos que reclamaban por la muerte del ni\u00f1o atropellado en La Merced - Fm Gente","isPartOf":{"@id":"https:\/\/fmgente.com.ar\/web\/#website"},"primaryImageOfPage":{"@id":"https:\/\/fmgente.com.ar\/web\/videos-infanteria-desalojo-y-detuvo-a-vecinos-que-reclamaban-por-la-muerte-del-nino-atropellado-en-la-merced\/#primaryimage"},"image":{"@id":"https:\/\/fmgente.com.ar\/web\/videos-infanteria-desalojo-y-detuvo-a-vecinos-que-reclamaban-por-la-muerte-del-nino-atropellado-en-la-merced\/#primaryimage"},"thumbnailUrl":"https:\/\/fmgente.com.ar\/web\/wp-content\/uploads\/2026\/04\/1775494386512.jpg","datePublished":"2026-04-06T19:10:34+00:00","inLanguage":"es","potentialAction":[{"@type":"ReadAction","target":["https:\/\/fmgente.com.ar\/web\/videos-infanteria-desalojo-y-detuvo-a-vecinos-que-reclamaban-por-la-muerte-del-nino-atropellado-en-la-merced\/"]}]},{"@type":"ImageObject","inLanguage":"es","@id":"https:\/\/fmgente.com.ar\/web\/videos-infanteria-desalojo-y-detuvo-a-vecinos-que-reclamaban-por-la-muerte-del-nino-atropellado-en-la-merced\/#primaryimage","url":"https:\/\/fmgente.com.ar\/web\/wp-content\/uploads\/2026\/04\/1775494386512.jpg","contentUrl":"https:\/\/fmgente.com.ar\/web\/wp-content\/uploads\/2026\/04\/1775494386512.jpg","width":1500,"height":1000},{"@type":"WebSite","@id":"https:\/\/fmgente.com.ar\/web\/#website","url":"https:\/\/fmgente.com.ar\/web\/","name":"Fm Gente","description":"- Jes\u00fas Mar\u00eda","publisher":{"@id":"https:\/\/fmgente.com.ar\/web\/#organization"},"potentialAction":[{"@type":"SearchAction","target":{"@type":"EntryPoint","urlTemplate":"https:\/\/fmgente.com.ar\/web\/?s={search_term_string}"},"query-input":{"@type":"PropertyValueSpecification","valueRequired":true,"valueName":"search_term_string"}}],"inLanguage":"es"},{"@type":"Organization","@id":"https:\/\/fmgente.com.ar\/web\/#organization","name":"Fm Gente","url":"https:\/\/fmgente.com.ar\/web\/","logo":{"@type":"ImageObject","inLanguage":"es","@id":"https:\/\/fmgente.com.ar\/web\/#\/schema\/logo\/image\/","url":"https:\/\/fmgente.com.ar\/web\/wp-content\/uploads\/2023\/07\/cropped-cropped-logo-sombra2.png","contentUrl":"https:\/\/fmgente.com.ar\/web\/wp-content\/uploads\/2023\/07\/cropped-cropped-logo-sombra2.png","width":1782,"height":1782,"caption":"Fm Gente"},"image":{"@id":"https:\/\/fmgente.com.ar\/web\/#\/schema\/logo\/image\/"}}]}},"_links":{"self":[{"href":"https:\/\/fmgente.com.ar\/web\/wp-json\/wp\/v2\/posts\/18199","targetHints":{"allow":["GET"]}}],"collection":[{"href":"https:\/\/fmgente.com.ar\/web\/wp-json\/wp\/v2\/posts"}],"about":[{"href":"https:\/\/fmgente.com.ar\/web\/wp-json\/wp\/v2\/types\/post"}],"replies":[{"embeddable":true,"href":"https:\/\/fmgente.com.ar\/web\/wp-json\/wp\/v2\/comments?post=18199"}],"version-history":[{"count":0,"href":"https:\/\/fmgente.com.ar\/web\/wp-json\/wp\/v2\/posts\/18199\/revisions"}],"wp:featuredmedia":[{"embeddable":true,"href":"https:\/\/fmgente.com.ar\/web\/wp-json\/wp\/v2\/media\/18200"}],"wp:attachment":[{"href":"https:\/\/fmgente.com.ar\/web\/wp-json\/wp\/v2\/media?parent=18199"}],"wp:term":[{"taxonomy":"category","embeddable":true,"href":"https:\/\/fmgente.com.ar\/web\/wp-json\/wp\/v2\/categories?post=18199"},{"taxonomy":"post_tag","embeddable":true,"href":"https:\/\/fmgente.com.ar\/web\/wp-json\/wp\/v2\/tags?post=18199"}],"curies":[{"name":"wp","href":"https:\/\/api.w.org\/{rel}","templated":true}]}}