{"id":18197,"date":"2026-04-06T16:10:32","date_gmt":"2026-04-06T19:10:32","guid":{"rendered":"https:\/\/fmgente.com.ar\/web\/el-desgarrador-pedido-de-justicia-de-la-madre-de-tomas-tras-la-tragedia-en-la-merced-se-lo-llevo-de-la-noche-a-la-manana-yo-quiero-a-mi-bebe\/"},"modified":"2026-04-06T16:10:32","modified_gmt":"2026-04-06T19:10:32","slug":"el-desgarrador-pedido-de-justicia-de-la-madre-de-tomas-tras-la-tragedia-en-la-merced-se-lo-llevo-de-la-noche-a-la-manana-yo-quiero-a-mi-bebe","status":"publish","type":"post","link":"https:\/\/fmgente.com.ar\/web\/el-desgarrador-pedido-de-justicia-de-la-madre-de-tomas-tras-la-tragedia-en-la-merced-se-lo-llevo-de-la-noche-a-la-manana-yo-quiero-a-mi-bebe\/","title":{"rendered":"El desgarrador pedido de justicia de la madre de Tom\u00e1s tras la tragedia en La Merced: \u201cSe lo llev\u00f3 de la noche a la ma\u00f1ana\u2026 yo quiero a mi beb\u00e9&quot;"},"content":{"rendered":"<p>La tragedia que golpe\u00f3 a <a href=\"https:\/\/www.eltribuno.com\/policiales\/2026-4-5-23-5-0-un-nino-fue-atropellado-por-una-camioneta-en-la-merced-y-fue-derivado-en-codigo-rojo-a-hospital-materno-infantil\" target=\"_blank\">La Merced <\/a>el domingo por la noche sum\u00f3 este lunes una escena a\u00fan m\u00e1s desgarradora: el testimonio de la madre de Tom\u00e1s, el ni\u00f1o de 5 a\u00f1os que muri\u00f3 tras ser atropellado, quien entre l\u00e1grimas y sin consuelo expuso su dolor y exigi\u00f3 justicia.<\/p>\n<p>El relato, cargado de angustia, deja al descubierto no solo la violencia del hecho sino tambi\u00e9n el estado emocional de una familia devastada por una p\u00e9rdida irreparable, ocurrida en cuesti\u00f3n de segundos en plena v\u00eda p\u00fablica.<\/p>\n<p>\u201cJusticia por mi beb\u00e9\u2026 ese hijo de put&#8230; me lo rob\u00f3\u201d, expres\u00f3 la mujer en medio del llanto, en una frase que sintetiza la bronca, la impotencia y el vac\u00edo que dej\u00f3 la muerte de su hijo.<\/p>\n<div><\/div>\n<\/p>\n<p>El hecho ocurri\u00f3 cerca de las 20.40 del domingo sobre la avenida principal, frente a la plaza San Mart\u00edn, donde el menor circulaba en bicicleta junto a su madre cuando fue embestido por una camioneta.<\/p>\n<p>Seg\u00fan el relato de la mujer, ella hab\u00eda verificado que no ven\u00edan veh\u00edculos antes de cruzar la calle, lo que convierte al episodio en un instante que a\u00fan no logra comprender ni procesar.<\/p>\n<p>\u201cYo mir\u00e9 y no ven\u00eda ning\u00fan auto\u2026 por eso agarr\u00e9 a mi beb\u00e9 de la bici\u2026 pasa Tomasito\u2026 \u00e9l arranc\u00f3\u2026 se lo llev\u00f3\u201d, relat\u00f3 con la voz quebrada, reconstruyendo los segundos previos al impacto.<\/p>\n<p><img decoding=\"async\" src=\"https:\/\/uscdn.eltribuno.com\/042026\/1775499430007\/3.jpg\" \/><\/p>\n<p>La escena, seg\u00fan describi\u00f3, qued\u00f3 marcada en su memoria de forma permanente. \u201cTodav\u00eda lo veo debajo de la camioneta\u2026 porque ven\u00eda fuerte\u2026 yo lo vi\u2026 no lo puede negar nadie\u201d, afirm\u00f3.<\/p>\n<p>El ni\u00f1o fue trasladado de urgencia en c\u00f3digo rojo al hospital Materno Infantil, donde falleci\u00f3 horas m\u00e1s tarde debido a la gravedad de las lesiones, en un desenlace que profundiz\u00f3 la conmoci\u00f3n en toda la comunidad.<\/p>\n<p>El conductor, que ser\u00eda chofer del intendente de la localidad, fue demorado y sometido a test de alcoholemia y dosaje, quedando a disposici\u00f3n de la Justicia mientras se desarrollan las pericias correspondientes.<\/p>\n<p><img decoding=\"async\" src=\"https:\/\/uscdn.eltribuno.com\/042026\/1775499440630\/2.jpg\" \/><\/p>\n<p>En paralelo a la investigaci\u00f3n judicial, el dolor familiar se expres\u00f3 en un reclamo desesperado que tuvo como principal protagonista a la madre del menor, quien pidi\u00f3 que el hecho no quede impune.<\/p>\n<p>\u201cYo pido justicia, por favor\u2026 se lo pido\u2026 yo quiero justicia, que no salga m\u00e1s\u201d, insisti\u00f3, en referencia al conductor involucrado en el siniestro.<\/p>\n<p>La mujer tambi\u00e9n describi\u00f3 la brutalidad con la que se produjo la p\u00e9rdida: \u201cSe lo llev\u00f3 de la noche a la ma\u00f1ana mi beb\u00e9\u2026 yo quiero a mi beb\u00e9\u2026 no puede ser\u201d.<br \/><img decoding=\"async\" src=\"https:\/\/uscdn.eltribuno.com\/042026\/1775499452954\/1.jpg\" \/><\/p>\n<p>En otro momento, entre l\u00e1grimas, implor\u00f3 ayuda a la comunidad y a las autoridades: \u201cSe lo pido por favor, que me ayuden\u2026 se los imploro\u201d.<\/p>\n<p>El dolor se profundiza en cada palabra, pero tambi\u00e9n deja entrever una fuerte sensaci\u00f3n de desprotecci\u00f3n en medio de la tragedia.<\/p>\n<p>\u201cEstaba sola y unos cuantos\u2026 no tuvimos ninguna contenci\u00f3n\u201d, denunci\u00f3, marcando un punto sensible en la respuesta institucional tras el hecho.<\/p>\n<p><strong>Una tragedia que desat\u00f3 tensi\u00f3n social<\/strong><\/p>\n<p>La muerte de Tom\u00e1s no solo gener\u00f3 dolor en su entorno m\u00e1s cercano, sino que r\u00e1pidamente deriv\u00f3 en un fuerte reclamo social en La Merced.<\/p>\n<p>Durante la ma\u00f1ana del lunes, vecinos se concentraron frente a la Municipalidad exigiendo justicia y respuestas, en un contexto donde la indignaci\u00f3n creci\u00f3 con el correr de las horas.<\/p>\n<p>La protesta incluy\u00f3 c\u00e1nticos, acusaciones y un clima de tensi\u00f3n que oblig\u00f3 a la intervenci\u00f3n policial para resguardar el edificio municipal y evacuar al personal.<\/p>\n<p>Con el avance de la jornada, el conflicto escal\u00f3 a\u00fan m\u00e1s cuando los manifestantes decidieron cortar la Ruta Nacional 68, generando complicaciones en el tr\u00e1nsito y ampliando el foco del reclamo.<\/p>\n<p>Pasado el mediod\u00eda, efectivos de Infanter\u00eda se hicieron presentes para despejar la zona, en una protesta que hab\u00eda comenzado en horas de la ma\u00f1ana.<\/p>\n<p>La orden de liberar la ruta deriv\u00f3 en momentos de tensi\u00f3n, con avance policial sobre los manifestantes y la detenci\u00f3n de algunos vecinos.<\/p>\n","protected":false},"excerpt":{"rendered":"<p>La tragedia que golpe\u00f3 a La Merced el domingo por la noche sum\u00f3 este lunes<\/p>\n","protected":false},"author":0,"featured_media":18198,"comment_status":"","ping_status":"","sticky":false,"template":"","format":"standard","meta":{"footnotes":""},"categories":[11],"tags":[],"class_list":["post-18197","post","type-post","status-publish","format-standard","has-post-thumbnail","hentry","category-destacadas"],"yoast_head":"<!-- This site is optimized with the Yoast SEO plugin v27.4 - https:\/\/yoast.com\/product\/yoast-seo-wordpress\/ -->\n<title>El desgarrador pedido de justicia de la madre de Tom\u00e1s tras la tragedia en La Merced: \u201cSe lo llev\u00f3 de la noche a la ma\u00f1ana\u2026 yo quiero a mi beb\u00e9&quot; - Fm Gente<\/title>\n<meta name=\"robots\" content=\"index, follow, max-snippet:-1, max-image-preview:large, max-video-preview:-1\" \/>\n<link rel=\"canonical\" href=\"https:\/\/fmgente.com.ar\/web\/el-desgarrador-pedido-de-justicia-de-la-madre-de-tomas-tras-la-tragedia-en-la-merced-se-lo-llevo-de-la-noche-a-la-manana-yo-quiero-a-mi-bebe\/\" \/>\n<meta property=\"og:locale\" content=\"es_ES\" \/>\n<meta property=\"og:type\" content=\"article\" \/>\n<meta property=\"og:title\" content=\"El desgarrador pedido de justicia de la madre de Tom\u00e1s tras la tragedia en La Merced: \u201cSe lo llev\u00f3 de la noche a la ma\u00f1ana\u2026 yo quiero a mi beb\u00e9&quot; - Fm Gente\" \/>\n<meta property=\"og:description\" content=\"La tragedia que golpe\u00f3 a La Merced el domingo por la noche sum\u00f3 este lunes\" \/>\n<meta property=\"og:url\" content=\"https:\/\/fmgente.com.ar\/web\/el-desgarrador-pedido-de-justicia-de-la-madre-de-tomas-tras-la-tragedia-en-la-merced-se-lo-llevo-de-la-noche-a-la-manana-yo-quiero-a-mi-bebe\/\" \/>\n<meta property=\"og:site_name\" content=\"Fm Gente\" \/>\n<meta property=\"article:published_time\" content=\"2026-04-06T19:10:32+00:00\" \/>\n<meta property=\"og:image\" content=\"https:\/\/uscdn.eltribuno.com\/042026\/1775499430007\/3.jpg\" \/>\n<meta name=\"twitter:card\" content=\"summary_large_image\" \/>\n<meta name=\"twitter:label1\" content=\"Tiempo de lectura\" \/>\n\t<meta name=\"twitter:data1\" content=\"3 minutos\" \/>\n<script type=\"application\/ld+json\" class=\"yoast-schema-graph\">{\"@context\":\"https:\\\/\\\/schema.org\",\"@graph\":[{\"@type\":\"Article\",\"@id\":\"https:\\\/\\\/fmgente.com.ar\\\/web\\\/el-desgarrador-pedido-de-justicia-de-la-madre-de-tomas-tras-la-tragedia-en-la-merced-se-lo-llevo-de-la-noche-a-la-manana-yo-quiero-a-mi-bebe\\\/#article\",\"isPartOf\":{\"@id\":\"https:\\\/\\\/fmgente.com.ar\\\/web\\\/el-desgarrador-pedido-de-justicia-de-la-madre-de-tomas-tras-la-tragedia-en-la-merced-se-lo-llevo-de-la-noche-a-la-manana-yo-quiero-a-mi-bebe\\\/\"},\"author\":{\"name\":\"\",\"@id\":\"\"},\"headline\":\"El desgarrador pedido de justicia de la madre de Tom\u00e1s tras la tragedia en La Merced: \u201cSe lo llev\u00f3 de la noche a la ma\u00f1ana\u2026 yo quiero a mi beb\u00e9&quot;\",\"datePublished\":\"2026-04-06T19:10:32+00:00\",\"mainEntityOfPage\":{\"@id\":\"https:\\\/\\\/fmgente.com.ar\\\/web\\\/el-desgarrador-pedido-de-justicia-de-la-madre-de-tomas-tras-la-tragedia-en-la-merced-se-lo-llevo-de-la-noche-a-la-manana-yo-quiero-a-mi-bebe\\\/\"},\"wordCount\":729,\"publisher\":{\"@id\":\"https:\\\/\\\/fmgente.com.ar\\\/web\\\/#organization\"},\"image\":{\"@id\":\"https:\\\/\\\/fmgente.com.ar\\\/web\\\/el-desgarrador-pedido-de-justicia-de-la-madre-de-tomas-tras-la-tragedia-en-la-merced-se-lo-llevo-de-la-noche-a-la-manana-yo-quiero-a-mi-bebe\\\/#primaryimage\"},\"thumbnailUrl\":\"https:\\\/\\\/fmgente.com.ar\\\/web\\\/wp-content\\\/uploads\\\/2026\\\/04\\\/3-1.jpg\",\"articleSection\":[\"DESTACADAS\"],\"inLanguage\":\"es\"},{\"@type\":\"WebPage\",\"@id\":\"https:\\\/\\\/fmgente.com.ar\\\/web\\\/el-desgarrador-pedido-de-justicia-de-la-madre-de-tomas-tras-la-tragedia-en-la-merced-se-lo-llevo-de-la-noche-a-la-manana-yo-quiero-a-mi-bebe\\\/\",\"url\":\"https:\\\/\\\/fmgente.com.ar\\\/web\\\/el-desgarrador-pedido-de-justicia-de-la-madre-de-tomas-tras-la-tragedia-en-la-merced-se-lo-llevo-de-la-noche-a-la-manana-yo-quiero-a-mi-bebe\\\/\",\"name\":\"El desgarrador pedido de justicia de la madre de Tom\u00e1s tras la tragedia en La Merced: \u201cSe lo llev\u00f3 de la noche a la ma\u00f1ana\u2026 yo quiero a mi beb\u00e9&quot; - Fm Gente\",\"isPartOf\":{\"@id\":\"https:\\\/\\\/fmgente.com.ar\\\/web\\\/#website\"},\"primaryImageOfPage\":{\"@id\":\"https:\\\/\\\/fmgente.com.ar\\\/web\\\/el-desgarrador-pedido-de-justicia-de-la-madre-de-tomas-tras-la-tragedia-en-la-merced-se-lo-llevo-de-la-noche-a-la-manana-yo-quiero-a-mi-bebe\\\/#primaryimage\"},\"image\":{\"@id\":\"https:\\\/\\\/fmgente.com.ar\\\/web\\\/el-desgarrador-pedido-de-justicia-de-la-madre-de-tomas-tras-la-tragedia-en-la-merced-se-lo-llevo-de-la-noche-a-la-manana-yo-quiero-a-mi-bebe\\\/#primaryimage\"},\"thumbnailUrl\":\"https:\\\/\\\/fmgente.com.ar\\\/web\\\/wp-content\\\/uploads\\\/2026\\\/04\\\/3-1.jpg\",\"datePublished\":\"2026-04-06T19:10:32+00:00\",\"inLanguage\":\"es\",\"potentialAction\":[{\"@type\":\"ReadAction\",\"target\":[\"https:\\\/\\\/fmgente.com.ar\\\/web\\\/el-desgarrador-pedido-de-justicia-de-la-madre-de-tomas-tras-la-tragedia-en-la-merced-se-lo-llevo-de-la-noche-a-la-manana-yo-quiero-a-mi-bebe\\\/\"]}]},{\"@type\":\"ImageObject\",\"inLanguage\":\"es\",\"@id\":\"https:\\\/\\\/fmgente.com.ar\\\/web\\\/el-desgarrador-pedido-de-justicia-de-la-madre-de-tomas-tras-la-tragedia-en-la-merced-se-lo-llevo-de-la-noche-a-la-manana-yo-quiero-a-mi-bebe\\\/#primaryimage\",\"url\":\"https:\\\/\\\/fmgente.com.ar\\\/web\\\/wp-content\\\/uploads\\\/2026\\\/04\\\/3-1.jpg\",\"contentUrl\":\"https:\\\/\\\/fmgente.com.ar\\\/web\\\/wp-content\\\/uploads\\\/2026\\\/04\\\/3-1.jpg\",\"width\":1500,\"height\":857},{\"@type\":\"WebSite\",\"@id\":\"https:\\\/\\\/fmgente.com.ar\\\/web\\\/#website\",\"url\":\"https:\\\/\\\/fmgente.com.ar\\\/web\\\/\",\"name\":\"Fm Gente\",\"description\":\"- Jes\u00fas Mar\u00eda\",\"publisher\":{\"@id\":\"https:\\\/\\\/fmgente.com.ar\\\/web\\\/#organization\"},\"potentialAction\":[{\"@type\":\"SearchAction\",\"target\":{\"@type\":\"EntryPoint\",\"urlTemplate\":\"https:\\\/\\\/fmgente.com.ar\\\/web\\\/?s={search_term_string}\"},\"query-input\":{\"@type\":\"PropertyValueSpecification\",\"valueRequired\":true,\"valueName\":\"search_term_string\"}}],\"inLanguage\":\"es\"},{\"@type\":\"Organization\",\"@id\":\"https:\\\/\\\/fmgente.com.ar\\\/web\\\/#organization\",\"name\":\"Fm Gente\",\"url\":\"https:\\\/\\\/fmgente.com.ar\\\/web\\\/\",\"logo\":{\"@type\":\"ImageObject\",\"inLanguage\":\"es\",\"@id\":\"https:\\\/\\\/fmgente.com.ar\\\/web\\\/#\\\/schema\\\/logo\\\/image\\\/\",\"url\":\"https:\\\/\\\/fmgente.com.ar\\\/web\\\/wp-content\\\/uploads\\\/2023\\\/07\\\/cropped-cropped-logo-sombra2.png\",\"contentUrl\":\"https:\\\/\\\/fmgente.com.ar\\\/web\\\/wp-content\\\/uploads\\\/2023\\\/07\\\/cropped-cropped-logo-sombra2.png\",\"width\":1782,\"height\":1782,\"caption\":\"Fm Gente\"},\"image\":{\"@id\":\"https:\\\/\\\/fmgente.com.ar\\\/web\\\/#\\\/schema\\\/logo\\\/image\\\/\"}}]}<\/script>\n<!-- \/ Yoast SEO plugin. -->","yoast_head_json":{"title":"El desgarrador pedido de justicia de la madre de Tom\u00e1s tras la tragedia en La Merced: \u201cSe lo llev\u00f3 de la noche a la ma\u00f1ana\u2026 yo quiero a mi beb\u00e9&quot; - Fm Gente","robots":{"index":"index","follow":"follow","max-snippet":"max-snippet:-1","max-image-preview":"max-image-preview:large","max-video-preview":"max-video-preview:-1"},"canonical":"https:\/\/fmgente.com.ar\/web\/el-desgarrador-pedido-de-justicia-de-la-madre-de-tomas-tras-la-tragedia-en-la-merced-se-lo-llevo-de-la-noche-a-la-manana-yo-quiero-a-mi-bebe\/","og_locale":"es_ES","og_type":"article","og_title":"El desgarrador pedido de justicia de la madre de Tom\u00e1s tras la tragedia en La Merced: \u201cSe lo llev\u00f3 de la noche a la ma\u00f1ana\u2026 yo quiero a mi beb\u00e9&quot; - Fm Gente","og_description":"La tragedia que golpe\u00f3 a La Merced el domingo por la noche sum\u00f3 este lunes","og_url":"https:\/\/fmgente.com.ar\/web\/el-desgarrador-pedido-de-justicia-de-la-madre-de-tomas-tras-la-tragedia-en-la-merced-se-lo-llevo-de-la-noche-a-la-manana-yo-quiero-a-mi-bebe\/","og_site_name":"Fm Gente","article_published_time":"2026-04-06T19:10:32+00:00","og_image":[{"url":"https:\/\/uscdn.eltribuno.com\/042026\/1775499430007\/3.jpg","type":"","width":"","height":""}],"twitter_card":"summary_large_image","twitter_misc":{"Tiempo de lectura":"3 minutos"},"schema":{"@context":"https:\/\/schema.org","@graph":[{"@type":"Article","@id":"https:\/\/fmgente.com.ar\/web\/el-desgarrador-pedido-de-justicia-de-la-madre-de-tomas-tras-la-tragedia-en-la-merced-se-lo-llevo-de-la-noche-a-la-manana-yo-quiero-a-mi-bebe\/#article","isPartOf":{"@id":"https:\/\/fmgente.com.ar\/web\/el-desgarrador-pedido-de-justicia-de-la-madre-de-tomas-tras-la-tragedia-en-la-merced-se-lo-llevo-de-la-noche-a-la-manana-yo-quiero-a-mi-bebe\/"},"author":{"name":"","@id":""},"headline":"El desgarrador pedido de justicia de la madre de Tom\u00e1s tras la tragedia en La Merced: \u201cSe lo llev\u00f3 de la noche a la ma\u00f1ana\u2026 yo quiero a mi beb\u00e9&quot;","datePublished":"2026-04-06T19:10:32+00:00","mainEntityOfPage":{"@id":"https:\/\/fmgente.com.ar\/web\/el-desgarrador-pedido-de-justicia-de-la-madre-de-tomas-tras-la-tragedia-en-la-merced-se-lo-llevo-de-la-noche-a-la-manana-yo-quiero-a-mi-bebe\/"},"wordCount":729,"publisher":{"@id":"https:\/\/fmgente.com.ar\/web\/#organization"},"image":{"@id":"https:\/\/fmgente.com.ar\/web\/el-desgarrador-pedido-de-justicia-de-la-madre-de-tomas-tras-la-tragedia-en-la-merced-se-lo-llevo-de-la-noche-a-la-manana-yo-quiero-a-mi-bebe\/#primaryimage"},"thumbnailUrl":"https:\/\/fmgente.com.ar\/web\/wp-content\/uploads\/2026\/04\/3-1.jpg","articleSection":["DESTACADAS"],"inLanguage":"es"},{"@type":"WebPage","@id":"https:\/\/fmgente.com.ar\/web\/el-desgarrador-pedido-de-justicia-de-la-madre-de-tomas-tras-la-tragedia-en-la-merced-se-lo-llevo-de-la-noche-a-la-manana-yo-quiero-a-mi-bebe\/","url":"https:\/\/fmgente.com.ar\/web\/el-desgarrador-pedido-de-justicia-de-la-madre-de-tomas-tras-la-tragedia-en-la-merced-se-lo-llevo-de-la-noche-a-la-manana-yo-quiero-a-mi-bebe\/","name":"El desgarrador pedido de justicia de la madre de Tom\u00e1s tras la tragedia en La Merced: \u201cSe lo llev\u00f3 de la noche a la ma\u00f1ana\u2026 yo quiero a mi beb\u00e9&quot; - Fm Gente","isPartOf":{"@id":"https:\/\/fmgente.com.ar\/web\/#website"},"primaryImageOfPage":{"@id":"https:\/\/fmgente.com.ar\/web\/el-desgarrador-pedido-de-justicia-de-la-madre-de-tomas-tras-la-tragedia-en-la-merced-se-lo-llevo-de-la-noche-a-la-manana-yo-quiero-a-mi-bebe\/#primaryimage"},"image":{"@id":"https:\/\/fmgente.com.ar\/web\/el-desgarrador-pedido-de-justicia-de-la-madre-de-tomas-tras-la-tragedia-en-la-merced-se-lo-llevo-de-la-noche-a-la-manana-yo-quiero-a-mi-bebe\/#primaryimage"},"thumbnailUrl":"https:\/\/fmgente.com.ar\/web\/wp-content\/uploads\/2026\/04\/3-1.jpg","datePublished":"2026-04-06T19:10:32+00:00","inLanguage":"es","potentialAction":[{"@type":"ReadAction","target":["https:\/\/fmgente.com.ar\/web\/el-desgarrador-pedido-de-justicia-de-la-madre-de-tomas-tras-la-tragedia-en-la-merced-se-lo-llevo-de-la-noche-a-la-manana-yo-quiero-a-mi-bebe\/"]}]},{"@type":"ImageObject","inLanguage":"es","@id":"https:\/\/fmgente.com.ar\/web\/el-desgarrador-pedido-de-justicia-de-la-madre-de-tomas-tras-la-tragedia-en-la-merced-se-lo-llevo-de-la-noche-a-la-manana-yo-quiero-a-mi-bebe\/#primaryimage","url":"https:\/\/fmgente.com.ar\/web\/wp-content\/uploads\/2026\/04\/3-1.jpg","contentUrl":"https:\/\/fmgente.com.ar\/web\/wp-content\/uploads\/2026\/04\/3-1.jpg","width":1500,"height":857},{"@type":"WebSite","@id":"https:\/\/fmgente.com.ar\/web\/#website","url":"https:\/\/fmgente.com.ar\/web\/","name":"Fm Gente","description":"- Jes\u00fas Mar\u00eda","publisher":{"@id":"https:\/\/fmgente.com.ar\/web\/#organization"},"potentialAction":[{"@type":"SearchAction","target":{"@type":"EntryPoint","urlTemplate":"https:\/\/fmgente.com.ar\/web\/?s={search_term_string}"},"query-input":{"@type":"PropertyValueSpecification","valueRequired":true,"valueName":"search_term_string"}}],"inLanguage":"es"},{"@type":"Organization","@id":"https:\/\/fmgente.com.ar\/web\/#organization","name":"Fm Gente","url":"https:\/\/fmgente.com.ar\/web\/","logo":{"@type":"ImageObject","inLanguage":"es","@id":"https:\/\/fmgente.com.ar\/web\/#\/schema\/logo\/image\/","url":"https:\/\/fmgente.com.ar\/web\/wp-content\/uploads\/2023\/07\/cropped-cropped-logo-sombra2.png","contentUrl":"https:\/\/fmgente.com.ar\/web\/wp-content\/uploads\/2023\/07\/cropped-cropped-logo-sombra2.png","width":1782,"height":1782,"caption":"Fm Gente"},"image":{"@id":"https:\/\/fmgente.com.ar\/web\/#\/schema\/logo\/image\/"}}]}},"_links":{"self":[{"href":"https:\/\/fmgente.com.ar\/web\/wp-json\/wp\/v2\/posts\/18197","targetHints":{"allow":["GET"]}}],"collection":[{"href":"https:\/\/fmgente.com.ar\/web\/wp-json\/wp\/v2\/posts"}],"about":[{"href":"https:\/\/fmgente.com.ar\/web\/wp-json\/wp\/v2\/types\/post"}],"replies":[{"embeddable":true,"href":"https:\/\/fmgente.com.ar\/web\/wp-json\/wp\/v2\/comments?post=18197"}],"version-history":[{"count":0,"href":"https:\/\/fmgente.com.ar\/web\/wp-json\/wp\/v2\/posts\/18197\/revisions"}],"wp:featuredmedia":[{"embeddable":true,"href":"https:\/\/fmgente.com.ar\/web\/wp-json\/wp\/v2\/media\/18198"}],"wp:attachment":[{"href":"https:\/\/fmgente.com.ar\/web\/wp-json\/wp\/v2\/media?parent=18197"}],"wp:term":[{"taxonomy":"category","embeddable":true,"href":"https:\/\/fmgente.com.ar\/web\/wp-json\/wp\/v2\/categories?post=18197"},{"taxonomy":"post_tag","embeddable":true,"href":"https:\/\/fmgente.com.ar\/web\/wp-json\/wp\/v2\/tags?post=18197"}],"curies":[{"name":"wp","href":"https:\/\/api.w.org\/{rel}","templated":true}]}}