{"id":18189,"date":"2026-04-06T16:10:25","date_gmt":"2026-04-06T19:10:25","guid":{"rendered":"https:\/\/fmgente.com.ar\/web\/cambio-de-look-total-asi-fue-la-increible-transformacion-de-florencia-pena\/"},"modified":"2026-04-06T16:10:25","modified_gmt":"2026-04-06T19:10:25","slug":"cambio-de-look-total-asi-fue-la-increible-transformacion-de-florencia-pena","status":"publish","type":"post","link":"https:\/\/fmgente.com.ar\/web\/cambio-de-look-total-asi-fue-la-increible-transformacion-de-florencia-pena\/","title":{"rendered":"Cambio de look total: as\u00ed fue la incre\u00edble transformaci\u00f3n de Florencia Pe\u00f1a"},"content":{"rendered":"<p>La actriz Florencia Pe\u00f1a volvi\u00f3 a captar la atenci\u00f3n y colocarse en el foco medi\u00e1tico tras exhibir una renovaci\u00f3n est\u00e9tica que despert\u00f3 repercusi\u00f3n inmediata en redes sociales. Su imagen actual, marcada por un cambio de look notorio, gener\u00f3 todo tipo de comentarios entre sus seguidores.<\/p>\n<p>Con un estilo que se reinventa de manera permanente, la artista decidi\u00f3 apostar por una nueva apariencia que no pas\u00f3 inadvertida y volvi\u00f3 a instalarla como tema de conversaci\u00f3n en el mundo digital.<\/p>\n<p>C\u00d3MO FUE LA IMPRESIONANTE TRANSFORMACI\u00d3N DE FLORENCIA PE\u00d1A<\/p>\n<p>En la postal compartida, Florencia Pe\u00f1a luce una melena con matices rojizos m\u00e1s profundos e intensos que en elecciones anteriores. El estilismo incorpora extensiones que suman largo y cuerpo, con ondas suaves que enmarcan el rostro y un acabado cuidado que destaca sus rasgos. El look se completa con un outfit en tonos claros con destellos brillantes, en sinton\u00eda con la propuesta visual.<\/p>\n<p>El cambio no fue repentino, sino que se dio de manera gradual: parti\u00f3 de una base casta\u00f1a y evolucion\u00f3 hacia una gama m\u00e1s c\u00e1lida que potenci\u00f3 su imagen. La publicaci\u00f3n r\u00e1pidamente cosech\u00f3 miles de reacciones y comentarios, entre ellos el de Lizy Tagliani, reflejando el fuerte impacto que gener\u00f3 su transformaci\u00f3n en redes sociales.<\/p>\n","protected":false},"excerpt":{"rendered":"<p>La actriz Florencia Pe\u00f1a volvi\u00f3 a captar la atenci\u00f3n y colocarse en el foco medi\u00e1tico<\/p>\n","protected":false},"author":0,"featured_media":18190,"comment_status":"","ping_status":"","sticky":false,"template":"","format":"standard","meta":{"footnotes":""},"categories":[11],"tags":[],"class_list":["post-18189","post","type-post","status-publish","format-standard","has-post-thumbnail","hentry","category-destacadas"],"yoast_head":"<!-- This site is optimized with the Yoast SEO plugin v27.4 - https:\/\/yoast.com\/product\/yoast-seo-wordpress\/ -->\n<title>Cambio de look total: as\u00ed fue la incre\u00edble transformaci\u00f3n de Florencia Pe\u00f1a - Fm Gente<\/title>\n<meta name=\"robots\" content=\"index, follow, max-snippet:-1, max-image-preview:large, max-video-preview:-1\" \/>\n<link rel=\"canonical\" href=\"https:\/\/fmgente.com.ar\/web\/cambio-de-look-total-asi-fue-la-increible-transformacion-de-florencia-pena\/\" \/>\n<meta property=\"og:locale\" content=\"es_ES\" \/>\n<meta property=\"og:type\" content=\"article\" \/>\n<meta property=\"og:title\" content=\"Cambio de look total: as\u00ed fue la incre\u00edble transformaci\u00f3n de Florencia Pe\u00f1a - Fm Gente\" \/>\n<meta property=\"og:description\" content=\"La actriz Florencia Pe\u00f1a volvi\u00f3 a captar la atenci\u00f3n y colocarse en el foco medi\u00e1tico\" \/>\n<meta property=\"og:url\" content=\"https:\/\/fmgente.com.ar\/web\/cambio-de-look-total-asi-fue-la-increible-transformacion-de-florencia-pena\/\" \/>\n<meta property=\"og:site_name\" content=\"Fm Gente\" \/>\n<meta property=\"article:published_time\" content=\"2026-04-06T19:10:25+00:00\" \/>\n<meta name=\"twitter:card\" content=\"summary_large_image\" \/>\n<meta name=\"twitter:label1\" content=\"Tiempo de lectura\" \/>\n\t<meta name=\"twitter:data1\" content=\"1 minuto\" \/>\n<script type=\"application\/ld+json\" class=\"yoast-schema-graph\">{\"@context\":\"https:\\\/\\\/schema.org\",\"@graph\":[{\"@type\":\"Article\",\"@id\":\"https:\\\/\\\/fmgente.com.ar\\\/web\\\/cambio-de-look-total-asi-fue-la-increible-transformacion-de-florencia-pena\\\/#article\",\"isPartOf\":{\"@id\":\"https:\\\/\\\/fmgente.com.ar\\\/web\\\/cambio-de-look-total-asi-fue-la-increible-transformacion-de-florencia-pena\\\/\"},\"author\":{\"name\":\"\",\"@id\":\"\"},\"headline\":\"Cambio de look total: as\u00ed fue la incre\u00edble transformaci\u00f3n de Florencia Pe\u00f1a\",\"datePublished\":\"2026-04-06T19:10:25+00:00\",\"mainEntityOfPage\":{\"@id\":\"https:\\\/\\\/fmgente.com.ar\\\/web\\\/cambio-de-look-total-asi-fue-la-increible-transformacion-de-florencia-pena\\\/\"},\"wordCount\":237,\"publisher\":{\"@id\":\"https:\\\/\\\/fmgente.com.ar\\\/web\\\/#organization\"},\"image\":{\"@id\":\"https:\\\/\\\/fmgente.com.ar\\\/web\\\/cambio-de-look-total-asi-fue-la-increible-transformacion-de-florencia-pena\\\/#primaryimage\"},\"thumbnailUrl\":\"https:\\\/\\\/fmgente.com.ar\\\/web\\\/wp-content\\\/uploads\\\/2026\\\/04\\\/720-291.jpeg\",\"articleSection\":[\"DESTACADAS\"],\"inLanguage\":\"es\"},{\"@type\":\"WebPage\",\"@id\":\"https:\\\/\\\/fmgente.com.ar\\\/web\\\/cambio-de-look-total-asi-fue-la-increible-transformacion-de-florencia-pena\\\/\",\"url\":\"https:\\\/\\\/fmgente.com.ar\\\/web\\\/cambio-de-look-total-asi-fue-la-increible-transformacion-de-florencia-pena\\\/\",\"name\":\"Cambio de look total: as\u00ed fue la incre\u00edble transformaci\u00f3n de Florencia Pe\u00f1a - Fm Gente\",\"isPartOf\":{\"@id\":\"https:\\\/\\\/fmgente.com.ar\\\/web\\\/#website\"},\"primaryImageOfPage\":{\"@id\":\"https:\\\/\\\/fmgente.com.ar\\\/web\\\/cambio-de-look-total-asi-fue-la-increible-transformacion-de-florencia-pena\\\/#primaryimage\"},\"image\":{\"@id\":\"https:\\\/\\\/fmgente.com.ar\\\/web\\\/cambio-de-look-total-asi-fue-la-increible-transformacion-de-florencia-pena\\\/#primaryimage\"},\"thumbnailUrl\":\"https:\\\/\\\/fmgente.com.ar\\\/web\\\/wp-content\\\/uploads\\\/2026\\\/04\\\/720-291.jpeg\",\"datePublished\":\"2026-04-06T19:10:25+00:00\",\"inLanguage\":\"es\",\"potentialAction\":[{\"@type\":\"ReadAction\",\"target\":[\"https:\\\/\\\/fmgente.com.ar\\\/web\\\/cambio-de-look-total-asi-fue-la-increible-transformacion-de-florencia-pena\\\/\"]}]},{\"@type\":\"ImageObject\",\"inLanguage\":\"es\",\"@id\":\"https:\\\/\\\/fmgente.com.ar\\\/web\\\/cambio-de-look-total-asi-fue-la-increible-transformacion-de-florencia-pena\\\/#primaryimage\",\"url\":\"https:\\\/\\\/fmgente.com.ar\\\/web\\\/wp-content\\\/uploads\\\/2026\\\/04\\\/720-291.jpeg\",\"contentUrl\":\"https:\\\/\\\/fmgente.com.ar\\\/web\\\/wp-content\\\/uploads\\\/2026\\\/04\\\/720-291.jpeg\",\"width\":1280,\"height\":720},{\"@type\":\"WebSite\",\"@id\":\"https:\\\/\\\/fmgente.com.ar\\\/web\\\/#website\",\"url\":\"https:\\\/\\\/fmgente.com.ar\\\/web\\\/\",\"name\":\"Fm Gente\",\"description\":\"- Jes\u00fas Mar\u00eda\",\"publisher\":{\"@id\":\"https:\\\/\\\/fmgente.com.ar\\\/web\\\/#organization\"},\"potentialAction\":[{\"@type\":\"SearchAction\",\"target\":{\"@type\":\"EntryPoint\",\"urlTemplate\":\"https:\\\/\\\/fmgente.com.ar\\\/web\\\/?s={search_term_string}\"},\"query-input\":{\"@type\":\"PropertyValueSpecification\",\"valueRequired\":true,\"valueName\":\"search_term_string\"}}],\"inLanguage\":\"es\"},{\"@type\":\"Organization\",\"@id\":\"https:\\\/\\\/fmgente.com.ar\\\/web\\\/#organization\",\"name\":\"Fm Gente\",\"url\":\"https:\\\/\\\/fmgente.com.ar\\\/web\\\/\",\"logo\":{\"@type\":\"ImageObject\",\"inLanguage\":\"es\",\"@id\":\"https:\\\/\\\/fmgente.com.ar\\\/web\\\/#\\\/schema\\\/logo\\\/image\\\/\",\"url\":\"https:\\\/\\\/fmgente.com.ar\\\/web\\\/wp-content\\\/uploads\\\/2023\\\/07\\\/cropped-cropped-logo-sombra2.png\",\"contentUrl\":\"https:\\\/\\\/fmgente.com.ar\\\/web\\\/wp-content\\\/uploads\\\/2023\\\/07\\\/cropped-cropped-logo-sombra2.png\",\"width\":1782,\"height\":1782,\"caption\":\"Fm Gente\"},\"image\":{\"@id\":\"https:\\\/\\\/fmgente.com.ar\\\/web\\\/#\\\/schema\\\/logo\\\/image\\\/\"}}]}<\/script>\n<!-- \/ Yoast SEO plugin. -->","yoast_head_json":{"title":"Cambio de look total: as\u00ed fue la incre\u00edble transformaci\u00f3n de Florencia Pe\u00f1a - Fm Gente","robots":{"index":"index","follow":"follow","max-snippet":"max-snippet:-1","max-image-preview":"max-image-preview:large","max-video-preview":"max-video-preview:-1"},"canonical":"https:\/\/fmgente.com.ar\/web\/cambio-de-look-total-asi-fue-la-increible-transformacion-de-florencia-pena\/","og_locale":"es_ES","og_type":"article","og_title":"Cambio de look total: as\u00ed fue la incre\u00edble transformaci\u00f3n de Florencia Pe\u00f1a - Fm Gente","og_description":"La actriz Florencia Pe\u00f1a volvi\u00f3 a captar la atenci\u00f3n y colocarse en el foco medi\u00e1tico","og_url":"https:\/\/fmgente.com.ar\/web\/cambio-de-look-total-asi-fue-la-increible-transformacion-de-florencia-pena\/","og_site_name":"Fm Gente","article_published_time":"2026-04-06T19:10:25+00:00","twitter_card":"summary_large_image","twitter_misc":{"Tiempo de lectura":"1 minuto"},"schema":{"@context":"https:\/\/schema.org","@graph":[{"@type":"Article","@id":"https:\/\/fmgente.com.ar\/web\/cambio-de-look-total-asi-fue-la-increible-transformacion-de-florencia-pena\/#article","isPartOf":{"@id":"https:\/\/fmgente.com.ar\/web\/cambio-de-look-total-asi-fue-la-increible-transformacion-de-florencia-pena\/"},"author":{"name":"","@id":""},"headline":"Cambio de look total: as\u00ed fue la incre\u00edble transformaci\u00f3n de Florencia Pe\u00f1a","datePublished":"2026-04-06T19:10:25+00:00","mainEntityOfPage":{"@id":"https:\/\/fmgente.com.ar\/web\/cambio-de-look-total-asi-fue-la-increible-transformacion-de-florencia-pena\/"},"wordCount":237,"publisher":{"@id":"https:\/\/fmgente.com.ar\/web\/#organization"},"image":{"@id":"https:\/\/fmgente.com.ar\/web\/cambio-de-look-total-asi-fue-la-increible-transformacion-de-florencia-pena\/#primaryimage"},"thumbnailUrl":"https:\/\/fmgente.com.ar\/web\/wp-content\/uploads\/2026\/04\/720-291.jpeg","articleSection":["DESTACADAS"],"inLanguage":"es"},{"@type":"WebPage","@id":"https:\/\/fmgente.com.ar\/web\/cambio-de-look-total-asi-fue-la-increible-transformacion-de-florencia-pena\/","url":"https:\/\/fmgente.com.ar\/web\/cambio-de-look-total-asi-fue-la-increible-transformacion-de-florencia-pena\/","name":"Cambio de look total: as\u00ed fue la incre\u00edble transformaci\u00f3n de Florencia Pe\u00f1a - Fm Gente","isPartOf":{"@id":"https:\/\/fmgente.com.ar\/web\/#website"},"primaryImageOfPage":{"@id":"https:\/\/fmgente.com.ar\/web\/cambio-de-look-total-asi-fue-la-increible-transformacion-de-florencia-pena\/#primaryimage"},"image":{"@id":"https:\/\/fmgente.com.ar\/web\/cambio-de-look-total-asi-fue-la-increible-transformacion-de-florencia-pena\/#primaryimage"},"thumbnailUrl":"https:\/\/fmgente.com.ar\/web\/wp-content\/uploads\/2026\/04\/720-291.jpeg","datePublished":"2026-04-06T19:10:25+00:00","inLanguage":"es","potentialAction":[{"@type":"ReadAction","target":["https:\/\/fmgente.com.ar\/web\/cambio-de-look-total-asi-fue-la-increible-transformacion-de-florencia-pena\/"]}]},{"@type":"ImageObject","inLanguage":"es","@id":"https:\/\/fmgente.com.ar\/web\/cambio-de-look-total-asi-fue-la-increible-transformacion-de-florencia-pena\/#primaryimage","url":"https:\/\/fmgente.com.ar\/web\/wp-content\/uploads\/2026\/04\/720-291.jpeg","contentUrl":"https:\/\/fmgente.com.ar\/web\/wp-content\/uploads\/2026\/04\/720-291.jpeg","width":1280,"height":720},{"@type":"WebSite","@id":"https:\/\/fmgente.com.ar\/web\/#website","url":"https:\/\/fmgente.com.ar\/web\/","name":"Fm Gente","description":"- Jes\u00fas Mar\u00eda","publisher":{"@id":"https:\/\/fmgente.com.ar\/web\/#organization"},"potentialAction":[{"@type":"SearchAction","target":{"@type":"EntryPoint","urlTemplate":"https:\/\/fmgente.com.ar\/web\/?s={search_term_string}"},"query-input":{"@type":"PropertyValueSpecification","valueRequired":true,"valueName":"search_term_string"}}],"inLanguage":"es"},{"@type":"Organization","@id":"https:\/\/fmgente.com.ar\/web\/#organization","name":"Fm Gente","url":"https:\/\/fmgente.com.ar\/web\/","logo":{"@type":"ImageObject","inLanguage":"es","@id":"https:\/\/fmgente.com.ar\/web\/#\/schema\/logo\/image\/","url":"https:\/\/fmgente.com.ar\/web\/wp-content\/uploads\/2023\/07\/cropped-cropped-logo-sombra2.png","contentUrl":"https:\/\/fmgente.com.ar\/web\/wp-content\/uploads\/2023\/07\/cropped-cropped-logo-sombra2.png","width":1782,"height":1782,"caption":"Fm Gente"},"image":{"@id":"https:\/\/fmgente.com.ar\/web\/#\/schema\/logo\/image\/"}}]}},"_links":{"self":[{"href":"https:\/\/fmgente.com.ar\/web\/wp-json\/wp\/v2\/posts\/18189","targetHints":{"allow":["GET"]}}],"collection":[{"href":"https:\/\/fmgente.com.ar\/web\/wp-json\/wp\/v2\/posts"}],"about":[{"href":"https:\/\/fmgente.com.ar\/web\/wp-json\/wp\/v2\/types\/post"}],"replies":[{"embeddable":true,"href":"https:\/\/fmgente.com.ar\/web\/wp-json\/wp\/v2\/comments?post=18189"}],"version-history":[{"count":0,"href":"https:\/\/fmgente.com.ar\/web\/wp-json\/wp\/v2\/posts\/18189\/revisions"}],"wp:featuredmedia":[{"embeddable":true,"href":"https:\/\/fmgente.com.ar\/web\/wp-json\/wp\/v2\/media\/18190"}],"wp:attachment":[{"href":"https:\/\/fmgente.com.ar\/web\/wp-json\/wp\/v2\/media?parent=18189"}],"wp:term":[{"taxonomy":"category","embeddable":true,"href":"https:\/\/fmgente.com.ar\/web\/wp-json\/wp\/v2\/categories?post=18189"},{"taxonomy":"post_tag","embeddable":true,"href":"https:\/\/fmgente.com.ar\/web\/wp-json\/wp\/v2\/tags?post=18189"}],"curies":[{"name":"wp","href":"https:\/\/api.w.org\/{rel}","templated":true}]}}