{"id":18179,"date":"2026-04-06T16:10:15","date_gmt":"2026-04-06T19:10:15","guid":{"rendered":"https:\/\/fmgente.com.ar\/web\/diputados-convocan-sesion-para-debatir-la-reforma-de-la-ley-de-glaciares-impulsada-por-gobernadores-aliados\/"},"modified":"2026-04-06T16:10:15","modified_gmt":"2026-04-06T19:10:15","slug":"diputados-convocan-sesion-para-debatir-la-reforma-de-la-ley-de-glaciares-impulsada-por-gobernadores-aliados","status":"publish","type":"post","link":"https:\/\/fmgente.com.ar\/web\/diputados-convocan-sesion-para-debatir-la-reforma-de-la-ley-de-glaciares-impulsada-por-gobernadores-aliados\/","title":{"rendered":"Diputados: Convocan sesi\u00f3n para debatir la reforma de la ley de Glaciares impulsada por gobernadores aliados"},"content":{"rendered":"<p>Buenos  Aires, 6 abril (NA).- La Libertad Avanza junto a sus aliados pidieron una sesi\u00f3n especial para el pr\u00f3ximo mi\u00e9rcoles a las 15 para debatir el proyecto de reforma de la ley de Glaciares,  y as\u00ed cumplir con el pedido de gobernadores aliados que buscan con esta norma captar nuevas inversiones mineras.<\/p>\n<p>La sesi\u00f3n especial fue solicitada por los presidentes del bloque de la LLA, Gabriel Bornoroni, de la UCR, Pamela Verasay, de Independencia  Gladys Medina, de Por Santa Cruz Jos\u00e9 Luis Garrido, de Producci\u00f3n y Trabajo Nancy Pic\u00f3n Mart\u00ednez, y de Innovaci\u00f3n Federal Alberto Arr\u00faa.<\/p>\n<p>Tambi\u00e9n firman el pedido los libertos y titulares de las comisiones de Recursos Naturales, Jos\u00e9 Peluc, de Asuntos Constitucionales, Nicol\u00e1s Mayoraz, de Peticiones Poderes y Reglamento, Giselle Castelnuovo, la secretaria parlamentaria de la LLA, Silvana Guidici, y el macrista Javier Sanchez Wrba<\/p>\n<p>En desarrollo\u2026<\/p>\n","protected":false},"excerpt":{"rendered":"<p>Buenos Aires, 6 abril (NA).- La Libertad Avanza junto a sus aliados pidieron una sesi\u00f3n<\/p>\n","protected":false},"author":0,"featured_media":18180,"comment_status":"","ping_status":"","sticky":false,"template":"","format":"standard","meta":{"footnotes":""},"categories":[1],"tags":[],"class_list":["post-18179","post","type-post","status-publish","format-standard","has-post-thumbnail","hentry","category-regionales"],"yoast_head":"<!-- This site is optimized with the Yoast SEO plugin v27.4 - https:\/\/yoast.com\/product\/yoast-seo-wordpress\/ -->\n<title>Diputados: Convocan sesi\u00f3n para debatir la reforma de la ley de Glaciares impulsada por gobernadores aliados - Fm Gente<\/title>\n<meta name=\"robots\" content=\"index, follow, max-snippet:-1, max-image-preview:large, max-video-preview:-1\" \/>\n<link rel=\"canonical\" href=\"https:\/\/fmgente.com.ar\/web\/diputados-convocan-sesion-para-debatir-la-reforma-de-la-ley-de-glaciares-impulsada-por-gobernadores-aliados\/\" \/>\n<meta property=\"og:locale\" content=\"es_ES\" \/>\n<meta property=\"og:type\" content=\"article\" \/>\n<meta property=\"og:title\" content=\"Diputados: Convocan sesi\u00f3n para debatir la reforma de la ley de Glaciares impulsada por gobernadores aliados - Fm Gente\" \/>\n<meta property=\"og:description\" content=\"Buenos Aires, 6 abril (NA).- La Libertad Avanza junto a sus aliados pidieron una sesi\u00f3n\" \/>\n<meta property=\"og:url\" content=\"https:\/\/fmgente.com.ar\/web\/diputados-convocan-sesion-para-debatir-la-reforma-de-la-ley-de-glaciares-impulsada-por-gobernadores-aliados\/\" \/>\n<meta property=\"og:site_name\" content=\"Fm Gente\" \/>\n<meta property=\"article:published_time\" content=\"2026-04-06T19:10:15+00:00\" \/>\n<meta name=\"twitter:card\" content=\"summary_large_image\" \/>\n<meta name=\"twitter:label1\" content=\"Tiempo de lectura\" \/>\n\t<meta name=\"twitter:data1\" content=\"1 minuto\" \/>\n<script type=\"application\/ld+json\" class=\"yoast-schema-graph\">{\"@context\":\"https:\\\/\\\/schema.org\",\"@graph\":[{\"@type\":\"Article\",\"@id\":\"https:\\\/\\\/fmgente.com.ar\\\/web\\\/diputados-convocan-sesion-para-debatir-la-reforma-de-la-ley-de-glaciares-impulsada-por-gobernadores-aliados\\\/#article\",\"isPartOf\":{\"@id\":\"https:\\\/\\\/fmgente.com.ar\\\/web\\\/diputados-convocan-sesion-para-debatir-la-reforma-de-la-ley-de-glaciares-impulsada-por-gobernadores-aliados\\\/\"},\"author\":{\"name\":\"\",\"@id\":\"\"},\"headline\":\"Diputados: Convocan sesi\u00f3n para debatir la reforma de la ley de Glaciares impulsada por gobernadores aliados\",\"datePublished\":\"2026-04-06T19:10:15+00:00\",\"mainEntityOfPage\":{\"@id\":\"https:\\\/\\\/fmgente.com.ar\\\/web\\\/diputados-convocan-sesion-para-debatir-la-reforma-de-la-ley-de-glaciares-impulsada-por-gobernadores-aliados\\\/\"},\"wordCount\":167,\"publisher\":{\"@id\":\"https:\\\/\\\/fmgente.com.ar\\\/web\\\/#organization\"},\"image\":{\"@id\":\"https:\\\/\\\/fmgente.com.ar\\\/web\\\/diputados-convocan-sesion-para-debatir-la-reforma-de-la-ley-de-glaciares-impulsada-por-gobernadores-aliados\\\/#primaryimage\"},\"thumbnailUrl\":\"https:\\\/\\\/fmgente.com.ar\\\/web\\\/wp-content\\\/uploads\\\/2026\\\/04\\\/720-287.jpeg\",\"articleSection\":[\"REGIONALES\"],\"inLanguage\":\"es\"},{\"@type\":\"WebPage\",\"@id\":\"https:\\\/\\\/fmgente.com.ar\\\/web\\\/diputados-convocan-sesion-para-debatir-la-reforma-de-la-ley-de-glaciares-impulsada-por-gobernadores-aliados\\\/\",\"url\":\"https:\\\/\\\/fmgente.com.ar\\\/web\\\/diputados-convocan-sesion-para-debatir-la-reforma-de-la-ley-de-glaciares-impulsada-por-gobernadores-aliados\\\/\",\"name\":\"Diputados: Convocan sesi\u00f3n para debatir la reforma de la ley de Glaciares impulsada por gobernadores aliados - Fm Gente\",\"isPartOf\":{\"@id\":\"https:\\\/\\\/fmgente.com.ar\\\/web\\\/#website\"},\"primaryImageOfPage\":{\"@id\":\"https:\\\/\\\/fmgente.com.ar\\\/web\\\/diputados-convocan-sesion-para-debatir-la-reforma-de-la-ley-de-glaciares-impulsada-por-gobernadores-aliados\\\/#primaryimage\"},\"image\":{\"@id\":\"https:\\\/\\\/fmgente.com.ar\\\/web\\\/diputados-convocan-sesion-para-debatir-la-reforma-de-la-ley-de-glaciares-impulsada-por-gobernadores-aliados\\\/#primaryimage\"},\"thumbnailUrl\":\"https:\\\/\\\/fmgente.com.ar\\\/web\\\/wp-content\\\/uploads\\\/2026\\\/04\\\/720-287.jpeg\",\"datePublished\":\"2026-04-06T19:10:15+00:00\",\"inLanguage\":\"es\",\"potentialAction\":[{\"@type\":\"ReadAction\",\"target\":[\"https:\\\/\\\/fmgente.com.ar\\\/web\\\/diputados-convocan-sesion-para-debatir-la-reforma-de-la-ley-de-glaciares-impulsada-por-gobernadores-aliados\\\/\"]}]},{\"@type\":\"ImageObject\",\"inLanguage\":\"es\",\"@id\":\"https:\\\/\\\/fmgente.com.ar\\\/web\\\/diputados-convocan-sesion-para-debatir-la-reforma-de-la-ley-de-glaciares-impulsada-por-gobernadores-aliados\\\/#primaryimage\",\"url\":\"https:\\\/\\\/fmgente.com.ar\\\/web\\\/wp-content\\\/uploads\\\/2026\\\/04\\\/720-287.jpeg\",\"contentUrl\":\"https:\\\/\\\/fmgente.com.ar\\\/web\\\/wp-content\\\/uploads\\\/2026\\\/04\\\/720-287.jpeg\",\"width\":1082,\"height\":720},{\"@type\":\"WebSite\",\"@id\":\"https:\\\/\\\/fmgente.com.ar\\\/web\\\/#website\",\"url\":\"https:\\\/\\\/fmgente.com.ar\\\/web\\\/\",\"name\":\"Fm Gente\",\"description\":\"- Jes\u00fas Mar\u00eda\",\"publisher\":{\"@id\":\"https:\\\/\\\/fmgente.com.ar\\\/web\\\/#organization\"},\"potentialAction\":[{\"@type\":\"SearchAction\",\"target\":{\"@type\":\"EntryPoint\",\"urlTemplate\":\"https:\\\/\\\/fmgente.com.ar\\\/web\\\/?s={search_term_string}\"},\"query-input\":{\"@type\":\"PropertyValueSpecification\",\"valueRequired\":true,\"valueName\":\"search_term_string\"}}],\"inLanguage\":\"es\"},{\"@type\":\"Organization\",\"@id\":\"https:\\\/\\\/fmgente.com.ar\\\/web\\\/#organization\",\"name\":\"Fm Gente\",\"url\":\"https:\\\/\\\/fmgente.com.ar\\\/web\\\/\",\"logo\":{\"@type\":\"ImageObject\",\"inLanguage\":\"es\",\"@id\":\"https:\\\/\\\/fmgente.com.ar\\\/web\\\/#\\\/schema\\\/logo\\\/image\\\/\",\"url\":\"https:\\\/\\\/fmgente.com.ar\\\/web\\\/wp-content\\\/uploads\\\/2023\\\/07\\\/cropped-cropped-logo-sombra2.png\",\"contentUrl\":\"https:\\\/\\\/fmgente.com.ar\\\/web\\\/wp-content\\\/uploads\\\/2023\\\/07\\\/cropped-cropped-logo-sombra2.png\",\"width\":1782,\"height\":1782,\"caption\":\"Fm Gente\"},\"image\":{\"@id\":\"https:\\\/\\\/fmgente.com.ar\\\/web\\\/#\\\/schema\\\/logo\\\/image\\\/\"}}]}<\/script>\n<!-- \/ Yoast SEO plugin. -->","yoast_head_json":{"title":"Diputados: Convocan sesi\u00f3n para debatir la reforma de la ley de Glaciares impulsada por gobernadores aliados - Fm Gente","robots":{"index":"index","follow":"follow","max-snippet":"max-snippet:-1","max-image-preview":"max-image-preview:large","max-video-preview":"max-video-preview:-1"},"canonical":"https:\/\/fmgente.com.ar\/web\/diputados-convocan-sesion-para-debatir-la-reforma-de-la-ley-de-glaciares-impulsada-por-gobernadores-aliados\/","og_locale":"es_ES","og_type":"article","og_title":"Diputados: Convocan sesi\u00f3n para debatir la reforma de la ley de Glaciares impulsada por gobernadores aliados - Fm Gente","og_description":"Buenos Aires, 6 abril (NA).- La Libertad Avanza junto a sus aliados pidieron una sesi\u00f3n","og_url":"https:\/\/fmgente.com.ar\/web\/diputados-convocan-sesion-para-debatir-la-reforma-de-la-ley-de-glaciares-impulsada-por-gobernadores-aliados\/","og_site_name":"Fm Gente","article_published_time":"2026-04-06T19:10:15+00:00","twitter_card":"summary_large_image","twitter_misc":{"Tiempo de lectura":"1 minuto"},"schema":{"@context":"https:\/\/schema.org","@graph":[{"@type":"Article","@id":"https:\/\/fmgente.com.ar\/web\/diputados-convocan-sesion-para-debatir-la-reforma-de-la-ley-de-glaciares-impulsada-por-gobernadores-aliados\/#article","isPartOf":{"@id":"https:\/\/fmgente.com.ar\/web\/diputados-convocan-sesion-para-debatir-la-reforma-de-la-ley-de-glaciares-impulsada-por-gobernadores-aliados\/"},"author":{"name":"","@id":""},"headline":"Diputados: Convocan sesi\u00f3n para debatir la reforma de la ley de Glaciares impulsada por gobernadores aliados","datePublished":"2026-04-06T19:10:15+00:00","mainEntityOfPage":{"@id":"https:\/\/fmgente.com.ar\/web\/diputados-convocan-sesion-para-debatir-la-reforma-de-la-ley-de-glaciares-impulsada-por-gobernadores-aliados\/"},"wordCount":167,"publisher":{"@id":"https:\/\/fmgente.com.ar\/web\/#organization"},"image":{"@id":"https:\/\/fmgente.com.ar\/web\/diputados-convocan-sesion-para-debatir-la-reforma-de-la-ley-de-glaciares-impulsada-por-gobernadores-aliados\/#primaryimage"},"thumbnailUrl":"https:\/\/fmgente.com.ar\/web\/wp-content\/uploads\/2026\/04\/720-287.jpeg","articleSection":["REGIONALES"],"inLanguage":"es"},{"@type":"WebPage","@id":"https:\/\/fmgente.com.ar\/web\/diputados-convocan-sesion-para-debatir-la-reforma-de-la-ley-de-glaciares-impulsada-por-gobernadores-aliados\/","url":"https:\/\/fmgente.com.ar\/web\/diputados-convocan-sesion-para-debatir-la-reforma-de-la-ley-de-glaciares-impulsada-por-gobernadores-aliados\/","name":"Diputados: Convocan sesi\u00f3n para debatir la reforma de la ley de Glaciares impulsada por gobernadores aliados - Fm Gente","isPartOf":{"@id":"https:\/\/fmgente.com.ar\/web\/#website"},"primaryImageOfPage":{"@id":"https:\/\/fmgente.com.ar\/web\/diputados-convocan-sesion-para-debatir-la-reforma-de-la-ley-de-glaciares-impulsada-por-gobernadores-aliados\/#primaryimage"},"image":{"@id":"https:\/\/fmgente.com.ar\/web\/diputados-convocan-sesion-para-debatir-la-reforma-de-la-ley-de-glaciares-impulsada-por-gobernadores-aliados\/#primaryimage"},"thumbnailUrl":"https:\/\/fmgente.com.ar\/web\/wp-content\/uploads\/2026\/04\/720-287.jpeg","datePublished":"2026-04-06T19:10:15+00:00","inLanguage":"es","potentialAction":[{"@type":"ReadAction","target":["https:\/\/fmgente.com.ar\/web\/diputados-convocan-sesion-para-debatir-la-reforma-de-la-ley-de-glaciares-impulsada-por-gobernadores-aliados\/"]}]},{"@type":"ImageObject","inLanguage":"es","@id":"https:\/\/fmgente.com.ar\/web\/diputados-convocan-sesion-para-debatir-la-reforma-de-la-ley-de-glaciares-impulsada-por-gobernadores-aliados\/#primaryimage","url":"https:\/\/fmgente.com.ar\/web\/wp-content\/uploads\/2026\/04\/720-287.jpeg","contentUrl":"https:\/\/fmgente.com.ar\/web\/wp-content\/uploads\/2026\/04\/720-287.jpeg","width":1082,"height":720},{"@type":"WebSite","@id":"https:\/\/fmgente.com.ar\/web\/#website","url":"https:\/\/fmgente.com.ar\/web\/","name":"Fm Gente","description":"- Jes\u00fas Mar\u00eda","publisher":{"@id":"https:\/\/fmgente.com.ar\/web\/#organization"},"potentialAction":[{"@type":"SearchAction","target":{"@type":"EntryPoint","urlTemplate":"https:\/\/fmgente.com.ar\/web\/?s={search_term_string}"},"query-input":{"@type":"PropertyValueSpecification","valueRequired":true,"valueName":"search_term_string"}}],"inLanguage":"es"},{"@type":"Organization","@id":"https:\/\/fmgente.com.ar\/web\/#organization","name":"Fm Gente","url":"https:\/\/fmgente.com.ar\/web\/","logo":{"@type":"ImageObject","inLanguage":"es","@id":"https:\/\/fmgente.com.ar\/web\/#\/schema\/logo\/image\/","url":"https:\/\/fmgente.com.ar\/web\/wp-content\/uploads\/2023\/07\/cropped-cropped-logo-sombra2.png","contentUrl":"https:\/\/fmgente.com.ar\/web\/wp-content\/uploads\/2023\/07\/cropped-cropped-logo-sombra2.png","width":1782,"height":1782,"caption":"Fm Gente"},"image":{"@id":"https:\/\/fmgente.com.ar\/web\/#\/schema\/logo\/image\/"}}]}},"_links":{"self":[{"href":"https:\/\/fmgente.com.ar\/web\/wp-json\/wp\/v2\/posts\/18179","targetHints":{"allow":["GET"]}}],"collection":[{"href":"https:\/\/fmgente.com.ar\/web\/wp-json\/wp\/v2\/posts"}],"about":[{"href":"https:\/\/fmgente.com.ar\/web\/wp-json\/wp\/v2\/types\/post"}],"replies":[{"embeddable":true,"href":"https:\/\/fmgente.com.ar\/web\/wp-json\/wp\/v2\/comments?post=18179"}],"version-history":[{"count":0,"href":"https:\/\/fmgente.com.ar\/web\/wp-json\/wp\/v2\/posts\/18179\/revisions"}],"wp:featuredmedia":[{"embeddable":true,"href":"https:\/\/fmgente.com.ar\/web\/wp-json\/wp\/v2\/media\/18180"}],"wp:attachment":[{"href":"https:\/\/fmgente.com.ar\/web\/wp-json\/wp\/v2\/media?parent=18179"}],"wp:term":[{"taxonomy":"category","embeddable":true,"href":"https:\/\/fmgente.com.ar\/web\/wp-json\/wp\/v2\/categories?post=18179"},{"taxonomy":"post_tag","embeddable":true,"href":"https:\/\/fmgente.com.ar\/web\/wp-json\/wp\/v2\/tags?post=18179"}],"curies":[{"name":"wp","href":"https:\/\/api.w.org\/{rel}","templated":true}]}}