{"id":18177,"date":"2026-04-06T16:10:14","date_gmt":"2026-04-06T19:10:14","guid":{"rendered":"https:\/\/fmgente.com.ar\/web\/licitacion-por-el-gnl-cuando-se-conocera-la-adjudicacion-de-la-empresa-importadora\/"},"modified":"2026-04-06T16:10:14","modified_gmt":"2026-04-06T19:10:14","slug":"licitacion-por-el-gnl-cuando-se-conocera-la-adjudicacion-de-la-empresa-importadora","status":"publish","type":"post","link":"https:\/\/fmgente.com.ar\/web\/licitacion-por-el-gnl-cuando-se-conocera-la-adjudicacion-de-la-empresa-importadora\/","title":{"rendered":"Licitaci\u00f3n por el GNL: \u00bfCu\u00e1ndo se conocer\u00e1 la adjudicaci\u00f3n de la empresa importadora?"},"content":{"rendered":"<p>Buenos Aires, 6 abril (NA) \u2013 En el marco de la Licitaci\u00f3n P\u00fablica Nacional e Internacional impulsada por ENARSA, dos empresas ya se presentaron como oferentes para ingresar en la selecci\u00f3n de un agente comercializador\u2013agregador que se encargar\u00e1 de la importaci\u00f3n de gas natural licuado (GNL) y su posterior comercializaci\u00f3n en el mercado interno durante el invierno.<\/p>\n<p>En este contexto y de acuerdo con el cronograma oficial, la apertura de las propuestas econ\u00f3micas se realizar\u00e1 el pr\u00f3ximo lunes 13 de abril y la adjudicaci\u00f3n tiene fecha para el 21 del mes en curso. <\/p>\n<p>Seg\u00fan supo la Agencia Noticias Argentinas, la iniciativa se inscribe dentro de la estrategia del Gobierno nacional de avanzar en la privatizaci\u00f3n de activos y operaciones de ENARSA, promoviendo as\u00ed una mayor participaci\u00f3n del sector privado en actividades que, seg\u00fan sostienen, pueden desarrollarse con mayor eficiencia bajo condiciones de competencia.<\/p>\n<p>La informaci\u00f3n la dio a conocer el Ministerio de Econom\u00eda a trav\u00e9s de un comunicado oficial.<\/p>\n<p>Bajo el t\u00edtulo \u201cSe presentaron 2 ofertas a la licitaci\u00f3n para la operatoria privada de Gas Natural Licuado (GNL)\u201d, el comunicado detalla el cronograma de ac\u00e1 en adelante para la acci\u00f3n.<\/p>\n<p>\u201cSe presentaron 2 ofertas correspondientes al Sobre 1 (t\u00e9cnico) en el marco de la Licitaci\u00f3n P\u00fablica Nacional e Internacional que lleva adelante Energ\u00eda Argentina (ENARSA) para seleccionar un agente comercializador\u2013agregador a cargo de la importaci\u00f3n de Gas Natural Licuado (GNL) y su comercializaci\u00f3n como gas regasificado en el mercado interno durante el per\u00edodo invernal, utilizando la terminal de regasificaci\u00f3n de Escobar.<\/p>\n<p>De acuerdo con el cronograma vigente, la presentaci\u00f3n del Sobre 2 (econ\u00f3mico) se realizar\u00e1 el lunes 13 de abril a las 9:00, y su apertura tendr\u00e1 lugar ese mismo d\u00eda, tambi\u00e9n con transmisi\u00f3n por streaming del canal YouTube de ENARSA.<\/p>\n<p>La adjudicaci\u00f3n, por su parte, est\u00e1 prevista para el martes 21 de abril, conforme al cronograma del proceso.<\/p>\n<p>Esta licitaci\u00f3n se inscribe en el proceso de privatizaci\u00f3n de activos y actividades de ENARSA conforme a lo establecido por la Ley de Bases, avanzando en la desinversi\u00f3n de participaciones y operatorias comerciales que pueden ser realizadas por el sector privado.<\/p>\n<p>En ese sentido, el pr\u00f3ximo martes 14 de abril se realizar\u00e1 la presentaci\u00f3n y apertura de ofertas t\u00e9cnicas para la venta del paquete accionario que posee el Estado Nacional de CITELEC, sociedad controlante de TRANSENER.<\/p>\n<p>Con este esquema, el Gobierno Nacional profundiza el camino de retirar al Estado de operatorias comerciales que el sector privado puede realizar con mayor eficiencia, reemplazando la intermediaci\u00f3n estatal por competencia y reglas claras\u201d. #AgenciaNA.<\/p>\n","protected":false},"excerpt":{"rendered":"<p>Buenos Aires, 6 abril (NA) \u2013 En el marco de la Licitaci\u00f3n P\u00fablica Nacional e<\/p>\n","protected":false},"author":0,"featured_media":18178,"comment_status":"","ping_status":"","sticky":false,"template":"","format":"standard","meta":{"footnotes":""},"categories":[1],"tags":[],"class_list":["post-18177","post","type-post","status-publish","format-standard","has-post-thumbnail","hentry","category-regionales"],"yoast_head":"<!-- This site is optimized with the Yoast SEO plugin v27.4 - https:\/\/yoast.com\/product\/yoast-seo-wordpress\/ -->\n<title>Licitaci\u00f3n por el GNL: \u00bfCu\u00e1ndo se conocer\u00e1 la adjudicaci\u00f3n de la empresa importadora? - Fm Gente<\/title>\n<meta name=\"robots\" content=\"index, follow, max-snippet:-1, max-image-preview:large, max-video-preview:-1\" \/>\n<link rel=\"canonical\" href=\"https:\/\/fmgente.com.ar\/web\/licitacion-por-el-gnl-cuando-se-conocera-la-adjudicacion-de-la-empresa-importadora\/\" \/>\n<meta property=\"og:locale\" content=\"es_ES\" \/>\n<meta property=\"og:type\" content=\"article\" \/>\n<meta property=\"og:title\" content=\"Licitaci\u00f3n por el GNL: \u00bfCu\u00e1ndo se conocer\u00e1 la adjudicaci\u00f3n de la empresa importadora? - Fm Gente\" \/>\n<meta property=\"og:description\" content=\"Buenos Aires, 6 abril (NA) \u2013 En el marco de la Licitaci\u00f3n P\u00fablica Nacional e\" \/>\n<meta property=\"og:url\" content=\"https:\/\/fmgente.com.ar\/web\/licitacion-por-el-gnl-cuando-se-conocera-la-adjudicacion-de-la-empresa-importadora\/\" \/>\n<meta property=\"og:site_name\" content=\"Fm Gente\" \/>\n<meta property=\"article:published_time\" content=\"2026-04-06T19:10:14+00:00\" \/>\n<meta name=\"twitter:card\" content=\"summary_large_image\" \/>\n<meta name=\"twitter:label1\" content=\"Tiempo de lectura\" \/>\n\t<meta name=\"twitter:data1\" content=\"2 minutos\" \/>\n<script type=\"application\/ld+json\" class=\"yoast-schema-graph\">{\"@context\":\"https:\\\/\\\/schema.org\",\"@graph\":[{\"@type\":\"Article\",\"@id\":\"https:\\\/\\\/fmgente.com.ar\\\/web\\\/licitacion-por-el-gnl-cuando-se-conocera-la-adjudicacion-de-la-empresa-importadora\\\/#article\",\"isPartOf\":{\"@id\":\"https:\\\/\\\/fmgente.com.ar\\\/web\\\/licitacion-por-el-gnl-cuando-se-conocera-la-adjudicacion-de-la-empresa-importadora\\\/\"},\"author\":{\"name\":\"\",\"@id\":\"\"},\"headline\":\"Licitaci\u00f3n por el GNL: \u00bfCu\u00e1ndo se conocer\u00e1 la adjudicaci\u00f3n de la empresa importadora?\",\"datePublished\":\"2026-04-06T19:10:14+00:00\",\"mainEntityOfPage\":{\"@id\":\"https:\\\/\\\/fmgente.com.ar\\\/web\\\/licitacion-por-el-gnl-cuando-se-conocera-la-adjudicacion-de-la-empresa-importadora\\\/\"},\"wordCount\":465,\"publisher\":{\"@id\":\"https:\\\/\\\/fmgente.com.ar\\\/web\\\/#organization\"},\"image\":{\"@id\":\"https:\\\/\\\/fmgente.com.ar\\\/web\\\/licitacion-por-el-gnl-cuando-se-conocera-la-adjudicacion-de-la-empresa-importadora\\\/#primaryimage\"},\"thumbnailUrl\":\"https:\\\/\\\/fmgente.com.ar\\\/web\\\/wp-content\\\/uploads\\\/2026\\\/04\\\/720-286.jpeg\",\"articleSection\":[\"REGIONALES\"],\"inLanguage\":\"es\"},{\"@type\":\"WebPage\",\"@id\":\"https:\\\/\\\/fmgente.com.ar\\\/web\\\/licitacion-por-el-gnl-cuando-se-conocera-la-adjudicacion-de-la-empresa-importadora\\\/\",\"url\":\"https:\\\/\\\/fmgente.com.ar\\\/web\\\/licitacion-por-el-gnl-cuando-se-conocera-la-adjudicacion-de-la-empresa-importadora\\\/\",\"name\":\"Licitaci\u00f3n por el GNL: \u00bfCu\u00e1ndo se conocer\u00e1 la adjudicaci\u00f3n de la empresa importadora? - Fm Gente\",\"isPartOf\":{\"@id\":\"https:\\\/\\\/fmgente.com.ar\\\/web\\\/#website\"},\"primaryImageOfPage\":{\"@id\":\"https:\\\/\\\/fmgente.com.ar\\\/web\\\/licitacion-por-el-gnl-cuando-se-conocera-la-adjudicacion-de-la-empresa-importadora\\\/#primaryimage\"},\"image\":{\"@id\":\"https:\\\/\\\/fmgente.com.ar\\\/web\\\/licitacion-por-el-gnl-cuando-se-conocera-la-adjudicacion-de-la-empresa-importadora\\\/#primaryimage\"},\"thumbnailUrl\":\"https:\\\/\\\/fmgente.com.ar\\\/web\\\/wp-content\\\/uploads\\\/2026\\\/04\\\/720-286.jpeg\",\"datePublished\":\"2026-04-06T19:10:14+00:00\",\"inLanguage\":\"es\",\"potentialAction\":[{\"@type\":\"ReadAction\",\"target\":[\"https:\\\/\\\/fmgente.com.ar\\\/web\\\/licitacion-por-el-gnl-cuando-se-conocera-la-adjudicacion-de-la-empresa-importadora\\\/\"]}]},{\"@type\":\"ImageObject\",\"inLanguage\":\"es\",\"@id\":\"https:\\\/\\\/fmgente.com.ar\\\/web\\\/licitacion-por-el-gnl-cuando-se-conocera-la-adjudicacion-de-la-empresa-importadora\\\/#primaryimage\",\"url\":\"https:\\\/\\\/fmgente.com.ar\\\/web\\\/wp-content\\\/uploads\\\/2026\\\/04\\\/720-286.jpeg\",\"contentUrl\":\"https:\\\/\\\/fmgente.com.ar\\\/web\\\/wp-content\\\/uploads\\\/2026\\\/04\\\/720-286.jpeg\",\"width\":1023,\"height\":720},{\"@type\":\"WebSite\",\"@id\":\"https:\\\/\\\/fmgente.com.ar\\\/web\\\/#website\",\"url\":\"https:\\\/\\\/fmgente.com.ar\\\/web\\\/\",\"name\":\"Fm Gente\",\"description\":\"- Jes\u00fas Mar\u00eda\",\"publisher\":{\"@id\":\"https:\\\/\\\/fmgente.com.ar\\\/web\\\/#organization\"},\"potentialAction\":[{\"@type\":\"SearchAction\",\"target\":{\"@type\":\"EntryPoint\",\"urlTemplate\":\"https:\\\/\\\/fmgente.com.ar\\\/web\\\/?s={search_term_string}\"},\"query-input\":{\"@type\":\"PropertyValueSpecification\",\"valueRequired\":true,\"valueName\":\"search_term_string\"}}],\"inLanguage\":\"es\"},{\"@type\":\"Organization\",\"@id\":\"https:\\\/\\\/fmgente.com.ar\\\/web\\\/#organization\",\"name\":\"Fm Gente\",\"url\":\"https:\\\/\\\/fmgente.com.ar\\\/web\\\/\",\"logo\":{\"@type\":\"ImageObject\",\"inLanguage\":\"es\",\"@id\":\"https:\\\/\\\/fmgente.com.ar\\\/web\\\/#\\\/schema\\\/logo\\\/image\\\/\",\"url\":\"https:\\\/\\\/fmgente.com.ar\\\/web\\\/wp-content\\\/uploads\\\/2023\\\/07\\\/cropped-cropped-logo-sombra2.png\",\"contentUrl\":\"https:\\\/\\\/fmgente.com.ar\\\/web\\\/wp-content\\\/uploads\\\/2023\\\/07\\\/cropped-cropped-logo-sombra2.png\",\"width\":1782,\"height\":1782,\"caption\":\"Fm Gente\"},\"image\":{\"@id\":\"https:\\\/\\\/fmgente.com.ar\\\/web\\\/#\\\/schema\\\/logo\\\/image\\\/\"}}]}<\/script>\n<!-- \/ Yoast SEO plugin. -->","yoast_head_json":{"title":"Licitaci\u00f3n por el GNL: \u00bfCu\u00e1ndo se conocer\u00e1 la adjudicaci\u00f3n de la empresa importadora? - Fm Gente","robots":{"index":"index","follow":"follow","max-snippet":"max-snippet:-1","max-image-preview":"max-image-preview:large","max-video-preview":"max-video-preview:-1"},"canonical":"https:\/\/fmgente.com.ar\/web\/licitacion-por-el-gnl-cuando-se-conocera-la-adjudicacion-de-la-empresa-importadora\/","og_locale":"es_ES","og_type":"article","og_title":"Licitaci\u00f3n por el GNL: \u00bfCu\u00e1ndo se conocer\u00e1 la adjudicaci\u00f3n de la empresa importadora? - Fm Gente","og_description":"Buenos Aires, 6 abril (NA) \u2013 En el marco de la Licitaci\u00f3n P\u00fablica Nacional e","og_url":"https:\/\/fmgente.com.ar\/web\/licitacion-por-el-gnl-cuando-se-conocera-la-adjudicacion-de-la-empresa-importadora\/","og_site_name":"Fm Gente","article_published_time":"2026-04-06T19:10:14+00:00","twitter_card":"summary_large_image","twitter_misc":{"Tiempo de lectura":"2 minutos"},"schema":{"@context":"https:\/\/schema.org","@graph":[{"@type":"Article","@id":"https:\/\/fmgente.com.ar\/web\/licitacion-por-el-gnl-cuando-se-conocera-la-adjudicacion-de-la-empresa-importadora\/#article","isPartOf":{"@id":"https:\/\/fmgente.com.ar\/web\/licitacion-por-el-gnl-cuando-se-conocera-la-adjudicacion-de-la-empresa-importadora\/"},"author":{"name":"","@id":""},"headline":"Licitaci\u00f3n por el GNL: \u00bfCu\u00e1ndo se conocer\u00e1 la adjudicaci\u00f3n de la empresa importadora?","datePublished":"2026-04-06T19:10:14+00:00","mainEntityOfPage":{"@id":"https:\/\/fmgente.com.ar\/web\/licitacion-por-el-gnl-cuando-se-conocera-la-adjudicacion-de-la-empresa-importadora\/"},"wordCount":465,"publisher":{"@id":"https:\/\/fmgente.com.ar\/web\/#organization"},"image":{"@id":"https:\/\/fmgente.com.ar\/web\/licitacion-por-el-gnl-cuando-se-conocera-la-adjudicacion-de-la-empresa-importadora\/#primaryimage"},"thumbnailUrl":"https:\/\/fmgente.com.ar\/web\/wp-content\/uploads\/2026\/04\/720-286.jpeg","articleSection":["REGIONALES"],"inLanguage":"es"},{"@type":"WebPage","@id":"https:\/\/fmgente.com.ar\/web\/licitacion-por-el-gnl-cuando-se-conocera-la-adjudicacion-de-la-empresa-importadora\/","url":"https:\/\/fmgente.com.ar\/web\/licitacion-por-el-gnl-cuando-se-conocera-la-adjudicacion-de-la-empresa-importadora\/","name":"Licitaci\u00f3n por el GNL: \u00bfCu\u00e1ndo se conocer\u00e1 la adjudicaci\u00f3n de la empresa importadora? - Fm Gente","isPartOf":{"@id":"https:\/\/fmgente.com.ar\/web\/#website"},"primaryImageOfPage":{"@id":"https:\/\/fmgente.com.ar\/web\/licitacion-por-el-gnl-cuando-se-conocera-la-adjudicacion-de-la-empresa-importadora\/#primaryimage"},"image":{"@id":"https:\/\/fmgente.com.ar\/web\/licitacion-por-el-gnl-cuando-se-conocera-la-adjudicacion-de-la-empresa-importadora\/#primaryimage"},"thumbnailUrl":"https:\/\/fmgente.com.ar\/web\/wp-content\/uploads\/2026\/04\/720-286.jpeg","datePublished":"2026-04-06T19:10:14+00:00","inLanguage":"es","potentialAction":[{"@type":"ReadAction","target":["https:\/\/fmgente.com.ar\/web\/licitacion-por-el-gnl-cuando-se-conocera-la-adjudicacion-de-la-empresa-importadora\/"]}]},{"@type":"ImageObject","inLanguage":"es","@id":"https:\/\/fmgente.com.ar\/web\/licitacion-por-el-gnl-cuando-se-conocera-la-adjudicacion-de-la-empresa-importadora\/#primaryimage","url":"https:\/\/fmgente.com.ar\/web\/wp-content\/uploads\/2026\/04\/720-286.jpeg","contentUrl":"https:\/\/fmgente.com.ar\/web\/wp-content\/uploads\/2026\/04\/720-286.jpeg","width":1023,"height":720},{"@type":"WebSite","@id":"https:\/\/fmgente.com.ar\/web\/#website","url":"https:\/\/fmgente.com.ar\/web\/","name":"Fm Gente","description":"- Jes\u00fas Mar\u00eda","publisher":{"@id":"https:\/\/fmgente.com.ar\/web\/#organization"},"potentialAction":[{"@type":"SearchAction","target":{"@type":"EntryPoint","urlTemplate":"https:\/\/fmgente.com.ar\/web\/?s={search_term_string}"},"query-input":{"@type":"PropertyValueSpecification","valueRequired":true,"valueName":"search_term_string"}}],"inLanguage":"es"},{"@type":"Organization","@id":"https:\/\/fmgente.com.ar\/web\/#organization","name":"Fm Gente","url":"https:\/\/fmgente.com.ar\/web\/","logo":{"@type":"ImageObject","inLanguage":"es","@id":"https:\/\/fmgente.com.ar\/web\/#\/schema\/logo\/image\/","url":"https:\/\/fmgente.com.ar\/web\/wp-content\/uploads\/2023\/07\/cropped-cropped-logo-sombra2.png","contentUrl":"https:\/\/fmgente.com.ar\/web\/wp-content\/uploads\/2023\/07\/cropped-cropped-logo-sombra2.png","width":1782,"height":1782,"caption":"Fm Gente"},"image":{"@id":"https:\/\/fmgente.com.ar\/web\/#\/schema\/logo\/image\/"}}]}},"_links":{"self":[{"href":"https:\/\/fmgente.com.ar\/web\/wp-json\/wp\/v2\/posts\/18177","targetHints":{"allow":["GET"]}}],"collection":[{"href":"https:\/\/fmgente.com.ar\/web\/wp-json\/wp\/v2\/posts"}],"about":[{"href":"https:\/\/fmgente.com.ar\/web\/wp-json\/wp\/v2\/types\/post"}],"replies":[{"embeddable":true,"href":"https:\/\/fmgente.com.ar\/web\/wp-json\/wp\/v2\/comments?post=18177"}],"version-history":[{"count":0,"href":"https:\/\/fmgente.com.ar\/web\/wp-json\/wp\/v2\/posts\/18177\/revisions"}],"wp:featuredmedia":[{"embeddable":true,"href":"https:\/\/fmgente.com.ar\/web\/wp-json\/wp\/v2\/media\/18178"}],"wp:attachment":[{"href":"https:\/\/fmgente.com.ar\/web\/wp-json\/wp\/v2\/media?parent=18177"}],"wp:term":[{"taxonomy":"category","embeddable":true,"href":"https:\/\/fmgente.com.ar\/web\/wp-json\/wp\/v2\/categories?post=18177"},{"taxonomy":"post_tag","embeddable":true,"href":"https:\/\/fmgente.com.ar\/web\/wp-json\/wp\/v2\/tags?post=18177"}],"curies":[{"name":"wp","href":"https:\/\/api.w.org\/{rel}","templated":true}]}}