{"id":18167,"date":"2026-04-06T03:11:19","date_gmt":"2026-04-06T06:11:19","guid":{"rendered":"https:\/\/fmgente.com.ar\/web\/ara-san-juan-la-querella-denuncia-un-pacto-de-silencio-y-falsos-testimonios\/"},"modified":"2026-04-06T03:11:19","modified_gmt":"2026-04-06T06:11:19","slug":"ara-san-juan-la-querella-denuncia-un-pacto-de-silencio-y-falsos-testimonios","status":"publish","type":"post","link":"https:\/\/fmgente.com.ar\/web\/ara-san-juan-la-querella-denuncia-un-pacto-de-silencio-y-falsos-testimonios\/","title":{"rendered":"ARA San Juan: la querella denuncia un pacto de silencio y falsos testimonios"},"content":{"rendered":"<p>La querella que representa a los familiares de los 44 tripulantes fallecidos en el hundimiento del ARA San Juan volvi\u00f3 a apuntar contra la Armada y denunci\u00f3 un \u00abesp\u00edritu corporativo\u00bb destinado a obstaculizar el avance de la verdad en el juicio oral que se desarrolla en R\u00edo Gallegos.<\/p>\n<p>La abogada Valeria Carreras advirti\u00f3 que se trata de una semana clave en el proceso y anticip\u00f3 que podr\u00edan impulsarse denuncias por falso testimonio contra quienes hayan brindado declaraciones contradictorias. \u00abNo vamos a permitir una mentira m\u00e1s\u00bb, afirm\u00f3, al se\u00f1alar que los pedidos alcanzar\u00e1n tanto a oficiales como a suboficiales.<\/p>\n<p>Seg\u00fan la querella, varios testimonios intentaron minimizar fallas cr\u00edticas del submarino, en especial el estado de los filtros de aire. Carreras cuestion\u00f3 que algunos testigos aseguraran que los recipientes de cal sodada no tienen vencimiento, una afirmaci\u00f3n que contradice informes de la Armada y datos expuestos en el Congreso en 2018.<\/p>\n<p>Otro eje de discusi\u00f3n gira en torno a la v\u00e1lvula Eco 19, por donde habr\u00eda ingresado el agua de mar que provoc\u00f3 el incendio de bater\u00edas previo al hundimiento. La querella present\u00f3 im\u00e1genes para refutar la versi\u00f3n de un testigo que atribuy\u00f3 su apertura a un apoyo accidental. \u00abRequiere varias vueltas para accionarse, no es una manija\u00bb, explic\u00f3 la letrada.<\/p>\n<p>En ese marco, acus\u00f3 a algunos declarantes de intentar instalar la idea de un error humano para deslindar responsabilidades jer\u00e1rquicas. Para los pr\u00f3ximos d\u00edas se espera la declaraci\u00f3n de familiares de las v\u00edctimas. Desde la querella sostienen que estas presentaciones ser\u00e1n determinantes para contrarrestar lo que definen como \u00abamnesia\u00bb de los mandos militares.<\/p><\/p>\n","protected":false},"excerpt":{"rendered":"<p>La querella que representa a los familiares de los 44 tripulantes fallecidos en el hundimiento<\/p>\n","protected":false},"author":0,"featured_media":18168,"comment_status":"","ping_status":"","sticky":false,"template":"","format":"standard","meta":{"footnotes":""},"categories":[11],"tags":[],"class_list":["post-18167","post","type-post","status-publish","format-standard","has-post-thumbnail","hentry","category-destacadas"],"yoast_head":"<!-- This site is optimized with the Yoast SEO plugin v27.4 - https:\/\/yoast.com\/product\/yoast-seo-wordpress\/ -->\n<title>ARA San Juan: la querella denuncia un pacto de silencio y falsos testimonios - Fm Gente<\/title>\n<meta name=\"robots\" content=\"index, follow, max-snippet:-1, max-image-preview:large, max-video-preview:-1\" \/>\n<link rel=\"canonical\" href=\"https:\/\/fmgente.com.ar\/web\/ara-san-juan-la-querella-denuncia-un-pacto-de-silencio-y-falsos-testimonios\/\" \/>\n<meta property=\"og:locale\" content=\"es_ES\" \/>\n<meta property=\"og:type\" content=\"article\" \/>\n<meta property=\"og:title\" content=\"ARA San Juan: la querella denuncia un pacto de silencio y falsos testimonios - Fm Gente\" \/>\n<meta property=\"og:description\" content=\"La querella que representa a los familiares de los 44 tripulantes fallecidos en el hundimiento\" \/>\n<meta property=\"og:url\" content=\"https:\/\/fmgente.com.ar\/web\/ara-san-juan-la-querella-denuncia-un-pacto-de-silencio-y-falsos-testimonios\/\" \/>\n<meta property=\"og:site_name\" content=\"Fm Gente\" \/>\n<meta property=\"article:published_time\" content=\"2026-04-06T06:11:19+00:00\" \/>\n<meta name=\"twitter:card\" content=\"summary_large_image\" \/>\n<meta name=\"twitter:label1\" content=\"Tiempo de lectura\" \/>\n\t<meta name=\"twitter:data1\" content=\"1 minuto\" \/>\n<script type=\"application\/ld+json\" class=\"yoast-schema-graph\">{\"@context\":\"https:\\\/\\\/schema.org\",\"@graph\":[{\"@type\":\"Article\",\"@id\":\"https:\\\/\\\/fmgente.com.ar\\\/web\\\/ara-san-juan-la-querella-denuncia-un-pacto-de-silencio-y-falsos-testimonios\\\/#article\",\"isPartOf\":{\"@id\":\"https:\\\/\\\/fmgente.com.ar\\\/web\\\/ara-san-juan-la-querella-denuncia-un-pacto-de-silencio-y-falsos-testimonios\\\/\"},\"author\":{\"name\":\"\",\"@id\":\"\"},\"headline\":\"ARA San Juan: la querella denuncia un pacto de silencio y falsos testimonios\",\"datePublished\":\"2026-04-06T06:11:19+00:00\",\"mainEntityOfPage\":{\"@id\":\"https:\\\/\\\/fmgente.com.ar\\\/web\\\/ara-san-juan-la-querella-denuncia-un-pacto-de-silencio-y-falsos-testimonios\\\/\"},\"wordCount\":293,\"publisher\":{\"@id\":\"https:\\\/\\\/fmgente.com.ar\\\/web\\\/#organization\"},\"image\":{\"@id\":\"https:\\\/\\\/fmgente.com.ar\\\/web\\\/ara-san-juan-la-querella-denuncia-un-pacto-de-silencio-y-falsos-testimonios\\\/#primaryimage\"},\"thumbnailUrl\":\"https:\\\/\\\/fmgente.com.ar\\\/web\\\/wp-content\\\/uploads\\\/2026\\\/04\\\/portadax-32.png\",\"articleSection\":[\"DESTACADAS\"],\"inLanguage\":\"es\"},{\"@type\":\"WebPage\",\"@id\":\"https:\\\/\\\/fmgente.com.ar\\\/web\\\/ara-san-juan-la-querella-denuncia-un-pacto-de-silencio-y-falsos-testimonios\\\/\",\"url\":\"https:\\\/\\\/fmgente.com.ar\\\/web\\\/ara-san-juan-la-querella-denuncia-un-pacto-de-silencio-y-falsos-testimonios\\\/\",\"name\":\"ARA San Juan: la querella denuncia un pacto de silencio y falsos testimonios - Fm Gente\",\"isPartOf\":{\"@id\":\"https:\\\/\\\/fmgente.com.ar\\\/web\\\/#website\"},\"primaryImageOfPage\":{\"@id\":\"https:\\\/\\\/fmgente.com.ar\\\/web\\\/ara-san-juan-la-querella-denuncia-un-pacto-de-silencio-y-falsos-testimonios\\\/#primaryimage\"},\"image\":{\"@id\":\"https:\\\/\\\/fmgente.com.ar\\\/web\\\/ara-san-juan-la-querella-denuncia-un-pacto-de-silencio-y-falsos-testimonios\\\/#primaryimage\"},\"thumbnailUrl\":\"https:\\\/\\\/fmgente.com.ar\\\/web\\\/wp-content\\\/uploads\\\/2026\\\/04\\\/portadax-32.png\",\"datePublished\":\"2026-04-06T06:11:19+00:00\",\"inLanguage\":\"es\",\"potentialAction\":[{\"@type\":\"ReadAction\",\"target\":[\"https:\\\/\\\/fmgente.com.ar\\\/web\\\/ara-san-juan-la-querella-denuncia-un-pacto-de-silencio-y-falsos-testimonios\\\/\"]}]},{\"@type\":\"ImageObject\",\"inLanguage\":\"es\",\"@id\":\"https:\\\/\\\/fmgente.com.ar\\\/web\\\/ara-san-juan-la-querella-denuncia-un-pacto-de-silencio-y-falsos-testimonios\\\/#primaryimage\",\"url\":\"https:\\\/\\\/fmgente.com.ar\\\/web\\\/wp-content\\\/uploads\\\/2026\\\/04\\\/portadax-32.png\",\"contentUrl\":\"https:\\\/\\\/fmgente.com.ar\\\/web\\\/wp-content\\\/uploads\\\/2026\\\/04\\\/portadax-32.png\",\"width\":1366,\"height\":768},{\"@type\":\"WebSite\",\"@id\":\"https:\\\/\\\/fmgente.com.ar\\\/web\\\/#website\",\"url\":\"https:\\\/\\\/fmgente.com.ar\\\/web\\\/\",\"name\":\"Fm Gente\",\"description\":\"- Jes\u00fas Mar\u00eda\",\"publisher\":{\"@id\":\"https:\\\/\\\/fmgente.com.ar\\\/web\\\/#organization\"},\"potentialAction\":[{\"@type\":\"SearchAction\",\"target\":{\"@type\":\"EntryPoint\",\"urlTemplate\":\"https:\\\/\\\/fmgente.com.ar\\\/web\\\/?s={search_term_string}\"},\"query-input\":{\"@type\":\"PropertyValueSpecification\",\"valueRequired\":true,\"valueName\":\"search_term_string\"}}],\"inLanguage\":\"es\"},{\"@type\":\"Organization\",\"@id\":\"https:\\\/\\\/fmgente.com.ar\\\/web\\\/#organization\",\"name\":\"Fm Gente\",\"url\":\"https:\\\/\\\/fmgente.com.ar\\\/web\\\/\",\"logo\":{\"@type\":\"ImageObject\",\"inLanguage\":\"es\",\"@id\":\"https:\\\/\\\/fmgente.com.ar\\\/web\\\/#\\\/schema\\\/logo\\\/image\\\/\",\"url\":\"https:\\\/\\\/fmgente.com.ar\\\/web\\\/wp-content\\\/uploads\\\/2023\\\/07\\\/cropped-cropped-logo-sombra2.png\",\"contentUrl\":\"https:\\\/\\\/fmgente.com.ar\\\/web\\\/wp-content\\\/uploads\\\/2023\\\/07\\\/cropped-cropped-logo-sombra2.png\",\"width\":1782,\"height\":1782,\"caption\":\"Fm Gente\"},\"image\":{\"@id\":\"https:\\\/\\\/fmgente.com.ar\\\/web\\\/#\\\/schema\\\/logo\\\/image\\\/\"}}]}<\/script>\n<!-- \/ Yoast SEO plugin. -->","yoast_head_json":{"title":"ARA San Juan: la querella denuncia un pacto de silencio y falsos testimonios - Fm Gente","robots":{"index":"index","follow":"follow","max-snippet":"max-snippet:-1","max-image-preview":"max-image-preview:large","max-video-preview":"max-video-preview:-1"},"canonical":"https:\/\/fmgente.com.ar\/web\/ara-san-juan-la-querella-denuncia-un-pacto-de-silencio-y-falsos-testimonios\/","og_locale":"es_ES","og_type":"article","og_title":"ARA San Juan: la querella denuncia un pacto de silencio y falsos testimonios - Fm Gente","og_description":"La querella que representa a los familiares de los 44 tripulantes fallecidos en el hundimiento","og_url":"https:\/\/fmgente.com.ar\/web\/ara-san-juan-la-querella-denuncia-un-pacto-de-silencio-y-falsos-testimonios\/","og_site_name":"Fm Gente","article_published_time":"2026-04-06T06:11:19+00:00","twitter_card":"summary_large_image","twitter_misc":{"Tiempo de lectura":"1 minuto"},"schema":{"@context":"https:\/\/schema.org","@graph":[{"@type":"Article","@id":"https:\/\/fmgente.com.ar\/web\/ara-san-juan-la-querella-denuncia-un-pacto-de-silencio-y-falsos-testimonios\/#article","isPartOf":{"@id":"https:\/\/fmgente.com.ar\/web\/ara-san-juan-la-querella-denuncia-un-pacto-de-silencio-y-falsos-testimonios\/"},"author":{"name":"","@id":""},"headline":"ARA San Juan: la querella denuncia un pacto de silencio y falsos testimonios","datePublished":"2026-04-06T06:11:19+00:00","mainEntityOfPage":{"@id":"https:\/\/fmgente.com.ar\/web\/ara-san-juan-la-querella-denuncia-un-pacto-de-silencio-y-falsos-testimonios\/"},"wordCount":293,"publisher":{"@id":"https:\/\/fmgente.com.ar\/web\/#organization"},"image":{"@id":"https:\/\/fmgente.com.ar\/web\/ara-san-juan-la-querella-denuncia-un-pacto-de-silencio-y-falsos-testimonios\/#primaryimage"},"thumbnailUrl":"https:\/\/fmgente.com.ar\/web\/wp-content\/uploads\/2026\/04\/portadax-32.png","articleSection":["DESTACADAS"],"inLanguage":"es"},{"@type":"WebPage","@id":"https:\/\/fmgente.com.ar\/web\/ara-san-juan-la-querella-denuncia-un-pacto-de-silencio-y-falsos-testimonios\/","url":"https:\/\/fmgente.com.ar\/web\/ara-san-juan-la-querella-denuncia-un-pacto-de-silencio-y-falsos-testimonios\/","name":"ARA San Juan: la querella denuncia un pacto de silencio y falsos testimonios - Fm Gente","isPartOf":{"@id":"https:\/\/fmgente.com.ar\/web\/#website"},"primaryImageOfPage":{"@id":"https:\/\/fmgente.com.ar\/web\/ara-san-juan-la-querella-denuncia-un-pacto-de-silencio-y-falsos-testimonios\/#primaryimage"},"image":{"@id":"https:\/\/fmgente.com.ar\/web\/ara-san-juan-la-querella-denuncia-un-pacto-de-silencio-y-falsos-testimonios\/#primaryimage"},"thumbnailUrl":"https:\/\/fmgente.com.ar\/web\/wp-content\/uploads\/2026\/04\/portadax-32.png","datePublished":"2026-04-06T06:11:19+00:00","inLanguage":"es","potentialAction":[{"@type":"ReadAction","target":["https:\/\/fmgente.com.ar\/web\/ara-san-juan-la-querella-denuncia-un-pacto-de-silencio-y-falsos-testimonios\/"]}]},{"@type":"ImageObject","inLanguage":"es","@id":"https:\/\/fmgente.com.ar\/web\/ara-san-juan-la-querella-denuncia-un-pacto-de-silencio-y-falsos-testimonios\/#primaryimage","url":"https:\/\/fmgente.com.ar\/web\/wp-content\/uploads\/2026\/04\/portadax-32.png","contentUrl":"https:\/\/fmgente.com.ar\/web\/wp-content\/uploads\/2026\/04\/portadax-32.png","width":1366,"height":768},{"@type":"WebSite","@id":"https:\/\/fmgente.com.ar\/web\/#website","url":"https:\/\/fmgente.com.ar\/web\/","name":"Fm Gente","description":"- Jes\u00fas Mar\u00eda","publisher":{"@id":"https:\/\/fmgente.com.ar\/web\/#organization"},"potentialAction":[{"@type":"SearchAction","target":{"@type":"EntryPoint","urlTemplate":"https:\/\/fmgente.com.ar\/web\/?s={search_term_string}"},"query-input":{"@type":"PropertyValueSpecification","valueRequired":true,"valueName":"search_term_string"}}],"inLanguage":"es"},{"@type":"Organization","@id":"https:\/\/fmgente.com.ar\/web\/#organization","name":"Fm Gente","url":"https:\/\/fmgente.com.ar\/web\/","logo":{"@type":"ImageObject","inLanguage":"es","@id":"https:\/\/fmgente.com.ar\/web\/#\/schema\/logo\/image\/","url":"https:\/\/fmgente.com.ar\/web\/wp-content\/uploads\/2023\/07\/cropped-cropped-logo-sombra2.png","contentUrl":"https:\/\/fmgente.com.ar\/web\/wp-content\/uploads\/2023\/07\/cropped-cropped-logo-sombra2.png","width":1782,"height":1782,"caption":"Fm Gente"},"image":{"@id":"https:\/\/fmgente.com.ar\/web\/#\/schema\/logo\/image\/"}}]}},"_links":{"self":[{"href":"https:\/\/fmgente.com.ar\/web\/wp-json\/wp\/v2\/posts\/18167","targetHints":{"allow":["GET"]}}],"collection":[{"href":"https:\/\/fmgente.com.ar\/web\/wp-json\/wp\/v2\/posts"}],"about":[{"href":"https:\/\/fmgente.com.ar\/web\/wp-json\/wp\/v2\/types\/post"}],"replies":[{"embeddable":true,"href":"https:\/\/fmgente.com.ar\/web\/wp-json\/wp\/v2\/comments?post=18167"}],"version-history":[{"count":0,"href":"https:\/\/fmgente.com.ar\/web\/wp-json\/wp\/v2\/posts\/18167\/revisions"}],"wp:featuredmedia":[{"embeddable":true,"href":"https:\/\/fmgente.com.ar\/web\/wp-json\/wp\/v2\/media\/18168"}],"wp:attachment":[{"href":"https:\/\/fmgente.com.ar\/web\/wp-json\/wp\/v2\/media?parent=18167"}],"wp:term":[{"taxonomy":"category","embeddable":true,"href":"https:\/\/fmgente.com.ar\/web\/wp-json\/wp\/v2\/categories?post=18167"},{"taxonomy":"post_tag","embeddable":true,"href":"https:\/\/fmgente.com.ar\/web\/wp-json\/wp\/v2\/tags?post=18167"}],"curies":[{"name":"wp","href":"https:\/\/api.w.org\/{rel}","templated":true}]}}