{"id":18165,"date":"2026-04-06T03:11:16","date_gmt":"2026-04-06T06:11:16","guid":{"rendered":"https:\/\/fmgente.com.ar\/web\/el-via-crucis-gaucho-emociono-hasta-las-lagrimas-en-metan\/"},"modified":"2026-04-06T03:11:16","modified_gmt":"2026-04-06T06:11:16","slug":"el-via-crucis-gaucho-emociono-hasta-las-lagrimas-en-metan","status":"publish","type":"post","link":"https:\/\/fmgente.com.ar\/web\/el-via-crucis-gaucho-emociono-hasta-las-lagrimas-en-metan\/","title":{"rendered":"El V\u00eda Crucis Gaucho emocion\u00f3 hasta las l\u00e1grimas en Met\u00e1n"},"content":{"rendered":"<p>Con gran \u00e9xito se desarroll\u00f3 en San Jos\u00e9 de Met\u00e1n la XIV edici\u00f3n del V\u00eda Crucis Gaucho, que emocion\u00f3 hasta las l\u00e1grimas a vecinos y turistas. La emotiva muestra de fe, cultura y tradici\u00f3n este a\u00f1o logr\u00f3 un nuevo reconocimiento al ser incorporada por primera vez en el calendario tur\u00edstico del Gobierno Nacional.<\/p>\n<p>Es un evento \u00fanico por sus caracter\u00edsticas, con la participaci\u00f3n de gauchos montados a caballo con sus ponchos salte\u00f1os, y academias de danzas. Por segundo a\u00f1o consecutivo el metanense, Juan Ignacio \u00abJuani\u00bb Vera personific\u00f3 a Jes\u00fas en su agon\u00eda y el momento de la crucifixi\u00f3n, con un profundo compromiso espiritual. \u00abJuani\u00bb no es actor pero supo transmitir con humildad, amor y respeto el mensaje del V\u00eda Crucis Gaucho.<\/p>\n<p>El evento se desarroll\u00f3 el viernes pasado y con anterioridad, por primera vez, hab\u00eda sido publicado en la p\u00e1gina oficial de Instagram de la Secretar\u00eda de Turismo de la Naci\u00f3n. Tambi\u00e9n, como todos los a\u00f1os, estuvo en el calendario del Ministerio de Turismo de la provincia de Salta.<\/p>\n<p>El V\u00eda Crucis es, para la fe cristiana, el camino de Jes\u00fas hacia la cruz. Un recorrido de dolor, entrega y amor que invita a la reflexi\u00f3n profunda sobre el sentido de la vida, el sacrificio y la esperanza.<\/p>\n<p>\u00abEn San Jos\u00e9 de Met\u00e1n, esa expresi\u00f3n religiosa toma una forma \u00fanica en el mundo. El V\u00eda Crucis Gaucho une la devoci\u00f3n con la identidad de nuestra tierra; los gauchos de la ciudad asumen el compromiso de acompa\u00f1ar y representar cada estaci\u00f3n con respeto, recogimiento y una fe que se transmite en cada paso\u00bb, destacaron desde la Municipalidad de Met\u00e1n, quien organiz\u00f3 y coordin\u00f3 el evento.<\/p>\n<p>El viernes pasado las representaciones se iniciaron por la tarde en la parroquia San Jos\u00e9, un monumento hist\u00f3rico provincial, donde fue la primera estaci\u00f3n en la que Jes\u00fas es condenado a muerte.<\/p>\n<p>Estaci\u00f3n 2 &#8211; Unidad Carcelaria: Jes\u00fas carga la cruz<\/p>\n<p>Estaci\u00f3n 3 &#8211; Hospital del Carmen: Jes\u00fas cae por primera vez<\/p>\n<p>Estaci\u00f3n 4 &#8211; EDESA: Jes\u00fas se encuentra con su madre<\/p>\n<p>Estaci\u00f3n 5 &#8211; Iglesia del Se\u00f1or y Virgen del Milagro: Jes\u00fas es ayudado por Sim\u00f3n de Cirene.<\/p>\n<p>Estaci\u00f3n 6 &#8211; Palacio Municipal: Ver\u00f3nica limpia el rostro de Jes\u00fas<\/p>\n<p>Estaci\u00f3n 7 &#8211; Centro Cultural Gauffin: Jes\u00fas cae por segunda vez<\/p>\n<p>Estaci\u00f3n 8 &#8211; Acci\u00f3n Social: Jes\u00fas consuela a las mujeres de Jerusal\u00e9n<\/p>\n<p>Estaci\u00f3n 9 &#8211; Gruta Virgen de Huachana: Jes\u00fas cae por tercera vez<\/p>\n<p>En un predio ubicado frente al Paseo de la Estaci\u00f3n, cerca de la terminal de \u00f3mnibus de Met\u00e1n, se realiz\u00f3 la escena de la crucifixi\u00f3n que fue seguida por una gran cantidad de vecinos y turistas.<\/p><\/p>\n","protected":false},"excerpt":{"rendered":"<p>Con gran \u00e9xito se desarroll\u00f3 en San Jos\u00e9 de Met\u00e1n la XIV edici\u00f3n del V\u00eda<\/p>\n","protected":false},"author":0,"featured_media":18166,"comment_status":"","ping_status":"","sticky":false,"template":"","format":"standard","meta":{"footnotes":""},"categories":[11],"tags":[],"class_list":["post-18165","post","type-post","status-publish","format-standard","has-post-thumbnail","hentry","category-destacadas"],"yoast_head":"<!-- This site is optimized with the Yoast SEO plugin v27.4 - https:\/\/yoast.com\/product\/yoast-seo-wordpress\/ -->\n<title>El V\u00eda Crucis Gaucho emocion\u00f3 hasta las l\u00e1grimas en Met\u00e1n - Fm Gente<\/title>\n<meta name=\"robots\" content=\"index, follow, max-snippet:-1, max-image-preview:large, max-video-preview:-1\" \/>\n<link rel=\"canonical\" href=\"https:\/\/fmgente.com.ar\/web\/el-via-crucis-gaucho-emociono-hasta-las-lagrimas-en-metan\/\" \/>\n<meta property=\"og:locale\" content=\"es_ES\" \/>\n<meta property=\"og:type\" content=\"article\" \/>\n<meta property=\"og:title\" content=\"El V\u00eda Crucis Gaucho emocion\u00f3 hasta las l\u00e1grimas en Met\u00e1n - Fm Gente\" \/>\n<meta property=\"og:description\" content=\"Con gran \u00e9xito se desarroll\u00f3 en San Jos\u00e9 de Met\u00e1n la XIV edici\u00f3n del V\u00eda\" \/>\n<meta property=\"og:url\" content=\"https:\/\/fmgente.com.ar\/web\/el-via-crucis-gaucho-emociono-hasta-las-lagrimas-en-metan\/\" \/>\n<meta property=\"og:site_name\" content=\"Fm Gente\" \/>\n<meta property=\"article:published_time\" content=\"2026-04-06T06:11:16+00:00\" \/>\n<meta name=\"twitter:card\" content=\"summary_large_image\" \/>\n<meta name=\"twitter:label1\" content=\"Tiempo de lectura\" \/>\n\t<meta name=\"twitter:data1\" content=\"2 minutos\" \/>\n<script type=\"application\/ld+json\" class=\"yoast-schema-graph\">{\"@context\":\"https:\\\/\\\/schema.org\",\"@graph\":[{\"@type\":\"Article\",\"@id\":\"https:\\\/\\\/fmgente.com.ar\\\/web\\\/el-via-crucis-gaucho-emociono-hasta-las-lagrimas-en-metan\\\/#article\",\"isPartOf\":{\"@id\":\"https:\\\/\\\/fmgente.com.ar\\\/web\\\/el-via-crucis-gaucho-emociono-hasta-las-lagrimas-en-metan\\\/\"},\"author\":{\"name\":\"\",\"@id\":\"\"},\"headline\":\"El V\u00eda Crucis Gaucho emocion\u00f3 hasta las l\u00e1grimas en Met\u00e1n\",\"datePublished\":\"2026-04-06T06:11:16+00:00\",\"mainEntityOfPage\":{\"@id\":\"https:\\\/\\\/fmgente.com.ar\\\/web\\\/el-via-crucis-gaucho-emociono-hasta-las-lagrimas-en-metan\\\/\"},\"wordCount\":498,\"publisher\":{\"@id\":\"https:\\\/\\\/fmgente.com.ar\\\/web\\\/#organization\"},\"image\":{\"@id\":\"https:\\\/\\\/fmgente.com.ar\\\/web\\\/el-via-crucis-gaucho-emociono-hasta-las-lagrimas-en-metan\\\/#primaryimage\"},\"thumbnailUrl\":\"https:\\\/\\\/fmgente.com.ar\\\/web\\\/wp-content\\\/uploads\\\/2026\\\/04\\\/portadax-31.png\",\"articleSection\":[\"DESTACADAS\"],\"inLanguage\":\"es\"},{\"@type\":\"WebPage\",\"@id\":\"https:\\\/\\\/fmgente.com.ar\\\/web\\\/el-via-crucis-gaucho-emociono-hasta-las-lagrimas-en-metan\\\/\",\"url\":\"https:\\\/\\\/fmgente.com.ar\\\/web\\\/el-via-crucis-gaucho-emociono-hasta-las-lagrimas-en-metan\\\/\",\"name\":\"El V\u00eda Crucis Gaucho emocion\u00f3 hasta las l\u00e1grimas en Met\u00e1n - Fm Gente\",\"isPartOf\":{\"@id\":\"https:\\\/\\\/fmgente.com.ar\\\/web\\\/#website\"},\"primaryImageOfPage\":{\"@id\":\"https:\\\/\\\/fmgente.com.ar\\\/web\\\/el-via-crucis-gaucho-emociono-hasta-las-lagrimas-en-metan\\\/#primaryimage\"},\"image\":{\"@id\":\"https:\\\/\\\/fmgente.com.ar\\\/web\\\/el-via-crucis-gaucho-emociono-hasta-las-lagrimas-en-metan\\\/#primaryimage\"},\"thumbnailUrl\":\"https:\\\/\\\/fmgente.com.ar\\\/web\\\/wp-content\\\/uploads\\\/2026\\\/04\\\/portadax-31.png\",\"datePublished\":\"2026-04-06T06:11:16+00:00\",\"inLanguage\":\"es\",\"potentialAction\":[{\"@type\":\"ReadAction\",\"target\":[\"https:\\\/\\\/fmgente.com.ar\\\/web\\\/el-via-crucis-gaucho-emociono-hasta-las-lagrimas-en-metan\\\/\"]}]},{\"@type\":\"ImageObject\",\"inLanguage\":\"es\",\"@id\":\"https:\\\/\\\/fmgente.com.ar\\\/web\\\/el-via-crucis-gaucho-emociono-hasta-las-lagrimas-en-metan\\\/#primaryimage\",\"url\":\"https:\\\/\\\/fmgente.com.ar\\\/web\\\/wp-content\\\/uploads\\\/2026\\\/04\\\/portadax-31.png\",\"contentUrl\":\"https:\\\/\\\/fmgente.com.ar\\\/web\\\/wp-content\\\/uploads\\\/2026\\\/04\\\/portadax-31.png\",\"width\":1366,\"height\":768},{\"@type\":\"WebSite\",\"@id\":\"https:\\\/\\\/fmgente.com.ar\\\/web\\\/#website\",\"url\":\"https:\\\/\\\/fmgente.com.ar\\\/web\\\/\",\"name\":\"Fm Gente\",\"description\":\"- Jes\u00fas Mar\u00eda\",\"publisher\":{\"@id\":\"https:\\\/\\\/fmgente.com.ar\\\/web\\\/#organization\"},\"potentialAction\":[{\"@type\":\"SearchAction\",\"target\":{\"@type\":\"EntryPoint\",\"urlTemplate\":\"https:\\\/\\\/fmgente.com.ar\\\/web\\\/?s={search_term_string}\"},\"query-input\":{\"@type\":\"PropertyValueSpecification\",\"valueRequired\":true,\"valueName\":\"search_term_string\"}}],\"inLanguage\":\"es\"},{\"@type\":\"Organization\",\"@id\":\"https:\\\/\\\/fmgente.com.ar\\\/web\\\/#organization\",\"name\":\"Fm Gente\",\"url\":\"https:\\\/\\\/fmgente.com.ar\\\/web\\\/\",\"logo\":{\"@type\":\"ImageObject\",\"inLanguage\":\"es\",\"@id\":\"https:\\\/\\\/fmgente.com.ar\\\/web\\\/#\\\/schema\\\/logo\\\/image\\\/\",\"url\":\"https:\\\/\\\/fmgente.com.ar\\\/web\\\/wp-content\\\/uploads\\\/2023\\\/07\\\/cropped-cropped-logo-sombra2.png\",\"contentUrl\":\"https:\\\/\\\/fmgente.com.ar\\\/web\\\/wp-content\\\/uploads\\\/2023\\\/07\\\/cropped-cropped-logo-sombra2.png\",\"width\":1782,\"height\":1782,\"caption\":\"Fm Gente\"},\"image\":{\"@id\":\"https:\\\/\\\/fmgente.com.ar\\\/web\\\/#\\\/schema\\\/logo\\\/image\\\/\"}}]}<\/script>\n<!-- \/ Yoast SEO plugin. -->","yoast_head_json":{"title":"El V\u00eda Crucis Gaucho emocion\u00f3 hasta las l\u00e1grimas en Met\u00e1n - Fm Gente","robots":{"index":"index","follow":"follow","max-snippet":"max-snippet:-1","max-image-preview":"max-image-preview:large","max-video-preview":"max-video-preview:-1"},"canonical":"https:\/\/fmgente.com.ar\/web\/el-via-crucis-gaucho-emociono-hasta-las-lagrimas-en-metan\/","og_locale":"es_ES","og_type":"article","og_title":"El V\u00eda Crucis Gaucho emocion\u00f3 hasta las l\u00e1grimas en Met\u00e1n - Fm Gente","og_description":"Con gran \u00e9xito se desarroll\u00f3 en San Jos\u00e9 de Met\u00e1n la XIV edici\u00f3n del V\u00eda","og_url":"https:\/\/fmgente.com.ar\/web\/el-via-crucis-gaucho-emociono-hasta-las-lagrimas-en-metan\/","og_site_name":"Fm Gente","article_published_time":"2026-04-06T06:11:16+00:00","twitter_card":"summary_large_image","twitter_misc":{"Tiempo de lectura":"2 minutos"},"schema":{"@context":"https:\/\/schema.org","@graph":[{"@type":"Article","@id":"https:\/\/fmgente.com.ar\/web\/el-via-crucis-gaucho-emociono-hasta-las-lagrimas-en-metan\/#article","isPartOf":{"@id":"https:\/\/fmgente.com.ar\/web\/el-via-crucis-gaucho-emociono-hasta-las-lagrimas-en-metan\/"},"author":{"name":"","@id":""},"headline":"El V\u00eda Crucis Gaucho emocion\u00f3 hasta las l\u00e1grimas en Met\u00e1n","datePublished":"2026-04-06T06:11:16+00:00","mainEntityOfPage":{"@id":"https:\/\/fmgente.com.ar\/web\/el-via-crucis-gaucho-emociono-hasta-las-lagrimas-en-metan\/"},"wordCount":498,"publisher":{"@id":"https:\/\/fmgente.com.ar\/web\/#organization"},"image":{"@id":"https:\/\/fmgente.com.ar\/web\/el-via-crucis-gaucho-emociono-hasta-las-lagrimas-en-metan\/#primaryimage"},"thumbnailUrl":"https:\/\/fmgente.com.ar\/web\/wp-content\/uploads\/2026\/04\/portadax-31.png","articleSection":["DESTACADAS"],"inLanguage":"es"},{"@type":"WebPage","@id":"https:\/\/fmgente.com.ar\/web\/el-via-crucis-gaucho-emociono-hasta-las-lagrimas-en-metan\/","url":"https:\/\/fmgente.com.ar\/web\/el-via-crucis-gaucho-emociono-hasta-las-lagrimas-en-metan\/","name":"El V\u00eda Crucis Gaucho emocion\u00f3 hasta las l\u00e1grimas en Met\u00e1n - Fm Gente","isPartOf":{"@id":"https:\/\/fmgente.com.ar\/web\/#website"},"primaryImageOfPage":{"@id":"https:\/\/fmgente.com.ar\/web\/el-via-crucis-gaucho-emociono-hasta-las-lagrimas-en-metan\/#primaryimage"},"image":{"@id":"https:\/\/fmgente.com.ar\/web\/el-via-crucis-gaucho-emociono-hasta-las-lagrimas-en-metan\/#primaryimage"},"thumbnailUrl":"https:\/\/fmgente.com.ar\/web\/wp-content\/uploads\/2026\/04\/portadax-31.png","datePublished":"2026-04-06T06:11:16+00:00","inLanguage":"es","potentialAction":[{"@type":"ReadAction","target":["https:\/\/fmgente.com.ar\/web\/el-via-crucis-gaucho-emociono-hasta-las-lagrimas-en-metan\/"]}]},{"@type":"ImageObject","inLanguage":"es","@id":"https:\/\/fmgente.com.ar\/web\/el-via-crucis-gaucho-emociono-hasta-las-lagrimas-en-metan\/#primaryimage","url":"https:\/\/fmgente.com.ar\/web\/wp-content\/uploads\/2026\/04\/portadax-31.png","contentUrl":"https:\/\/fmgente.com.ar\/web\/wp-content\/uploads\/2026\/04\/portadax-31.png","width":1366,"height":768},{"@type":"WebSite","@id":"https:\/\/fmgente.com.ar\/web\/#website","url":"https:\/\/fmgente.com.ar\/web\/","name":"Fm Gente","description":"- Jes\u00fas Mar\u00eda","publisher":{"@id":"https:\/\/fmgente.com.ar\/web\/#organization"},"potentialAction":[{"@type":"SearchAction","target":{"@type":"EntryPoint","urlTemplate":"https:\/\/fmgente.com.ar\/web\/?s={search_term_string}"},"query-input":{"@type":"PropertyValueSpecification","valueRequired":true,"valueName":"search_term_string"}}],"inLanguage":"es"},{"@type":"Organization","@id":"https:\/\/fmgente.com.ar\/web\/#organization","name":"Fm Gente","url":"https:\/\/fmgente.com.ar\/web\/","logo":{"@type":"ImageObject","inLanguage":"es","@id":"https:\/\/fmgente.com.ar\/web\/#\/schema\/logo\/image\/","url":"https:\/\/fmgente.com.ar\/web\/wp-content\/uploads\/2023\/07\/cropped-cropped-logo-sombra2.png","contentUrl":"https:\/\/fmgente.com.ar\/web\/wp-content\/uploads\/2023\/07\/cropped-cropped-logo-sombra2.png","width":1782,"height":1782,"caption":"Fm Gente"},"image":{"@id":"https:\/\/fmgente.com.ar\/web\/#\/schema\/logo\/image\/"}}]}},"_links":{"self":[{"href":"https:\/\/fmgente.com.ar\/web\/wp-json\/wp\/v2\/posts\/18165","targetHints":{"allow":["GET"]}}],"collection":[{"href":"https:\/\/fmgente.com.ar\/web\/wp-json\/wp\/v2\/posts"}],"about":[{"href":"https:\/\/fmgente.com.ar\/web\/wp-json\/wp\/v2\/types\/post"}],"replies":[{"embeddable":true,"href":"https:\/\/fmgente.com.ar\/web\/wp-json\/wp\/v2\/comments?post=18165"}],"version-history":[{"count":0,"href":"https:\/\/fmgente.com.ar\/web\/wp-json\/wp\/v2\/posts\/18165\/revisions"}],"wp:featuredmedia":[{"embeddable":true,"href":"https:\/\/fmgente.com.ar\/web\/wp-json\/wp\/v2\/media\/18166"}],"wp:attachment":[{"href":"https:\/\/fmgente.com.ar\/web\/wp-json\/wp\/v2\/media?parent=18165"}],"wp:term":[{"taxonomy":"category","embeddable":true,"href":"https:\/\/fmgente.com.ar\/web\/wp-json\/wp\/v2\/categories?post=18165"},{"taxonomy":"post_tag","embeddable":true,"href":"https:\/\/fmgente.com.ar\/web\/wp-json\/wp\/v2\/tags?post=18165"}],"curies":[{"name":"wp","href":"https:\/\/api.w.org\/{rel}","templated":true}]}}